{"id":90067,"date":"2023-11-17T16:45:27","date_gmt":"2023-11-17T15:45:27","guid":{"rendered":"https:\/\/blog.urbanitae.com\/?p=90067"},"modified":"2026-08-24T16:52:48","modified_gmt":"2026-08-24T14:52:48","slug":"novo-projeto-em-alicante-com-licenca-de-construcao-concedida","status":"publish","type":"post","link":"https:\/\/blog.urbanitae.com\/pt-pt\/2023\/11\/17\/novo-projeto-em-alicante-com-licenca-de-construcao-concedida\/","title":{"rendered":"Novo projeto em Alicante com licen\u00e7a de constru\u00e7\u00e3o concedida!"},"content":{"rendered":"\t\t<div data-elementor-type=\"wp-post\" data-elementor-id=\"90067\" class=\"elementor elementor-90067 elementor-30761\" data-elementor-post-type=\"post\">\n\t\t\t\t\t\t<section data-particle_enable=\"false\" data-particle-mobile-disabled=\"false\" class=\"elementor-section elementor-top-section elementor-element elementor-element-1389a2d4 elementor-section-boxed elementor-section-height-default elementor-section-height-default\" data-id=\"1389a2d4\" data-element_type=\"section\" data-e-type=\"section\">\n\t\t\t\t\t\t<div class=\"elementor-container elementor-column-gap-default\">\n\t\t\t\t\t<div class=\"elementor-column elementor-col-100 elementor-top-column elementor-element elementor-element-23851e8a\" data-id=\"23851e8a\" data-element_type=\"column\" data-e-type=\"column\">\n\t\t\t<div class=\"elementor-widget-wrap elementor-element-populated\">\n\t\t\t\t\t\t<div class=\"elementor-element elementor-element-1227112c elementor-widget elementor-widget-text-editor\" data-id=\"1227112c\" data-element_type=\"widget\" data-e-type=\"widget\" data-widget_type=\"text-editor.default\">\n\t\t\t\t<div class=\"elementor-widget-container\">\n\t\t\t\t\t\t\t\t\t<p><\/p>\n<p>Apresentamos um novo <a href=\"https:\/\/blog.urbanitae.com\/pt-pt\/2024\/02\/21\/como-sao-os-projetos-de-valorizacao-na-urbanitae\/\" target=\"_blank\" rel=\"noreferrer noopener\" data-type=\"link\" data-id=\"https:\/\/blog.urbanitae.com\/pt-pt\/2024\/02\/21\/como-sao-os-projetos-de-valorizacao-na-urbanitae\/\">projeto de mais-valia<\/a> em Alicante com licen\u00e7a de constru\u00e7\u00e3o j\u00e1 concedida. Abrir\u00e1 a financiamento na pr\u00f3xima ter\u00e7a-feira, 21 de novembro, \u00e0s 16:00.<\/p>\n<p> <\/p>\n<p>O <a href=\"https:\/\/urbanitae.com\/pt\/projeto\/P000245\/\" target=\"_blank\" rel=\"noreferrer noopener\" data-type=\"link\" data-id=\"https:\/\/urbanitae.com\/pt\/projeto\/P000245\/\"><strong>projeto Allonbay Aura<\/strong><\/a> consiste no desenvolvimento de uma promo\u00e7\u00e3o residencial de obra nova, em primeira linha de praia, composta por <strong>25 habita\u00e7\u00f5es<\/strong> com lugar de garagem e arrecada\u00e7\u00e3o.<\/p>\n<p> <\/p>\n<p>Mais concretamente, a promo\u00e7\u00e3o localiza-se no norte de Villajoyosa, num setor denominado <a href=\"https:\/\/blog.urbanitae.com\/pt-pt\/2025\/09\/23\/novo-projeto-invista-na-primeira-linha-de-mar-na-costa-blanca\/\" target=\"_blank\" rel=\"noreferrer noopener\" data-type=\"link\" data-id=\"https:\/\/blog.urbanitae.com\/pt-pt\/2025\/09\/23\/novo-projeto-invista-na-primeira-linha-de-mar-na-costa-blanca\/\">Allonbay<\/a>, entre o centro da cidade e Benidorm, em Alicante.<\/p>\n<p> <\/p>\n<p>Para este projeto, contaremos com a <strong>Quadratia<\/strong>, uma promotora imobili\u00e1ria com mais de 40 anos de experi\u00eancia no setor da promo\u00e7\u00e3o imobili\u00e1ria.<\/p>\n<p> <\/p>\n<h2 class=\"wp-block-heading\">56% da promo\u00e7\u00e3o reservada<\/h2>\n<p> <\/p>\n<p>Com este projeto, ser\u00e1 desenvolvida uma <strong>estrat\u00e9gia de mais-valia<\/strong>. A contribui\u00e7\u00e3o dos investidores da Urbanitae ser\u00e1 de <strong>3.525.000 \u20ac<\/strong>, que ser\u00e3o entregues ao promotor atrav\u00e9s de um aumento de capital na sociedade ve\u00edculo que reunir\u00e1 o conjunto das contribui\u00e7\u00f5es dos investidores da Urbanitae. Posteriormente, essa sociedade realizar\u00e1 um aumento de capital de 3.520.000 \u20ac na sociedade promotora do projeto. Os 5.000 \u20ac remanescentes da campanha de financiamento permanecer\u00e3o na sociedade ve\u00edculo para fazer face \u00e0s despesas operacionais da sociedade.<\/p>\n<p> <\/p>\n<p>O promotor disp\u00f5e de uma <strong>op\u00e7\u00e3o de compra exclusiva para a aquisi\u00e7\u00e3o do terreno<\/strong> onde ser\u00e1 desenvolvida a promo\u00e7\u00e3o. Al\u00e9m disso, a <strong>licen\u00e7a de constru\u00e7\u00e3o j\u00e1 foi concedida<\/strong>.<\/p>\n<p> <\/p>\n<p>O projeto conta ainda com <strong>reservas monet\u00e1rias em 14 das 25 habita\u00e7\u00f5es que comp\u00f5em a promo\u00e7\u00e3o, o equivalente a 56%<\/strong>.<\/p>\n<p> <\/p>\n<p>Neste v\u00eddeo, Sandra Bertomeu, diretora de vendas da \u00e1rea internacional da Quadratia, e Diego Bestard, CEO da Urbanitae, <strong>explicam os principais aspetos do projeto<\/strong>.<\/p>\n<p><\/p>\t\t\t\t\t\t\t\t<\/div>\n\t\t\t\t<\/div>\n\t\t\t\t\t<\/div>\n\t\t<\/div>\n\t\t\t\t\t<\/div>\n\t\t<\/section>\n\t\t\t\t<section data-particle_enable=\"false\" data-particle-mobile-disabled=\"false\" class=\"elementor-section elementor-top-section elementor-element elementor-element-63cbad5 elementor-section-boxed elementor-section-height-default elementor-section-height-default\" data-id=\"63cbad5\" data-element_type=\"section\" data-e-type=\"section\">\n\t\t\t\t\t\t<div class=\"elementor-container elementor-column-gap-default\">\n\t\t\t\t\t<div class=\"elementor-column elementor-col-100 elementor-top-column elementor-element elementor-element-e67c927\" data-id=\"e67c927\" data-element_type=\"column\" data-e-type=\"column\">\n\t\t\t<div class=\"elementor-widget-wrap elementor-element-populated\">\n\t\t\t\t\t\t<div class=\"elementor-element elementor-element-285abcb elementor-widget elementor-widget-video\" data-id=\"285abcb\" data-element_type=\"widget\" data-e-type=\"widget\" data-settings=\"{&quot;youtube_url&quot;:&quot;https:\\\/\\\/youtu.be\\\/1iI2Q7LNkg8&quot;,&quot;video_type&quot;:&quot;youtube&quot;,&quot;controls&quot;:&quot;yes&quot;}\" data-widget_type=\"video.default\">\n\t\t\t\t<div class=\"elementor-widget-container\">\n\t\t\t\t\t\t\t<div class=\"elementor-wrapper elementor-open-inline\">\n\t\t\t<div class=\"elementor-video\"><\/div>\t\t<\/div>\n\t\t\t\t\t\t<\/div>\n\t\t\t\t<\/div>\n\t\t\t\t\t<\/div>\n\t\t<\/div>\n\t\t\t\t\t<\/div>\n\t\t<\/section>\n\t\t\t\t<section data-particle_enable=\"false\" data-particle-mobile-disabled=\"false\" class=\"elementor-section elementor-top-section elementor-element elementor-element-83cec15 elementor-section-boxed elementor-section-height-default elementor-section-height-default\" data-id=\"83cec15\" data-element_type=\"section\" data-e-type=\"section\">\n\t\t\t\t\t\t<div class=\"elementor-container elementor-column-gap-default\">\n\t\t\t\t\t<div class=\"elementor-column elementor-col-100 elementor-top-column elementor-element elementor-element-d84c294\" data-id=\"d84c294\" data-element_type=\"column\" data-e-type=\"column\">\n\t\t\t<div class=\"elementor-widget-wrap elementor-element-populated\">\n\t\t\t\t\t\t<div class=\"elementor-element elementor-element-a0b4f9c elementor-widget elementor-widget-text-editor\" data-id=\"a0b4f9c\" data-element_type=\"widget\" data-e-type=\"widget\" data-widget_type=\"text-editor.default\">\n\t\t\t\t<div class=\"elementor-widget-container\">\n\t\t\t\t\t\t\t\t\t<h2 class=\"wp-block-heading\">Rentabilidade em 22-26 meses<\/h2>\n<p> <\/p>\n<p>O regulador das plataformas de crowdfunding n\u00e3o permite comunicar valores de rentabilidade estimada nos projetos de mais-valia. No entanto, \u00e9 poss\u00edvel calcul\u00e1-la facilmente a partir da informa\u00e7\u00e3o dispon\u00edvel na ficha do projeto, atrav\u00e9s da seguinte f\u00f3rmula:<\/p>\n<p> <\/p>\n<p style=\"text-align: center;\"><strong>(Previs\u00e3o de receitas \u2013 Estimativa de despesas) \/ Equity total<\/strong><\/p>\n<p> <\/p>\n<p>O projeto tem uma dura\u00e7\u00e3o estimada entre 22 e 26 meses. No <strong>quarto trimestre de 2023<\/strong>, est\u00e3o previstos o aumento de capital e a aquisi\u00e7\u00e3o do terreno. Entre o <strong>primeiro e o segundo trimestre de 2024<\/strong>, estima-se o in\u00edcio dos trabalhos de constru\u00e7\u00e3o. Entre o <strong>terceiro e o quarto trimestre de 2025<\/strong>, prev\u00ea-se a conclus\u00e3o da constru\u00e7\u00e3o, a licen\u00e7a de primeira ocupa\u00e7\u00e3o e a entrega das habita\u00e7\u00f5es. Por fim, entre o <strong>quarto trimestre de 2025 e o primeiro trimestre de 2026<\/strong>, estima-se a liquida\u00e7\u00e3o da sociedade e a distribui\u00e7\u00e3o dos lucros aos investidores.<\/p>\n<p> <\/p>\n<p>Na segunda-feira, 20 de novembro, realiz\u00e1mos um <a href=\"https:\/\/youtu.be\/J17JHlhhrIc?utm_source=blog_pt&amp;utm_medium=organic&amp;utm_campaign=urbanitae_blog_1123&amp;utm_term=webinar_promotor&amp;utm_content=pt_proyecto_allonbay_aura\" target=\"_blank\" rel=\"noreferrer noopener\" data-type=\"link\" data-id=\"https:\/\/youtu.be\/J17JHlhhrIc?utm_source=blog_pt&amp;utm_medium=organic&amp;utm_campaign=urbanitae_blog_1123&amp;utm_term=webinar_promotor&amp;utm_content=pt_proyecto_allonbay_aura\"><strong>webinar com o promotor, no qual foram colocadas v\u00e1rias quest\u00f5es<\/strong><\/a>. Pode rever a grava\u00e7\u00e3o atrav\u00e9s do link. Como sempre, pode enviar-nos qualquer d\u00favida sobre o projeto para <a href=\"mailto:contacto@urbanitae.com\" target=\"_blank\" rel=\"noreferrer noopener\">contacto@urbanitae.com<\/a> ou ligar para 911 23 25 22.<\/p>\t\t\t\t\t\t\t\t<\/div>\n\t\t\t\t<\/div>\n\t\t\t\t\t<\/div>\n\t\t<\/div>\n\t\t\t\t\t<\/div>\n\t\t<\/section>\n\t\t\t\t<\/div>\n\t\t","protected":false},"excerpt":{"rendered":"<p>O Allonbay Aura permite participar numa promo\u00e7\u00e3o de 25 habita\u00e7\u00f5es de constru\u00e7\u00e3o nova em Villajoyosa, em primeira linha de praia, com licen\u00e7a concedida e 56% das unidades reservadas.<\/p>\n","protected":false},"author":1,"featured_media":30770,"comment_status":"open","ping_status":"open","sticky":false,"template":"","format":"standard","meta":{"inline_featured_image":false,"footnotes":""},"categories":[1059,929],"tags":[1961,1983],"class_list":["post-90067","post","type-post","status-publish","format-standard","has-post-thumbnail","hentry","category-equity-pt","category-projetos","tag-financiamento-colaborativo-de-capital","tag-investimento-imobiliario"],"blocksy_meta":{"styles_descriptor":{"styles":{"desktop":"","tablet":"","mobile":""},"google_fonts":[],"version":7}},"yoast_head":"<!-- This site is optimized with the Yoast SEO plugin v28.3 - https:\/\/yoast.com\/product\/yoast-seo-wordpress\/ -->\n<title>Investir em habita\u00e7\u00e3o em Alicante: Allonbay Aura<\/title>\n<meta name=\"description\" content=\"Descubra como investir em habita\u00e7\u00e3o em Alicante com o Allonbay Aura: 25 habita\u00e7\u00f5es em Villajoyosa, licen\u00e7a concedida e 56% j\u00e1 reservado.\" \/>\n<meta name=\"robots\" content=\"index, follow, max-snippet:-1, max-image-preview:large, max-video-preview:-1\" \/>\n<link rel=\"canonical\" href=\"https:\/\/blog.urbanitae.com\/pt-pt\/2023\/11\/17\/novo-projeto-em-alicante-com-licenca-de-construcao-concedida\/\" \/>\n<meta property=\"og:locale\" content=\"pt_PT\" \/>\n<meta property=\"og:type\" content=\"article\" \/>\n<meta property=\"og:title\" content=\"Allonbay Aura: 25 habita\u00e7\u00f5es junto ao mar em Alicante\" \/>\n<meta property=\"og:description\" content=\"Nova oportunidade de mais-valia em Villajoyosa, com licen\u00e7a de constru\u00e7\u00e3o concedida, 14 das 25 habita\u00e7\u00f5es reservadas e um promotor com ampla experi\u00eancia.\" \/>\n<meta property=\"og:url\" content=\"https:\/\/blog.urbanitae.com\/pt-pt\/2023\/11\/17\/novo-projeto-em-alicante-com-licenca-de-construcao-concedida\/\" \/>\n<meta property=\"og:site_name\" content=\"Urbanitae Blog | As melhores not\u00edcias sobre investimentos imobili\u00e1rios\" \/>\n<meta property=\"article:publisher\" content=\"https:\/\/www.facebook.com\/urbanitae\" \/>\n<meta property=\"article:published_time\" content=\"2023-11-17T15:45:27+00:00\" \/>\n<meta property=\"article:modified_time\" content=\"2026-08-24T14:52:48+00:00\" \/>\n<meta property=\"og:image\" content=\"https:\/\/blog.urbanitae.com\/wp-content\/uploads\/2023\/11\/Nuevo-proyecto-en-Alicante-con-licencia-de-obras-concedida.webp\" \/>\n\t<meta property=\"og:image:width\" content=\"1400\" \/>\n\t<meta property=\"og:image:height\" content=\"735\" \/>\n\t<meta property=\"og:image:type\" content=\"image\/webp\" \/>\n<meta name=\"author\" content=\"Equipo Urbanitae\" \/>\n<meta name=\"twitter:card\" content=\"summary_large_image\" \/>\n<meta name=\"twitter:creator\" content=\"@urbanitae\" \/>\n<meta name=\"twitter:site\" content=\"@urbanitae\" \/>\n<meta name=\"twitter:label1\" content=\"Escrito por\" \/>\n\t<meta name=\"twitter:data1\" content=\"Equipo Urbanitae\" \/>\n\t<meta name=\"twitter:label2\" content=\"Tempo estimado de leitura\" \/>\n\t<meta name=\"twitter:data2\" content=\"2 minutos\" \/>\n<script type=\"application\/ld+json\" class=\"yoast-schema-graph\">{\"@context\":\"https:\\\/\\\/schema.org\",\"@graph\":[{\"@type\":[\"Article\",\"BlogPosting\"],\"@id\":\"https:\\\/\\\/blog.urbanitae.com\\\/pt-pt\\\/2023\\\/11\\\/17\\\/novo-projeto-em-alicante-com-licenca-de-construcao-concedida\\\/#article\",\"isPartOf\":{\"@id\":\"https:\\\/\\\/blog.urbanitae.com\\\/pt-pt\\\/2023\\\/11\\\/17\\\/novo-projeto-em-alicante-com-licenca-de-construcao-concedida\\\/\"},\"author\":{\"name\":\"Equipo Urbanitae\",\"@id\":\"https:\\\/\\\/blog.urbanitae.com\\\/pt-pt\\\/#\\\/schema\\\/person\\\/e7b2d152f5654066832c53f5aa04fbf7\"},\"headline\":\"Novo projeto em Alicante com licen\u00e7a de constru\u00e7\u00e3o concedida!\",\"datePublished\":\"2023-11-17T15:45:27+00:00\",\"dateModified\":\"2026-08-24T14:52:48+00:00\",\"mainEntityOfPage\":{\"@id\":\"https:\\\/\\\/blog.urbanitae.com\\\/pt-pt\\\/2023\\\/11\\\/17\\\/novo-projeto-em-alicante-com-licenca-de-construcao-concedida\\\/\"},\"wordCount\":488,\"commentCount\":0,\"publisher\":{\"@id\":\"https:\\\/\\\/blog.urbanitae.com\\\/pt-pt\\\/#organization\"},\"image\":{\"@id\":\"https:\\\/\\\/blog.urbanitae.com\\\/pt-pt\\\/2023\\\/11\\\/17\\\/novo-projeto-em-alicante-com-licenca-de-construcao-concedida\\\/#primaryimage\"},\"thumbnailUrl\":\"https:\\\/\\\/blog.urbanitae.com\\\/wp-content\\\/uploads\\\/2023\\\/11\\\/Nuevo-proyecto-en-Alicante-con-licencia-de-obras-concedida.webp\",\"keywords\":[\"financiamento colaborativo de capital\",\"investimento imobili\u00e1rio\"],\"articleSection\":[\"Equity\",\"Projetos\"],\"inLanguage\":\"pt-PT\",\"potentialAction\":[{\"@type\":\"CommentAction\",\"name\":\"Comment\",\"target\":[\"https:\\\/\\\/blog.urbanitae.com\\\/pt-pt\\\/2023\\\/11\\\/17\\\/novo-projeto-em-alicante-com-licenca-de-construcao-concedida\\\/#respond\"]}]},{\"@type\":[\"WebPage\",\"ItemPage\"],\"@id\":\"https:\\\/\\\/blog.urbanitae.com\\\/pt-pt\\\/2023\\\/11\\\/17\\\/novo-projeto-em-alicante-com-licenca-de-construcao-concedida\\\/\",\"url\":\"https:\\\/\\\/blog.urbanitae.com\\\/pt-pt\\\/2023\\\/11\\\/17\\\/novo-projeto-em-alicante-com-licenca-de-construcao-concedida\\\/\",\"name\":\"Investir em habita\u00e7\u00e3o em Alicante: Allonbay Aura\",\"isPartOf\":{\"@id\":\"https:\\\/\\\/blog.urbanitae.com\\\/pt-pt\\\/#website\"},\"primaryImageOfPage\":{\"@id\":\"https:\\\/\\\/blog.urbanitae.com\\\/pt-pt\\\/2023\\\/11\\\/17\\\/novo-projeto-em-alicante-com-licenca-de-construcao-concedida\\\/#primaryimage\"},\"image\":{\"@id\":\"https:\\\/\\\/blog.urbanitae.com\\\/pt-pt\\\/2023\\\/11\\\/17\\\/novo-projeto-em-alicante-com-licenca-de-construcao-concedida\\\/#primaryimage\"},\"thumbnailUrl\":\"https:\\\/\\\/blog.urbanitae.com\\\/wp-content\\\/uploads\\\/2023\\\/11\\\/Nuevo-proyecto-en-Alicante-con-licencia-de-obras-concedida.webp\",\"datePublished\":\"2023-11-17T15:45:27+00:00\",\"dateModified\":\"2026-08-24T14:52:48+00:00\",\"description\":\"Descubra como investir em habita\u00e7\u00e3o em Alicante com o Allonbay Aura: 25 habita\u00e7\u00f5es em Villajoyosa, licen\u00e7a concedida e 56% j\u00e1 reservado.\",\"breadcrumb\":{\"@id\":\"https:\\\/\\\/blog.urbanitae.com\\\/pt-pt\\\/2023\\\/11\\\/17\\\/novo-projeto-em-alicante-com-licenca-de-construcao-concedida\\\/#breadcrumb\"},\"inLanguage\":\"pt-PT\",\"potentialAction\":[{\"@type\":\"ReadAction\",\"target\":[\"https:\\\/\\\/blog.urbanitae.com\\\/pt-pt\\\/2023\\\/11\\\/17\\\/novo-projeto-em-alicante-com-licenca-de-construcao-concedida\\\/\"]}]},{\"@type\":\"ImageObject\",\"inLanguage\":\"pt-PT\",\"@id\":\"https:\\\/\\\/blog.urbanitae.com\\\/pt-pt\\\/2023\\\/11\\\/17\\\/novo-projeto-em-alicante-com-licenca-de-construcao-concedida\\\/#primaryimage\",\"url\":\"https:\\\/\\\/blog.urbanitae.com\\\/wp-content\\\/uploads\\\/2023\\\/11\\\/Nuevo-proyecto-en-Alicante-con-licencia-de-obras-concedida.webp\",\"contentUrl\":\"https:\\\/\\\/blog.urbanitae.com\\\/wp-content\\\/uploads\\\/2023\\\/11\\\/Nuevo-proyecto-en-Alicante-con-licencia-de-obras-concedida.webp\",\"width\":1400,\"height\":735,\"caption\":\"Nuevo proyecto en Alicante con licencia de obras concedida\"},{\"@type\":\"BreadcrumbList\",\"@id\":\"https:\\\/\\\/blog.urbanitae.com\\\/pt-pt\\\/2023\\\/11\\\/17\\\/novo-projeto-em-alicante-com-licenca-de-construcao-concedida\\\/#breadcrumb\",\"itemListElement\":[{\"@type\":\"ListItem\",\"position\":1,\"name\":\"Portada\",\"item\":\"https:\\\/\\\/blog.urbanitae.com\\\/pt-pt\\\/\"},{\"@type\":\"ListItem\",\"position\":2,\"name\":\"Novo projeto em Alicante com licen\u00e7a de constru\u00e7\u00e3o concedida!\"}]},{\"@type\":\"WebSite\",\"@id\":\"https:\\\/\\\/blog.urbanitae.com\\\/pt-pt\\\/#website\",\"url\":\"https:\\\/\\\/blog.urbanitae.com\\\/pt-pt\\\/\",\"name\":\"Urbanitae Blog | Las mejores noticias sobre inversi\u00f3n inmobiliaria\",\"description\":\"Investimento imobili\u00e1rio ao alcance de todos\",\"publisher\":{\"@id\":\"https:\\\/\\\/blog.urbanitae.com\\\/pt-pt\\\/#organization\"},\"potentialAction\":[{\"@type\":\"SearchAction\",\"target\":{\"@type\":\"EntryPoint\",\"urlTemplate\":\"https:\\\/\\\/blog.urbanitae.com\\\/pt-pt\\\/?s={search_term_string}\"},\"query-input\":{\"@type\":\"PropertyValueSpecification\",\"valueRequired\":true,\"valueName\":\"search_term_string\"}}],\"inLanguage\":\"pt-PT\"},{\"@type\":\"Organization\",\"@id\":\"https:\\\/\\\/blog.urbanitae.com\\\/pt-pt\\\/#organization\",\"name\":\"Urbanitae\",\"url\":\"https:\\\/\\\/blog.urbanitae.com\\\/pt-pt\\\/\",\"logo\":{\"@type\":\"ImageObject\",\"inLanguage\":\"pt-PT\",\"@id\":\"https:\\\/\\\/blog.urbanitae.com\\\/pt-pt\\\/#\\\/schema\\\/logo\\\/image\\\/\",\"url\":\"https:\\\/\\\/blog.urbanitae.com\\\/wp-content\\\/uploads\\\/2020\\\/04\\\/logo-verde_350x100.svg\",\"contentUrl\":\"https:\\\/\\\/blog.urbanitae.com\\\/wp-content\\\/uploads\\\/2020\\\/04\\\/logo-verde_350x100.svg\",\"width\":350,\"height\":100,\"caption\":\"Urbanitae\"},\"image\":{\"@id\":\"https:\\\/\\\/blog.urbanitae.com\\\/pt-pt\\\/#\\\/schema\\\/logo\\\/image\\\/\"},\"sameAs\":[\"https:\\\/\\\/www.facebook.com\\\/urbanitae\",\"https:\\\/\\\/x.com\\\/urbanitae\",\"https:\\\/\\\/www.instagram.com\\\/urbanitae\",\"https:\\\/\\\/www.linkedin.com\\\/company\\\/urbanitae\",\"https:\\\/\\\/www.pinterest.es\\\/UrbanitaeSL\\\/_created\\\/\",\"https:\\\/\\\/www.youtube.com\\\/c\\\/Urbanitae_RE\"]},{\"@type\":\"Person\",\"@id\":\"https:\\\/\\\/blog.urbanitae.com\\\/pt-pt\\\/#\\\/schema\\\/person\\\/e7b2d152f5654066832c53f5aa04fbf7\",\"name\":\"Equipo Urbanitae\",\"image\":{\"@type\":\"ImageObject\",\"inLanguage\":\"pt-PT\",\"@id\":\"https:\\\/\\\/secure.gravatar.com\\\/avatar\\\/e75782c6aa253c8ac75c13b1ec97172bb2d67437baa4354ba4b0650a97f565f2?s=96&d=mm&r=g\",\"url\":\"https:\\\/\\\/secure.gravatar.com\\\/avatar\\\/e75782c6aa253c8ac75c13b1ec97172bb2d67437baa4354ba4b0650a97f565f2?s=96&d=mm&r=g\",\"contentUrl\":\"https:\\\/\\\/secure.gravatar.com\\\/avatar\\\/e75782c6aa253c8ac75c13b1ec97172bb2d67437baa4354ba4b0650a97f565f2?s=96&d=mm&r=g\",\"caption\":\"Equipo Urbanitae\"},\"sameAs\":[\"https:\\\/\\\/urbanitae.com\"],\"url\":\"https:\\\/\\\/blog.urbanitae.com\\\/pt-pt\\\/author\\\/urbanitae\\\/\"}]}<\/script>\n<!-- \/ Yoast SEO plugin. -->","yoast_head_json":{"title":"Investir em habita\u00e7\u00e3o em Alicante: Allonbay Aura","description":"Descubra como investir em habita\u00e7\u00e3o em Alicante com o Allonbay Aura: 25 habita\u00e7\u00f5es em Villajoyosa, licen\u00e7a concedida e 56% j\u00e1 reservado.","robots":{"index":"index","follow":"follow","max-snippet":"max-snippet:-1","max-image-preview":"max-image-preview:large","max-video-preview":"max-video-preview:-1"},"canonical":"https:\/\/blog.urbanitae.com\/pt-pt\/2023\/11\/17\/novo-projeto-em-alicante-com-licenca-de-construcao-concedida\/","og_locale":"pt_PT","og_type":"article","og_title":"Allonbay Aura: 25 habita\u00e7\u00f5es junto ao mar em Alicante","og_description":"Nova oportunidade de mais-valia em Villajoyosa, com licen\u00e7a de constru\u00e7\u00e3o concedida, 14 das 25 habita\u00e7\u00f5es reservadas e um promotor com ampla experi\u00eancia.","og_url":"https:\/\/blog.urbanitae.com\/pt-pt\/2023\/11\/17\/novo-projeto-em-alicante-com-licenca-de-construcao-concedida\/","og_site_name":"Urbanitae Blog | As melhores not\u00edcias sobre investimentos imobili\u00e1rios","article_publisher":"https:\/\/www.facebook.com\/urbanitae","article_published_time":"2023-11-17T15:45:27+00:00","article_modified_time":"2026-08-24T14:52:48+00:00","og_image":[{"width":1400,"height":735,"url":"https:\/\/blog.urbanitae.com\/wp-content\/uploads\/2023\/11\/Nuevo-proyecto-en-Alicante-con-licencia-de-obras-concedida.webp","type":"image\/webp"}],"author":"Equipo Urbanitae","twitter_card":"summary_large_image","twitter_creator":"@urbanitae","twitter_site":"@urbanitae","twitter_misc":{"Escrito por":"Equipo Urbanitae","Tempo estimado de leitura":"2 minutos"},"schema":{"@context":"https:\/\/schema.org","@graph":[{"@type":["Article","BlogPosting"],"@id":"https:\/\/blog.urbanitae.com\/pt-pt\/2023\/11\/17\/novo-projeto-em-alicante-com-licenca-de-construcao-concedida\/#article","isPartOf":{"@id":"https:\/\/blog.urbanitae.com\/pt-pt\/2023\/11\/17\/novo-projeto-em-alicante-com-licenca-de-construcao-concedida\/"},"author":{"name":"Equipo Urbanitae","@id":"https:\/\/blog.urbanitae.com\/pt-pt\/#\/schema\/person\/e7b2d152f5654066832c53f5aa04fbf7"},"headline":"Novo projeto em Alicante com licen\u00e7a de constru\u00e7\u00e3o concedida!","datePublished":"2023-11-17T15:45:27+00:00","dateModified":"2026-08-24T14:52:48+00:00","mainEntityOfPage":{"@id":"https:\/\/blog.urbanitae.com\/pt-pt\/2023\/11\/17\/novo-projeto-em-alicante-com-licenca-de-construcao-concedida\/"},"wordCount":488,"commentCount":0,"publisher":{"@id":"https:\/\/blog.urbanitae.com\/pt-pt\/#organization"},"image":{"@id":"https:\/\/blog.urbanitae.com\/pt-pt\/2023\/11\/17\/novo-projeto-em-alicante-com-licenca-de-construcao-concedida\/#primaryimage"},"thumbnailUrl":"https:\/\/blog.urbanitae.com\/wp-content\/uploads\/2023\/11\/Nuevo-proyecto-en-Alicante-con-licencia-de-obras-concedida.webp","keywords":["financiamento colaborativo de capital","investimento imobili\u00e1rio"],"articleSection":["Equity","Projetos"],"inLanguage":"pt-PT","potentialAction":[{"@type":"CommentAction","name":"Comment","target":["https:\/\/blog.urbanitae.com\/pt-pt\/2023\/11\/17\/novo-projeto-em-alicante-com-licenca-de-construcao-concedida\/#respond"]}]},{"@type":["WebPage","ItemPage"],"@id":"https:\/\/blog.urbanitae.com\/pt-pt\/2023\/11\/17\/novo-projeto-em-alicante-com-licenca-de-construcao-concedida\/","url":"https:\/\/blog.urbanitae.com\/pt-pt\/2023\/11\/17\/novo-projeto-em-alicante-com-licenca-de-construcao-concedida\/","name":"Investir em habita\u00e7\u00e3o em Alicante: Allonbay Aura","isPartOf":{"@id":"https:\/\/blog.urbanitae.com\/pt-pt\/#website"},"primaryImageOfPage":{"@id":"https:\/\/blog.urbanitae.com\/pt-pt\/2023\/11\/17\/novo-projeto-em-alicante-com-licenca-de-construcao-concedida\/#primaryimage"},"image":{"@id":"https:\/\/blog.urbanitae.com\/pt-pt\/2023\/11\/17\/novo-projeto-em-alicante-com-licenca-de-construcao-concedida\/#primaryimage"},"thumbnailUrl":"https:\/\/blog.urbanitae.com\/wp-content\/uploads\/2023\/11\/Nuevo-proyecto-en-Alicante-con-licencia-de-obras-concedida.webp","datePublished":"2023-11-17T15:45:27+00:00","dateModified":"2026-08-24T14:52:48+00:00","description":"Descubra como investir em habita\u00e7\u00e3o em Alicante com o Allonbay Aura: 25 habita\u00e7\u00f5es em Villajoyosa, licen\u00e7a concedida e 56% j\u00e1 reservado.","breadcrumb":{"@id":"https:\/\/blog.urbanitae.com\/pt-pt\/2023\/11\/17\/novo-projeto-em-alicante-com-licenca-de-construcao-concedida\/#breadcrumb"},"inLanguage":"pt-PT","potentialAction":[{"@type":"ReadAction","target":["https:\/\/blog.urbanitae.com\/pt-pt\/2023\/11\/17\/novo-projeto-em-alicante-com-licenca-de-construcao-concedida\/"]}]},{"@type":"ImageObject","inLanguage":"pt-PT","@id":"https:\/\/blog.urbanitae.com\/pt-pt\/2023\/11\/17\/novo-projeto-em-alicante-com-licenca-de-construcao-concedida\/#primaryimage","url":"https:\/\/blog.urbanitae.com\/wp-content\/uploads\/2023\/11\/Nuevo-proyecto-en-Alicante-con-licencia-de-obras-concedida.webp","contentUrl":"https:\/\/blog.urbanitae.com\/wp-content\/uploads\/2023\/11\/Nuevo-proyecto-en-Alicante-con-licencia-de-obras-concedida.webp","width":1400,"height":735,"caption":"Nuevo proyecto en Alicante con licencia de obras concedida"},{"@type":"BreadcrumbList","@id":"https:\/\/blog.urbanitae.com\/pt-pt\/2023\/11\/17\/novo-projeto-em-alicante-com-licenca-de-construcao-concedida\/#breadcrumb","itemListElement":[{"@type":"ListItem","position":1,"name":"Portada","item":"https:\/\/blog.urbanitae.com\/pt-pt\/"},{"@type":"ListItem","position":2,"name":"Novo projeto em Alicante com licen\u00e7a de constru\u00e7\u00e3o concedida!"}]},{"@type":"WebSite","@id":"https:\/\/blog.urbanitae.com\/pt-pt\/#website","url":"https:\/\/blog.urbanitae.com\/pt-pt\/","name":"Urbanitae Blog | Las mejores noticias sobre inversi\u00f3n inmobiliaria","description":"Investimento imobili\u00e1rio ao alcance de todos","publisher":{"@id":"https:\/\/blog.urbanitae.com\/pt-pt\/#organization"},"potentialAction":[{"@type":"SearchAction","target":{"@type":"EntryPoint","urlTemplate":"https:\/\/blog.urbanitae.com\/pt-pt\/?s={search_term_string}"},"query-input":{"@type":"PropertyValueSpecification","valueRequired":true,"valueName":"search_term_string"}}],"inLanguage":"pt-PT"},{"@type":"Organization","@id":"https:\/\/blog.urbanitae.com\/pt-pt\/#organization","name":"Urbanitae","url":"https:\/\/blog.urbanitae.com\/pt-pt\/","logo":{"@type":"ImageObject","inLanguage":"pt-PT","@id":"https:\/\/blog.urbanitae.com\/pt-pt\/#\/schema\/logo\/image\/","url":"https:\/\/blog.urbanitae.com\/wp-content\/uploads\/2020\/04\/logo-verde_350x100.svg","contentUrl":"https:\/\/blog.urbanitae.com\/wp-content\/uploads\/2020\/04\/logo-verde_350x100.svg","width":350,"height":100,"caption":"Urbanitae"},"image":{"@id":"https:\/\/blog.urbanitae.com\/pt-pt\/#\/schema\/logo\/image\/"},"sameAs":["https:\/\/www.facebook.com\/urbanitae","https:\/\/x.com\/urbanitae","https:\/\/www.instagram.com\/urbanitae","https:\/\/www.linkedin.com\/company\/urbanitae","https:\/\/www.pinterest.es\/UrbanitaeSL\/_created\/","https:\/\/www.youtube.com\/c\/Urbanitae_RE"]},{"@type":"Person","@id":"https:\/\/blog.urbanitae.com\/pt-pt\/#\/schema\/person\/e7b2d152f5654066832c53f5aa04fbf7","name":"Equipo Urbanitae","image":{"@type":"ImageObject","inLanguage":"pt-PT","@id":"https:\/\/secure.gravatar.com\/avatar\/e75782c6aa253c8ac75c13b1ec97172bb2d67437baa4354ba4b0650a97f565f2?s=96&d=mm&r=g","url":"https:\/\/secure.gravatar.com\/avatar\/e75782c6aa253c8ac75c13b1ec97172bb2d67437baa4354ba4b0650a97f565f2?s=96&d=mm&r=g","contentUrl":"https:\/\/secure.gravatar.com\/avatar\/e75782c6aa253c8ac75c13b1ec97172bb2d67437baa4354ba4b0650a97f565f2?s=96&d=mm&r=g","caption":"Equipo Urbanitae"},"sameAs":["https:\/\/urbanitae.com"],"url":"https:\/\/blog.urbanitae.com\/pt-pt\/author\/urbanitae\/"}]}},"_links":{"self":[{"href":"https:\/\/blog.urbanitae.com\/pt-pt\/wp-json\/wp\/v2\/posts\/90067","targetHints":{"allow":["GET"]}}],"collection":[{"href":"https:\/\/blog.urbanitae.com\/pt-pt\/wp-json\/wp\/v2\/posts"}],"about":[{"href":"https:\/\/blog.urbanitae.com\/pt-pt\/wp-json\/wp\/v2\/types\/post"}],"author":[{"embeddable":true,"href":"https:\/\/blog.urbanitae.com\/pt-pt\/wp-json\/wp\/v2\/users\/1"}],"replies":[{"embeddable":true,"href":"https:\/\/blog.urbanitae.com\/pt-pt\/wp-json\/wp\/v2\/comments?post=90067"}],"version-history":[{"count":0,"href":"https:\/\/blog.urbanitae.com\/pt-pt\/wp-json\/wp\/v2\/posts\/90067\/revisions"}],"wp:featuredmedia":[{"embeddable":true,"href":"https:\/\/blog.urbanitae.com\/pt-pt\/wp-json\/wp\/v2\/media\/30770"}],"wp:attachment":[{"href":"https:\/\/blog.urbanitae.com\/pt-pt\/wp-json\/wp\/v2\/media?parent=90067"}],"wp:term":[{"taxonomy":"category","embeddable":true,"href":"https:\/\/blog.urbanitae.com\/pt-pt\/wp-json\/wp\/v2\/categories?post=90067"},{"taxonomy":"post_tag","embeddable":true,"href":"https:\/\/blog.urbanitae.com\/pt-pt\/wp-json\/wp\/v2\/tags?post=90067"}],"curies":[{"name":"wp","href":"https:\/\/api.w.org\/{rel}","templated":true}]}}