{"id":85260,"date":"2026-04-30T19:26:23","date_gmt":"2026-04-30T17:26:23","guid":{"rendered":"https:\/\/blog.urbanitae.com\/?p=85260"},"modified":"2026-04-30T19:27:55","modified_gmt":"2026-04-30T17:27:55","slug":"novo-projeto-21-moradias-unifamiliares-geminadas-em-alhaurin-de-la-torre","status":"publish","type":"post","link":"https:\/\/blog.urbanitae.com\/pt-pt\/2026\/04\/30\/novo-projeto-21-moradias-unifamiliares-geminadas-em-alhaurin-de-la-torre\/","title":{"rendered":"Novo projeto: 21 moradias unifamiliares geminadas em Alhaur\u00edn de la Torre"},"content":{"rendered":"\t\t<div data-elementor-type=\"wp-post\" data-elementor-id=\"85260\" class=\"elementor elementor-85260 elementor-85245\">\n\t\t\t\t\t\t<section class=\"elementor-section elementor-top-section elementor-element elementor-element-5ff0f49e elementor-section-boxed elementor-section-height-default elementor-section-height-default\" data-id=\"5ff0f49e\" data-element_type=\"section\" data-e-type=\"section\">\n\t\t\t\t\t\t<div class=\"elementor-container elementor-column-gap-default\">\n\t\t\t\t\t<div class=\"elementor-column elementor-col-100 elementor-top-column elementor-element elementor-element-41007b0f\" data-id=\"41007b0f\" data-element_type=\"column\" data-e-type=\"column\">\n\t\t\t<div class=\"elementor-widget-wrap elementor-element-populated\">\n\t\t\t\t\t\t<div class=\"elementor-element elementor-element-5191bdf1 elementor-widget elementor-widget-text-editor\" data-id=\"5191bdf1\" data-element_type=\"widget\" data-e-type=\"widget\" data-widget_type=\"text-editor.default\">\n\t\t\t\t<div class=\"elementor-widget-container\">\n\t\t\t\t\t\t\t\t\t<p><\/p>\n<p>Na pr\u00f3xima <strong>quarta-feira, 6 de maio, \u00e0s 16:00 (UTC+2)<\/strong> abrimos a investimento o <strong>projeto Alhaur\u00edn de la Torre<\/strong>, uma nova oportunidade de <strong>mais-valia imobili\u00e1ria<\/strong> em M\u00e1laga.<\/p>\n<p> <\/p>\n<p>\ud83d\udcc5 <strong>Abertura a investimento:<\/strong> quarta-feira, 6 de maio, \u00e0s 16:00 (UTC+2)<br \/>\ud83c\udf99 <strong><a href=\"https:\/\/us02web.zoom.us\/webinar\/register\/WN_gmkYK8iBSIax-3dqWSBfKg\" target=\"_blank\" rel=\"noreferrer noopener\">Webinar<\/a> do projeto:<\/strong> ter\u00e7a-feira, 5 de maio, \u00e0s 12:00 (UTC+2)<\/p>\n<p> <\/p>\n<p>Neste webinar iremos explicar todos os detalhes do projeto e responder \u00e0s quest\u00f5es dos investidores.<\/p>\n<p> <\/p>\n<h2 class=\"wp-block-heading\">Uma promo\u00e7\u00e3o residencial na \u00e1rea metropolitana de M\u00e1laga<\/h2>\n<p> <\/p>\n<p>O <a id=\"https:\/\/urbanitae.com\/pt\/projeto\/P000474\/?utm_source=blog_pt&amp;utm_medium=organic&amp;utm_campaign=urbanitae_blog_0426&amp;utm_term=projeto_1&amp;utm_content=pt_proyecto_alhaurin_de_la_torre\" href=\"https:\/\/urbanitae.com\/pt\/projeto\/P000474\/?utm_source=blog_pt&amp;utm_medium=organic&amp;utm_campaign=urbanitae_blog_0426&amp;utm_term=projeto_1&amp;utm_content=pt_proyecto_alhaurin_de_la_torre\" target=\"_blank\" rel=\"noreferrer noopener\" type=\"link\">projeto<\/a> consiste na aquisi\u00e7\u00e3o de um terreno localizado em <strong>Alhaur\u00edn de la Torre<\/strong>, na Costa del Sol, para desenvolver uma promo\u00e7\u00e3o de <strong>21 moradias unifamiliares geminadas<\/strong> com lugar de estacionamento e possibilidade de piscina privada. As habita\u00e7\u00f5es ter\u00e3o <strong>3 quartos<\/strong>, uma \u00e1rea interior m\u00e9dia constru\u00edda de cerca de <strong>200 m\u00b2<\/strong>, al\u00e9m de alpendre, terra\u00e7o e jardim.<\/p>\n<p> <\/p>\n<p>A promo\u00e7\u00e3o ficar\u00e1 situada na <strong>calle Albor\u00e1n<\/strong>, num ambiente residencial consolidado, tranquilo e bem conectado.<\/p>\n<p> <\/p>\n<h2 class=\"wp-block-heading\">Alhaur\u00edn de la Torre: qualidade de vida perto de M\u00e1laga<\/h2>\n<p> <\/p>\n<p>Alhaur\u00edn de la Torre faz parte da \u00e1rea metropolitana de M\u00e1laga e consolidou-se como uma localiza\u00e7\u00e3o atrativa para quem procura um ambiente residencial de qualidade sem se afastar da cidade.<\/p>\n<p> <\/p>\n<p>A zona combina proximidade a M\u00e1laga e \u00e0 <a id=\"https:\/\/blog.urbanitae.com\/pt-pt\/2024\/05\/14\/20-de-rentabilidade-imobiliaria-na-costa-del-sol\/?utm_source=blog_pt&amp;utm_medium=organic&amp;utm_campaign=urbanitae_blog_0426&amp;utm_term=costa_del_sol&amp;utm_content=pt_proyecto_alhaurin_de_la_torre\" href=\"https:\/\/blog.urbanitae.com\/pt-pt\/2024\/05\/14\/20-de-rentabilidade-imobiliaria-na-costa-del-sol\/?utm_source=blog_pt&amp;utm_medium=organic&amp;utm_campaign=urbanitae_blog_0426&amp;utm_term=costa_del_sol&amp;utm_content=pt_proyecto_alhaurin_de_la_torre\" target=\"_blank\" rel=\"noreferrer noopener\" type=\"link\">Costa del Sol<\/a> com um enquadramento natural privilegiado, gra\u00e7as \u00e0 proximidade da <strong>Sierra de Mijas<\/strong>. Conta ainda com parques, escolas, supermercados e servi\u00e7os de proximidade.<\/p>\n<p> <\/p>\n<p>As boas liga\u00e7\u00f5es rodovi\u00e1rias facilitam o acesso a M\u00e1laga, ao aeroporto e a outros munic\u00edpios da prov\u00edncia, refor\u00e7ando a sua atratividade tanto para resid\u00eancia permanente como para procura familiar no contexto metropolitano.<\/p>\n<p> <\/p>\n<h2 class=\"wp-block-heading\">Quinto projeto com a Nyland<\/h2>\n<p> <\/p>\n<p>O gestor do <a id=\"https:\/\/urbanitae.com\/pt\/projeto\/P000474\/?utm_source=blog_pt&amp;utm_medium=organic&amp;utm_campaign=urbanitae_blog_0426&amp;utm_term=projeto_2&amp;utm_content=pt_proyecto_alhaurin_de_la_torre\" href=\"https:\/\/urbanitae.com\/pt\/projeto\/P000474\/?utm_source=blog_pt&amp;utm_medium=organic&amp;utm_campaign=urbanitae_blog_0426&amp;utm_term=projeto_2&amp;utm_content=pt_proyecto_alhaurin_de_la_torre\" target=\"_blank\" rel=\"noreferrer noopener\" type=\"link\">projeto<\/a> \u00e9 a <strong>Nyland (marca local da Iniciativas Inmobiliarias)<\/strong>, promotora imobili\u00e1ria com sede em M\u00e1laga e experi\u00eancia no desenvolvimento de projetos residenciais na prov\u00edncia.<\/p>\n<p> <\/p>\n<p>A Urbanitae j\u00e1 colaborou anteriormente com este gestor no projeto <strong>Las Mesas<\/strong>, sendo este o <strong>quinto projeto do promotor na plataforma<\/strong>.<\/p>\n<p> <\/p>\n<p>A Nyland conta com uma equipa multidisciplinar especializada no design, gest\u00e3o e execu\u00e7\u00e3o integral de ativos imobili\u00e1rios. A sua atividade centra-se sobretudo em M\u00e1laga e na Costa del Sol, onde acumula experi\u00eancia em localiza\u00e7\u00f5es residenciais estrat\u00e9gicas.<\/p>\n<p> <\/p>\n<h2 class=\"wp-block-heading\">Pedido de licen\u00e7a de constru\u00e7\u00e3o<\/h2>\n<p> <\/p>\n<p>O promotor assinou um contrato de arras sobre o ativo e j\u00e1 desembolsou <strong>130.000 euros<\/strong> do pre\u00e7o de aquisi\u00e7\u00e3o.<\/p>\n<p> <\/p>\n<p>A entrada dos investidores da Urbanitae permitir\u00e1 concluir a compra do terreno e suportar os custos iniciais da promo\u00e7\u00e3o que n\u00e3o estejam cobertos por financiamento externo.<\/p>\n<p> <\/p>\n<p>O projeto prev\u00ea <strong>solicitar a licen\u00e7a de constru\u00e7\u00e3o em junho<\/strong>, tendo sido inclu\u00edda uma margem adicional no calend\u00e1rio para eventuais atrasos.<\/p>\n<p> <\/p>\n<p>Do ponto de vista comercial, a promo\u00e7\u00e3o localiza-se numa zona onde atualmente existe escassez de nova constru\u00e7\u00e3o. Al\u00e9m disso, foi realizado um relat\u00f3rio comercial externo que valida os pre\u00e7os de venda estimados para o projeto.<\/p>\n<p> <\/p>\n<h2 class=\"wp-block-heading\">Estrutura da opera\u00e7\u00e3o<\/h2>\n<p> <\/p>\n<p>A <a id=\"https:\/\/urbanitae.com\/pt\/projeto\/P000474\/?utm_source=blog_pt&amp;utm_medium=organic&amp;utm_campaign=urbanitae_blog_0426&amp;utm_term=operacao&amp;utm_content=pt_proyecto_alhaurin_de_la_torre\" href=\"https:\/\/urbanitae.com\/pt\/projeto\/P000474\/?utm_source=blog_pt&amp;utm_medium=organic&amp;utm_campaign=urbanitae_blog_0426&amp;utm_term=operacao&amp;utm_content=pt_proyecto_alhaurin_de_la_torre\" target=\"_blank\" rel=\"noreferrer noopener\" type=\"link\">opera\u00e7\u00e3o<\/a> ser\u00e1 estruturada atrav\u00e9s de um <strong>aumento de capital<\/strong>, com a entrada dos investidores da Urbanitae numa sociedade ve\u00edculo.<\/p>\n<p> <\/p>\n<p>Principais n\u00fameros da opera\u00e7\u00e3o:<\/p>\n<p> <\/p>\n<ul class=\"wp-block-list\">\n<li><strong>Ticket Urbanitae:<\/strong> 923.000 \u20ac<\/li>\n \n<li><strong>Aporte efetivo ao projeto:<\/strong> 920.000 \u20ac<\/li>\n \n<li><strong>Custos administrativos e de gest\u00e3o (SPV):<\/strong> 3.000 \u20ac<\/li>\n \n<li><strong>Capital total do projeto:<\/strong> 2.725.000 \u20ac<\/li>\n \n<li><strong>Aporte do promotor:<\/strong> 20% do investimento total<\/li>\n \n<li><strong>Prazo estimado:<\/strong> 34\u201338 meses<\/li>\n<\/ul>\n<p> <\/p>\n<p>O promotor ser\u00e1 respons\u00e1vel pela gest\u00e3o integral da promo\u00e7\u00e3o e manter\u00e1 uma participa\u00e7\u00e3o relevante no projeto, contribuindo para o alinhamento de interesses com os investidores.<\/p>\n<p><\/p>\t\t\t\t\t\t\t\t<\/div>\n\t\t\t\t<\/div>\n\t\t\t\t\t<\/div>\n\t\t<\/div>\n\t\t\t\t\t<\/div>\n\t\t<\/section>\n\t\t\t\t<section class=\"elementor-section elementor-top-section elementor-element elementor-element-975c42a elementor-section-boxed elementor-section-height-default elementor-section-height-default\" data-id=\"975c42a\" data-element_type=\"section\" data-e-type=\"section\">\n\t\t\t\t\t\t<div class=\"elementor-container elementor-column-gap-default\">\n\t\t\t\t\t<div class=\"elementor-column elementor-col-100 elementor-top-column elementor-element elementor-element-c92c03d\" data-id=\"c92c03d\" data-element_type=\"column\" data-e-type=\"column\">\n\t\t\t<div class=\"elementor-widget-wrap elementor-element-populated\">\n\t\t\t\t\t\t<div class=\"elementor-element elementor-element-9743067 elementor-widget elementor-widget-video\" data-id=\"9743067\" data-element_type=\"widget\" data-e-type=\"widget\" data-settings=\"{&quot;youtube_url&quot;:&quot;https:\\\/\\\/youtu.be\\\/dkHlfzZEtE8?si=rBDPu5gW_HCVScVT&quot;,&quot;video_type&quot;:&quot;youtube&quot;,&quot;controls&quot;:&quot;yes&quot;}\" data-widget_type=\"video.default\">\n\t\t\t\t<div class=\"elementor-widget-container\">\n\t\t\t\t\t\t\t<div class=\"elementor-wrapper elementor-open-inline\">\n\t\t\t<div class=\"elementor-video\"><\/div>\t\t<\/div>\n\t\t\t\t\t\t<\/div>\n\t\t\t\t<\/div>\n\t\t\t\t\t<\/div>\n\t\t<\/div>\n\t\t\t\t\t<\/div>\n\t\t<\/section>\n\t\t\t\t<section class=\"elementor-section elementor-top-section elementor-element elementor-element-f46ecf2 elementor-section-boxed elementor-section-height-default elementor-section-height-default\" data-id=\"f46ecf2\" data-element_type=\"section\" data-e-type=\"section\">\n\t\t\t\t\t\t<div class=\"elementor-container elementor-column-gap-default\">\n\t\t\t\t\t<div class=\"elementor-column elementor-col-100 elementor-top-column elementor-element elementor-element-2cba4a0\" data-id=\"2cba4a0\" data-element_type=\"column\" data-e-type=\"column\">\n\t\t\t<div class=\"elementor-widget-wrap elementor-element-populated\">\n\t\t\t\t\t\t<div class=\"elementor-element elementor-element-71d9f61 elementor-widget elementor-widget-text-editor\" data-id=\"71d9f61\" data-element_type=\"widget\" data-e-type=\"widget\" data-widget_type=\"text-editor.default\">\n\t\t\t\t<div class=\"elementor-widget-container\">\n\t\t\t\t\t\t\t\t\t<h2 class=\"wp-block-heading\">Porqu\u00ea investir em Alhaur\u00edn de la Torre<\/h2>\n<p> <\/p>\n<p>Principais pontos fortes do projeto:<\/p>\n<p> <\/p>\n<ul class=\"wp-block-list\">\n<li><strong>Promo\u00e7\u00e3o de nova constru\u00e7\u00e3o<\/strong> na \u00e1rea metropolitana de M\u00e1laga<\/li>\n \n<li><strong>Produto residencial familiar<\/strong>, composto por moradias geminadas com jardim, terra\u00e7o e possibilidade de piscina privada<\/li>\n \n<li><strong>Localiza\u00e7\u00e3o consolidada<\/strong>, bem ligada a M\u00e1laga, ao aeroporto e \u00e0 Costa del Sol<\/li>\n \n<li><strong>Promotor com experi\u00eancia na zona<\/strong>, com hist\u00f3rico de colabora\u00e7\u00e3o com a Urbanitae<\/li>\n \n<li><strong>Quinto projeto do promotor na plataforma<\/strong><\/li>\n \n<li><strong>Aporte do promotor de 20%<\/strong>, refor\u00e7ando o alinhamento de interesses<\/li>\n \n<li><strong>Escassez de nova constru\u00e7\u00e3o<\/strong> na envolvente imediata<\/li>\n<\/ul>\n<p> <\/p>\n<h2 class=\"wp-block-heading\">Informa\u00e7\u00e3o econ\u00f3mica do projeto<\/h2>\n<p> <\/p>\n<p>Nos <a id=\"https:\/\/blog.urbanitae.com\/pt-pt\/2024\/09\/06\/que-tipos-de-projetos-de-equity-existem-na-urbanitae\/?utm_source=blog_pt&amp;utm_medium=organic&amp;utm_campaign=urbanitae_blog_0426&amp;utm_term=projetos_de_equity&amp;utm_content=pt_proyecto_alhaurin_de_la_torre\" href=\"https:\/\/blog.urbanitae.com\/pt-pt\/2024\/09\/06\/que-tipos-de-projetos-de-equity-existem-na-urbanitae\/?utm_source=blog_pt&amp;utm_medium=organic&amp;utm_campaign=urbanitae_blog_0426&amp;utm_term=projetos_de_equity&amp;utm_content=pt_proyecto_alhaurin_de_la_torre\" target=\"_blank\" rel=\"noreferrer noopener\" type=\"link\">projetos de equity<\/a>, a regulamenta\u00e7\u00e3o aplic\u00e1vel n\u00e3o permite \u00e0s plataformas de financiamento participativo comunicar uma rentabilidade estimada espec\u00edfica. Por isso, a Urbanitae publica na p\u00e1gina do projeto tr\u00eas cen\u00e1rios econ\u00f3micos \u2013 favor\u00e1vel, moderado e desfavor\u00e1vel \u2013 com diferentes hip\u00f3teses de receitas e custos.<\/p>\n<p> <\/p>\n<p>Em todos os casos, a rentabilidade do projeto \u00e9 calculada segundo a mesma f\u00f3rmula:<\/p>\n<p> <\/p>\n<p class=\"has-text-align-center\"><strong>(Previs\u00e3o de receitas \u2013 Estimativa de custos) \/ Equity total<\/strong><\/p>\n<p> <\/p>\n<p>Toda a informa\u00e7\u00e3o econ\u00f3mica, juntamente com a documenta\u00e7\u00e3o do projeto, compar\u00e1veis de mercado e o relat\u00f3rio elaborado pela ON3, estar\u00e1 dispon\u00edvel na p\u00e1gina do projeto.<\/p>\n<p> <\/p>\n<h2 class=\"wp-block-heading\">Calend\u00e1rio estimado<\/h2>\n<p> <\/p>\n<p>O prazo estimado do projeto \u00e9 de <strong>34 a 38 meses<\/strong>.<\/p>\n<p> <\/p>\n<p>Principais marcos:<\/p>\n<p> <\/p>\n<ul class=\"wp-block-list\">\n<li><strong>2.\u00ba trimestre de 2026:<\/strong> aporte de capital<\/li>\n \n<li><strong>2.\u00ba trimestre de 2026:<\/strong> pedido de licen\u00e7a de constru\u00e7\u00e3o<\/li>\n \n<li><strong>2.\u00ba trimestre de 2026:<\/strong> in\u00edcio da comercializa\u00e7\u00e3o<\/li>\n \n<li><strong>2.\u00ba trimestre de 2027:<\/strong> in\u00edcio da constru\u00e7\u00e3o<\/li>\n \n<li><strong>4.\u00ba trimestre de 2028:<\/strong> conclus\u00e3o das obras<\/li>\n \n<li><strong>1.\u00ba trimestre de 2029:<\/strong> declara\u00e7\u00e3o de obra nova e entrega das habita\u00e7\u00f5es<\/li>\n \n<li><strong>2.\u00ba trimestre de 2029:<\/strong> distribui\u00e7\u00e3o de lucros aos investidores<\/li>\n<\/ul>\n<p> <\/p>\n<h2 class=\"wp-block-heading\">Uma oportunidade residencial na \u00e1rea de M\u00e1laga<\/h2>\n<p> <\/p>\n<p>O projeto <a id=\"https:\/\/urbanitae.com\/pt\/projeto\/P000474\/?utm_source=blog_pt&amp;utm_medium=organic&amp;utm_campaign=urbanitae_blog_0426&amp;utm_term=alhaurin_de_la_torre&amp;utm_content=pt_proyecto_alhaurin_de_la_torre\" href=\"https:\/\/urbanitae.com\/pt\/projeto\/P000474\/?utm_source=blog_pt&amp;utm_medium=organic&amp;utm_campaign=urbanitae_blog_0426&amp;utm_term=alhaurin_de_la_torre&amp;utm_content=pt_proyecto_alhaurin_de_la_torre\" target=\"_blank\" rel=\"noreferrer noopener\" type=\"link\">Alhaur\u00edn de la Torre<\/a> permite investir numa promo\u00e7\u00e3o de nova constru\u00e7\u00e3o situada num dos munic\u00edpios mais consolidados da \u00e1rea metropolitana de M\u00e1laga, com um produto orientado para a procura familiar e uma localiza\u00e7\u00e3o bem ligada \u00e0 cidade, ao aeroporto e \u00e0 Costa del Sol.<\/p>\n<p> <\/p>\n<p>A combina\u00e7\u00e3o de localiza\u00e7\u00e3o, experi\u00eancia do promotor, aporte pr\u00f3prio e escassez de nova constru\u00e7\u00e3o na envolvente imediata torna esta opera\u00e7\u00e3o uma oportunidade interessante dentro dos projetos de mais-valia da Urbanitae.<\/p>\n<p> <\/p>\n<p>Lembre-se: o <strong>projeto Alhaur\u00edn de la Torre abre a investimento na quarta-feira, 6 de maio, \u00e0s 16:00 (UTC+2)<\/strong>.<\/p>\n<p> <\/p>\n<h2 class=\"wp-block-heading\">Tem d\u00favidas sobre o projeto?<\/h2>\n<p> <\/p>\n<p>Se quiser conhecer todos os detalhes, pode colocar as suas quest\u00f5es no <strong><a href=\"https:\/\/us02web.zoom.us\/webinar\/register\/WN_gmkYK8iBSIax-3dqWSBfKg\" target=\"_blank\" rel=\"noreferrer noopener\">webinar<\/a> de ter\u00e7a-feira, 5 de maio, \u00e0s 12:00 (UTC+2)<\/strong>.<\/p>\n<p> <\/p>\n<p>Tamb\u00e9m pode contactar-nos atrav\u00e9s do email <strong><a href=\"mailto:contacto@urbanitae.com\" target=\"_blank\" rel=\"noreferrer noopener\">contacto@urbanitae.com<\/a><\/strong> ou pelo telefone <strong>(+34) 911 23 25 22<\/strong>.<\/p>\t\t\t\t\t\t\t\t<\/div>\n\t\t\t\t<\/div>\n\t\t\t\t\t<\/div>\n\t\t<\/div>\n\t\t\t\t\t<\/div>\n\t\t<\/section>\n\t\t\t\t<\/div>\n\t\t","protected":false},"excerpt":{"rendered":"<p>Promo\u00e7\u00e3o de 21 moradias unifamiliares na \u00e1rea metropolitana de M\u00e1laga, com gestor experiente e escassez de obra nova.<\/p>\n","protected":false},"author":1,"featured_media":85259,"comment_status":"open","ping_status":"closed","sticky":false,"template":"","format":"standard","meta":{"inline_featured_image":false,"footnotes":""},"categories":[1059,929],"tags":[1985,1983],"class_list":["post-85260","post","type-post","status-publish","format-standard","has-post-thumbnail","hentry","category-equity-pt","category-projetos","tag-crowdfunding-immobiliare-pt-pt","tag-inversion-inmobiliaria-pt-pt"],"blocksy_meta":[],"yoast_head":"<!-- This site is optimized with the Yoast SEO plugin v27.5 - https:\/\/yoast.com\/product\/yoast-seo-wordpress\/ -->\n<title>Investir em Alhaur\u00edn de la Torre: 21 habita\u00e7\u00f5es em M\u00e1laga<\/title>\n<meta name=\"description\" content=\"Invista em Alhaur\u00edn de la Torre (M\u00e1laga): 21 moradias unifamiliares numa zona residencial consolidada e bem conectada.\" \/>\n<meta name=\"robots\" content=\"index, follow, max-snippet:-1, max-image-preview:large, max-video-preview:-1\" \/>\n<link rel=\"canonical\" href=\"https:\/\/blog.urbanitae.com\/pt-pt\/2026\/04\/30\/novo-projeto-21-moradias-unifamiliares-geminadas-em-alhaurin-de-la-torre\/\" \/>\n<meta property=\"og:locale\" content=\"pt_PT\" \/>\n<meta property=\"og:type\" content=\"article\" \/>\n<meta property=\"og:title\" content=\"Novo projeto em M\u00e1laga: habita\u00e7\u00f5es em Alhaur\u00edn de la Torre\" \/>\n<meta property=\"og:description\" content=\"Invista numa promo\u00e7\u00e3o de 21 moradias unifamiliares em Alhaur\u00edn de la Torre, uma das zonas residenciais mais procuradas de M\u00e1laga.\" \/>\n<meta property=\"og:url\" content=\"https:\/\/blog.urbanitae.com\/pt-pt\/2026\/04\/30\/novo-projeto-21-moradias-unifamiliares-geminadas-em-alhaurin-de-la-torre\/\" \/>\n<meta property=\"og:site_name\" content=\"Urbanitae Blog | As melhores not\u00edcias sobre investimentos imobili\u00e1rios\" \/>\n<meta property=\"article:publisher\" content=\"https:\/\/www.facebook.com\/urbanitae\" \/>\n<meta property=\"article:published_time\" content=\"2026-04-30T17:26:23+00:00\" \/>\n<meta property=\"article:modified_time\" content=\"2026-04-30T17:27:55+00:00\" \/>\n<meta property=\"og:image\" content=\"https:\/\/blog.urbanitae.com\/wp-content\/uploads\/2026\/04\/invertir-en-alhaurin-de-la-torre.webp\" \/>\n\t<meta property=\"og:image:width\" content=\"1400\" \/>\n\t<meta property=\"og:image:height\" content=\"735\" \/>\n\t<meta property=\"og:image:type\" content=\"image\/webp\" \/>\n<meta name=\"author\" content=\"Equipo Urbanitae\" \/>\n<meta name=\"twitter:card\" content=\"summary_large_image\" \/>\n<meta name=\"twitter:creator\" content=\"@urbanitae\" \/>\n<meta name=\"twitter:site\" content=\"@urbanitae\" \/>\n<meta name=\"twitter:label1\" content=\"Escrito por\" \/>\n\t<meta name=\"twitter:data1\" content=\"Equipo Urbanitae\" \/>\n\t<meta name=\"twitter:label2\" content=\"Tempo estimado de leitura\" \/>\n\t<meta name=\"twitter:data2\" content=\"5 minutos\" \/>\n<script type=\"application\/ld+json\" class=\"yoast-schema-graph\">{\"@context\":\"https:\\\/\\\/schema.org\",\"@graph\":[{\"@type\":[\"Article\",\"BlogPosting\"],\"@id\":\"https:\\\/\\\/blog.urbanitae.com\\\/pt-pt\\\/2026\\\/04\\\/30\\\/novo-projeto-21-moradias-unifamiliares-geminadas-em-alhaurin-de-la-torre\\\/#article\",\"isPartOf\":{\"@id\":\"https:\\\/\\\/blog.urbanitae.com\\\/pt-pt\\\/2026\\\/04\\\/30\\\/novo-projeto-21-moradias-unifamiliares-geminadas-em-alhaurin-de-la-torre\\\/\"},\"author\":{\"name\":\"Equipo Urbanitae\",\"@id\":\"https:\\\/\\\/blog.urbanitae.com\\\/pt-pt\\\/#\\\/schema\\\/person\\\/e7b2d152f5654066832c53f5aa04fbf7\"},\"headline\":\"Novo projeto: 21 moradias unifamiliares geminadas em Alhaur\u00edn de la Torre\",\"datePublished\":\"2026-04-30T17:26:23+00:00\",\"dateModified\":\"2026-04-30T17:27:55+00:00\",\"mainEntityOfPage\":{\"@id\":\"https:\\\/\\\/blog.urbanitae.com\\\/pt-pt\\\/2026\\\/04\\\/30\\\/novo-projeto-21-moradias-unifamiliares-geminadas-em-alhaurin-de-la-torre\\\/\"},\"wordCount\":1021,\"commentCount\":0,\"publisher\":{\"@id\":\"https:\\\/\\\/blog.urbanitae.com\\\/pt-pt\\\/#organization\"},\"image\":{\"@id\":\"https:\\\/\\\/blog.urbanitae.com\\\/pt-pt\\\/2026\\\/04\\\/30\\\/novo-projeto-21-moradias-unifamiliares-geminadas-em-alhaurin-de-la-torre\\\/#primaryimage\"},\"thumbnailUrl\":\"https:\\\/\\\/blog.urbanitae.com\\\/wp-content\\\/uploads\\\/2026\\\/04\\\/invertir-en-alhaurin-de-la-torre.webp\",\"keywords\":[\"crowdfunding immobiliare\",\"inversi\u00f3n inmobiliaria\"],\"articleSection\":[\"Equity\",\"Projetos\"],\"inLanguage\":\"pt-PT\",\"potentialAction\":[{\"@type\":\"CommentAction\",\"name\":\"Comment\",\"target\":[\"https:\\\/\\\/blog.urbanitae.com\\\/pt-pt\\\/2026\\\/04\\\/30\\\/novo-projeto-21-moradias-unifamiliares-geminadas-em-alhaurin-de-la-torre\\\/#respond\"]}]},{\"@type\":[\"WebPage\",\"ItemPage\"],\"@id\":\"https:\\\/\\\/blog.urbanitae.com\\\/pt-pt\\\/2026\\\/04\\\/30\\\/novo-projeto-21-moradias-unifamiliares-geminadas-em-alhaurin-de-la-torre\\\/\",\"url\":\"https:\\\/\\\/blog.urbanitae.com\\\/pt-pt\\\/2026\\\/04\\\/30\\\/novo-projeto-21-moradias-unifamiliares-geminadas-em-alhaurin-de-la-torre\\\/\",\"name\":\"Investir em Alhaur\u00edn de la Torre: 21 habita\u00e7\u00f5es em M\u00e1laga\",\"isPartOf\":{\"@id\":\"https:\\\/\\\/blog.urbanitae.com\\\/pt-pt\\\/#website\"},\"primaryImageOfPage\":{\"@id\":\"https:\\\/\\\/blog.urbanitae.com\\\/pt-pt\\\/2026\\\/04\\\/30\\\/novo-projeto-21-moradias-unifamiliares-geminadas-em-alhaurin-de-la-torre\\\/#primaryimage\"},\"image\":{\"@id\":\"https:\\\/\\\/blog.urbanitae.com\\\/pt-pt\\\/2026\\\/04\\\/30\\\/novo-projeto-21-moradias-unifamiliares-geminadas-em-alhaurin-de-la-torre\\\/#primaryimage\"},\"thumbnailUrl\":\"https:\\\/\\\/blog.urbanitae.com\\\/wp-content\\\/uploads\\\/2026\\\/04\\\/invertir-en-alhaurin-de-la-torre.webp\",\"datePublished\":\"2026-04-30T17:26:23+00:00\",\"dateModified\":\"2026-04-30T17:27:55+00:00\",\"description\":\"Invista em Alhaur\u00edn de la Torre (M\u00e1laga): 21 moradias unifamiliares numa zona residencial consolidada e bem conectada.\",\"breadcrumb\":{\"@id\":\"https:\\\/\\\/blog.urbanitae.com\\\/pt-pt\\\/2026\\\/04\\\/30\\\/novo-projeto-21-moradias-unifamiliares-geminadas-em-alhaurin-de-la-torre\\\/#breadcrumb\"},\"inLanguage\":\"pt-PT\",\"potentialAction\":[{\"@type\":\"ReadAction\",\"target\":[\"https:\\\/\\\/blog.urbanitae.com\\\/pt-pt\\\/2026\\\/04\\\/30\\\/novo-projeto-21-moradias-unifamiliares-geminadas-em-alhaurin-de-la-torre\\\/\"]}]},{\"@type\":\"ImageObject\",\"inLanguage\":\"pt-PT\",\"@id\":\"https:\\\/\\\/blog.urbanitae.com\\\/pt-pt\\\/2026\\\/04\\\/30\\\/novo-projeto-21-moradias-unifamiliares-geminadas-em-alhaurin-de-la-torre\\\/#primaryimage\",\"url\":\"https:\\\/\\\/blog.urbanitae.com\\\/wp-content\\\/uploads\\\/2026\\\/04\\\/invertir-en-alhaurin-de-la-torre.webp\",\"contentUrl\":\"https:\\\/\\\/blog.urbanitae.com\\\/wp-content\\\/uploads\\\/2026\\\/04\\\/invertir-en-alhaurin-de-la-torre.webp\",\"width\":1400,\"height\":735,\"caption\":\"Invertir en Alhaur\u00edn de la Torre: 21 viviendas en M\u00e1laga. Invest in Alhaur\u00edn de la Torre: 21 homes in M\u00e1laga. Investir \u00e0 Alhaur\u00edn de la Torre : 21 logements \u00e0 M\u00e1laga. Investire ad Alhaur\u00edn de la Torre: 21 abitazioni a M\u00e1laga. Investir em Alhaur\u00edn de la Torre: 21 habita\u00e7\u00f5es em M\u00e1laga. In Alhaur\u00edn de la Torre investieren: 21 H\u00e4user in M\u00e1laga.\"},{\"@type\":\"BreadcrumbList\",\"@id\":\"https:\\\/\\\/blog.urbanitae.com\\\/pt-pt\\\/2026\\\/04\\\/30\\\/novo-projeto-21-moradias-unifamiliares-geminadas-em-alhaurin-de-la-torre\\\/#breadcrumb\",\"itemListElement\":[{\"@type\":\"ListItem\",\"position\":1,\"name\":\"Portada\",\"item\":\"https:\\\/\\\/blog.urbanitae.com\\\/pt-pt\\\/\"},{\"@type\":\"ListItem\",\"position\":2,\"name\":\"Novo projeto: 21 moradias unifamiliares geminadas em Alhaur\u00edn de la Torre\"}]},{\"@type\":\"WebSite\",\"@id\":\"https:\\\/\\\/blog.urbanitae.com\\\/pt-pt\\\/#website\",\"url\":\"https:\\\/\\\/blog.urbanitae.com\\\/pt-pt\\\/\",\"name\":\"Urbanitae Blog | Las mejores noticias sobre inversi\u00f3n inmobiliaria\",\"description\":\"Investimento imobili\u00e1rio ao alcance de todos\",\"publisher\":{\"@id\":\"https:\\\/\\\/blog.urbanitae.com\\\/pt-pt\\\/#organization\"},\"potentialAction\":[{\"@type\":\"SearchAction\",\"target\":{\"@type\":\"EntryPoint\",\"urlTemplate\":\"https:\\\/\\\/blog.urbanitae.com\\\/pt-pt\\\/?s={search_term_string}\"},\"query-input\":{\"@type\":\"PropertyValueSpecification\",\"valueRequired\":true,\"valueName\":\"search_term_string\"}}],\"inLanguage\":\"pt-PT\"},{\"@type\":\"Organization\",\"@id\":\"https:\\\/\\\/blog.urbanitae.com\\\/pt-pt\\\/#organization\",\"name\":\"Urbanitae\",\"url\":\"https:\\\/\\\/blog.urbanitae.com\\\/pt-pt\\\/\",\"logo\":{\"@type\":\"ImageObject\",\"inLanguage\":\"pt-PT\",\"@id\":\"https:\\\/\\\/blog.urbanitae.com\\\/pt-pt\\\/#\\\/schema\\\/logo\\\/image\\\/\",\"url\":\"https:\\\/\\\/blog.urbanitae.com\\\/wp-content\\\/uploads\\\/2020\\\/04\\\/logo-verde_350x100.svg\",\"contentUrl\":\"https:\\\/\\\/blog.urbanitae.com\\\/wp-content\\\/uploads\\\/2020\\\/04\\\/logo-verde_350x100.svg\",\"width\":350,\"height\":100,\"caption\":\"Urbanitae\"},\"image\":{\"@id\":\"https:\\\/\\\/blog.urbanitae.com\\\/pt-pt\\\/#\\\/schema\\\/logo\\\/image\\\/\"},\"sameAs\":[\"https:\\\/\\\/www.facebook.com\\\/urbanitae\",\"https:\\\/\\\/x.com\\\/urbanitae\",\"https:\\\/\\\/www.instagram.com\\\/urbanitae\",\"https:\\\/\\\/www.linkedin.com\\\/company\\\/urbanitae\",\"https:\\\/\\\/www.pinterest.es\\\/UrbanitaeSL\\\/_created\\\/\",\"https:\\\/\\\/www.youtube.com\\\/c\\\/Urbanitae_RE\"]},{\"@type\":\"Person\",\"@id\":\"https:\\\/\\\/blog.urbanitae.com\\\/pt-pt\\\/#\\\/schema\\\/person\\\/e7b2d152f5654066832c53f5aa04fbf7\",\"name\":\"Equipo Urbanitae\",\"image\":{\"@type\":\"ImageObject\",\"inLanguage\":\"pt-PT\",\"@id\":\"https:\\\/\\\/secure.gravatar.com\\\/avatar\\\/e75782c6aa253c8ac75c13b1ec97172bb2d67437baa4354ba4b0650a97f565f2?s=96&d=mm&r=g\",\"url\":\"https:\\\/\\\/secure.gravatar.com\\\/avatar\\\/e75782c6aa253c8ac75c13b1ec97172bb2d67437baa4354ba4b0650a97f565f2?s=96&d=mm&r=g\",\"contentUrl\":\"https:\\\/\\\/secure.gravatar.com\\\/avatar\\\/e75782c6aa253c8ac75c13b1ec97172bb2d67437baa4354ba4b0650a97f565f2?s=96&d=mm&r=g\",\"caption\":\"Equipo Urbanitae\"},\"sameAs\":[\"https:\\\/\\\/urbanitae.com\"],\"url\":\"https:\\\/\\\/blog.urbanitae.com\\\/pt-pt\\\/author\\\/urbanitae\\\/\"}]}<\/script>\n<!-- \/ Yoast SEO plugin. -->","yoast_head_json":{"title":"Investir em Alhaur\u00edn de la Torre: 21 habita\u00e7\u00f5es em M\u00e1laga","description":"Invista em Alhaur\u00edn de la Torre (M\u00e1laga): 21 moradias unifamiliares numa zona residencial consolidada e bem conectada.","robots":{"index":"index","follow":"follow","max-snippet":"max-snippet:-1","max-image-preview":"max-image-preview:large","max-video-preview":"max-video-preview:-1"},"canonical":"https:\/\/blog.urbanitae.com\/pt-pt\/2026\/04\/30\/novo-projeto-21-moradias-unifamiliares-geminadas-em-alhaurin-de-la-torre\/","og_locale":"pt_PT","og_type":"article","og_title":"Novo projeto em M\u00e1laga: habita\u00e7\u00f5es em Alhaur\u00edn de la Torre","og_description":"Invista numa promo\u00e7\u00e3o de 21 moradias unifamiliares em Alhaur\u00edn de la Torre, uma das zonas residenciais mais procuradas de M\u00e1laga.","og_url":"https:\/\/blog.urbanitae.com\/pt-pt\/2026\/04\/30\/novo-projeto-21-moradias-unifamiliares-geminadas-em-alhaurin-de-la-torre\/","og_site_name":"Urbanitae Blog | As melhores not\u00edcias sobre investimentos imobili\u00e1rios","article_publisher":"https:\/\/www.facebook.com\/urbanitae","article_published_time":"2026-04-30T17:26:23+00:00","article_modified_time":"2026-04-30T17:27:55+00:00","og_image":[{"width":1400,"height":735,"url":"https:\/\/blog.urbanitae.com\/wp-content\/uploads\/2026\/04\/invertir-en-alhaurin-de-la-torre.webp","type":"image\/webp"}],"author":"Equipo Urbanitae","twitter_card":"summary_large_image","twitter_creator":"@urbanitae","twitter_site":"@urbanitae","twitter_misc":{"Escrito por":"Equipo Urbanitae","Tempo estimado de leitura":"5 minutos"},"schema":{"@context":"https:\/\/schema.org","@graph":[{"@type":["Article","BlogPosting"],"@id":"https:\/\/blog.urbanitae.com\/pt-pt\/2026\/04\/30\/novo-projeto-21-moradias-unifamiliares-geminadas-em-alhaurin-de-la-torre\/#article","isPartOf":{"@id":"https:\/\/blog.urbanitae.com\/pt-pt\/2026\/04\/30\/novo-projeto-21-moradias-unifamiliares-geminadas-em-alhaurin-de-la-torre\/"},"author":{"name":"Equipo Urbanitae","@id":"https:\/\/blog.urbanitae.com\/pt-pt\/#\/schema\/person\/e7b2d152f5654066832c53f5aa04fbf7"},"headline":"Novo projeto: 21 moradias unifamiliares geminadas em Alhaur\u00edn de la Torre","datePublished":"2026-04-30T17:26:23+00:00","dateModified":"2026-04-30T17:27:55+00:00","mainEntityOfPage":{"@id":"https:\/\/blog.urbanitae.com\/pt-pt\/2026\/04\/30\/novo-projeto-21-moradias-unifamiliares-geminadas-em-alhaurin-de-la-torre\/"},"wordCount":1021,"commentCount":0,"publisher":{"@id":"https:\/\/blog.urbanitae.com\/pt-pt\/#organization"},"image":{"@id":"https:\/\/blog.urbanitae.com\/pt-pt\/2026\/04\/30\/novo-projeto-21-moradias-unifamiliares-geminadas-em-alhaurin-de-la-torre\/#primaryimage"},"thumbnailUrl":"https:\/\/blog.urbanitae.com\/wp-content\/uploads\/2026\/04\/invertir-en-alhaurin-de-la-torre.webp","keywords":["crowdfunding immobiliare","inversi\u00f3n inmobiliaria"],"articleSection":["Equity","Projetos"],"inLanguage":"pt-PT","potentialAction":[{"@type":"CommentAction","name":"Comment","target":["https:\/\/blog.urbanitae.com\/pt-pt\/2026\/04\/30\/novo-projeto-21-moradias-unifamiliares-geminadas-em-alhaurin-de-la-torre\/#respond"]}]},{"@type":["WebPage","ItemPage"],"@id":"https:\/\/blog.urbanitae.com\/pt-pt\/2026\/04\/30\/novo-projeto-21-moradias-unifamiliares-geminadas-em-alhaurin-de-la-torre\/","url":"https:\/\/blog.urbanitae.com\/pt-pt\/2026\/04\/30\/novo-projeto-21-moradias-unifamiliares-geminadas-em-alhaurin-de-la-torre\/","name":"Investir em Alhaur\u00edn de la Torre: 21 habita\u00e7\u00f5es em M\u00e1laga","isPartOf":{"@id":"https:\/\/blog.urbanitae.com\/pt-pt\/#website"},"primaryImageOfPage":{"@id":"https:\/\/blog.urbanitae.com\/pt-pt\/2026\/04\/30\/novo-projeto-21-moradias-unifamiliares-geminadas-em-alhaurin-de-la-torre\/#primaryimage"},"image":{"@id":"https:\/\/blog.urbanitae.com\/pt-pt\/2026\/04\/30\/novo-projeto-21-moradias-unifamiliares-geminadas-em-alhaurin-de-la-torre\/#primaryimage"},"thumbnailUrl":"https:\/\/blog.urbanitae.com\/wp-content\/uploads\/2026\/04\/invertir-en-alhaurin-de-la-torre.webp","datePublished":"2026-04-30T17:26:23+00:00","dateModified":"2026-04-30T17:27:55+00:00","description":"Invista em Alhaur\u00edn de la Torre (M\u00e1laga): 21 moradias unifamiliares numa zona residencial consolidada e bem conectada.","breadcrumb":{"@id":"https:\/\/blog.urbanitae.com\/pt-pt\/2026\/04\/30\/novo-projeto-21-moradias-unifamiliares-geminadas-em-alhaurin-de-la-torre\/#breadcrumb"},"inLanguage":"pt-PT","potentialAction":[{"@type":"ReadAction","target":["https:\/\/blog.urbanitae.com\/pt-pt\/2026\/04\/30\/novo-projeto-21-moradias-unifamiliares-geminadas-em-alhaurin-de-la-torre\/"]}]},{"@type":"ImageObject","inLanguage":"pt-PT","@id":"https:\/\/blog.urbanitae.com\/pt-pt\/2026\/04\/30\/novo-projeto-21-moradias-unifamiliares-geminadas-em-alhaurin-de-la-torre\/#primaryimage","url":"https:\/\/blog.urbanitae.com\/wp-content\/uploads\/2026\/04\/invertir-en-alhaurin-de-la-torre.webp","contentUrl":"https:\/\/blog.urbanitae.com\/wp-content\/uploads\/2026\/04\/invertir-en-alhaurin-de-la-torre.webp","width":1400,"height":735,"caption":"Invertir en Alhaur\u00edn de la Torre: 21 viviendas en M\u00e1laga. Invest in Alhaur\u00edn de la Torre: 21 homes in M\u00e1laga. Investir \u00e0 Alhaur\u00edn de la Torre : 21 logements \u00e0 M\u00e1laga. Investire ad Alhaur\u00edn de la Torre: 21 abitazioni a M\u00e1laga. Investir em Alhaur\u00edn de la Torre: 21 habita\u00e7\u00f5es em M\u00e1laga. In Alhaur\u00edn de la Torre investieren: 21 H\u00e4user in M\u00e1laga."},{"@type":"BreadcrumbList","@id":"https:\/\/blog.urbanitae.com\/pt-pt\/2026\/04\/30\/novo-projeto-21-moradias-unifamiliares-geminadas-em-alhaurin-de-la-torre\/#breadcrumb","itemListElement":[{"@type":"ListItem","position":1,"name":"Portada","item":"https:\/\/blog.urbanitae.com\/pt-pt\/"},{"@type":"ListItem","position":2,"name":"Novo projeto: 21 moradias unifamiliares geminadas em Alhaur\u00edn de la Torre"}]},{"@type":"WebSite","@id":"https:\/\/blog.urbanitae.com\/pt-pt\/#website","url":"https:\/\/blog.urbanitae.com\/pt-pt\/","name":"Urbanitae Blog | Las mejores noticias sobre inversi\u00f3n inmobiliaria","description":"Investimento imobili\u00e1rio ao alcance de todos","publisher":{"@id":"https:\/\/blog.urbanitae.com\/pt-pt\/#organization"},"potentialAction":[{"@type":"SearchAction","target":{"@type":"EntryPoint","urlTemplate":"https:\/\/blog.urbanitae.com\/pt-pt\/?s={search_term_string}"},"query-input":{"@type":"PropertyValueSpecification","valueRequired":true,"valueName":"search_term_string"}}],"inLanguage":"pt-PT"},{"@type":"Organization","@id":"https:\/\/blog.urbanitae.com\/pt-pt\/#organization","name":"Urbanitae","url":"https:\/\/blog.urbanitae.com\/pt-pt\/","logo":{"@type":"ImageObject","inLanguage":"pt-PT","@id":"https:\/\/blog.urbanitae.com\/pt-pt\/#\/schema\/logo\/image\/","url":"https:\/\/blog.urbanitae.com\/wp-content\/uploads\/2020\/04\/logo-verde_350x100.svg","contentUrl":"https:\/\/blog.urbanitae.com\/wp-content\/uploads\/2020\/04\/logo-verde_350x100.svg","width":350,"height":100,"caption":"Urbanitae"},"image":{"@id":"https:\/\/blog.urbanitae.com\/pt-pt\/#\/schema\/logo\/image\/"},"sameAs":["https:\/\/www.facebook.com\/urbanitae","https:\/\/x.com\/urbanitae","https:\/\/www.instagram.com\/urbanitae","https:\/\/www.linkedin.com\/company\/urbanitae","https:\/\/www.pinterest.es\/UrbanitaeSL\/_created\/","https:\/\/www.youtube.com\/c\/Urbanitae_RE"]},{"@type":"Person","@id":"https:\/\/blog.urbanitae.com\/pt-pt\/#\/schema\/person\/e7b2d152f5654066832c53f5aa04fbf7","name":"Equipo Urbanitae","image":{"@type":"ImageObject","inLanguage":"pt-PT","@id":"https:\/\/secure.gravatar.com\/avatar\/e75782c6aa253c8ac75c13b1ec97172bb2d67437baa4354ba4b0650a97f565f2?s=96&d=mm&r=g","url":"https:\/\/secure.gravatar.com\/avatar\/e75782c6aa253c8ac75c13b1ec97172bb2d67437baa4354ba4b0650a97f565f2?s=96&d=mm&r=g","contentUrl":"https:\/\/secure.gravatar.com\/avatar\/e75782c6aa253c8ac75c13b1ec97172bb2d67437baa4354ba4b0650a97f565f2?s=96&d=mm&r=g","caption":"Equipo Urbanitae"},"sameAs":["https:\/\/urbanitae.com"],"url":"https:\/\/blog.urbanitae.com\/pt-pt\/author\/urbanitae\/"}]}},"_links":{"self":[{"href":"https:\/\/blog.urbanitae.com\/pt-pt\/wp-json\/wp\/v2\/posts\/85260","targetHints":{"allow":["GET"]}}],"collection":[{"href":"https:\/\/blog.urbanitae.com\/pt-pt\/wp-json\/wp\/v2\/posts"}],"about":[{"href":"https:\/\/blog.urbanitae.com\/pt-pt\/wp-json\/wp\/v2\/types\/post"}],"author":[{"embeddable":true,"href":"https:\/\/blog.urbanitae.com\/pt-pt\/wp-json\/wp\/v2\/users\/1"}],"replies":[{"embeddable":true,"href":"https:\/\/blog.urbanitae.com\/pt-pt\/wp-json\/wp\/v2\/comments?post=85260"}],"version-history":[{"count":7,"href":"https:\/\/blog.urbanitae.com\/pt-pt\/wp-json\/wp\/v2\/posts\/85260\/revisions"}],"predecessor-version":[{"id":85386,"href":"https:\/\/blog.urbanitae.com\/pt-pt\/wp-json\/wp\/v2\/posts\/85260\/revisions\/85386"}],"wp:featuredmedia":[{"embeddable":true,"href":"https:\/\/blog.urbanitae.com\/pt-pt\/wp-json\/wp\/v2\/media\/85259"}],"wp:attachment":[{"href":"https:\/\/blog.urbanitae.com\/pt-pt\/wp-json\/wp\/v2\/media?parent=85260"}],"wp:term":[{"taxonomy":"category","embeddable":true,"href":"https:\/\/blog.urbanitae.com\/pt-pt\/wp-json\/wp\/v2\/categories?post=85260"},{"taxonomy":"post_tag","embeddable":true,"href":"https:\/\/blog.urbanitae.com\/pt-pt\/wp-json\/wp\/v2\/tags?post=85260"}],"curies":[{"name":"wp","href":"https:\/\/api.w.org\/{rel}","templated":true}]}}