{"id":55934,"date":"2025-02-06T08:45:00","date_gmt":"2025-02-06T07:45:00","guid":{"rendered":"https:\/\/blog.urbanitae.com\/?p=55934"},"modified":"2025-02-06T17:22:23","modified_gmt":"2025-02-06T16:22:23","slug":"a-investimento-em-centros-de-dados-torna-a-espanha-num-hub-de-referencia","status":"publish","type":"post","link":"https:\/\/blog.urbanitae.com\/pt-pt\/2025\/02\/06\/a-investimento-em-centros-de-dados-torna-a-espanha-num-hub-de-referencia\/","title":{"rendered":"A investimento em centros de dados torna a Espanha num hub de refer\u00eancia"},"content":{"rendered":"\n<p>Nos \u00faltimos anos, a Espanha emergiu como um ator chave na ind\u00fastria de centros de dados, atraindo investimentos multimilion\u00e1rios e consolidando-se como um hub tecnol\u00f3gico no sul da Europa. Um crescimento que responde a fatores como a disponibilidade de terrenos, energia renov\u00e1vel e uma conectividade \u00f3tima, posicionando o pa\u00eds como um destino atrativo para gigantes tecnol\u00f3gicos e fundos de investimento.<\/p>\n\n\n\n<h2 class=\"wp-block-heading\">Crescimento exponencial do investimento em centros de dados<\/h2>\n\n\n\n<p>O nosso pa\u00eds consolidou-se, em apenas meio ano, como o <strong>principal destino europeu<\/strong> para o investimento em centros de dados. Segundo o <em><a href=\"https:\/\/www.eleconomista.es\/tecnologia\/noticias\/13041087\/10\/24\/espana-atrae-inversiones-de-34100-millones-para-centros-de-datos-en-apenas-seis-meses.html\" target=\"_blank\" rel=\"noreferrer noopener\">El Economista<\/a><\/em>, entre a primavera e o outono de 2024, foram atra\u00eddos projetos no valor superior a 34.100 milh\u00f5es de euros. Este aumento reflete a confian\u00e7a dos investidores no potencial do mercado espanhol e na sua infraestrutura tecnol\u00f3gica. Grandes gigantes como <strong>Amazon Web Services, Microsoft, <a href=\"https:\/\/www.larazon.es\/castilla-la-mancha\/castillala-mancha-aprueba-definitivamente-gigantesco-centro-datos-meta-talavera-reina-casi-200-hectareas-superficie_20241014670d247ce2e54f0001807153.html\" target=\"_blank\" rel=\"noreferrer noopener\">Meta<\/a>, Oracle<\/strong> e outras empresas espanholas, como a <a href=\"https:\/\/www.20minutos.es\/lainformacion\/empresas\/iberdrola-proyecta-11-potenciales-centros-datos-espana-nueve-comunidades-5634313\/\" target=\"_blank\" rel=\"noreferrer noopener\">Iberdrola<\/a>, est\u00e3o a impulsionar esta expans\u00e3o.<\/p>\n\n\n\n<p>A <a href=\"https:\/\/news.microsoft.com\/source\/emea\/features\/microsoft-abre-su-primera-region-cloud-en-espana-para-acelerar-el-desarrollo-de-la-economia-de-la-ia\/?lang=es\" target=\"_blank\" rel=\"noreferrer noopener\">Microsoft<\/a> e a <a href=\"https:\/\/www.eleconomista.es\/tecnologia\/noticias\/12874669\/06\/24\/oracle-invertira-930-millones-hasta-2034-en-una-gran-region-cloud-en-madrid.html\" target=\"_blank\" rel=\"noreferrer noopener\">Oracle<\/a> planeiam investimentos importantes na <a href=\"https:\/\/blog.urbanitae.com\/pt-pt\/2024\/06\/03\/o-capital-nacional-acumula-metade-do-investimento-imobiliario-no-primeiro-trimestre\/?utm_source=blog_pt&amp;utm_medium=organic&amp;utm_campaign=urbanitae_blog_0225&amp;utm_term=madrid&amp;utm_content=pt_inversion_cnetro_datos\" target=\"_blank\" rel=\"noreferrer noopener\">Comunidade de Madrid.<\/a> A primeira anunciou que as suas infraestruturas de IA e cloud em Espanha gerar\u00e3o 10.700 milh\u00f5es de euros no PIB nacional e contribuir\u00e3o para a cria\u00e7\u00e3o de cerca de 77.000 postos de trabalho entre 2024 e 2030. Por sua vez, a multinacional liderada por Safra A. Catz investir\u00e1 920 milh\u00f5es de euros numa nova regi\u00e3o de cloud.<\/p>\n\n\n\n<p>Enquanto isso, a espanhola Iberdrola anunciou investimentos em centros de dados no valor de 10.000 milh\u00f5es de euros a n\u00edvel global, com um projeto de destaque em Bilbao.<\/p>\n\n\n\n<h2 class=\"wp-block-heading\">Arag\u00e3o e Madrid lideram o crescimento do setor<\/h2>\n\n\n\n<p>Neste cen\u00e1rio, Arag\u00e3o e Madrid consolidam-se como os principais motores do crescimento dos centros de dados a n\u00edvel nacional, como consta no relat\u00f3rio <a href=\"https:\/\/www.colliers.com\/es-es\/news\/barcelona-acelera-en-el-mercado-de-centros-de-datos\" target=\"_blank\" rel=\"noreferrer noopener\">Data Center Snapshot<\/a> elaborado pela consultora imobili\u00e1ria global Colliers.<\/p>\n\n\n\n<p>Em Arag\u00e3o, os investimentos da <a href=\"https:\/\/www.eleconomista.es\/tecnologia\/noticias\/13140797\/12\/24\/amazon-web-services-aportara-al-pib-de-aragon-12900-millones-con-la-ampliacion-de-los-centros-de-datos.html\" target=\"_blank\" rel=\"noreferrer noopener\">Amazon (AWS)<\/a> e da Microsoft impulsionaram a cria\u00e7\u00e3o de infraestruturas chave, com um investimento de 25.000 milh\u00f5es de euros previstos para os pr\u00f3ximos dez anos. Sarago\u00e7a e Huesca j\u00e1 operam com 108 MW IT, e projetos adicionais em Villamayor de G\u00e1llego, La Muela e no Parque Tecnol\u00f3gico do Reciclagem est\u00e3o a expandir esta capacidade.<\/p>\n\n\n\n<p>O fundo de investimento norte-americano <a href=\"https:\/\/cincodias.elpais.com\/companias\/2024-10-14\/blackstone-invertira-7500-millones-en-un-centro-de-datos-en-calatorao-zaragoza.html\" target=\"_blank\" rel=\"noreferrer noopener\">Blackstone<\/a> seguiu os passos da Amazon e da Microsoft e construir\u00e1 um grande centro de dados nesta comunidade, com um investimento de 7.500 milh\u00f5es de euros, marcando o seu projeto mais ambicioso na Europa. A <a href=\"https:\/\/www.elespanol.com\/aragon\/economia\/20241029\/espanola-box2bit-proyecta-centro-datos-carinena-zaragoza-inversion-millones\/897160357_0.html\" target=\"_blank\" rel=\"noreferrer noopener\">x2Bit<\/a>, vinculada \u00e0 Capital Energy, foi uma das \u00faltimas empresas a aderir ao auge dos centros de dados em Arag\u00e3o, fortalecendo a sua presen\u00e7a neste setor em plena expans\u00e3o.<\/p>\n\n\n\n<p>Por outro lado, Madrid, embora enfrente certa satura\u00e7\u00e3o em algumas \u00e1reas, projeta um crescimento not\u00e1vel na sua capacidade de centros de dados, que poder\u00e1 aumentar at\u00e9 quase cinco vezes at\u00e9 2030, alcan\u00e7ando 792 MW IT, especialmente no nordeste e sul da regi\u00e3o. O crescimento da intelig\u00eancia artificial refor\u00e7a as expectativas de expans\u00e3o, embora as zonas de maior demanda comecem a diversificar-se.<\/p>\n\n\n\n<p>Enquanto isso, outras cidades como <strong>Barcelona e Lisboa tamb\u00e9m est\u00e3o a experimentar um crescimento, embora em menor medida<\/strong>: A cidade condal registou um aumento de 68% na capacidade instalada; enquanto Lisboa regista um aumento devido \u00e0 sua localiza\u00e7\u00e3o estrat\u00e9gica para cabos submarinos e um aumento na procura por operadores.<\/p>\n\n\n\n<h2 class=\"wp-block-heading\">Perspetivas de crescimento<\/h2>\n\n\n\n<p>Nos pr\u00f3ximos anos, o <strong>crescimento do setor de centros de dados<\/strong> em Espanha promete continuar a transformar a economia nacional, gerando entre <strong>30.000 e 70.000 milh\u00f5es de euros at\u00e9 2030<\/strong>, o que equivale a 2% e 4% do PIB. \u00c9 o que prev\u00ea um recente relat\u00f3rio da Deloitte divulgado pela consultora durante um encontro organizado pela Associa\u00e7\u00e3o de Empresas de Energia El\u00e9trica (Aelec) e pelo jornal El Pa\u00eds.<\/p>\n\n\n\n<p>O relat\u00f3rio projeta um crescimento exponencial na cria\u00e7\u00e3o de dados a n\u00edvel global, que pode multiplicar-se por cinco at\u00e9 2030, alcan\u00e7ando os 600 zettabytes. Para responder a esta demanda, prev\u00ea-se que a capacidade instalada de CPD em Espanha cres\u00e7a entre quatro a seis vezes, alcan\u00e7ando entre 1,3 e 2,1 gigawatts (GW).<\/p>\n\n\n\n<p>Segundo a consultora, a Espanha tem vantagens \u00fanicas que a posicionam como um referencial na Europa para o desenvolvimento de centros de processamento de dados (CPD). Entre elas, a disponibilidade de energia renov\u00e1vel econ\u00f3mica, amplos espa\u00e7os para a sua instala\u00e7\u00e3o, baixa exposi\u00e7\u00e3o a riscos naturais, uma excelente conectividade de fibra \u00f3tica e a sua posi\u00e7\u00e3o estrat\u00e9gica entre a Europa, \u00c1frica e Am\u00e9rica.<\/p>\n\n\n\n<p>Regi\u00f5es como <strong>Arag\u00e3o e Madrid continuar\u00e3o a liderar o desenvolvimento deste setor<\/strong>, tornando-se polos estrat\u00e9gicos para a constru\u00e7\u00e3o de infraestruturas tecnol\u00f3gicas. Ao mesmo tempo, esta tend\u00eancia representa uma oportunidade para o setor imobili\u00e1rio, que ter\u00e1 de se adaptar \u00e0s exig\u00eancias espec\u00edficas dos projetos de centros de dados, como espa\u00e7os grandes, bem conectados e com acesso a recursos energ\u00e9ticos sustent\u00e1veis.<\/p>\n\n\n\n<p>No entanto, este desenvolvimento tamb\u00e9m traz desafios importantes. Para garantir uma integra\u00e7\u00e3o sustent\u00e1vel, <strong>ser\u00e1 necess\u00e1rio investir cerca de 1.400 milh\u00f5es de euros anuais na moderniza\u00e7\u00e3o da rede el\u00e9trica<\/strong>, segundo aponta a consultora.<\/p>\n\n\n\n<p>Neste sentido, e dado o constante aumento da demanda de energia el\u00e9trica por parte dos centros de dados, Marta Castro, diretora de regula\u00e7\u00e3o da Aelec, destaca a necessidade de \u201cacelerar a conex\u00e3o el\u00e9trica para dar resposta aos centros cuja demanda \u00e9 enorme\u201d.<\/p>\n","protected":false},"excerpt":{"rendered":"<p>Amazon Web Services, Microsoft, Meta, Oracle e Iberdrola est\u00e3o a liderar o investimento em centros de dados em Espanha.<\/p>\n","protected":false},"author":1,"featured_media":55981,"comment_status":"open","ping_status":"closed","sticky":false,"template":"","format":"standard","meta":{"inline_featured_image":false,"footnotes":""},"categories":[1029],"tags":[],"class_list":["post-55934","post","type-post","status-publish","format-standard","has-post-thumbnail","hentry","category-investimento-imobiliario-pt-pt"],"blocksy_meta":[],"yoast_head":"<!-- This site is optimized with the Yoast SEO plugin v27.5 - https:\/\/yoast.com\/product\/yoast-seo-wordpress\/ -->\n<title>A investimento em centros de dados torna a Espanha num hub de refer\u00eancia - Urbanitae Blog<\/title>\n<meta name=\"description\" content=\"A Espanha consolidou-se em apenas meio ano como o principal destino europeu para o investimento em centros de dados. Ler mais.\" \/>\n<meta name=\"robots\" content=\"index, follow, max-snippet:-1, max-image-preview:large, max-video-preview:-1\" \/>\n<link rel=\"canonical\" href=\"https:\/\/blog.urbanitae.com\/pt-pt\/2025\/02\/06\/a-investimento-em-centros-de-dados-torna-a-espanha-num-hub-de-referencia\/\" \/>\n<meta property=\"og:locale\" content=\"pt_PT\" \/>\n<meta property=\"og:type\" content=\"article\" \/>\n<meta property=\"og:title\" content=\"Gigantes tecnol\u00f3gicos apostam em Espanha\" \/>\n<meta property=\"og:description\" content=\"Arag\u00e3o e Madrid consolidam-se como l\u00edderes do setor, tornando-se polos estrat\u00e9gicos para infraestruturas tecnol\u00f3gicas.\" \/>\n<meta property=\"og:url\" content=\"https:\/\/blog.urbanitae.com\/pt-pt\/2025\/02\/06\/a-investimento-em-centros-de-dados-torna-a-espanha-num-hub-de-referencia\/\" \/>\n<meta property=\"og:site_name\" content=\"Urbanitae Blog | As melhores not\u00edcias sobre investimentos imobili\u00e1rios\" \/>\n<meta property=\"article:publisher\" content=\"https:\/\/www.facebook.com\/urbanitae\" \/>\n<meta property=\"article:published_time\" content=\"2025-02-06T07:45:00+00:00\" \/>\n<meta property=\"article:modified_time\" content=\"2025-02-06T16:22:23+00:00\" \/>\n<meta property=\"og:image\" content=\"https:\/\/blog.urbanitae.com\/wp-content\/uploads\/2025\/02\/inversion-en-centros-de-datos.webp\" \/>\n\t<meta property=\"og:image:width\" content=\"1400\" \/>\n\t<meta property=\"og:image:height\" content=\"735\" \/>\n\t<meta property=\"og:image:type\" content=\"image\/webp\" \/>\n<meta name=\"author\" content=\"Equipo Urbanitae\" \/>\n<meta name=\"twitter:card\" content=\"summary_large_image\" \/>\n<meta name=\"twitter:creator\" content=\"@urbanitae\" \/>\n<meta name=\"twitter:site\" content=\"@urbanitae\" \/>\n<meta name=\"twitter:label1\" content=\"Escrito por\" \/>\n\t<meta name=\"twitter:data1\" content=\"Equipo Urbanitae\" \/>\n\t<meta name=\"twitter:label2\" content=\"Tempo estimado de leitura\" \/>\n\t<meta name=\"twitter:data2\" content=\"5 minutos\" \/>\n<script type=\"application\/ld+json\" class=\"yoast-schema-graph\">{\"@context\":\"https:\\\/\\\/schema.org\",\"@graph\":[{\"@type\":[\"Article\",\"BlogPosting\"],\"@id\":\"https:\\\/\\\/blog.urbanitae.com\\\/pt-pt\\\/2025\\\/02\\\/06\\\/a-investimento-em-centros-de-dados-torna-a-espanha-num-hub-de-referencia\\\/#article\",\"isPartOf\":{\"@id\":\"https:\\\/\\\/blog.urbanitae.com\\\/pt-pt\\\/2025\\\/02\\\/06\\\/a-investimento-em-centros-de-dados-torna-a-espanha-num-hub-de-referencia\\\/\"},\"author\":{\"name\":\"Equipo Urbanitae\",\"@id\":\"https:\\\/\\\/blog.urbanitae.com\\\/pt-pt\\\/#\\\/schema\\\/person\\\/e7b2d152f5654066832c53f5aa04fbf7\"},\"headline\":\"A investimento em centros de dados torna a Espanha num hub de refer\u00eancia\",\"datePublished\":\"2025-02-06T07:45:00+00:00\",\"dateModified\":\"2025-02-06T16:22:23+00:00\",\"mainEntityOfPage\":{\"@id\":\"https:\\\/\\\/blog.urbanitae.com\\\/pt-pt\\\/2025\\\/02\\\/06\\\/a-investimento-em-centros-de-dados-torna-a-espanha-num-hub-de-referencia\\\/\"},\"wordCount\":923,\"commentCount\":0,\"publisher\":{\"@id\":\"https:\\\/\\\/blog.urbanitae.com\\\/pt-pt\\\/#organization\"},\"image\":{\"@id\":\"https:\\\/\\\/blog.urbanitae.com\\\/pt-pt\\\/2025\\\/02\\\/06\\\/a-investimento-em-centros-de-dados-torna-a-espanha-num-hub-de-referencia\\\/#primaryimage\"},\"thumbnailUrl\":\"https:\\\/\\\/blog.urbanitae.com\\\/wp-content\\\/uploads\\\/2025\\\/02\\\/inversion-en-centros-de-datos.webp\",\"articleSection\":[\"Investimento imobili\u00e1rio\"],\"inLanguage\":\"pt-PT\",\"potentialAction\":[{\"@type\":\"CommentAction\",\"name\":\"Comment\",\"target\":[\"https:\\\/\\\/blog.urbanitae.com\\\/pt-pt\\\/2025\\\/02\\\/06\\\/a-investimento-em-centros-de-dados-torna-a-espanha-num-hub-de-referencia\\\/#respond\"]}]},{\"@type\":[\"WebPage\",\"ItemPage\"],\"@id\":\"https:\\\/\\\/blog.urbanitae.com\\\/pt-pt\\\/2025\\\/02\\\/06\\\/a-investimento-em-centros-de-dados-torna-a-espanha-num-hub-de-referencia\\\/\",\"url\":\"https:\\\/\\\/blog.urbanitae.com\\\/pt-pt\\\/2025\\\/02\\\/06\\\/a-investimento-em-centros-de-dados-torna-a-espanha-num-hub-de-referencia\\\/\",\"name\":\"A investimento em centros de dados torna a Espanha num hub de refer\u00eancia - Urbanitae Blog\",\"isPartOf\":{\"@id\":\"https:\\\/\\\/blog.urbanitae.com\\\/pt-pt\\\/#website\"},\"primaryImageOfPage\":{\"@id\":\"https:\\\/\\\/blog.urbanitae.com\\\/pt-pt\\\/2025\\\/02\\\/06\\\/a-investimento-em-centros-de-dados-torna-a-espanha-num-hub-de-referencia\\\/#primaryimage\"},\"image\":{\"@id\":\"https:\\\/\\\/blog.urbanitae.com\\\/pt-pt\\\/2025\\\/02\\\/06\\\/a-investimento-em-centros-de-dados-torna-a-espanha-num-hub-de-referencia\\\/#primaryimage\"},\"thumbnailUrl\":\"https:\\\/\\\/blog.urbanitae.com\\\/wp-content\\\/uploads\\\/2025\\\/02\\\/inversion-en-centros-de-datos.webp\",\"datePublished\":\"2025-02-06T07:45:00+00:00\",\"dateModified\":\"2025-02-06T16:22:23+00:00\",\"description\":\"A Espanha consolidou-se em apenas meio ano como o principal destino europeu para o investimento em centros de dados. Ler mais.\",\"breadcrumb\":{\"@id\":\"https:\\\/\\\/blog.urbanitae.com\\\/pt-pt\\\/2025\\\/02\\\/06\\\/a-investimento-em-centros-de-dados-torna-a-espanha-num-hub-de-referencia\\\/#breadcrumb\"},\"inLanguage\":\"pt-PT\",\"potentialAction\":[{\"@type\":\"ReadAction\",\"target\":[\"https:\\\/\\\/blog.urbanitae.com\\\/pt-pt\\\/2025\\\/02\\\/06\\\/a-investimento-em-centros-de-dados-torna-a-espanha-num-hub-de-referencia\\\/\"]}]},{\"@type\":\"ImageObject\",\"inLanguage\":\"pt-PT\",\"@id\":\"https:\\\/\\\/blog.urbanitae.com\\\/pt-pt\\\/2025\\\/02\\\/06\\\/a-investimento-em-centros-de-dados-torna-a-espanha-num-hub-de-referencia\\\/#primaryimage\",\"url\":\"https:\\\/\\\/blog.urbanitae.com\\\/wp-content\\\/uploads\\\/2025\\\/02\\\/inversion-en-centros-de-datos.webp\",\"contentUrl\":\"https:\\\/\\\/blog.urbanitae.com\\\/wp-content\\\/uploads\\\/2025\\\/02\\\/inversion-en-centros-de-datos.webp\",\"width\":1400,\"height\":735,\"caption\":\"La inversi\u00f3n en centros de datos convierte a Espa\u00f1a en un hub de referencia. Investment in data centers turns Spain into a leading hub. L'investissement dans les centres de donn\u00e9es fait de l'Espagne un hub de r\u00e9f\u00e9rence. L'investimento nei centri di dati rende la Spagna un hub di riferimento. A investimento em centros de dados torna a Espanha num hub de refer\u00eancia. Die Investition in Rechenzentren macht Spanien zu einem Referenz-Hub.\"},{\"@type\":\"BreadcrumbList\",\"@id\":\"https:\\\/\\\/blog.urbanitae.com\\\/pt-pt\\\/2025\\\/02\\\/06\\\/a-investimento-em-centros-de-dados-torna-a-espanha-num-hub-de-referencia\\\/#breadcrumb\",\"itemListElement\":[{\"@type\":\"ListItem\",\"position\":1,\"name\":\"Portada\",\"item\":\"https:\\\/\\\/blog.urbanitae.com\\\/pt-pt\\\/\"},{\"@type\":\"ListItem\",\"position\":2,\"name\":\"A investimento em centros de dados torna a Espanha num hub de refer\u00eancia\"}]},{\"@type\":\"WebSite\",\"@id\":\"https:\\\/\\\/blog.urbanitae.com\\\/pt-pt\\\/#website\",\"url\":\"https:\\\/\\\/blog.urbanitae.com\\\/pt-pt\\\/\",\"name\":\"Urbanitae Blog | Las mejores noticias sobre inversi\u00f3n inmobiliaria\",\"description\":\"Investimento imobili\u00e1rio ao alcance de todos\",\"publisher\":{\"@id\":\"https:\\\/\\\/blog.urbanitae.com\\\/pt-pt\\\/#organization\"},\"potentialAction\":[{\"@type\":\"SearchAction\",\"target\":{\"@type\":\"EntryPoint\",\"urlTemplate\":\"https:\\\/\\\/blog.urbanitae.com\\\/pt-pt\\\/?s={search_term_string}\"},\"query-input\":{\"@type\":\"PropertyValueSpecification\",\"valueRequired\":true,\"valueName\":\"search_term_string\"}}],\"inLanguage\":\"pt-PT\"},{\"@type\":\"Organization\",\"@id\":\"https:\\\/\\\/blog.urbanitae.com\\\/pt-pt\\\/#organization\",\"name\":\"Urbanitae\",\"url\":\"https:\\\/\\\/blog.urbanitae.com\\\/pt-pt\\\/\",\"logo\":{\"@type\":\"ImageObject\",\"inLanguage\":\"pt-PT\",\"@id\":\"https:\\\/\\\/blog.urbanitae.com\\\/pt-pt\\\/#\\\/schema\\\/logo\\\/image\\\/\",\"url\":\"https:\\\/\\\/blog.urbanitae.com\\\/wp-content\\\/uploads\\\/2020\\\/04\\\/logo-verde_350x100.svg\",\"contentUrl\":\"https:\\\/\\\/blog.urbanitae.com\\\/wp-content\\\/uploads\\\/2020\\\/04\\\/logo-verde_350x100.svg\",\"width\":350,\"height\":100,\"caption\":\"Urbanitae\"},\"image\":{\"@id\":\"https:\\\/\\\/blog.urbanitae.com\\\/pt-pt\\\/#\\\/schema\\\/logo\\\/image\\\/\"},\"sameAs\":[\"https:\\\/\\\/www.facebook.com\\\/urbanitae\",\"https:\\\/\\\/x.com\\\/urbanitae\",\"https:\\\/\\\/www.instagram.com\\\/urbanitae\",\"https:\\\/\\\/www.linkedin.com\\\/company\\\/urbanitae\",\"https:\\\/\\\/www.pinterest.es\\\/UrbanitaeSL\\\/_created\\\/\",\"https:\\\/\\\/www.youtube.com\\\/c\\\/Urbanitae_RE\"]},{\"@type\":\"Person\",\"@id\":\"https:\\\/\\\/blog.urbanitae.com\\\/pt-pt\\\/#\\\/schema\\\/person\\\/e7b2d152f5654066832c53f5aa04fbf7\",\"name\":\"Equipo Urbanitae\",\"image\":{\"@type\":\"ImageObject\",\"inLanguage\":\"pt-PT\",\"@id\":\"https:\\\/\\\/secure.gravatar.com\\\/avatar\\\/e75782c6aa253c8ac75c13b1ec97172bb2d67437baa4354ba4b0650a97f565f2?s=96&d=mm&r=g\",\"url\":\"https:\\\/\\\/secure.gravatar.com\\\/avatar\\\/e75782c6aa253c8ac75c13b1ec97172bb2d67437baa4354ba4b0650a97f565f2?s=96&d=mm&r=g\",\"contentUrl\":\"https:\\\/\\\/secure.gravatar.com\\\/avatar\\\/e75782c6aa253c8ac75c13b1ec97172bb2d67437baa4354ba4b0650a97f565f2?s=96&d=mm&r=g\",\"caption\":\"Equipo Urbanitae\"},\"sameAs\":[\"https:\\\/\\\/urbanitae.com\"],\"url\":\"https:\\\/\\\/blog.urbanitae.com\\\/pt-pt\\\/author\\\/urbanitae\\\/\"}]}<\/script>\n<!-- \/ Yoast SEO plugin. -->","yoast_head_json":{"title":"A investimento em centros de dados torna a Espanha num hub de refer\u00eancia - Urbanitae Blog","description":"A Espanha consolidou-se em apenas meio ano como o principal destino europeu para o investimento em centros de dados. Ler mais.","robots":{"index":"index","follow":"follow","max-snippet":"max-snippet:-1","max-image-preview":"max-image-preview:large","max-video-preview":"max-video-preview:-1"},"canonical":"https:\/\/blog.urbanitae.com\/pt-pt\/2025\/02\/06\/a-investimento-em-centros-de-dados-torna-a-espanha-num-hub-de-referencia\/","og_locale":"pt_PT","og_type":"article","og_title":"Gigantes tecnol\u00f3gicos apostam em Espanha","og_description":"Arag\u00e3o e Madrid consolidam-se como l\u00edderes do setor, tornando-se polos estrat\u00e9gicos para infraestruturas tecnol\u00f3gicas.","og_url":"https:\/\/blog.urbanitae.com\/pt-pt\/2025\/02\/06\/a-investimento-em-centros-de-dados-torna-a-espanha-num-hub-de-referencia\/","og_site_name":"Urbanitae Blog | As melhores not\u00edcias sobre investimentos imobili\u00e1rios","article_publisher":"https:\/\/www.facebook.com\/urbanitae","article_published_time":"2025-02-06T07:45:00+00:00","article_modified_time":"2025-02-06T16:22:23+00:00","og_image":[{"width":1400,"height":735,"url":"https:\/\/blog.urbanitae.com\/wp-content\/uploads\/2025\/02\/inversion-en-centros-de-datos.webp","type":"image\/webp"}],"author":"Equipo Urbanitae","twitter_card":"summary_large_image","twitter_creator":"@urbanitae","twitter_site":"@urbanitae","twitter_misc":{"Escrito por":"Equipo Urbanitae","Tempo estimado de leitura":"5 minutos"},"schema":{"@context":"https:\/\/schema.org","@graph":[{"@type":["Article","BlogPosting"],"@id":"https:\/\/blog.urbanitae.com\/pt-pt\/2025\/02\/06\/a-investimento-em-centros-de-dados-torna-a-espanha-num-hub-de-referencia\/#article","isPartOf":{"@id":"https:\/\/blog.urbanitae.com\/pt-pt\/2025\/02\/06\/a-investimento-em-centros-de-dados-torna-a-espanha-num-hub-de-referencia\/"},"author":{"name":"Equipo Urbanitae","@id":"https:\/\/blog.urbanitae.com\/pt-pt\/#\/schema\/person\/e7b2d152f5654066832c53f5aa04fbf7"},"headline":"A investimento em centros de dados torna a Espanha num hub de refer\u00eancia","datePublished":"2025-02-06T07:45:00+00:00","dateModified":"2025-02-06T16:22:23+00:00","mainEntityOfPage":{"@id":"https:\/\/blog.urbanitae.com\/pt-pt\/2025\/02\/06\/a-investimento-em-centros-de-dados-torna-a-espanha-num-hub-de-referencia\/"},"wordCount":923,"commentCount":0,"publisher":{"@id":"https:\/\/blog.urbanitae.com\/pt-pt\/#organization"},"image":{"@id":"https:\/\/blog.urbanitae.com\/pt-pt\/2025\/02\/06\/a-investimento-em-centros-de-dados-torna-a-espanha-num-hub-de-referencia\/#primaryimage"},"thumbnailUrl":"https:\/\/blog.urbanitae.com\/wp-content\/uploads\/2025\/02\/inversion-en-centros-de-datos.webp","articleSection":["Investimento imobili\u00e1rio"],"inLanguage":"pt-PT","potentialAction":[{"@type":"CommentAction","name":"Comment","target":["https:\/\/blog.urbanitae.com\/pt-pt\/2025\/02\/06\/a-investimento-em-centros-de-dados-torna-a-espanha-num-hub-de-referencia\/#respond"]}]},{"@type":["WebPage","ItemPage"],"@id":"https:\/\/blog.urbanitae.com\/pt-pt\/2025\/02\/06\/a-investimento-em-centros-de-dados-torna-a-espanha-num-hub-de-referencia\/","url":"https:\/\/blog.urbanitae.com\/pt-pt\/2025\/02\/06\/a-investimento-em-centros-de-dados-torna-a-espanha-num-hub-de-referencia\/","name":"A investimento em centros de dados torna a Espanha num hub de refer\u00eancia - Urbanitae Blog","isPartOf":{"@id":"https:\/\/blog.urbanitae.com\/pt-pt\/#website"},"primaryImageOfPage":{"@id":"https:\/\/blog.urbanitae.com\/pt-pt\/2025\/02\/06\/a-investimento-em-centros-de-dados-torna-a-espanha-num-hub-de-referencia\/#primaryimage"},"image":{"@id":"https:\/\/blog.urbanitae.com\/pt-pt\/2025\/02\/06\/a-investimento-em-centros-de-dados-torna-a-espanha-num-hub-de-referencia\/#primaryimage"},"thumbnailUrl":"https:\/\/blog.urbanitae.com\/wp-content\/uploads\/2025\/02\/inversion-en-centros-de-datos.webp","datePublished":"2025-02-06T07:45:00+00:00","dateModified":"2025-02-06T16:22:23+00:00","description":"A Espanha consolidou-se em apenas meio ano como o principal destino europeu para o investimento em centros de dados. Ler mais.","breadcrumb":{"@id":"https:\/\/blog.urbanitae.com\/pt-pt\/2025\/02\/06\/a-investimento-em-centros-de-dados-torna-a-espanha-num-hub-de-referencia\/#breadcrumb"},"inLanguage":"pt-PT","potentialAction":[{"@type":"ReadAction","target":["https:\/\/blog.urbanitae.com\/pt-pt\/2025\/02\/06\/a-investimento-em-centros-de-dados-torna-a-espanha-num-hub-de-referencia\/"]}]},{"@type":"ImageObject","inLanguage":"pt-PT","@id":"https:\/\/blog.urbanitae.com\/pt-pt\/2025\/02\/06\/a-investimento-em-centros-de-dados-torna-a-espanha-num-hub-de-referencia\/#primaryimage","url":"https:\/\/blog.urbanitae.com\/wp-content\/uploads\/2025\/02\/inversion-en-centros-de-datos.webp","contentUrl":"https:\/\/blog.urbanitae.com\/wp-content\/uploads\/2025\/02\/inversion-en-centros-de-datos.webp","width":1400,"height":735,"caption":"La inversi\u00f3n en centros de datos convierte a Espa\u00f1a en un hub de referencia. Investment in data centers turns Spain into a leading hub. L'investissement dans les centres de donn\u00e9es fait de l'Espagne un hub de r\u00e9f\u00e9rence. L'investimento nei centri di dati rende la Spagna un hub di riferimento. A investimento em centros de dados torna a Espanha num hub de refer\u00eancia. Die Investition in Rechenzentren macht Spanien zu einem Referenz-Hub."},{"@type":"BreadcrumbList","@id":"https:\/\/blog.urbanitae.com\/pt-pt\/2025\/02\/06\/a-investimento-em-centros-de-dados-torna-a-espanha-num-hub-de-referencia\/#breadcrumb","itemListElement":[{"@type":"ListItem","position":1,"name":"Portada","item":"https:\/\/blog.urbanitae.com\/pt-pt\/"},{"@type":"ListItem","position":2,"name":"A investimento em centros de dados torna a Espanha num hub de refer\u00eancia"}]},{"@type":"WebSite","@id":"https:\/\/blog.urbanitae.com\/pt-pt\/#website","url":"https:\/\/blog.urbanitae.com\/pt-pt\/","name":"Urbanitae Blog | Las mejores noticias sobre inversi\u00f3n inmobiliaria","description":"Investimento imobili\u00e1rio ao alcance de todos","publisher":{"@id":"https:\/\/blog.urbanitae.com\/pt-pt\/#organization"},"potentialAction":[{"@type":"SearchAction","target":{"@type":"EntryPoint","urlTemplate":"https:\/\/blog.urbanitae.com\/pt-pt\/?s={search_term_string}"},"query-input":{"@type":"PropertyValueSpecification","valueRequired":true,"valueName":"search_term_string"}}],"inLanguage":"pt-PT"},{"@type":"Organization","@id":"https:\/\/blog.urbanitae.com\/pt-pt\/#organization","name":"Urbanitae","url":"https:\/\/blog.urbanitae.com\/pt-pt\/","logo":{"@type":"ImageObject","inLanguage":"pt-PT","@id":"https:\/\/blog.urbanitae.com\/pt-pt\/#\/schema\/logo\/image\/","url":"https:\/\/blog.urbanitae.com\/wp-content\/uploads\/2020\/04\/logo-verde_350x100.svg","contentUrl":"https:\/\/blog.urbanitae.com\/wp-content\/uploads\/2020\/04\/logo-verde_350x100.svg","width":350,"height":100,"caption":"Urbanitae"},"image":{"@id":"https:\/\/blog.urbanitae.com\/pt-pt\/#\/schema\/logo\/image\/"},"sameAs":["https:\/\/www.facebook.com\/urbanitae","https:\/\/x.com\/urbanitae","https:\/\/www.instagram.com\/urbanitae","https:\/\/www.linkedin.com\/company\/urbanitae","https:\/\/www.pinterest.es\/UrbanitaeSL\/_created\/","https:\/\/www.youtube.com\/c\/Urbanitae_RE"]},{"@type":"Person","@id":"https:\/\/blog.urbanitae.com\/pt-pt\/#\/schema\/person\/e7b2d152f5654066832c53f5aa04fbf7","name":"Equipo Urbanitae","image":{"@type":"ImageObject","inLanguage":"pt-PT","@id":"https:\/\/secure.gravatar.com\/avatar\/e75782c6aa253c8ac75c13b1ec97172bb2d67437baa4354ba4b0650a97f565f2?s=96&d=mm&r=g","url":"https:\/\/secure.gravatar.com\/avatar\/e75782c6aa253c8ac75c13b1ec97172bb2d67437baa4354ba4b0650a97f565f2?s=96&d=mm&r=g","contentUrl":"https:\/\/secure.gravatar.com\/avatar\/e75782c6aa253c8ac75c13b1ec97172bb2d67437baa4354ba4b0650a97f565f2?s=96&d=mm&r=g","caption":"Equipo Urbanitae"},"sameAs":["https:\/\/urbanitae.com"],"url":"https:\/\/blog.urbanitae.com\/pt-pt\/author\/urbanitae\/"}]}},"_links":{"self":[{"href":"https:\/\/blog.urbanitae.com\/pt-pt\/wp-json\/wp\/v2\/posts\/55934","targetHints":{"allow":["GET"]}}],"collection":[{"href":"https:\/\/blog.urbanitae.com\/pt-pt\/wp-json\/wp\/v2\/posts"}],"about":[{"href":"https:\/\/blog.urbanitae.com\/pt-pt\/wp-json\/wp\/v2\/types\/post"}],"author":[{"embeddable":true,"href":"https:\/\/blog.urbanitae.com\/pt-pt\/wp-json\/wp\/v2\/users\/1"}],"replies":[{"embeddable":true,"href":"https:\/\/blog.urbanitae.com\/pt-pt\/wp-json\/wp\/v2\/comments?post=55934"}],"version-history":[{"count":0,"href":"https:\/\/blog.urbanitae.com\/pt-pt\/wp-json\/wp\/v2\/posts\/55934\/revisions"}],"wp:featuredmedia":[{"embeddable":true,"href":"https:\/\/blog.urbanitae.com\/pt-pt\/wp-json\/wp\/v2\/media\/55981"}],"wp:attachment":[{"href":"https:\/\/blog.urbanitae.com\/pt-pt\/wp-json\/wp\/v2\/media?parent=55934"}],"wp:term":[{"taxonomy":"category","embeddable":true,"href":"https:\/\/blog.urbanitae.com\/pt-pt\/wp-json\/wp\/v2\/categories?post=55934"},{"taxonomy":"post_tag","embeddable":true,"href":"https:\/\/blog.urbanitae.com\/pt-pt\/wp-json\/wp\/v2\/tags?post=55934"}],"curies":[{"name":"wp","href":"https:\/\/api.w.org\/{rel}","templated":true}]}}