{"id":53665,"date":"2024-12-14T13:02:00","date_gmt":"2024-12-14T12:02:00","guid":{"rendered":"https:\/\/blog.urbanitae.com\/?p=53665"},"modified":"2024-12-17T10:17:07","modified_gmt":"2024-12-17T09:17:07","slug":"enso-co-living-habitacao-flexivel-para-o-futuro","status":"publish","type":"post","link":"https:\/\/blog.urbanitae.com\/pt-pt\/2024\/12\/14\/enso-co-living-habitacao-flexivel-para-o-futuro\/","title":{"rendered":"Enso Co-living: Habita\u00e7\u00e3o flex\u00edvel para o futuro"},"content":{"rendered":"\n<p><strong>Quando Michael Erd cofundou a Enso Co-living, tinha uma miss\u00e3o clara: oferecer uma experi\u00eancia habitacional \u00fanica que combinasse flexibilidade, design e uma comunidade din\u00e2mica para jovens profissionais e n\u00f3madas digitais. Hoje, com mais de 600 quartos em cidades como <a href=\"https:\/\/blog.urbanitae.com\/pt-pt\/2024\/06\/10\/madrid-e-barcelona-impulsionam-o-investimento-hoteleiro\/?utm_source=blog_pt&amp;utm_medium=organic&amp;utm_campaign=urbanitae_blog_1224&amp;utm_term=barcelona&amp;utm_content=pt_entrevista_enso_co_living\" target=\"_blank\" rel=\"noreferrer noopener\">Barcelona<\/a>, Madrid, Val\u00eancia e Cidade do M\u00e9xico, a empresa n\u00e3o s\u00f3 est\u00e1 a redefinir o conceito de coliving, mas tamb\u00e9m lidera uma expans\u00e3o global sustentada pela inova\u00e7\u00e3o tecnol\u00f3gica, sustentabilidade e um forte compromisso com a qualidade. Nesta entrevista, exploramos a vis\u00e3o, os desafios e os planos futuros de um dos pioneiros deste setor.<\/strong><\/p>\n\n\n\n<p><strong>O que inspirou a cria\u00e7\u00e3o da Enso Co-living e qual \u00e9 a sua principal miss\u00e3o?<\/strong><\/p>\n\n\n\n<p>A inspira\u00e7\u00e3o nasceu de uma necessidade pessoal do seu cofundador, Michael Erd, que procurava um espa\u00e7o que oferecesse conforto, servi\u00e7os e uma experi\u00eancia comunit\u00e1ria de alta qualidade quando se mudou para Barcelona. A principal miss\u00e3o da empresa \u00e9 proporcionar uma experi\u00eancia de habita\u00e7\u00e3o completa e sem preocupa\u00e7\u00f5es, onde os residentes se possam sentir em casa e crescer como indiv\u00edduos.<\/p>\n\n\n\n<p><strong>Quantos quartos est\u00e3o atualmente dispon\u00edveis?<\/strong><\/p>\n\n\n\n<p>A <a href=\"https:\/\/ensocoliving.com\/\" target=\"_blank\" rel=\"noreferrer noopener nofollow\">Enso Co-living<\/a> disp\u00f5e de mais de 600 quartos em cidades como Barcelona, Madrid, Val\u00eancia e Cidade do M\u00e9xico.<\/p>\n\n\n\n<p><strong>O que diferencia a vossa empresa de outros modelos de coliving?<\/strong><\/p>\n\n\n\n<p>A Enso Co-living distingue-se por oferecer uma experi\u00eancia premium focada na comunidade, com um design de alta qualidade, servi\u00e7os inclu\u00eddos e uma aten\u00e7\u00e3o meticulosa \u00e0 experi\u00eancia do cliente. Al\u00e9m disso, a empresa est\u00e1 a explorar estrat\u00e9gias de receitas complementares, como a integra\u00e7\u00e3o tecnol\u00f3gica e a monetiza\u00e7\u00e3o das comunidades.<\/p>\n\n\n\n<p><strong>Qual \u00e9 o papel da inova\u00e7\u00e3o tecnol\u00f3gica na vossa oferta?<\/strong><\/p>\n\n\n\n<p>A tecnologia \u00e9 um pilar fundamental para a Enso Co-living. Estamos a desenvolver plataformas digitais para melhorar a experi\u00eancia dos residentes e dos propriet\u00e1rios, automatizando processos como fatura\u00e7\u00e3o e capta\u00e7\u00e3o de leads. Al\u00e9m disso, estamos a explorar o uso de intelig\u00eancia artificial para otimizar a gest\u00e3o e aumentar a escalabilidade.<\/p>\n\n\n\n<blockquote class=\"wp-block-quote is-layout-flow wp-block-quote-is-layout-flow\">\n<p>\u201cO mercado de coliving est\u00e1 em expans\u00e3o gra\u00e7as a tend\u00eancias como o trabalho remoto e a prefer\u00eancia por modelos habitacionais flex\u00edveis.\u201d<\/p>\n<\/blockquote>\n\n\n\n<p><strong>Qual \u00e9 o perfil t\u00edpico dos utilizadores que escolhem o coliving?<\/strong><\/p>\n\n\n\n<p>Os utilizadores t\u00edpicos s\u00e3o jovens profissionais e n\u00f3madas digitais, entre os 25 e os 40 anos, que procuram viver em espa\u00e7os urbanos bem localizados, com servi\u00e7os inclu\u00eddos e uma comunidade din\u00e2mica que lhes permita melhorar e criar conex\u00f5es pessoais e profissionais atrav\u00e9s de eventos e atividades.<\/p>\n\n\n\n<p><strong>Como v\u00ea a evolu\u00e7\u00e3o do mercado em Espanha e quais s\u00e3o os vossos planos para continuar a crescer no nosso pa\u00eds?<\/strong><\/p>\n\n\n\n<p>O mercado de coliving est\u00e1 em expans\u00e3o gra\u00e7as a tend\u00eancias como o trabalho remoto e a prefer\u00eancia por modelos habitacionais <a href=\"https:\/\/blog.urbanitae.com\/pt-pt\/2024\/08\/05\/o-flex-living-emerge-com-forca-em-espanha\/?utm_source=blog_pt&amp;utm_medium=organic&amp;utm_campaign=urbanitae_blog_1224&amp;utm_term=flexiveis&amp;utm_content=pt_entrevista_enso_co_living\" target=\"_blank\" rel=\"noreferrer noopener\">flex\u00edveis<\/a>. Planeamos expandir a nossa rede em Espanha com mais quartos, enquanto nos concentramos tamb\u00e9m na expans\u00e3o internacional, mantendo o nosso compromisso com a comunidade, a qualidade e a sustentabilidade.<\/p>\n\n\n\n<p><strong>Nos Estados Unidos e no M\u00e9xico est\u00e3o a crescer ap\u00f3s receberem um investimento de 8,2 milh\u00f5es de euros do fundo privado americano XY Booster. Em que fase se encontram estes mercados?<\/strong><\/p>\n\n\n\n<p>A Enso Co-living est\u00e1 na fase inicial de expans\u00e3o nestes mercados. Na Cidade do M\u00e9xico, por exemplo, estamos a explorar oportunidades imobili\u00e1rias em zonas chave como Polanco e Roma, dando prioridade a estrat\u00e9gias de ocupa\u00e7\u00e3o e pre\u00e7os competitivos para garantir um sucesso inicial. Al\u00e9m disso, estamos a considerar entrar noutros mercados como Miami, Nova Iorque, Londres, <a href=\"https:\/\/urbanitae.com\/pt\/projeto\/P000336?utm_source=blog_pt&amp;utm_medium=organic&amp;utm_campaign=urbanitae_blog_1224&amp;utm_term=lisboa&amp;utm_content=pt_entrevista_enso_co_living\" target=\"_blank\" rel=\"noreferrer noopener\">Lisboa<\/a> e Mil\u00e3o.<\/p>\n\n\n\n<blockquote class=\"wp-block-quote is-layout-flow wp-block-quote-is-layout-flow\">\n<p>\u201cPlaneamos ampliar a nossa rede de quartos e entrar em novos mercados como Estados Unidos, \u00c1sia e M\u00e9xico.\u201d<\/p>\n<\/blockquote>\n\n\n\n<p><strong>Como escolhem a localiza\u00e7\u00e3o dos novos projetos de coliving em cada pa\u00eds?<\/strong><\/p>\n\n\n\n<p>A Enso Co-living seleciona as localiza\u00e7\u00f5es com base em crit\u00e9rios como a procura local, a qualidade dos im\u00f3veis dispon\u00edveis e a viabilidade econ\u00f3mica. Al\u00e9m disso, priorizamos \u00e1reas com bom acesso e potencial para desenvolver comunidades ativas e din\u00e2micas.<\/p>\n\n\n\n<p><strong>Como imaginam o mercado nos pr\u00f3ximos cinco anos e qual ser\u00e1 o papel da empresa nesse panorama?<\/strong><\/p>\n\n\n\n<p>Como l\u00edder atual deste segmento em Espanha, a Enso Co-living aspira a liderar o mercado global nos pr\u00f3ximos cinco anos. Planeamos ampliar a nossa rede de quartos, entrar em novos mercados como Estados Unidos, \u00c1sia e M\u00e9xico, e diversificar as fontes de rendimento. Com um modelo que combina design de qualidade, inova\u00e7\u00e3o tecnol\u00f3gica e sustentabilidade, afirmaremo-nos como a op\u00e7\u00e3o premium no coliving a n\u00edvel mundial, oferecendo a melhor experi\u00eancia poss\u00edvel aos nossos utilizadores.<\/p>\n","protected":false},"excerpt":{"rendered":"<p>Avec plus de 600 chambres \u00e0 Barcelone, Madrid, Valence et Mexico, cette entreprise vise \u00e0 offrir une exp\u00e9rience de vie unique aux jeunes professionnels.<\/p>\n","protected":false},"author":1,"featured_media":53776,"comment_status":"open","ping_status":"closed","sticky":false,"template":"","format":"standard","meta":{"inline_featured_image":false,"footnotes":""},"categories":[941],"tags":[1231,1984],"class_list":["post-53665","post","type-post","status-publish","format-standard","has-post-thumbnail","hentry","category-entrevistas-pt","tag-residencial-prime-pt-pt","tag-setor-residencial-pt-pt"],"blocksy_meta":[],"yoast_head":"<!-- This site is optimized with the Yoast SEO plugin v27.5 - https:\/\/yoast.com\/product\/yoast-seo-wordpress\/ -->\n<title>Enso Co-living: Habita\u00e7\u00e3o flex\u00edvel para o futuro - Urbanitae Blog<\/title>\n<meta name=\"description\" content=\"Para a Enso Co-living, a habita\u00e7\u00e3o flex\u00edvel \u00e9 um espa\u00e7o de alta qualidade, com servi\u00e7os inclu\u00eddos e uma experi\u00eancia de cliente diferenciada. Leia mais.\" \/>\n<meta name=\"robots\" content=\"index, follow, max-snippet:-1, max-image-preview:large, max-video-preview:-1\" \/>\n<link rel=\"canonical\" href=\"https:\/\/blog.urbanitae.com\/pt-pt\/2024\/12\/14\/enso-co-living-habitacao-flexivel-para-o-futuro\/\" \/>\n<meta property=\"og:locale\" content=\"pt_PT\" \/>\n<meta property=\"og:type\" content=\"article\" \/>\n<meta property=\"og:title\" content=\"Qu\u2019est-ce que le flex living premium ?\" \/>\n<meta property=\"og:description\" content=\"Para a Enso Co-living, a habita\u00e7\u00e3o flex\u00edvel \u00e9 um espa\u00e7o de alta qualidade, com servi\u00e7os inclu\u00eddos e uma experi\u00eancia de cliente diferenciada. Leia mais.\" \/>\n<meta property=\"og:url\" content=\"https:\/\/blog.urbanitae.com\/pt-pt\/2024\/12\/14\/enso-co-living-habitacao-flexivel-para-o-futuro\/\" \/>\n<meta property=\"og:site_name\" content=\"Urbanitae Blog | As melhores not\u00edcias sobre investimentos imobili\u00e1rios\" \/>\n<meta property=\"article:publisher\" content=\"https:\/\/www.facebook.com\/urbanitae\" \/>\n<meta property=\"article:published_time\" content=\"2024-12-14T12:02:00+00:00\" \/>\n<meta property=\"article:modified_time\" content=\"2024-12-17T09:17:07+00:00\" \/>\n<meta property=\"og:image\" content=\"https:\/\/blog.urbanitae.com\/wp-content\/uploads\/2024\/12\/enso-co-living-vivienda-flexible-1.jpg\" \/>\n\t<meta property=\"og:image:width\" content=\"1400\" \/>\n\t<meta property=\"og:image:height\" content=\"735\" \/>\n\t<meta property=\"og:image:type\" content=\"image\/jpeg\" \/>\n<meta name=\"author\" content=\"Equipo Urbanitae\" \/>\n<meta name=\"twitter:card\" content=\"summary_large_image\" \/>\n<meta name=\"twitter:creator\" content=\"@urbanitae\" \/>\n<meta name=\"twitter:site\" content=\"@urbanitae\" \/>\n<meta name=\"twitter:label1\" content=\"Escrito por\" \/>\n\t<meta name=\"twitter:data1\" content=\"Equipo Urbanitae\" \/>\n\t<meta name=\"twitter:label2\" content=\"Tempo estimado de leitura\" \/>\n\t<meta name=\"twitter:data2\" content=\"4 minutos\" \/>\n<script type=\"application\/ld+json\" class=\"yoast-schema-graph\">{\"@context\":\"https:\\\/\\\/schema.org\",\"@graph\":[{\"@type\":[\"Article\",\"BlogPosting\"],\"@id\":\"https:\\\/\\\/blog.urbanitae.com\\\/pt-pt\\\/2024\\\/12\\\/14\\\/enso-co-living-habitacao-flexivel-para-o-futuro\\\/#article\",\"isPartOf\":{\"@id\":\"https:\\\/\\\/blog.urbanitae.com\\\/pt-pt\\\/2024\\\/12\\\/14\\\/enso-co-living-habitacao-flexivel-para-o-futuro\\\/\"},\"author\":{\"name\":\"Equipo Urbanitae\",\"@id\":\"https:\\\/\\\/blog.urbanitae.com\\\/pt-pt\\\/#\\\/schema\\\/person\\\/e7b2d152f5654066832c53f5aa04fbf7\"},\"headline\":\"Enso Co-living: Habita\u00e7\u00e3o flex\u00edvel para o futuro\",\"datePublished\":\"2024-12-14T12:02:00+00:00\",\"dateModified\":\"2024-12-17T09:17:07+00:00\",\"mainEntityOfPage\":{\"@id\":\"https:\\\/\\\/blog.urbanitae.com\\\/pt-pt\\\/2024\\\/12\\\/14\\\/enso-co-living-habitacao-flexivel-para-o-futuro\\\/\"},\"wordCount\":809,\"commentCount\":0,\"publisher\":{\"@id\":\"https:\\\/\\\/blog.urbanitae.com\\\/pt-pt\\\/#organization\"},\"image\":{\"@id\":\"https:\\\/\\\/blog.urbanitae.com\\\/pt-pt\\\/2024\\\/12\\\/14\\\/enso-co-living-habitacao-flexivel-para-o-futuro\\\/#primaryimage\"},\"thumbnailUrl\":\"https:\\\/\\\/blog.urbanitae.com\\\/wp-content\\\/uploads\\\/2024\\\/12\\\/enso-co-living-vivienda-flexible-1.jpg\",\"keywords\":[\"residencial prime\",\"setor residencial\"],\"articleSection\":[\"Entrevistas\"],\"inLanguage\":\"pt-PT\",\"potentialAction\":[{\"@type\":\"CommentAction\",\"name\":\"Comment\",\"target\":[\"https:\\\/\\\/blog.urbanitae.com\\\/pt-pt\\\/2024\\\/12\\\/14\\\/enso-co-living-habitacao-flexivel-para-o-futuro\\\/#respond\"]}]},{\"@type\":[\"WebPage\",\"ItemPage\"],\"@id\":\"https:\\\/\\\/blog.urbanitae.com\\\/pt-pt\\\/2024\\\/12\\\/14\\\/enso-co-living-habitacao-flexivel-para-o-futuro\\\/\",\"url\":\"https:\\\/\\\/blog.urbanitae.com\\\/pt-pt\\\/2024\\\/12\\\/14\\\/enso-co-living-habitacao-flexivel-para-o-futuro\\\/\",\"name\":\"Enso Co-living: Habita\u00e7\u00e3o flex\u00edvel para o futuro - Urbanitae Blog\",\"isPartOf\":{\"@id\":\"https:\\\/\\\/blog.urbanitae.com\\\/pt-pt\\\/#website\"},\"primaryImageOfPage\":{\"@id\":\"https:\\\/\\\/blog.urbanitae.com\\\/pt-pt\\\/2024\\\/12\\\/14\\\/enso-co-living-habitacao-flexivel-para-o-futuro\\\/#primaryimage\"},\"image\":{\"@id\":\"https:\\\/\\\/blog.urbanitae.com\\\/pt-pt\\\/2024\\\/12\\\/14\\\/enso-co-living-habitacao-flexivel-para-o-futuro\\\/#primaryimage\"},\"thumbnailUrl\":\"https:\\\/\\\/blog.urbanitae.com\\\/wp-content\\\/uploads\\\/2024\\\/12\\\/enso-co-living-vivienda-flexible-1.jpg\",\"datePublished\":\"2024-12-14T12:02:00+00:00\",\"dateModified\":\"2024-12-17T09:17:07+00:00\",\"description\":\"Para a Enso Co-living, a habita\u00e7\u00e3o flex\u00edvel \u00e9 um espa\u00e7o de alta qualidade, com servi\u00e7os inclu\u00eddos e uma experi\u00eancia de cliente diferenciada. Leia mais.\",\"breadcrumb\":{\"@id\":\"https:\\\/\\\/blog.urbanitae.com\\\/pt-pt\\\/2024\\\/12\\\/14\\\/enso-co-living-habitacao-flexivel-para-o-futuro\\\/#breadcrumb\"},\"inLanguage\":\"pt-PT\",\"potentialAction\":[{\"@type\":\"ReadAction\",\"target\":[\"https:\\\/\\\/blog.urbanitae.com\\\/pt-pt\\\/2024\\\/12\\\/14\\\/enso-co-living-habitacao-flexivel-para-o-futuro\\\/\"]}]},{\"@type\":\"ImageObject\",\"inLanguage\":\"pt-PT\",\"@id\":\"https:\\\/\\\/blog.urbanitae.com\\\/pt-pt\\\/2024\\\/12\\\/14\\\/enso-co-living-habitacao-flexivel-para-o-futuro\\\/#primaryimage\",\"url\":\"https:\\\/\\\/blog.urbanitae.com\\\/wp-content\\\/uploads\\\/2024\\\/12\\\/enso-co-living-vivienda-flexible-1.jpg\",\"contentUrl\":\"https:\\\/\\\/blog.urbanitae.com\\\/wp-content\\\/uploads\\\/2024\\\/12\\\/enso-co-living-vivienda-flexible-1.jpg\",\"width\":1400,\"height\":735,\"caption\":\"Enso Co-living: vivienda flexible para el futuro. Enso Co-living: Flexible housing for the future. Enso Co-living : Un logement flexible pour l\u2019avenir. Enso Co-living: Abitazioni flessibili per il futuro. Enso Co-living: Habita\u00e7\u00e3o flex\u00edvel para o futuro. Enso Co-living: Flexibles Wohnen f\u00fcr die Zukunft.\"},{\"@type\":\"BreadcrumbList\",\"@id\":\"https:\\\/\\\/blog.urbanitae.com\\\/pt-pt\\\/2024\\\/12\\\/14\\\/enso-co-living-habitacao-flexivel-para-o-futuro\\\/#breadcrumb\",\"itemListElement\":[{\"@type\":\"ListItem\",\"position\":1,\"name\":\"Portada\",\"item\":\"https:\\\/\\\/blog.urbanitae.com\\\/pt-pt\\\/\"},{\"@type\":\"ListItem\",\"position\":2,\"name\":\"Enso Co-living: Habita\u00e7\u00e3o flex\u00edvel para o futuro\"}]},{\"@type\":\"WebSite\",\"@id\":\"https:\\\/\\\/blog.urbanitae.com\\\/pt-pt\\\/#website\",\"url\":\"https:\\\/\\\/blog.urbanitae.com\\\/pt-pt\\\/\",\"name\":\"Urbanitae Blog | Las mejores noticias sobre inversi\u00f3n inmobiliaria\",\"description\":\"Investimento imobili\u00e1rio ao alcance de todos\",\"publisher\":{\"@id\":\"https:\\\/\\\/blog.urbanitae.com\\\/pt-pt\\\/#organization\"},\"potentialAction\":[{\"@type\":\"SearchAction\",\"target\":{\"@type\":\"EntryPoint\",\"urlTemplate\":\"https:\\\/\\\/blog.urbanitae.com\\\/pt-pt\\\/?s={search_term_string}\"},\"query-input\":{\"@type\":\"PropertyValueSpecification\",\"valueRequired\":true,\"valueName\":\"search_term_string\"}}],\"inLanguage\":\"pt-PT\"},{\"@type\":\"Organization\",\"@id\":\"https:\\\/\\\/blog.urbanitae.com\\\/pt-pt\\\/#organization\",\"name\":\"Urbanitae\",\"url\":\"https:\\\/\\\/blog.urbanitae.com\\\/pt-pt\\\/\",\"logo\":{\"@type\":\"ImageObject\",\"inLanguage\":\"pt-PT\",\"@id\":\"https:\\\/\\\/blog.urbanitae.com\\\/pt-pt\\\/#\\\/schema\\\/logo\\\/image\\\/\",\"url\":\"https:\\\/\\\/blog.urbanitae.com\\\/wp-content\\\/uploads\\\/2020\\\/04\\\/logo-verde_350x100.svg\",\"contentUrl\":\"https:\\\/\\\/blog.urbanitae.com\\\/wp-content\\\/uploads\\\/2020\\\/04\\\/logo-verde_350x100.svg\",\"width\":350,\"height\":100,\"caption\":\"Urbanitae\"},\"image\":{\"@id\":\"https:\\\/\\\/blog.urbanitae.com\\\/pt-pt\\\/#\\\/schema\\\/logo\\\/image\\\/\"},\"sameAs\":[\"https:\\\/\\\/www.facebook.com\\\/urbanitae\",\"https:\\\/\\\/x.com\\\/urbanitae\",\"https:\\\/\\\/www.instagram.com\\\/urbanitae\",\"https:\\\/\\\/www.linkedin.com\\\/company\\\/urbanitae\",\"https:\\\/\\\/www.pinterest.es\\\/UrbanitaeSL\\\/_created\\\/\",\"https:\\\/\\\/www.youtube.com\\\/c\\\/Urbanitae_RE\"]},{\"@type\":\"Person\",\"@id\":\"https:\\\/\\\/blog.urbanitae.com\\\/pt-pt\\\/#\\\/schema\\\/person\\\/e7b2d152f5654066832c53f5aa04fbf7\",\"name\":\"Equipo Urbanitae\",\"image\":{\"@type\":\"ImageObject\",\"inLanguage\":\"pt-PT\",\"@id\":\"https:\\\/\\\/secure.gravatar.com\\\/avatar\\\/e75782c6aa253c8ac75c13b1ec97172bb2d67437baa4354ba4b0650a97f565f2?s=96&d=mm&r=g\",\"url\":\"https:\\\/\\\/secure.gravatar.com\\\/avatar\\\/e75782c6aa253c8ac75c13b1ec97172bb2d67437baa4354ba4b0650a97f565f2?s=96&d=mm&r=g\",\"contentUrl\":\"https:\\\/\\\/secure.gravatar.com\\\/avatar\\\/e75782c6aa253c8ac75c13b1ec97172bb2d67437baa4354ba4b0650a97f565f2?s=96&d=mm&r=g\",\"caption\":\"Equipo Urbanitae\"},\"sameAs\":[\"https:\\\/\\\/urbanitae.com\"],\"url\":\"https:\\\/\\\/blog.urbanitae.com\\\/pt-pt\\\/author\\\/urbanitae\\\/\"}]}<\/script>\n<!-- \/ Yoast SEO plugin. -->","yoast_head_json":{"title":"Enso Co-living: Habita\u00e7\u00e3o flex\u00edvel para o futuro - Urbanitae Blog","description":"Para a Enso Co-living, a habita\u00e7\u00e3o flex\u00edvel \u00e9 um espa\u00e7o de alta qualidade, com servi\u00e7os inclu\u00eddos e uma experi\u00eancia de cliente diferenciada. Leia mais.","robots":{"index":"index","follow":"follow","max-snippet":"max-snippet:-1","max-image-preview":"max-image-preview:large","max-video-preview":"max-video-preview:-1"},"canonical":"https:\/\/blog.urbanitae.com\/pt-pt\/2024\/12\/14\/enso-co-living-habitacao-flexivel-para-o-futuro\/","og_locale":"pt_PT","og_type":"article","og_title":"Qu\u2019est-ce que le flex living premium ?","og_description":"Para a Enso Co-living, a habita\u00e7\u00e3o flex\u00edvel \u00e9 um espa\u00e7o de alta qualidade, com servi\u00e7os inclu\u00eddos e uma experi\u00eancia de cliente diferenciada. Leia mais.","og_url":"https:\/\/blog.urbanitae.com\/pt-pt\/2024\/12\/14\/enso-co-living-habitacao-flexivel-para-o-futuro\/","og_site_name":"Urbanitae Blog | As melhores not\u00edcias sobre investimentos imobili\u00e1rios","article_publisher":"https:\/\/www.facebook.com\/urbanitae","article_published_time":"2024-12-14T12:02:00+00:00","article_modified_time":"2024-12-17T09:17:07+00:00","og_image":[{"width":1400,"height":735,"url":"https:\/\/blog.urbanitae.com\/wp-content\/uploads\/2024\/12\/enso-co-living-vivienda-flexible-1.jpg","type":"image\/jpeg"}],"author":"Equipo Urbanitae","twitter_card":"summary_large_image","twitter_creator":"@urbanitae","twitter_site":"@urbanitae","twitter_misc":{"Escrito por":"Equipo Urbanitae","Tempo estimado de leitura":"4 minutos"},"schema":{"@context":"https:\/\/schema.org","@graph":[{"@type":["Article","BlogPosting"],"@id":"https:\/\/blog.urbanitae.com\/pt-pt\/2024\/12\/14\/enso-co-living-habitacao-flexivel-para-o-futuro\/#article","isPartOf":{"@id":"https:\/\/blog.urbanitae.com\/pt-pt\/2024\/12\/14\/enso-co-living-habitacao-flexivel-para-o-futuro\/"},"author":{"name":"Equipo Urbanitae","@id":"https:\/\/blog.urbanitae.com\/pt-pt\/#\/schema\/person\/e7b2d152f5654066832c53f5aa04fbf7"},"headline":"Enso Co-living: Habita\u00e7\u00e3o flex\u00edvel para o futuro","datePublished":"2024-12-14T12:02:00+00:00","dateModified":"2024-12-17T09:17:07+00:00","mainEntityOfPage":{"@id":"https:\/\/blog.urbanitae.com\/pt-pt\/2024\/12\/14\/enso-co-living-habitacao-flexivel-para-o-futuro\/"},"wordCount":809,"commentCount":0,"publisher":{"@id":"https:\/\/blog.urbanitae.com\/pt-pt\/#organization"},"image":{"@id":"https:\/\/blog.urbanitae.com\/pt-pt\/2024\/12\/14\/enso-co-living-habitacao-flexivel-para-o-futuro\/#primaryimage"},"thumbnailUrl":"https:\/\/blog.urbanitae.com\/wp-content\/uploads\/2024\/12\/enso-co-living-vivienda-flexible-1.jpg","keywords":["residencial prime","setor residencial"],"articleSection":["Entrevistas"],"inLanguage":"pt-PT","potentialAction":[{"@type":"CommentAction","name":"Comment","target":["https:\/\/blog.urbanitae.com\/pt-pt\/2024\/12\/14\/enso-co-living-habitacao-flexivel-para-o-futuro\/#respond"]}]},{"@type":["WebPage","ItemPage"],"@id":"https:\/\/blog.urbanitae.com\/pt-pt\/2024\/12\/14\/enso-co-living-habitacao-flexivel-para-o-futuro\/","url":"https:\/\/blog.urbanitae.com\/pt-pt\/2024\/12\/14\/enso-co-living-habitacao-flexivel-para-o-futuro\/","name":"Enso Co-living: Habita\u00e7\u00e3o flex\u00edvel para o futuro - Urbanitae Blog","isPartOf":{"@id":"https:\/\/blog.urbanitae.com\/pt-pt\/#website"},"primaryImageOfPage":{"@id":"https:\/\/blog.urbanitae.com\/pt-pt\/2024\/12\/14\/enso-co-living-habitacao-flexivel-para-o-futuro\/#primaryimage"},"image":{"@id":"https:\/\/blog.urbanitae.com\/pt-pt\/2024\/12\/14\/enso-co-living-habitacao-flexivel-para-o-futuro\/#primaryimage"},"thumbnailUrl":"https:\/\/blog.urbanitae.com\/wp-content\/uploads\/2024\/12\/enso-co-living-vivienda-flexible-1.jpg","datePublished":"2024-12-14T12:02:00+00:00","dateModified":"2024-12-17T09:17:07+00:00","description":"Para a Enso Co-living, a habita\u00e7\u00e3o flex\u00edvel \u00e9 um espa\u00e7o de alta qualidade, com servi\u00e7os inclu\u00eddos e uma experi\u00eancia de cliente diferenciada. Leia mais.","breadcrumb":{"@id":"https:\/\/blog.urbanitae.com\/pt-pt\/2024\/12\/14\/enso-co-living-habitacao-flexivel-para-o-futuro\/#breadcrumb"},"inLanguage":"pt-PT","potentialAction":[{"@type":"ReadAction","target":["https:\/\/blog.urbanitae.com\/pt-pt\/2024\/12\/14\/enso-co-living-habitacao-flexivel-para-o-futuro\/"]}]},{"@type":"ImageObject","inLanguage":"pt-PT","@id":"https:\/\/blog.urbanitae.com\/pt-pt\/2024\/12\/14\/enso-co-living-habitacao-flexivel-para-o-futuro\/#primaryimage","url":"https:\/\/blog.urbanitae.com\/wp-content\/uploads\/2024\/12\/enso-co-living-vivienda-flexible-1.jpg","contentUrl":"https:\/\/blog.urbanitae.com\/wp-content\/uploads\/2024\/12\/enso-co-living-vivienda-flexible-1.jpg","width":1400,"height":735,"caption":"Enso Co-living: vivienda flexible para el futuro. Enso Co-living: Flexible housing for the future. Enso Co-living : Un logement flexible pour l\u2019avenir. Enso Co-living: Abitazioni flessibili per il futuro. Enso Co-living: Habita\u00e7\u00e3o flex\u00edvel para o futuro. Enso Co-living: Flexibles Wohnen f\u00fcr die Zukunft."},{"@type":"BreadcrumbList","@id":"https:\/\/blog.urbanitae.com\/pt-pt\/2024\/12\/14\/enso-co-living-habitacao-flexivel-para-o-futuro\/#breadcrumb","itemListElement":[{"@type":"ListItem","position":1,"name":"Portada","item":"https:\/\/blog.urbanitae.com\/pt-pt\/"},{"@type":"ListItem","position":2,"name":"Enso Co-living: Habita\u00e7\u00e3o flex\u00edvel para o futuro"}]},{"@type":"WebSite","@id":"https:\/\/blog.urbanitae.com\/pt-pt\/#website","url":"https:\/\/blog.urbanitae.com\/pt-pt\/","name":"Urbanitae Blog | Las mejores noticias sobre inversi\u00f3n inmobiliaria","description":"Investimento imobili\u00e1rio ao alcance de todos","publisher":{"@id":"https:\/\/blog.urbanitae.com\/pt-pt\/#organization"},"potentialAction":[{"@type":"SearchAction","target":{"@type":"EntryPoint","urlTemplate":"https:\/\/blog.urbanitae.com\/pt-pt\/?s={search_term_string}"},"query-input":{"@type":"PropertyValueSpecification","valueRequired":true,"valueName":"search_term_string"}}],"inLanguage":"pt-PT"},{"@type":"Organization","@id":"https:\/\/blog.urbanitae.com\/pt-pt\/#organization","name":"Urbanitae","url":"https:\/\/blog.urbanitae.com\/pt-pt\/","logo":{"@type":"ImageObject","inLanguage":"pt-PT","@id":"https:\/\/blog.urbanitae.com\/pt-pt\/#\/schema\/logo\/image\/","url":"https:\/\/blog.urbanitae.com\/wp-content\/uploads\/2020\/04\/logo-verde_350x100.svg","contentUrl":"https:\/\/blog.urbanitae.com\/wp-content\/uploads\/2020\/04\/logo-verde_350x100.svg","width":350,"height":100,"caption":"Urbanitae"},"image":{"@id":"https:\/\/blog.urbanitae.com\/pt-pt\/#\/schema\/logo\/image\/"},"sameAs":["https:\/\/www.facebook.com\/urbanitae","https:\/\/x.com\/urbanitae","https:\/\/www.instagram.com\/urbanitae","https:\/\/www.linkedin.com\/company\/urbanitae","https:\/\/www.pinterest.es\/UrbanitaeSL\/_created\/","https:\/\/www.youtube.com\/c\/Urbanitae_RE"]},{"@type":"Person","@id":"https:\/\/blog.urbanitae.com\/pt-pt\/#\/schema\/person\/e7b2d152f5654066832c53f5aa04fbf7","name":"Equipo Urbanitae","image":{"@type":"ImageObject","inLanguage":"pt-PT","@id":"https:\/\/secure.gravatar.com\/avatar\/e75782c6aa253c8ac75c13b1ec97172bb2d67437baa4354ba4b0650a97f565f2?s=96&d=mm&r=g","url":"https:\/\/secure.gravatar.com\/avatar\/e75782c6aa253c8ac75c13b1ec97172bb2d67437baa4354ba4b0650a97f565f2?s=96&d=mm&r=g","contentUrl":"https:\/\/secure.gravatar.com\/avatar\/e75782c6aa253c8ac75c13b1ec97172bb2d67437baa4354ba4b0650a97f565f2?s=96&d=mm&r=g","caption":"Equipo Urbanitae"},"sameAs":["https:\/\/urbanitae.com"],"url":"https:\/\/blog.urbanitae.com\/pt-pt\/author\/urbanitae\/"}]}},"_links":{"self":[{"href":"https:\/\/blog.urbanitae.com\/pt-pt\/wp-json\/wp\/v2\/posts\/53665","targetHints":{"allow":["GET"]}}],"collection":[{"href":"https:\/\/blog.urbanitae.com\/pt-pt\/wp-json\/wp\/v2\/posts"}],"about":[{"href":"https:\/\/blog.urbanitae.com\/pt-pt\/wp-json\/wp\/v2\/types\/post"}],"author":[{"embeddable":true,"href":"https:\/\/blog.urbanitae.com\/pt-pt\/wp-json\/wp\/v2\/users\/1"}],"replies":[{"embeddable":true,"href":"https:\/\/blog.urbanitae.com\/pt-pt\/wp-json\/wp\/v2\/comments?post=53665"}],"version-history":[{"count":0,"href":"https:\/\/blog.urbanitae.com\/pt-pt\/wp-json\/wp\/v2\/posts\/53665\/revisions"}],"wp:featuredmedia":[{"embeddable":true,"href":"https:\/\/blog.urbanitae.com\/pt-pt\/wp-json\/wp\/v2\/media\/53776"}],"wp:attachment":[{"href":"https:\/\/blog.urbanitae.com\/pt-pt\/wp-json\/wp\/v2\/media?parent=53665"}],"wp:term":[{"taxonomy":"category","embeddable":true,"href":"https:\/\/blog.urbanitae.com\/pt-pt\/wp-json\/wp\/v2\/categories?post=53665"},{"taxonomy":"post_tag","embeddable":true,"href":"https:\/\/blog.urbanitae.com\/pt-pt\/wp-json\/wp\/v2\/tags?post=53665"}],"curies":[{"name":"wp","href":"https:\/\/api.w.org\/{rel}","templated":true}]}}