{"id":52925,"date":"2024-11-15T16:31:22","date_gmt":"2024-11-15T15:31:22","guid":{"rendered":"https:\/\/blog.urbanitae.com\/?p=52925"},"modified":"2024-11-21T18:56:10","modified_gmt":"2024-11-21T17:56:10","slug":"novo-projeto-invista-em-apartamentos-turisticos-no-porto","status":"publish","type":"post","link":"https:\/\/blog.urbanitae.com\/pt-pt\/2024\/11\/15\/novo-projeto-invista-em-apartamentos-turisticos-no-porto\/","title":{"rendered":"Invista em apartamentos tur\u00edsticos no Porto"},"content":{"rendered":"\t\t<div data-elementor-type=\"wp-post\" data-elementor-id=\"52925\" class=\"elementor elementor-52925 elementor-52917\">\n\t\t\t\t\t\t<section class=\"elementor-section elementor-top-section elementor-element elementor-element-2a09df8b elementor-section-boxed elementor-section-height-default elementor-section-height-default\" data-id=\"2a09df8b\" data-element_type=\"section\" data-e-type=\"section\">\n\t\t\t\t\t\t<div class=\"elementor-container elementor-column-gap-default\">\n\t\t\t\t\t<div class=\"elementor-column elementor-col-100 elementor-top-column elementor-element elementor-element-28fcd1c3\" data-id=\"28fcd1c3\" data-element_type=\"column\" data-e-type=\"column\">\n\t\t\t<div class=\"elementor-widget-wrap elementor-element-populated\">\n\t\t\t\t\t\t<div class=\"elementor-element elementor-element-7461fad5 elementor-widget elementor-widget-text-editor\" data-id=\"7461fad5\" data-element_type=\"widget\" data-e-type=\"widget\" data-widget_type=\"text-editor.default\">\n\t\t\t\t<div class=\"elementor-widget-container\">\n\t\t\t\t\t\t\t\t\t\n<p>Apresentamos um novo projeto em Portugal. Desta vez, voltamos ao Porto com a Caler Real Estate Advisory para desenvolver 57 apartamentos tur\u00edsticos. O projeto estar\u00e1 dispon\u00edvel para investimento na pr\u00f3xima <strong>quinta-feira, 21 de novembro, \u00e0s 16h (UTC+1).<\/strong><\/p>\n\n<p>O projeto <a href=\"https:\/\/urbanitae.com\/pt\/projeto\/P000328?utm_source=blog_pt&amp;utm_medium=organic&amp;utm_campaign=urbanitae_blog_1124&amp;utm_term=julio_dinis_1&amp;utm_content=pt_proyecto_julio_dinis\" target=\"_blank\" rel=\"noreferrer noopener\">Julio Dinis<\/a> consiste na aquisi\u00e7\u00e3o de um edif\u00edcio para demolir o interior e desenvolver e vender um complexo de 57 apartamentos tur\u00edsticos com duas lojas comerciais. O complexo ser\u00e1 operado por um gestor internacional, o L\u00edbere Hospitality Group, sob um contrato de arrendamento fixo.<\/p>\n\n<p>O im\u00f3vel em quest\u00e3o tem uma \u00e1rea de 2.600 metros quadrados distribu\u00eddos por nove andares acima do solo. A localiza\u00e7\u00e3o \u00e9 um dos seus pontos fortes. Situado no bairro de Massarelos, na Rua Julio Dinis, o edif\u00edcio est\u00e1 no centro do Porto, a segunda cidade mais importante de Portugal. A cidade, cuja \u00e1rea metropolitana conta com mais de 2 milh\u00f5es de habitantes, \u00e9 um destino tur\u00edstico internacional com um centro hist\u00f3rico classificado como patrim\u00f3nio mundial.<\/p>\n\n<p>Quanto ao promotor, j\u00e1 \u00e9 conhecido pela Urbanitae, uma vez que colabor\u00e1mos com eles no projeto <a href=\"https:\/\/blog.urbanitae.com\/pt-pt\/2024\/04\/12\/fechamos-a-maior-operacao-de-crowdfunding-imobiliario-na-historia-de-portugal\/?utm_source=blog_pt&amp;utm_medium=organic&amp;utm_campaign=urbanitae_blog_1124&amp;utm_term=barao_forrester&amp;utm_content=pt_proyecto_julio_dinis\" target=\"_blank\" rel=\"noreferrer noopener\">Barao Forrester<\/a>. A Caler Advisory &amp; Asset Management tem ampla experi\u00eancia na gest\u00e3o e estrutura\u00e7\u00e3o de projetos hoteleiros em Espanha e Portugal. <strong>Atualmente, gere ativos no valor de 300 milh\u00f5es de euros<\/strong> e realizou obras no valor de 70 milh\u00f5es de euros. Julio Dinis \u00e9 o seu quarto projeto no Porto.<\/p>\n\n<h2 class=\"wp-block-heading\">Licen\u00e7a de obras em vigor<\/h2>\n\n<p>\u00c9 importante destacar que a licen\u00e7a de obras necess\u00e1ria para a renova\u00e7\u00e3o do im\u00f3vel j\u00e1 foi obtida. Da mesma forma, o projeto tem a aprova\u00e7\u00e3o da C\u00e2mara Municipal e a mudan\u00e7a de uso para turismo aprovada.<\/p>\n\n<p>Outro ponto forte do projeto <a href=\"https:\/\/urbanitae.com\/pt\/projeto\/P000328?utm_source=blog_pt&amp;utm_medium=organic&amp;utm_campaign=urbanitae_blog_1124&amp;utm_term=julio_dinis_2&amp;utm_content=pt_proyecto_julio_dinis\" target=\"_blank\" rel=\"noreferrer noopener\">Julio Dinis<\/a> \u00e9 o inquilino do complexo. O L\u00edbere Hospitality Group \u00e9 um operador internacional l\u00edder no mercado de apartamentos tur\u00edsticos em Espanha, com mais de 1.400 unidades em gest\u00e3o e desenvolvimento, distribu\u00eddas por 45 ativos em Espanha e Portugal.<\/p>\n\n<p>O contrato assinado com o L\u00edbere \u00e9 um contrato de arrendamento fixo com uma dura\u00e7\u00e3o de 25 anos, dos quais <strong>15 anos s\u00e3o de cumprimento obrigat\u00f3rio.<\/strong> Adicionalmente, o L\u00edbere fornecer\u00e1 como garantia uma fian\u00e7a banc\u00e1ria equivalente a 12 meses de renda ou um dep\u00f3sito no valor de 12 meses de renda. O contrato entrar\u00e1 em vigor uma vez conclu\u00edda a renova\u00e7\u00e3o e transforma\u00e7\u00e3o do im\u00f3vel, com um per\u00edodo de car\u00eancia de um m\u00eas ap\u00f3s a abertura.<\/p>\n\n<p>O projeto segue uma estrat\u00e9gia de mais-valias, que consiste na parceria com o promotor para financiar a aquisi\u00e7\u00e3o do ativo e os custos de adapta\u00e7\u00e3o, gest\u00e3o e venda. No total, <strong>os investidores da Urbanitae aportar\u00e3o 4.845.000 euros,<\/strong> representando uma participa\u00e7\u00e3o de 75%. O promotor e os seus s\u00f3cios contribuir\u00e3o com os restantes 25%.<\/p>\n\n<p>Neste v\u00eddeo, a Caler Advisory e o nosso diretor de Real Estate, Sergio Arana, explicam os detalhes da opera\u00e7\u00e3o.<\/p>\n\t\t\t\t\t\t\t\t<\/div>\n\t\t\t\t<\/div>\n\t\t\t\t\t<\/div>\n\t\t<\/div>\n\t\t\t\t\t<\/div>\n\t\t<\/section>\n\t\t\t\t<section class=\"elementor-section elementor-top-section elementor-element elementor-element-b52cbb0 elementor-section-boxed elementor-section-height-default elementor-section-height-default\" data-id=\"b52cbb0\" data-element_type=\"section\" data-e-type=\"section\">\n\t\t\t\t\t\t<div class=\"elementor-container elementor-column-gap-default\">\n\t\t\t\t\t<div class=\"elementor-column elementor-col-100 elementor-top-column elementor-element elementor-element-66219a0\" data-id=\"66219a0\" data-element_type=\"column\" data-e-type=\"column\">\n\t\t\t<div class=\"elementor-widget-wrap elementor-element-populated\">\n\t\t\t\t\t\t<div class=\"elementor-element elementor-element-2629bd9 elementor-widget elementor-widget-video\" data-id=\"2629bd9\" data-element_type=\"widget\" data-e-type=\"widget\" data-settings=\"{&quot;youtube_url&quot;:&quot;https:\\\/\\\/youtu.be\\\/wLOUJQ0hTeU&quot;,&quot;video_type&quot;:&quot;youtube&quot;,&quot;controls&quot;:&quot;yes&quot;}\" data-widget_type=\"video.default\">\n\t\t\t\t<div class=\"elementor-widget-container\">\n\t\t\t\t\t\t\t<div class=\"elementor-wrapper elementor-open-inline\">\n\t\t\t<div class=\"elementor-video\"><\/div>\t\t<\/div>\n\t\t\t\t\t\t<\/div>\n\t\t\t\t<\/div>\n\t\t\t\t\t<\/div>\n\t\t<\/div>\n\t\t\t\t\t<\/div>\n\t\t<\/section>\n\t\t\t\t<section class=\"elementor-section elementor-top-section elementor-element elementor-element-5c3f27a elementor-section-boxed elementor-section-height-default elementor-section-height-default\" data-id=\"5c3f27a\" data-element_type=\"section\" data-e-type=\"section\">\n\t\t\t\t\t\t<div class=\"elementor-container elementor-column-gap-default\">\n\t\t\t\t\t<div class=\"elementor-column elementor-col-100 elementor-top-column elementor-element elementor-element-46789f6\" data-id=\"46789f6\" data-element_type=\"column\" data-e-type=\"column\">\n\t\t\t<div class=\"elementor-widget-wrap elementor-element-populated\">\n\t\t\t\t\t\t<div class=\"elementor-element elementor-element-c962ac4 elementor-widget elementor-widget-text-editor\" data-id=\"c962ac4\" data-element_type=\"widget\" data-e-type=\"widget\" data-widget_type=\"text-editor.default\">\n\t\t\t\t<div class=\"elementor-widget-container\">\n\t\t\t\t\t\t\t\t\t<p><\/p>\n<h2 class=\"wp-block-heading\">Rentabilidade em 20-24 meses<\/h2>\n<p><\/p>\n<p>Como em todos os projetos de mais-valias, o regulador n\u00e3o nos permite divulgar uma estimativa de rentabilidade esperada para este projeto. No entanto, pode ser calculada com base nas informa\u00e7\u00f5es dispon\u00edveis na ficha do projeto:<\/p>\n<p><\/p>\n<p class=\"has-text-align-center\"><strong>(Previs\u00e3o de receitas \u2013 Estimativa de custos) \/ Capital total<\/strong><\/p>\n<p><\/p>\n<p>O prazo do projeto est\u00e1 estimado entre 20 e 24 meses. De acordo com o plano de neg\u00f3cios, a compra do ativo ser\u00e1 conclu\u00edda no quarto trimestre de 2024. As obras de renova\u00e7\u00e3o devem terminar no segundo trimestre de 2026, altura em que se considerar\u00e1 a venda do ativo se as condi\u00e7\u00f5es forem favor\u00e1veis. Nesse momento, tamb\u00e9m come\u00e7ar\u00e1 a gest\u00e3o pelo L\u00edbere e o pagamento do primeiro dividendo, que ter\u00e1 uma periodicidade trimestral. A conclus\u00e3o do projeto e <strong>a distribui\u00e7\u00e3o dos lucros ocorrer\u00e3o no terceiro ou quarto trimestre de 2026.<\/strong><\/p>\n<p><\/p>\n<p>Tens d\u00favidas? Podes coloc\u00e1-las no <a href=\"https:\/\/us02web.zoom.us\/webinar\/register\/WN_QJrH_VW2QGKFbl9Fo-ozGg\" target=\"_blank\" rel=\"noreferrer noopener\">webinar<\/a> que realizaremos com o promotor no pr\u00f3ximo dia 19 de novembro \u00e0s 17h (UTC+1). Al\u00e9m disso, podes escrever-nos para <a href=\"mailto:contacto@urbanitae.com\" target=\"_blank\" rel=\"noreferrer noopener\">contacto@urbanitae.com<\/a> ou ligar para o n\u00famero (+34) 911 23 25 22. Teremos todo o gosto em ajudar-te.<\/p>\t\t\t\t\t\t\t\t<\/div>\n\t\t\t\t<\/div>\n\t\t\t\t\t<\/div>\n\t\t<\/div>\n\t\t\t\t\t<\/div>\n\t\t<\/section>\n\t\t\t\t<\/div>\n\t\t","protected":false},"excerpt":{"rendered":"<p>O projeto consiste na aquisi\u00e7\u00e3o e renova\u00e7\u00e3o de um im\u00f3vel no Porto para o desenvolvimento de 57 apartamentos tur\u00edsticos operados pelo L\u00edbere Hospitality Group.<\/p>\n","protected":false},"author":1,"featured_media":52955,"comment_status":"open","ping_status":"open","sticky":false,"template":"","format":"standard","meta":{"inline_featured_image":false,"footnotes":""},"categories":[1059,929],"tags":[1985,1961,1983],"class_list":["post-52925","post","type-post","status-publish","format-standard","has-post-thumbnail","hentry","category-equity-pt","category-projetos","tag-crowdfunding-immobiliare-pt-pt","tag-financiamento-colaborativo-de-capital","tag-inversion-inmobiliaria-pt-pt"],"blocksy_meta":[],"yoast_head":"<!-- This site is optimized with the Yoast SEO plugin v27.4 - https:\/\/yoast.com\/product\/yoast-seo-wordpress\/ -->\n<title>Invista em apartamentos tur\u00edsticos no Porto - Urbanitae Blog<\/title>\n<meta name=\"description\" content=\"Abrimos o nosso sexto projeto em Portugal. Invista em apartamentos tur\u00edsticos no Porto com rentabilidade em 20-24 meses. Detalhes aqui.\" \/>\n<meta name=\"robots\" content=\"index, follow, max-snippet:-1, max-image-preview:large, max-video-preview:-1\" \/>\n<link rel=\"canonical\" href=\"https:\/\/blog.urbanitae.com\/pt-pt\/2024\/11\/15\/novo-projeto-invista-em-apartamentos-turisticos-no-porto\/\" \/>\n<meta property=\"og:locale\" content=\"pt_PT\" \/>\n<meta property=\"og:type\" content=\"article\" \/>\n<meta property=\"og:title\" content=\"Invista em imobili\u00e1rio no Porto a partir de 500 \u20ac\" \/>\n<meta property=\"og:description\" content=\"Abrimos o nosso sexto projeto em Portugal. Invista em apartamentos tur\u00edsticos no Porto com rentabilidade em 20-24 meses. Detalhes aqui.\" \/>\n<meta property=\"og:url\" content=\"https:\/\/blog.urbanitae.com\/pt-pt\/2024\/11\/15\/novo-projeto-invista-em-apartamentos-turisticos-no-porto\/\" \/>\n<meta property=\"og:site_name\" content=\"Urbanitae Blog | As melhores not\u00edcias sobre investimentos imobili\u00e1rios\" \/>\n<meta property=\"article:publisher\" content=\"https:\/\/www.facebook.com\/urbanitae\" \/>\n<meta property=\"article:published_time\" content=\"2024-11-15T15:31:22+00:00\" \/>\n<meta property=\"article:modified_time\" content=\"2024-11-21T17:56:10+00:00\" \/>\n<meta property=\"og:image\" content=\"https:\/\/blog.urbanitae.com\/wp-content\/uploads\/2024\/11\/invierte-apartamentos-turisticos-oporto.webp\" \/>\n\t<meta property=\"og:image:width\" content=\"1400\" \/>\n\t<meta property=\"og:image:height\" content=\"735\" \/>\n\t<meta property=\"og:image:type\" content=\"image\/webp\" \/>\n<meta name=\"author\" content=\"Equipo Urbanitae\" \/>\n<meta name=\"twitter:card\" content=\"summary_large_image\" \/>\n<meta name=\"twitter:creator\" content=\"@urbanitae\" \/>\n<meta name=\"twitter:site\" content=\"@urbanitae\" \/>\n<meta name=\"twitter:label1\" content=\"Escrito por\" \/>\n\t<meta name=\"twitter:data1\" content=\"Equipo Urbanitae\" \/>\n\t<meta name=\"twitter:label2\" content=\"Tempo estimado de leitura\" \/>\n\t<meta name=\"twitter:data2\" content=\"3 minutos\" \/>\n<script type=\"application\/ld+json\" class=\"yoast-schema-graph\">{\"@context\":\"https:\\\/\\\/schema.org\",\"@graph\":[{\"@type\":[\"Article\",\"BlogPosting\"],\"@id\":\"https:\\\/\\\/blog.urbanitae.com\\\/pt-pt\\\/2024\\\/11\\\/15\\\/novo-projeto-invista-em-apartamentos-turisticos-no-porto\\\/#article\",\"isPartOf\":{\"@id\":\"https:\\\/\\\/blog.urbanitae.com\\\/pt-pt\\\/2024\\\/11\\\/15\\\/novo-projeto-invista-em-apartamentos-turisticos-no-porto\\\/\"},\"author\":{\"name\":\"Equipo Urbanitae\",\"@id\":\"https:\\\/\\\/blog.urbanitae.com\\\/pt-pt\\\/#\\\/schema\\\/person\\\/e7b2d152f5654066832c53f5aa04fbf7\"},\"headline\":\"Invista em apartamentos tur\u00edsticos no Porto\",\"datePublished\":\"2024-11-15T15:31:22+00:00\",\"dateModified\":\"2024-11-21T17:56:10+00:00\",\"mainEntityOfPage\":{\"@id\":\"https:\\\/\\\/blog.urbanitae.com\\\/pt-pt\\\/2024\\\/11\\\/15\\\/novo-projeto-invista-em-apartamentos-turisticos-no-porto\\\/\"},\"wordCount\":699,\"commentCount\":0,\"publisher\":{\"@id\":\"https:\\\/\\\/blog.urbanitae.com\\\/pt-pt\\\/#organization\"},\"image\":{\"@id\":\"https:\\\/\\\/blog.urbanitae.com\\\/pt-pt\\\/2024\\\/11\\\/15\\\/novo-projeto-invista-em-apartamentos-turisticos-no-porto\\\/#primaryimage\"},\"thumbnailUrl\":\"https:\\\/\\\/blog.urbanitae.com\\\/wp-content\\\/uploads\\\/2024\\\/11\\\/invierte-apartamentos-turisticos-oporto.webp\",\"keywords\":[\"crowdfunding immobiliare\",\"financiamento colaborativo de capital\",\"inversi\u00f3n inmobiliaria\"],\"articleSection\":[\"Equity\",\"Projetos\"],\"inLanguage\":\"pt-PT\",\"potentialAction\":[{\"@type\":\"CommentAction\",\"name\":\"Comment\",\"target\":[\"https:\\\/\\\/blog.urbanitae.com\\\/pt-pt\\\/2024\\\/11\\\/15\\\/novo-projeto-invista-em-apartamentos-turisticos-no-porto\\\/#respond\"]}]},{\"@type\":[\"WebPage\",\"ItemPage\"],\"@id\":\"https:\\\/\\\/blog.urbanitae.com\\\/pt-pt\\\/2024\\\/11\\\/15\\\/novo-projeto-invista-em-apartamentos-turisticos-no-porto\\\/\",\"url\":\"https:\\\/\\\/blog.urbanitae.com\\\/pt-pt\\\/2024\\\/11\\\/15\\\/novo-projeto-invista-em-apartamentos-turisticos-no-porto\\\/\",\"name\":\"Invista em apartamentos tur\u00edsticos no Porto - Urbanitae Blog\",\"isPartOf\":{\"@id\":\"https:\\\/\\\/blog.urbanitae.com\\\/pt-pt\\\/#website\"},\"primaryImageOfPage\":{\"@id\":\"https:\\\/\\\/blog.urbanitae.com\\\/pt-pt\\\/2024\\\/11\\\/15\\\/novo-projeto-invista-em-apartamentos-turisticos-no-porto\\\/#primaryimage\"},\"image\":{\"@id\":\"https:\\\/\\\/blog.urbanitae.com\\\/pt-pt\\\/2024\\\/11\\\/15\\\/novo-projeto-invista-em-apartamentos-turisticos-no-porto\\\/#primaryimage\"},\"thumbnailUrl\":\"https:\\\/\\\/blog.urbanitae.com\\\/wp-content\\\/uploads\\\/2024\\\/11\\\/invierte-apartamentos-turisticos-oporto.webp\",\"datePublished\":\"2024-11-15T15:31:22+00:00\",\"dateModified\":\"2024-11-21T17:56:10+00:00\",\"description\":\"Abrimos o nosso sexto projeto em Portugal. Invista em apartamentos tur\u00edsticos no Porto com rentabilidade em 20-24 meses. Detalhes aqui.\",\"breadcrumb\":{\"@id\":\"https:\\\/\\\/blog.urbanitae.com\\\/pt-pt\\\/2024\\\/11\\\/15\\\/novo-projeto-invista-em-apartamentos-turisticos-no-porto\\\/#breadcrumb\"},\"inLanguage\":\"pt-PT\",\"potentialAction\":[{\"@type\":\"ReadAction\",\"target\":[\"https:\\\/\\\/blog.urbanitae.com\\\/pt-pt\\\/2024\\\/11\\\/15\\\/novo-projeto-invista-em-apartamentos-turisticos-no-porto\\\/\"]}]},{\"@type\":\"ImageObject\",\"inLanguage\":\"pt-PT\",\"@id\":\"https:\\\/\\\/blog.urbanitae.com\\\/pt-pt\\\/2024\\\/11\\\/15\\\/novo-projeto-invista-em-apartamentos-turisticos-no-porto\\\/#primaryimage\",\"url\":\"https:\\\/\\\/blog.urbanitae.com\\\/wp-content\\\/uploads\\\/2024\\\/11\\\/invierte-apartamentos-turisticos-oporto.webp\",\"contentUrl\":\"https:\\\/\\\/blog.urbanitae.com\\\/wp-content\\\/uploads\\\/2024\\\/11\\\/invierte-apartamentos-turisticos-oporto.webp\",\"width\":1400,\"height\":735,\"caption\":\"Invierte en apartamentos tur\u00edsticos en Oporto\"},{\"@type\":\"BreadcrumbList\",\"@id\":\"https:\\\/\\\/blog.urbanitae.com\\\/pt-pt\\\/2024\\\/11\\\/15\\\/novo-projeto-invista-em-apartamentos-turisticos-no-porto\\\/#breadcrumb\",\"itemListElement\":[{\"@type\":\"ListItem\",\"position\":1,\"name\":\"Portada\",\"item\":\"https:\\\/\\\/blog.urbanitae.com\\\/pt-pt\\\/\"},{\"@type\":\"ListItem\",\"position\":2,\"name\":\"Invista em apartamentos tur\u00edsticos no Porto\"}]},{\"@type\":\"WebSite\",\"@id\":\"https:\\\/\\\/blog.urbanitae.com\\\/pt-pt\\\/#website\",\"url\":\"https:\\\/\\\/blog.urbanitae.com\\\/pt-pt\\\/\",\"name\":\"Urbanitae Blog | Las mejores noticias sobre inversi\u00f3n inmobiliaria\",\"description\":\"Investimento imobili\u00e1rio ao alcance de todos\",\"publisher\":{\"@id\":\"https:\\\/\\\/blog.urbanitae.com\\\/pt-pt\\\/#organization\"},\"potentialAction\":[{\"@type\":\"SearchAction\",\"target\":{\"@type\":\"EntryPoint\",\"urlTemplate\":\"https:\\\/\\\/blog.urbanitae.com\\\/pt-pt\\\/?s={search_term_string}\"},\"query-input\":{\"@type\":\"PropertyValueSpecification\",\"valueRequired\":true,\"valueName\":\"search_term_string\"}}],\"inLanguage\":\"pt-PT\"},{\"@type\":\"Organization\",\"@id\":\"https:\\\/\\\/blog.urbanitae.com\\\/pt-pt\\\/#organization\",\"name\":\"Urbanitae\",\"url\":\"https:\\\/\\\/blog.urbanitae.com\\\/pt-pt\\\/\",\"logo\":{\"@type\":\"ImageObject\",\"inLanguage\":\"pt-PT\",\"@id\":\"https:\\\/\\\/blog.urbanitae.com\\\/pt-pt\\\/#\\\/schema\\\/logo\\\/image\\\/\",\"url\":\"https:\\\/\\\/blog.urbanitae.com\\\/wp-content\\\/uploads\\\/2020\\\/04\\\/logo-verde_350x100.svg\",\"contentUrl\":\"https:\\\/\\\/blog.urbanitae.com\\\/wp-content\\\/uploads\\\/2020\\\/04\\\/logo-verde_350x100.svg\",\"width\":350,\"height\":100,\"caption\":\"Urbanitae\"},\"image\":{\"@id\":\"https:\\\/\\\/blog.urbanitae.com\\\/pt-pt\\\/#\\\/schema\\\/logo\\\/image\\\/\"},\"sameAs\":[\"https:\\\/\\\/www.facebook.com\\\/urbanitae\",\"https:\\\/\\\/x.com\\\/urbanitae\",\"https:\\\/\\\/www.instagram.com\\\/urbanitae\",\"https:\\\/\\\/www.linkedin.com\\\/company\\\/urbanitae\",\"https:\\\/\\\/www.pinterest.es\\\/UrbanitaeSL\\\/_created\\\/\",\"https:\\\/\\\/www.youtube.com\\\/c\\\/Urbanitae_RE\"]},{\"@type\":\"Person\",\"@id\":\"https:\\\/\\\/blog.urbanitae.com\\\/pt-pt\\\/#\\\/schema\\\/person\\\/e7b2d152f5654066832c53f5aa04fbf7\",\"name\":\"Equipo Urbanitae\",\"image\":{\"@type\":\"ImageObject\",\"inLanguage\":\"pt-PT\",\"@id\":\"https:\\\/\\\/secure.gravatar.com\\\/avatar\\\/e75782c6aa253c8ac75c13b1ec97172bb2d67437baa4354ba4b0650a97f565f2?s=96&d=mm&r=g\",\"url\":\"https:\\\/\\\/secure.gravatar.com\\\/avatar\\\/e75782c6aa253c8ac75c13b1ec97172bb2d67437baa4354ba4b0650a97f565f2?s=96&d=mm&r=g\",\"contentUrl\":\"https:\\\/\\\/secure.gravatar.com\\\/avatar\\\/e75782c6aa253c8ac75c13b1ec97172bb2d67437baa4354ba4b0650a97f565f2?s=96&d=mm&r=g\",\"caption\":\"Equipo Urbanitae\"},\"sameAs\":[\"https:\\\/\\\/urbanitae.com\"],\"url\":\"https:\\\/\\\/blog.urbanitae.com\\\/pt-pt\\\/author\\\/urbanitae\\\/\"}]}<\/script>\n<!-- \/ Yoast SEO plugin. -->","yoast_head_json":{"title":"Invista em apartamentos tur\u00edsticos no Porto - Urbanitae Blog","description":"Abrimos o nosso sexto projeto em Portugal. Invista em apartamentos tur\u00edsticos no Porto com rentabilidade em 20-24 meses. Detalhes aqui.","robots":{"index":"index","follow":"follow","max-snippet":"max-snippet:-1","max-image-preview":"max-image-preview:large","max-video-preview":"max-video-preview:-1"},"canonical":"https:\/\/blog.urbanitae.com\/pt-pt\/2024\/11\/15\/novo-projeto-invista-em-apartamentos-turisticos-no-porto\/","og_locale":"pt_PT","og_type":"article","og_title":"Invista em imobili\u00e1rio no Porto a partir de 500 \u20ac","og_description":"Abrimos o nosso sexto projeto em Portugal. Invista em apartamentos tur\u00edsticos no Porto com rentabilidade em 20-24 meses. Detalhes aqui.","og_url":"https:\/\/blog.urbanitae.com\/pt-pt\/2024\/11\/15\/novo-projeto-invista-em-apartamentos-turisticos-no-porto\/","og_site_name":"Urbanitae Blog | As melhores not\u00edcias sobre investimentos imobili\u00e1rios","article_publisher":"https:\/\/www.facebook.com\/urbanitae","article_published_time":"2024-11-15T15:31:22+00:00","article_modified_time":"2024-11-21T17:56:10+00:00","og_image":[{"width":1400,"height":735,"url":"https:\/\/blog.urbanitae.com\/wp-content\/uploads\/2024\/11\/invierte-apartamentos-turisticos-oporto.webp","type":"image\/webp"}],"author":"Equipo Urbanitae","twitter_card":"summary_large_image","twitter_creator":"@urbanitae","twitter_site":"@urbanitae","twitter_misc":{"Escrito por":"Equipo Urbanitae","Tempo estimado de leitura":"3 minutos"},"schema":{"@context":"https:\/\/schema.org","@graph":[{"@type":["Article","BlogPosting"],"@id":"https:\/\/blog.urbanitae.com\/pt-pt\/2024\/11\/15\/novo-projeto-invista-em-apartamentos-turisticos-no-porto\/#article","isPartOf":{"@id":"https:\/\/blog.urbanitae.com\/pt-pt\/2024\/11\/15\/novo-projeto-invista-em-apartamentos-turisticos-no-porto\/"},"author":{"name":"Equipo Urbanitae","@id":"https:\/\/blog.urbanitae.com\/pt-pt\/#\/schema\/person\/e7b2d152f5654066832c53f5aa04fbf7"},"headline":"Invista em apartamentos tur\u00edsticos no Porto","datePublished":"2024-11-15T15:31:22+00:00","dateModified":"2024-11-21T17:56:10+00:00","mainEntityOfPage":{"@id":"https:\/\/blog.urbanitae.com\/pt-pt\/2024\/11\/15\/novo-projeto-invista-em-apartamentos-turisticos-no-porto\/"},"wordCount":699,"commentCount":0,"publisher":{"@id":"https:\/\/blog.urbanitae.com\/pt-pt\/#organization"},"image":{"@id":"https:\/\/blog.urbanitae.com\/pt-pt\/2024\/11\/15\/novo-projeto-invista-em-apartamentos-turisticos-no-porto\/#primaryimage"},"thumbnailUrl":"https:\/\/blog.urbanitae.com\/wp-content\/uploads\/2024\/11\/invierte-apartamentos-turisticos-oporto.webp","keywords":["crowdfunding immobiliare","financiamento colaborativo de capital","inversi\u00f3n inmobiliaria"],"articleSection":["Equity","Projetos"],"inLanguage":"pt-PT","potentialAction":[{"@type":"CommentAction","name":"Comment","target":["https:\/\/blog.urbanitae.com\/pt-pt\/2024\/11\/15\/novo-projeto-invista-em-apartamentos-turisticos-no-porto\/#respond"]}]},{"@type":["WebPage","ItemPage"],"@id":"https:\/\/blog.urbanitae.com\/pt-pt\/2024\/11\/15\/novo-projeto-invista-em-apartamentos-turisticos-no-porto\/","url":"https:\/\/blog.urbanitae.com\/pt-pt\/2024\/11\/15\/novo-projeto-invista-em-apartamentos-turisticos-no-porto\/","name":"Invista em apartamentos tur\u00edsticos no Porto - Urbanitae Blog","isPartOf":{"@id":"https:\/\/blog.urbanitae.com\/pt-pt\/#website"},"primaryImageOfPage":{"@id":"https:\/\/blog.urbanitae.com\/pt-pt\/2024\/11\/15\/novo-projeto-invista-em-apartamentos-turisticos-no-porto\/#primaryimage"},"image":{"@id":"https:\/\/blog.urbanitae.com\/pt-pt\/2024\/11\/15\/novo-projeto-invista-em-apartamentos-turisticos-no-porto\/#primaryimage"},"thumbnailUrl":"https:\/\/blog.urbanitae.com\/wp-content\/uploads\/2024\/11\/invierte-apartamentos-turisticos-oporto.webp","datePublished":"2024-11-15T15:31:22+00:00","dateModified":"2024-11-21T17:56:10+00:00","description":"Abrimos o nosso sexto projeto em Portugal. Invista em apartamentos tur\u00edsticos no Porto com rentabilidade em 20-24 meses. Detalhes aqui.","breadcrumb":{"@id":"https:\/\/blog.urbanitae.com\/pt-pt\/2024\/11\/15\/novo-projeto-invista-em-apartamentos-turisticos-no-porto\/#breadcrumb"},"inLanguage":"pt-PT","potentialAction":[{"@type":"ReadAction","target":["https:\/\/blog.urbanitae.com\/pt-pt\/2024\/11\/15\/novo-projeto-invista-em-apartamentos-turisticos-no-porto\/"]}]},{"@type":"ImageObject","inLanguage":"pt-PT","@id":"https:\/\/blog.urbanitae.com\/pt-pt\/2024\/11\/15\/novo-projeto-invista-em-apartamentos-turisticos-no-porto\/#primaryimage","url":"https:\/\/blog.urbanitae.com\/wp-content\/uploads\/2024\/11\/invierte-apartamentos-turisticos-oporto.webp","contentUrl":"https:\/\/blog.urbanitae.com\/wp-content\/uploads\/2024\/11\/invierte-apartamentos-turisticos-oporto.webp","width":1400,"height":735,"caption":"Invierte en apartamentos tur\u00edsticos en Oporto"},{"@type":"BreadcrumbList","@id":"https:\/\/blog.urbanitae.com\/pt-pt\/2024\/11\/15\/novo-projeto-invista-em-apartamentos-turisticos-no-porto\/#breadcrumb","itemListElement":[{"@type":"ListItem","position":1,"name":"Portada","item":"https:\/\/blog.urbanitae.com\/pt-pt\/"},{"@type":"ListItem","position":2,"name":"Invista em apartamentos tur\u00edsticos no Porto"}]},{"@type":"WebSite","@id":"https:\/\/blog.urbanitae.com\/pt-pt\/#website","url":"https:\/\/blog.urbanitae.com\/pt-pt\/","name":"Urbanitae Blog | Las mejores noticias sobre inversi\u00f3n inmobiliaria","description":"Investimento imobili\u00e1rio ao alcance de todos","publisher":{"@id":"https:\/\/blog.urbanitae.com\/pt-pt\/#organization"},"potentialAction":[{"@type":"SearchAction","target":{"@type":"EntryPoint","urlTemplate":"https:\/\/blog.urbanitae.com\/pt-pt\/?s={search_term_string}"},"query-input":{"@type":"PropertyValueSpecification","valueRequired":true,"valueName":"search_term_string"}}],"inLanguage":"pt-PT"},{"@type":"Organization","@id":"https:\/\/blog.urbanitae.com\/pt-pt\/#organization","name":"Urbanitae","url":"https:\/\/blog.urbanitae.com\/pt-pt\/","logo":{"@type":"ImageObject","inLanguage":"pt-PT","@id":"https:\/\/blog.urbanitae.com\/pt-pt\/#\/schema\/logo\/image\/","url":"https:\/\/blog.urbanitae.com\/wp-content\/uploads\/2020\/04\/logo-verde_350x100.svg","contentUrl":"https:\/\/blog.urbanitae.com\/wp-content\/uploads\/2020\/04\/logo-verde_350x100.svg","width":350,"height":100,"caption":"Urbanitae"},"image":{"@id":"https:\/\/blog.urbanitae.com\/pt-pt\/#\/schema\/logo\/image\/"},"sameAs":["https:\/\/www.facebook.com\/urbanitae","https:\/\/x.com\/urbanitae","https:\/\/www.instagram.com\/urbanitae","https:\/\/www.linkedin.com\/company\/urbanitae","https:\/\/www.pinterest.es\/UrbanitaeSL\/_created\/","https:\/\/www.youtube.com\/c\/Urbanitae_RE"]},{"@type":"Person","@id":"https:\/\/blog.urbanitae.com\/pt-pt\/#\/schema\/person\/e7b2d152f5654066832c53f5aa04fbf7","name":"Equipo Urbanitae","image":{"@type":"ImageObject","inLanguage":"pt-PT","@id":"https:\/\/secure.gravatar.com\/avatar\/e75782c6aa253c8ac75c13b1ec97172bb2d67437baa4354ba4b0650a97f565f2?s=96&d=mm&r=g","url":"https:\/\/secure.gravatar.com\/avatar\/e75782c6aa253c8ac75c13b1ec97172bb2d67437baa4354ba4b0650a97f565f2?s=96&d=mm&r=g","contentUrl":"https:\/\/secure.gravatar.com\/avatar\/e75782c6aa253c8ac75c13b1ec97172bb2d67437baa4354ba4b0650a97f565f2?s=96&d=mm&r=g","caption":"Equipo Urbanitae"},"sameAs":["https:\/\/urbanitae.com"],"url":"https:\/\/blog.urbanitae.com\/pt-pt\/author\/urbanitae\/"}]}},"_links":{"self":[{"href":"https:\/\/blog.urbanitae.com\/pt-pt\/wp-json\/wp\/v2\/posts\/52925","targetHints":{"allow":["GET"]}}],"collection":[{"href":"https:\/\/blog.urbanitae.com\/pt-pt\/wp-json\/wp\/v2\/posts"}],"about":[{"href":"https:\/\/blog.urbanitae.com\/pt-pt\/wp-json\/wp\/v2\/types\/post"}],"author":[{"embeddable":true,"href":"https:\/\/blog.urbanitae.com\/pt-pt\/wp-json\/wp\/v2\/users\/1"}],"replies":[{"embeddable":true,"href":"https:\/\/blog.urbanitae.com\/pt-pt\/wp-json\/wp\/v2\/comments?post=52925"}],"version-history":[{"count":0,"href":"https:\/\/blog.urbanitae.com\/pt-pt\/wp-json\/wp\/v2\/posts\/52925\/revisions"}],"wp:featuredmedia":[{"embeddable":true,"href":"https:\/\/blog.urbanitae.com\/pt-pt\/wp-json\/wp\/v2\/media\/52955"}],"wp:attachment":[{"href":"https:\/\/blog.urbanitae.com\/pt-pt\/wp-json\/wp\/v2\/media?parent=52925"}],"wp:term":[{"taxonomy":"category","embeddable":true,"href":"https:\/\/blog.urbanitae.com\/pt-pt\/wp-json\/wp\/v2\/categories?post=52925"},{"taxonomy":"post_tag","embeddable":true,"href":"https:\/\/blog.urbanitae.com\/pt-pt\/wp-json\/wp\/v2\/tags?post=52925"}],"curies":[{"name":"wp","href":"https:\/\/api.w.org\/{rel}","templated":true}]}}