{"id":52534,"date":"2024-11-09T09:00:00","date_gmt":"2024-11-09T08:00:00","guid":{"rendered":"https:\/\/blog.urbanitae.com\/?p=52534"},"modified":"2024-11-08T11:03:10","modified_gmt":"2024-11-08T10:03:10","slug":"banco-da-espanha-e-habitacao-o-que-precisa-ser-feito","status":"publish","type":"post","link":"https:\/\/blog.urbanitae.com\/pt-pt\/2024\/11\/09\/banco-da-espanha-e-habitacao-o-que-precisa-ser-feito\/","title":{"rendered":"Banco da Espanha e habita\u00e7\u00e3o: o que precisa ser feito"},"content":{"rendered":"\n<p>A situa\u00e7\u00e3o atual do mercado habitacional na Espanha apresenta um grande desafio para o futuro pr\u00f3ximo. Ap\u00f3s a crise imobili\u00e1ria de 2008, a produ\u00e7\u00e3o de novas moradias tem se recuperado lentamente. No entanto, os n\u00edveis atuais ainda s\u00e3o muito mais modestos do que em outras \u00e9pocas de expans\u00e3o. Esse cen\u00e1rio resultou em uma s\u00e9rie de problemas, sendo o principal um <strong>d\u00e9ficit habitacional, especialmente nas grandes cidades<\/strong> e nas \u00e1reas tur\u00edsticas, que gerou um aumento descontrolado dos pre\u00e7os.<\/p>\n\n\n\n<p><a href=\"https:\/\/www.bde.es\/wbe\/es\/inicio\/noticias\/evolucion-reciente-del-mercado-de-la-vivienda-residencial-en-espana.html\" target=\"_blank\" rel=\"noreferrer noopener nofollow\">O relat\u00f3rio do Banco da Espanha<\/a> destaca que, ao contr\u00e1rio do passado, o tamanho do mercado imobili\u00e1rio n\u00e3o \u00e9 sobredimensionado em compara\u00e7\u00e3o com outras economias avan\u00e7adas. <strong>A cautela adotada pelos bancos<\/strong> na concess\u00e3o de cr\u00e9dito tem sido um fator positivo, garantindo que a expans\u00e3o do mercado imobili\u00e1rio ocorra de forma controlada e sem gerar riscos significativos para a estabilidade financeira. Al\u00e9m disso, destaca que o problema da habita\u00e7\u00e3o n\u00e3o se limita \u00e0 escassez de oferta, mas tamb\u00e9m inclui fatores como qualidade, acessibilidade e <a href=\"https:\/\/blog.urbanitae.com\/pt-pt\/2024\/10\/14\/aumenta-a-procura-por-edificios-e-habitacoes-sustentaveis\/?utm_source=blog_pt&amp;utm_medium=organic&amp;utm_campaign=urbanitae_blog_1124&amp;utm_term=sustentabilidade&amp;utm_content=pt_banco_espana_vivienda\" target=\"_blank\" rel=\"noreferrer noopener\">sustentabilidade<\/a>, que s\u00e3o cruciais para atender \u00e0s necessidades da popula\u00e7\u00e3o.<\/p>\n\n\n\n<h2 class=\"wp-block-heading\"><strong>A Escassez de Habita\u00e7\u00e3o e Suas Consequ\u00eancias<\/strong><\/h2>\n\n\n\n<p>A Espanha enfrenta um problema estrutural de escassez de moradias. Embora a demanda por habita\u00e7\u00e3o continue elevada, a cria\u00e7\u00e3o de novos lares tem mostrado uma desacelera\u00e7\u00e3o significativa. Segundo estimativas do Instituto Nacional de Estat\u00edstica (INE), <a href=\"https:\/\/www.eleconomista.es\/vivienda-inmobiliario\/noticias\/13037486\/10\/24\/el-banco-de-espana-redimensiona-la-crisis-de-la-vivienda-se-necesitan-menos-casas-de-las-previstas.html\" target=\"_blank\" rel=\"noreferrer noopener nofollow\">foram criados 55 mil lares no primeiro trimestre deste ano<\/a>, com uma proje\u00e7\u00e3o total de 360 mil para o ano todo. Esse resultado sugere que o d\u00e9ficit habitacional e a falta de atua\u00e7\u00e3o s\u00e3o problemas significativos.<\/p>\n\n\n\n<p>Por outro lado, o Banco da Espanha adverte que a demanda por moradias aumentou, impulsionada em parte por fluxos migrat\u00f3rios significativos. Desde 2022, <strong>aproximadamente 1,5 milh\u00e3o de novos residentes chegaram ao pa\u00eds<\/strong>, aumentando a popula\u00e7\u00e3o de 9,5% em 2015 para 13,6% no segundo trimestre de 2024.<\/p>\n\n\n\n<p>Nesse sentido, o relat\u00f3rio aponta que <strong>Madri e Barcelona concentram um ter\u00e7o do d\u00e9ficit acumulado de moradias<\/strong>, junto com Val\u00eancia, Alicante e M\u00e1laga, onde o crescimento populacional gerou press\u00e3o adicional sobre o mercado. Tendo isso em mente, \u00e9 evidente que, apesar da desacelera\u00e7\u00e3o na cria\u00e7\u00e3o de moradias, a necessidade de habita\u00e7\u00e3o nas grandes cidades n\u00e3o cessa.<\/p>\n\n\n\n<h2 class=\"wp-block-heading\"><strong>Poss\u00edveis Medidas para Mitigar o D\u00e9ficit Habitacional<\/strong><\/h2>\n\n\n\n<p>Diante deste contexto, o Banco da Espanha sugere v\u00e1rias <a href=\"https:\/\/repositorio.bde.es\/bitstream\/123456789\/36492\/1\/InfAnual_2023_Cap4.pdf\" target=\"_blank\" rel=\"noreferrer noopener nofollow\">medidas que poderiam ajudar a aliviar a situa\u00e7\u00e3o do mercado imobili\u00e1rio<\/a>. Em primeiro lugar, prop\u00f5e uma <strong>avalia\u00e7\u00e3o mais detalhada das pol\u00edticas habitacionais j\u00e1 implementadas<\/strong>, com o objetivo de entender sua efetividade. Isso incluiria melhorar as estat\u00edsticas de pre\u00e7os imobili\u00e1rios e facilitar o acesso aos microdados para pesquisadores especializados. Uma avalia\u00e7\u00e3o rigorosa permitiria ajustar as pol\u00edticas de maneira mais eficiente.<\/p>\n\n\n\n<p>Al\u00e9m disso, destaca a necessidade de <strong>uma maior coordena\u00e7\u00e3o entre as diversas Administra\u00e7\u00f5es P\u00fablicas<\/strong> (AP). As compet\u00eancias sobre o mercado habitacional s\u00e3o altamente descentralizadas, o que dificulta a implementa\u00e7\u00e3o de pol\u00edticas coerentes e eficazes. A coordena\u00e7\u00e3o entre as APs poderia facilitar uma abordagem mais integrada e metropolitana na pol\u00edtica habitacional, considerando tamb\u00e9m o equil\u00edbrio territorial.<\/p>\n\n\n\n<p>Nesse sentido, <strong>encoraja-se a colabora\u00e7\u00e3o entre o setor p\u00fablico e privado<\/strong> para enfrentar a magnitude do desafio habitacional. Iniciativas que promovam o investimento privado em projetos de moradia p\u00fablica podem facilitar a cria\u00e7\u00e3o de um estoque de habita\u00e7\u00e3o mais acess\u00edvel. Essa abordagem colaborativa n\u00e3o s\u00f3 aumentar\u00e1 a oferta habitacional, mas tamb\u00e9m pode ajudar a revitalizar \u00e1reas urbanas e criar empregos no setor da constru\u00e7\u00e3o.<\/p>\n\n\n\n<p>Prop\u00f5e-se ainda um <strong>impulso na oferta de aluguel social na Espanha<\/strong>, que \u00e9 muito inferior ao de outros pa\u00edses europeus. Para isso, seria necess\u00e1rio estabelecer um plano de longo prazo que contemple a cria\u00e7\u00e3o de cerca de 1,5 milh\u00e3o de moradias de aluguel social. Este seria um esfor\u00e7o consider\u00e1vel, mas poderia ser fundamental para atender \u00e0 demanda e <strong>melhorar as condi\u00e7\u00f5es de acesso \u00e0 habita\u00e7\u00e3o<\/strong>.<\/p>\n\n\n\n<p>O Banco da Espanha identificou uma s\u00e9rie de desafios no mercado habitacional que requerem aten\u00e7\u00e3o urgente. A escassez de moradias, junto com uma demanda crescente impulsionada por fluxos migrat\u00f3rios, revela <strong>a necessidade de estabelecer mudan\u00e7as e implementar solu\u00e7\u00f5es para um problema evidente<\/strong>.<\/p>\n\n\n\n<h2 class=\"wp-block-heading\"><strong>Conclus\u00e3o<\/strong><\/h2>\n\n\n\n<p>Em resumo, o mercado habitacional na Espanha enfrenta desafios importantes que exigem aten\u00e7\u00e3o imediata e uma resposta coordenada. A escassez de moradias e o aumento do pre\u00e7o dos alugu\u00e9is s\u00e3o problemas estruturais que devem ser abordados com medidas eficazes e sustent\u00e1veis. <strong>A avalia\u00e7\u00e3o das pol\u00edticas existentes, a coordena\u00e7\u00e3o entre administra\u00e7\u00f5es, o impulso ao aluguel social e a colabora\u00e7\u00e3o entre o setor p\u00fablico e privado<\/strong> podem ser medidas que ajudem a mitigar este d\u00e9ficit habitacional e melhorar o acesso progressivamente.<\/p>\n","protected":false},"excerpt":{"rendered":"<p>A situa\u00e7\u00e3o atual do mercado habitacional na Espanha apresenta um grande desafio para o futuro pr\u00f3ximo. Ap\u00f3s a crise imobili\u00e1ria de 2008, a produ\u00e7\u00e3o de novas moradias tem se recuperado lentamente. No entanto, os n\u00edveis atuais ainda s\u00e3o muito mais modestos do que em outras \u00e9pocas de expans\u00e3o. Esse cen\u00e1rio resultou em uma s\u00e9rie de [&hellip;]<\/p>\n","protected":false},"author":1,"featured_media":52551,"comment_status":"open","ping_status":"open","sticky":false,"template":"","format":"standard","meta":{"inline_featured_image":false,"footnotes":""},"categories":[1029],"tags":[973],"class_list":["post-52534","post","type-post","status-publish","format-standard","has-post-thumbnail","hentry","category-investimento-imobiliario-pt-pt","tag-habitacao"],"blocksy_meta":[],"yoast_head":"<!-- This site is optimized with the Yoast SEO plugin v27.5 - https:\/\/yoast.com\/product\/yoast-seo-wordpress\/ -->\n<title>Banco da Espanha e habita\u00e7\u00e3o: o que precisa ser feito - Urbanitae Blog<\/title>\n<meta name=\"description\" content=\"O Banco de Espanha analisa a situa\u00e7\u00e3o do mercado imobili\u00e1rio na Espanha, destacando o d\u00e9ficit habitacional e o aumento dos pre\u00e7os.\" \/>\n<meta name=\"robots\" content=\"index, follow, max-snippet:-1, max-image-preview:large, max-video-preview:-1\" \/>\n<link rel=\"canonical\" href=\"https:\/\/blog.urbanitae.com\/pt-pt\/2024\/11\/09\/banco-da-espanha-e-habitacao-o-que-precisa-ser-feito\/\" \/>\n<meta property=\"og:locale\" content=\"pt_PT\" \/>\n<meta property=\"og:type\" content=\"article\" \/>\n<meta property=\"og:title\" content=\"D\u00e9ficit Habitacional na Espanha: Medidas do Banco de Espanha para Mitigar a Escassez\" \/>\n<meta property=\"og:description\" content=\"O Banco de Espanha analisa a situa\u00e7\u00e3o do mercado imobili\u00e1rio na Espanha, destacando o d\u00e9ficit habitacional e o aumento dos pre\u00e7os.\" \/>\n<meta property=\"og:url\" content=\"https:\/\/blog.urbanitae.com\/pt-pt\/2024\/11\/09\/banco-da-espanha-e-habitacao-o-que-precisa-ser-feito\/\" \/>\n<meta property=\"og:site_name\" content=\"Urbanitae Blog | As melhores not\u00edcias sobre investimentos imobili\u00e1rios\" \/>\n<meta property=\"article:publisher\" content=\"https:\/\/www.facebook.com\/urbanitae\" \/>\n<meta property=\"article:published_time\" content=\"2024-11-09T08:00:00+00:00\" \/>\n<meta property=\"og:image\" content=\"https:\/\/blog.urbanitae.com\/wp-content\/uploads\/2024\/11\/Banco-de-Espana-y-vivienda.webp\" \/>\n\t<meta property=\"og:image:width\" content=\"1400\" \/>\n\t<meta property=\"og:image:height\" content=\"735\" \/>\n\t<meta property=\"og:image:type\" content=\"image\/webp\" \/>\n<meta name=\"author\" content=\"Equipo Urbanitae\" \/>\n<meta name=\"twitter:card\" content=\"summary_large_image\" \/>\n<meta name=\"twitter:creator\" content=\"@urbanitae\" \/>\n<meta name=\"twitter:site\" content=\"@urbanitae\" \/>\n<meta name=\"twitter:label1\" content=\"Escrito por\" \/>\n\t<meta name=\"twitter:data1\" content=\"Equipo Urbanitae\" \/>\n\t<meta name=\"twitter:label2\" content=\"Tempo estimado de leitura\" \/>\n\t<meta name=\"twitter:data2\" content=\"4 minutos\" \/>\n<script type=\"application\/ld+json\" class=\"yoast-schema-graph\">{\"@context\":\"https:\\\/\\\/schema.org\",\"@graph\":[{\"@type\":[\"Article\",\"BlogPosting\"],\"@id\":\"https:\\\/\\\/blog.urbanitae.com\\\/pt-pt\\\/2024\\\/11\\\/09\\\/banco-da-espanha-e-habitacao-o-que-precisa-ser-feito\\\/#article\",\"isPartOf\":{\"@id\":\"https:\\\/\\\/blog.urbanitae.com\\\/pt-pt\\\/2024\\\/11\\\/09\\\/banco-da-espanha-e-habitacao-o-que-precisa-ser-feito\\\/\"},\"author\":{\"name\":\"Equipo Urbanitae\",\"@id\":\"https:\\\/\\\/blog.urbanitae.com\\\/pt-pt\\\/#\\\/schema\\\/person\\\/e7b2d152f5654066832c53f5aa04fbf7\"},\"headline\":\"Banco da Espanha e habita\u00e7\u00e3o: o que precisa ser feito\",\"datePublished\":\"2024-11-09T08:00:00+00:00\",\"mainEntityOfPage\":{\"@id\":\"https:\\\/\\\/blog.urbanitae.com\\\/pt-pt\\\/2024\\\/11\\\/09\\\/banco-da-espanha-e-habitacao-o-que-precisa-ser-feito\\\/\"},\"wordCount\":840,\"commentCount\":0,\"publisher\":{\"@id\":\"https:\\\/\\\/blog.urbanitae.com\\\/pt-pt\\\/#organization\"},\"image\":{\"@id\":\"https:\\\/\\\/blog.urbanitae.com\\\/pt-pt\\\/2024\\\/11\\\/09\\\/banco-da-espanha-e-habitacao-o-que-precisa-ser-feito\\\/#primaryimage\"},\"thumbnailUrl\":\"https:\\\/\\\/blog.urbanitae.com\\\/wp-content\\\/uploads\\\/2024\\\/11\\\/Banco-de-Espana-y-vivienda.webp\",\"keywords\":[\"habita\u00e7\u00e3o\"],\"articleSection\":[\"Investimento imobili\u00e1rio\"],\"inLanguage\":\"pt-PT\",\"potentialAction\":[{\"@type\":\"CommentAction\",\"name\":\"Comment\",\"target\":[\"https:\\\/\\\/blog.urbanitae.com\\\/pt-pt\\\/2024\\\/11\\\/09\\\/banco-da-espanha-e-habitacao-o-que-precisa-ser-feito\\\/#respond\"]}]},{\"@type\":[\"WebPage\",\"ItemPage\"],\"@id\":\"https:\\\/\\\/blog.urbanitae.com\\\/pt-pt\\\/2024\\\/11\\\/09\\\/banco-da-espanha-e-habitacao-o-que-precisa-ser-feito\\\/\",\"url\":\"https:\\\/\\\/blog.urbanitae.com\\\/pt-pt\\\/2024\\\/11\\\/09\\\/banco-da-espanha-e-habitacao-o-que-precisa-ser-feito\\\/\",\"name\":\"Banco da Espanha e habita\u00e7\u00e3o: o que precisa ser feito - Urbanitae Blog\",\"isPartOf\":{\"@id\":\"https:\\\/\\\/blog.urbanitae.com\\\/pt-pt\\\/#website\"},\"primaryImageOfPage\":{\"@id\":\"https:\\\/\\\/blog.urbanitae.com\\\/pt-pt\\\/2024\\\/11\\\/09\\\/banco-da-espanha-e-habitacao-o-que-precisa-ser-feito\\\/#primaryimage\"},\"image\":{\"@id\":\"https:\\\/\\\/blog.urbanitae.com\\\/pt-pt\\\/2024\\\/11\\\/09\\\/banco-da-espanha-e-habitacao-o-que-precisa-ser-feito\\\/#primaryimage\"},\"thumbnailUrl\":\"https:\\\/\\\/blog.urbanitae.com\\\/wp-content\\\/uploads\\\/2024\\\/11\\\/Banco-de-Espana-y-vivienda.webp\",\"datePublished\":\"2024-11-09T08:00:00+00:00\",\"description\":\"O Banco de Espanha analisa a situa\u00e7\u00e3o do mercado imobili\u00e1rio na Espanha, destacando o d\u00e9ficit habitacional e o aumento dos pre\u00e7os.\",\"breadcrumb\":{\"@id\":\"https:\\\/\\\/blog.urbanitae.com\\\/pt-pt\\\/2024\\\/11\\\/09\\\/banco-da-espanha-e-habitacao-o-que-precisa-ser-feito\\\/#breadcrumb\"},\"inLanguage\":\"pt-PT\",\"potentialAction\":[{\"@type\":\"ReadAction\",\"target\":[\"https:\\\/\\\/blog.urbanitae.com\\\/pt-pt\\\/2024\\\/11\\\/09\\\/banco-da-espanha-e-habitacao-o-que-precisa-ser-feito\\\/\"]}]},{\"@type\":\"ImageObject\",\"inLanguage\":\"pt-PT\",\"@id\":\"https:\\\/\\\/blog.urbanitae.com\\\/pt-pt\\\/2024\\\/11\\\/09\\\/banco-da-espanha-e-habitacao-o-que-precisa-ser-feito\\\/#primaryimage\",\"url\":\"https:\\\/\\\/blog.urbanitae.com\\\/wp-content\\\/uploads\\\/2024\\\/11\\\/Banco-de-Espana-y-vivienda.webp\",\"contentUrl\":\"https:\\\/\\\/blog.urbanitae.com\\\/wp-content\\\/uploads\\\/2024\\\/11\\\/Banco-de-Espana-y-vivienda.webp\",\"width\":1400,\"height\":735,\"caption\":\"Banco de Espana y vivienda\"},{\"@type\":\"BreadcrumbList\",\"@id\":\"https:\\\/\\\/blog.urbanitae.com\\\/pt-pt\\\/2024\\\/11\\\/09\\\/banco-da-espanha-e-habitacao-o-que-precisa-ser-feito\\\/#breadcrumb\",\"itemListElement\":[{\"@type\":\"ListItem\",\"position\":1,\"name\":\"Portada\",\"item\":\"https:\\\/\\\/blog.urbanitae.com\\\/pt-pt\\\/\"},{\"@type\":\"ListItem\",\"position\":2,\"name\":\"Banco da Espanha e habita\u00e7\u00e3o: o que precisa ser feito\"}]},{\"@type\":\"WebSite\",\"@id\":\"https:\\\/\\\/blog.urbanitae.com\\\/pt-pt\\\/#website\",\"url\":\"https:\\\/\\\/blog.urbanitae.com\\\/pt-pt\\\/\",\"name\":\"Urbanitae Blog | Las mejores noticias sobre inversi\u00f3n inmobiliaria\",\"description\":\"Investimento imobili\u00e1rio ao alcance de todos\",\"publisher\":{\"@id\":\"https:\\\/\\\/blog.urbanitae.com\\\/pt-pt\\\/#organization\"},\"potentialAction\":[{\"@type\":\"SearchAction\",\"target\":{\"@type\":\"EntryPoint\",\"urlTemplate\":\"https:\\\/\\\/blog.urbanitae.com\\\/pt-pt\\\/?s={search_term_string}\"},\"query-input\":{\"@type\":\"PropertyValueSpecification\",\"valueRequired\":true,\"valueName\":\"search_term_string\"}}],\"inLanguage\":\"pt-PT\"},{\"@type\":\"Organization\",\"@id\":\"https:\\\/\\\/blog.urbanitae.com\\\/pt-pt\\\/#organization\",\"name\":\"Urbanitae\",\"url\":\"https:\\\/\\\/blog.urbanitae.com\\\/pt-pt\\\/\",\"logo\":{\"@type\":\"ImageObject\",\"inLanguage\":\"pt-PT\",\"@id\":\"https:\\\/\\\/blog.urbanitae.com\\\/pt-pt\\\/#\\\/schema\\\/logo\\\/image\\\/\",\"url\":\"https:\\\/\\\/blog.urbanitae.com\\\/wp-content\\\/uploads\\\/2020\\\/04\\\/logo-verde_350x100.svg\",\"contentUrl\":\"https:\\\/\\\/blog.urbanitae.com\\\/wp-content\\\/uploads\\\/2020\\\/04\\\/logo-verde_350x100.svg\",\"width\":350,\"height\":100,\"caption\":\"Urbanitae\"},\"image\":{\"@id\":\"https:\\\/\\\/blog.urbanitae.com\\\/pt-pt\\\/#\\\/schema\\\/logo\\\/image\\\/\"},\"sameAs\":[\"https:\\\/\\\/www.facebook.com\\\/urbanitae\",\"https:\\\/\\\/x.com\\\/urbanitae\",\"https:\\\/\\\/www.instagram.com\\\/urbanitae\",\"https:\\\/\\\/www.linkedin.com\\\/company\\\/urbanitae\",\"https:\\\/\\\/www.pinterest.es\\\/UrbanitaeSL\\\/_created\\\/\",\"https:\\\/\\\/www.youtube.com\\\/c\\\/Urbanitae_RE\"]},{\"@type\":\"Person\",\"@id\":\"https:\\\/\\\/blog.urbanitae.com\\\/pt-pt\\\/#\\\/schema\\\/person\\\/e7b2d152f5654066832c53f5aa04fbf7\",\"name\":\"Equipo Urbanitae\",\"image\":{\"@type\":\"ImageObject\",\"inLanguage\":\"pt-PT\",\"@id\":\"https:\\\/\\\/secure.gravatar.com\\\/avatar\\\/e75782c6aa253c8ac75c13b1ec97172bb2d67437baa4354ba4b0650a97f565f2?s=96&d=mm&r=g\",\"url\":\"https:\\\/\\\/secure.gravatar.com\\\/avatar\\\/e75782c6aa253c8ac75c13b1ec97172bb2d67437baa4354ba4b0650a97f565f2?s=96&d=mm&r=g\",\"contentUrl\":\"https:\\\/\\\/secure.gravatar.com\\\/avatar\\\/e75782c6aa253c8ac75c13b1ec97172bb2d67437baa4354ba4b0650a97f565f2?s=96&d=mm&r=g\",\"caption\":\"Equipo Urbanitae\"},\"sameAs\":[\"https:\\\/\\\/urbanitae.com\"],\"url\":\"https:\\\/\\\/blog.urbanitae.com\\\/pt-pt\\\/author\\\/urbanitae\\\/\"}]}<\/script>\n<!-- \/ Yoast SEO plugin. -->","yoast_head_json":{"title":"Banco da Espanha e habita\u00e7\u00e3o: o que precisa ser feito - Urbanitae Blog","description":"O Banco de Espanha analisa a situa\u00e7\u00e3o do mercado imobili\u00e1rio na Espanha, destacando o d\u00e9ficit habitacional e o aumento dos pre\u00e7os.","robots":{"index":"index","follow":"follow","max-snippet":"max-snippet:-1","max-image-preview":"max-image-preview:large","max-video-preview":"max-video-preview:-1"},"canonical":"https:\/\/blog.urbanitae.com\/pt-pt\/2024\/11\/09\/banco-da-espanha-e-habitacao-o-que-precisa-ser-feito\/","og_locale":"pt_PT","og_type":"article","og_title":"D\u00e9ficit Habitacional na Espanha: Medidas do Banco de Espanha para Mitigar a Escassez","og_description":"O Banco de Espanha analisa a situa\u00e7\u00e3o do mercado imobili\u00e1rio na Espanha, destacando o d\u00e9ficit habitacional e o aumento dos pre\u00e7os.","og_url":"https:\/\/blog.urbanitae.com\/pt-pt\/2024\/11\/09\/banco-da-espanha-e-habitacao-o-que-precisa-ser-feito\/","og_site_name":"Urbanitae Blog | As melhores not\u00edcias sobre investimentos imobili\u00e1rios","article_publisher":"https:\/\/www.facebook.com\/urbanitae","article_published_time":"2024-11-09T08:00:00+00:00","og_image":[{"width":1400,"height":735,"url":"https:\/\/blog.urbanitae.com\/wp-content\/uploads\/2024\/11\/Banco-de-Espana-y-vivienda.webp","type":"image\/webp"}],"author":"Equipo Urbanitae","twitter_card":"summary_large_image","twitter_creator":"@urbanitae","twitter_site":"@urbanitae","twitter_misc":{"Escrito por":"Equipo Urbanitae","Tempo estimado de leitura":"4 minutos"},"schema":{"@context":"https:\/\/schema.org","@graph":[{"@type":["Article","BlogPosting"],"@id":"https:\/\/blog.urbanitae.com\/pt-pt\/2024\/11\/09\/banco-da-espanha-e-habitacao-o-que-precisa-ser-feito\/#article","isPartOf":{"@id":"https:\/\/blog.urbanitae.com\/pt-pt\/2024\/11\/09\/banco-da-espanha-e-habitacao-o-que-precisa-ser-feito\/"},"author":{"name":"Equipo Urbanitae","@id":"https:\/\/blog.urbanitae.com\/pt-pt\/#\/schema\/person\/e7b2d152f5654066832c53f5aa04fbf7"},"headline":"Banco da Espanha e habita\u00e7\u00e3o: o que precisa ser feito","datePublished":"2024-11-09T08:00:00+00:00","mainEntityOfPage":{"@id":"https:\/\/blog.urbanitae.com\/pt-pt\/2024\/11\/09\/banco-da-espanha-e-habitacao-o-que-precisa-ser-feito\/"},"wordCount":840,"commentCount":0,"publisher":{"@id":"https:\/\/blog.urbanitae.com\/pt-pt\/#organization"},"image":{"@id":"https:\/\/blog.urbanitae.com\/pt-pt\/2024\/11\/09\/banco-da-espanha-e-habitacao-o-que-precisa-ser-feito\/#primaryimage"},"thumbnailUrl":"https:\/\/blog.urbanitae.com\/wp-content\/uploads\/2024\/11\/Banco-de-Espana-y-vivienda.webp","keywords":["habita\u00e7\u00e3o"],"articleSection":["Investimento imobili\u00e1rio"],"inLanguage":"pt-PT","potentialAction":[{"@type":"CommentAction","name":"Comment","target":["https:\/\/blog.urbanitae.com\/pt-pt\/2024\/11\/09\/banco-da-espanha-e-habitacao-o-que-precisa-ser-feito\/#respond"]}]},{"@type":["WebPage","ItemPage"],"@id":"https:\/\/blog.urbanitae.com\/pt-pt\/2024\/11\/09\/banco-da-espanha-e-habitacao-o-que-precisa-ser-feito\/","url":"https:\/\/blog.urbanitae.com\/pt-pt\/2024\/11\/09\/banco-da-espanha-e-habitacao-o-que-precisa-ser-feito\/","name":"Banco da Espanha e habita\u00e7\u00e3o: o que precisa ser feito - Urbanitae Blog","isPartOf":{"@id":"https:\/\/blog.urbanitae.com\/pt-pt\/#website"},"primaryImageOfPage":{"@id":"https:\/\/blog.urbanitae.com\/pt-pt\/2024\/11\/09\/banco-da-espanha-e-habitacao-o-que-precisa-ser-feito\/#primaryimage"},"image":{"@id":"https:\/\/blog.urbanitae.com\/pt-pt\/2024\/11\/09\/banco-da-espanha-e-habitacao-o-que-precisa-ser-feito\/#primaryimage"},"thumbnailUrl":"https:\/\/blog.urbanitae.com\/wp-content\/uploads\/2024\/11\/Banco-de-Espana-y-vivienda.webp","datePublished":"2024-11-09T08:00:00+00:00","description":"O Banco de Espanha analisa a situa\u00e7\u00e3o do mercado imobili\u00e1rio na Espanha, destacando o d\u00e9ficit habitacional e o aumento dos pre\u00e7os.","breadcrumb":{"@id":"https:\/\/blog.urbanitae.com\/pt-pt\/2024\/11\/09\/banco-da-espanha-e-habitacao-o-que-precisa-ser-feito\/#breadcrumb"},"inLanguage":"pt-PT","potentialAction":[{"@type":"ReadAction","target":["https:\/\/blog.urbanitae.com\/pt-pt\/2024\/11\/09\/banco-da-espanha-e-habitacao-o-que-precisa-ser-feito\/"]}]},{"@type":"ImageObject","inLanguage":"pt-PT","@id":"https:\/\/blog.urbanitae.com\/pt-pt\/2024\/11\/09\/banco-da-espanha-e-habitacao-o-que-precisa-ser-feito\/#primaryimage","url":"https:\/\/blog.urbanitae.com\/wp-content\/uploads\/2024\/11\/Banco-de-Espana-y-vivienda.webp","contentUrl":"https:\/\/blog.urbanitae.com\/wp-content\/uploads\/2024\/11\/Banco-de-Espana-y-vivienda.webp","width":1400,"height":735,"caption":"Banco de Espana y vivienda"},{"@type":"BreadcrumbList","@id":"https:\/\/blog.urbanitae.com\/pt-pt\/2024\/11\/09\/banco-da-espanha-e-habitacao-o-que-precisa-ser-feito\/#breadcrumb","itemListElement":[{"@type":"ListItem","position":1,"name":"Portada","item":"https:\/\/blog.urbanitae.com\/pt-pt\/"},{"@type":"ListItem","position":2,"name":"Banco da Espanha e habita\u00e7\u00e3o: o que precisa ser feito"}]},{"@type":"WebSite","@id":"https:\/\/blog.urbanitae.com\/pt-pt\/#website","url":"https:\/\/blog.urbanitae.com\/pt-pt\/","name":"Urbanitae Blog | Las mejores noticias sobre inversi\u00f3n inmobiliaria","description":"Investimento imobili\u00e1rio ao alcance de todos","publisher":{"@id":"https:\/\/blog.urbanitae.com\/pt-pt\/#organization"},"potentialAction":[{"@type":"SearchAction","target":{"@type":"EntryPoint","urlTemplate":"https:\/\/blog.urbanitae.com\/pt-pt\/?s={search_term_string}"},"query-input":{"@type":"PropertyValueSpecification","valueRequired":true,"valueName":"search_term_string"}}],"inLanguage":"pt-PT"},{"@type":"Organization","@id":"https:\/\/blog.urbanitae.com\/pt-pt\/#organization","name":"Urbanitae","url":"https:\/\/blog.urbanitae.com\/pt-pt\/","logo":{"@type":"ImageObject","inLanguage":"pt-PT","@id":"https:\/\/blog.urbanitae.com\/pt-pt\/#\/schema\/logo\/image\/","url":"https:\/\/blog.urbanitae.com\/wp-content\/uploads\/2020\/04\/logo-verde_350x100.svg","contentUrl":"https:\/\/blog.urbanitae.com\/wp-content\/uploads\/2020\/04\/logo-verde_350x100.svg","width":350,"height":100,"caption":"Urbanitae"},"image":{"@id":"https:\/\/blog.urbanitae.com\/pt-pt\/#\/schema\/logo\/image\/"},"sameAs":["https:\/\/www.facebook.com\/urbanitae","https:\/\/x.com\/urbanitae","https:\/\/www.instagram.com\/urbanitae","https:\/\/www.linkedin.com\/company\/urbanitae","https:\/\/www.pinterest.es\/UrbanitaeSL\/_created\/","https:\/\/www.youtube.com\/c\/Urbanitae_RE"]},{"@type":"Person","@id":"https:\/\/blog.urbanitae.com\/pt-pt\/#\/schema\/person\/e7b2d152f5654066832c53f5aa04fbf7","name":"Equipo Urbanitae","image":{"@type":"ImageObject","inLanguage":"pt-PT","@id":"https:\/\/secure.gravatar.com\/avatar\/e75782c6aa253c8ac75c13b1ec97172bb2d67437baa4354ba4b0650a97f565f2?s=96&d=mm&r=g","url":"https:\/\/secure.gravatar.com\/avatar\/e75782c6aa253c8ac75c13b1ec97172bb2d67437baa4354ba4b0650a97f565f2?s=96&d=mm&r=g","contentUrl":"https:\/\/secure.gravatar.com\/avatar\/e75782c6aa253c8ac75c13b1ec97172bb2d67437baa4354ba4b0650a97f565f2?s=96&d=mm&r=g","caption":"Equipo Urbanitae"},"sameAs":["https:\/\/urbanitae.com"],"url":"https:\/\/blog.urbanitae.com\/pt-pt\/author\/urbanitae\/"}]}},"_links":{"self":[{"href":"https:\/\/blog.urbanitae.com\/pt-pt\/wp-json\/wp\/v2\/posts\/52534","targetHints":{"allow":["GET"]}}],"collection":[{"href":"https:\/\/blog.urbanitae.com\/pt-pt\/wp-json\/wp\/v2\/posts"}],"about":[{"href":"https:\/\/blog.urbanitae.com\/pt-pt\/wp-json\/wp\/v2\/types\/post"}],"author":[{"embeddable":true,"href":"https:\/\/blog.urbanitae.com\/pt-pt\/wp-json\/wp\/v2\/users\/1"}],"replies":[{"embeddable":true,"href":"https:\/\/blog.urbanitae.com\/pt-pt\/wp-json\/wp\/v2\/comments?post=52534"}],"version-history":[{"count":0,"href":"https:\/\/blog.urbanitae.com\/pt-pt\/wp-json\/wp\/v2\/posts\/52534\/revisions"}],"wp:featuredmedia":[{"embeddable":true,"href":"https:\/\/blog.urbanitae.com\/pt-pt\/wp-json\/wp\/v2\/media\/52551"}],"wp:attachment":[{"href":"https:\/\/blog.urbanitae.com\/pt-pt\/wp-json\/wp\/v2\/media?parent=52534"}],"wp:term":[{"taxonomy":"category","embeddable":true,"href":"https:\/\/blog.urbanitae.com\/pt-pt\/wp-json\/wp\/v2\/categories?post=52534"},{"taxonomy":"post_tag","embeddable":true,"href":"https:\/\/blog.urbanitae.com\/pt-pt\/wp-json\/wp\/v2\/tags?post=52534"}],"curies":[{"name":"wp","href":"https:\/\/api.w.org\/{rel}","templated":true}]}}