{"id":50375,"date":"2024-09-27T10:25:10","date_gmt":"2024-09-27T08:25:10","guid":{"rendered":"https:\/\/blog.urbanitae.com\/?p=50375"},"modified":"2024-09-27T10:27:49","modified_gmt":"2024-09-27T08:27:49","slug":"urbanitae-e-letsgo-levantam-novamente-o-pano-para-o-fantasma-da-opera","status":"publish","type":"post","link":"https:\/\/blog.urbanitae.com\/pt-pt\/2024\/09\/27\/urbanitae-e-letsgo-levantam-novamente-o-pano-para-o-fantasma-da-opera\/","title":{"rendered":"Urbanitae e Letsgo levantam novamente o pano para &#8216;O Fantasma da \u00d3pera&#8217;"},"content":{"rendered":"\n<p>A magia de um dos musicais mais ic\u00f3nicos do mundo est\u00e1 de volta a Madrid. Hoje, 27 de setembro, <em>O Fantasma da \u00d3pera<\/em> volta a erguer o pano no Teatro Alb\u00e9niz, dando in\u00edcio \u00e0 sua segunda temporada ap\u00f3s o retumbante sucesso da estreia. A produ\u00e7\u00e3o, apoiada por Andrew Lloyd Webber e Antonio Banderas atrav\u00e9s da sua empresa <em>Amigos Para Siempre (APS)<\/em>, regressa \u00e0 capital espanhola, trazida pela produtora Letsgo, com <a href=\"https:\/\/mkt.urbanitae.com\/urbanitae_pela_cultura_pt.html?utm_source=blog_pt&amp;utm_medium=organic&amp;utm_campaign=urbanitae_blog_0924&amp;utm_term=urbanitae_1&amp;utm_content=pt_efdlo_segunda_temporada\" target=\"_blank\" rel=\"noreferrer noopener\">Urbanitae<\/a> como patrocinador principal.<\/p>\n\n\n\n<p>Temos orgulho em renovar o nosso apoio a este musical depois de uma primeira temporada que <strong>atraiu mais de 180.000 espetadores em cerca de 280 atua\u00e7\u00f5es<\/strong> em Madrid. Durante o ver\u00e3o, o espet\u00e1culo foi transferido para o Teatro Arriaga, em Bilbao, onde continuou a colher sucessos com mais de 35.000 assistentes em 38 representa\u00e7\u00f5es.<\/p>\n\n\n\n<p>A proposta de Letsgo e APS revelou-se uma aposta vencedora, n\u00e3o s\u00f3 em termos de p\u00fablico, mas tamb\u00e9m de cr\u00edtica. A produ\u00e7\u00e3o foi reconhecida com pr\u00e9mios importantes na segunda edi\u00e7\u00e3o dos Pr\u00e9mios Tal\u00eda, atribu\u00eddos pela Academia das Artes Performativas de Espanha. Desde a sua estreia em Londres, em 1986, <em>O <a href=\"https:\/\/mkt.urbanitae.com\/urbanitae_fantasma_da_opera_segunda_temporada_ingressos_pt.html?utm_source=blog_pt&amp;utm_medium=organic&amp;utm_campaign=urbanitae_blog_0924&amp;utm_term=fantasma&amp;utm_content=pt_efdlo_segunda_temporada\" target=\"_blank\" rel=\"noreferrer noopener\">Fantasma<\/a><\/em> tornou-se um fen\u00f3meno global, encantando mais de 145 milh\u00f5es de pessoas em 186 cidades, e foi traduzido para 21 l\u00ednguas diferentes. Com mais de 70 pr\u00e9mios, incluindo 7 Tony Awards e 4 Olivier Awards, \u00e9 considerado <strong>o musical de maior sucesso de todos os tempos<\/strong> e o espet\u00e1culo mais antigo em cartaz na Broadway.<\/p>\n\n\n\n<p>A nova temporada no Teatro Alb\u00e9niz promete oferecer uma experi\u00eancia ainda mais impactante. A encena\u00e7\u00e3o apoia-se em tecnologia de ponta para recriar o mundo sombrio e fascinante do Fantasma, sem perder a ess\u00eancia que fez desta obra um cl\u00e1ssico. Esta combina\u00e7\u00e3o de tradi\u00e7\u00e3o e inova\u00e7\u00e3o foi o que atraiu a Urbanitae para fazer parte deste projeto desde o in\u00edcio.<\/p>\n\n\n\n<h2 class=\"wp-block-heading\">Comprometidos com a cultura<\/h2>\n\n\n\n<p>Fi\u00e9is ao nosso compromisso com a cultura e as artes, na Urbanitae vimos neste musical uma oportunidade para nos conectarmos com os nossos investidores de uma forma diferente. Como l\u00edderes em investimento imobili\u00e1rio, apostamos em iniciativas que refor\u00e7am o nosso v\u00ednculo com a sociedade e que, ao mesmo tempo, refletem os nossos valores de inova\u00e7\u00e3o e proximidade.<\/p>\n\n\n\n<p>O patroc\u00ednio da Urbanitae n\u00e3o se limita apenas a um apoio financeiro. A plataforma anunciou recentemente uma <strong>colabora\u00e7\u00e3o com o ator <a href=\"https:\/\/blog.urbanitae.com\/pt-pt\/2024\/07\/10\/geronimo-rauch-novo-embaixador-da-urbanitae\/?utm_source=blog_pt&amp;utm_medium=organic&amp;utm_campaign=urbanitae_blog_0924&amp;utm_term=geronimo_rauch&amp;utm_content=pt_efdlo_segunda_temporada\" target=\"_blank\" rel=\"noreferrer noopener\">Ger\u00f3nimo Rauch<\/a><\/strong>, que interpreta o ic\u00f3nico Fantasma. Rauch, aclamado pelo seu papel em palcos de todo o mundo, \u00e9 desde julho embaixador da marca Urbanitae.<\/p>\n\n\n\n<p>Como afirma o nosso CEO, Diego Gallego, \u201co compromisso da nossa plataforma \u00e9 oferecer oportunidades \u00fanicas de investimento, e <em>O Fantasma da \u00d3pera<\/em> \u00e9 uma verdadeira oportunidade para os sentidos. Como empresa, temos o dever de promover projetos enriquecedores como este.\u201d<\/p>\n\n\n\n<p>O regresso de <em>O Fantasma da \u00d3pera<\/em> a Madrid \u00e9, sem d\u00favida, um dos eventos culturais imperd\u00edveis da temporada. Convidamo-lo a mergulhar nesta experi\u00eancia inesquec\u00edvel, onde a m\u00fasica, a paix\u00e3o e o talento se combinam para dar vida a uma hist\u00f3ria que continua a cativar o mundo. <strong>Se \u00e9 investidor da <a href=\"https:\/\/urbanitae.com\/pt\/o_fantasma_da_opera?utm_source=blog_pt&amp;utm_medium=organic&amp;utm_campaign=urbanitae_blog_0924&amp;utm_term=urbanitae_2&amp;utm_content=pt_efdlo_segunda_temporada\" target=\"_blank\" rel=\"noreferrer noopener\">Urbanitae<\/a>, desfrutar\u00e1 de vantagens exclusivas.<\/strong> N\u00e3o perca esta oportunidade de viver a magia do teatro!<\/p>\n","protected":false},"excerpt":{"rendered":"<p>Ap\u00f3s o sucesso da primeira temporada em Madrid e Bilbau, com mais de 200.000 espectadores no total, o Fantasma regressa a 27 de setembro ao Teatro Alb\u00e9niz, com a Urbanitae como principal patrocinador.<\/p>\n","protected":false},"author":1,"featured_media":50386,"comment_status":"open","ping_status":"open","sticky":false,"template":"","format":"standard","meta":{"inline_featured_image":false,"footnotes":""},"categories":[1029,1086],"tags":[1985,1971,1976,1014],"class_list":["post-50375","post","type-post","status-publish","format-standard","has-post-thumbnail","hentry","category-investimento-imobiliario-pt-pt","category-urbanitae-pt-pt","tag-crowdfunding-immobiliare-pt-pt","tag-cultura-pt-pt","tag-o-fantasma-da-opera","tag-urbanitae-pt"],"blocksy_meta":[],"yoast_head":"<!-- This site is optimized with the Yoast SEO plugin v27.5 - https:\/\/yoast.com\/product\/yoast-seo-wordpress\/ -->\n<title>Urbanitae e Letsgo levantam novamente o pano para &#039;O Fantasma da \u00d3pera&#039; - Urbanitae Blog<\/title>\n<meta name=\"description\" content=\"A Urbanitae e a Letsgo trazem o Fantasma de volta a Madrid. A segunda temporada do musical regressa ao Teatro Alb\u00e9niz a 27 de setembro. Leia mais.\" \/>\n<meta name=\"robots\" content=\"index, follow, max-snippet:-1, max-image-preview:large, max-video-preview:-1\" \/>\n<link rel=\"canonical\" href=\"https:\/\/blog.urbanitae.com\/pt-pt\/2024\/09\/27\/urbanitae-e-letsgo-levantam-novamente-o-pano-para-o-fantasma-da-opera\/\" \/>\n<meta property=\"og:locale\" content=\"pt_PT\" \/>\n<meta property=\"og:type\" content=\"article\" \/>\n<meta property=\"og:title\" content=\"O Fantasma da \u00d3pera regressa ao Teatro Alb\u00e9niz!\" \/>\n<meta property=\"og:description\" content=\"A Urbanitae e a Letsgo trazem o Fantasma de volta a Madrid. A segunda temporada do musical regressa ao Teatro Alb\u00e9niz a 27 de setembro. Leia mais.\" \/>\n<meta property=\"og:url\" content=\"https:\/\/blog.urbanitae.com\/pt-pt\/2024\/09\/27\/urbanitae-e-letsgo-levantam-novamente-o-pano-para-o-fantasma-da-opera\/\" \/>\n<meta property=\"og:site_name\" content=\"Urbanitae Blog | As melhores not\u00edcias sobre investimentos imobili\u00e1rios\" \/>\n<meta property=\"article:publisher\" content=\"https:\/\/www.facebook.com\/urbanitae\" \/>\n<meta property=\"article:published_time\" content=\"2024-09-27T08:25:10+00:00\" \/>\n<meta property=\"article:modified_time\" content=\"2024-09-27T08:27:49+00:00\" \/>\n<meta property=\"og:image\" content=\"https:\/\/blog.urbanitae.com\/wp-content\/uploads\/2024\/09\/urbanitae-letsgo-fantasma-opera-segunda-temporada.webp\" \/>\n\t<meta property=\"og:image:width\" content=\"1400\" \/>\n\t<meta property=\"og:image:height\" content=\"735\" \/>\n\t<meta property=\"og:image:type\" content=\"image\/webp\" \/>\n<meta name=\"author\" content=\"Equipo Urbanitae\" \/>\n<meta name=\"twitter:card\" content=\"summary_large_image\" \/>\n<meta name=\"twitter:creator\" content=\"@urbanitae\" \/>\n<meta name=\"twitter:site\" content=\"@urbanitae\" \/>\n<meta name=\"twitter:label1\" content=\"Escrito por\" \/>\n\t<meta name=\"twitter:data1\" content=\"Equipo Urbanitae\" \/>\n\t<meta name=\"twitter:label2\" content=\"Tempo estimado de leitura\" \/>\n\t<meta name=\"twitter:data2\" content=\"3 minutos\" \/>\n<script type=\"application\/ld+json\" class=\"yoast-schema-graph\">{\"@context\":\"https:\\\/\\\/schema.org\",\"@graph\":[{\"@type\":[\"Article\",\"BlogPosting\"],\"@id\":\"https:\\\/\\\/blog.urbanitae.com\\\/pt-pt\\\/2024\\\/09\\\/27\\\/urbanitae-e-letsgo-levantam-novamente-o-pano-para-o-fantasma-da-opera\\\/#article\",\"isPartOf\":{\"@id\":\"https:\\\/\\\/blog.urbanitae.com\\\/pt-pt\\\/2024\\\/09\\\/27\\\/urbanitae-e-letsgo-levantam-novamente-o-pano-para-o-fantasma-da-opera\\\/\"},\"author\":{\"name\":\"Equipo Urbanitae\",\"@id\":\"https:\\\/\\\/blog.urbanitae.com\\\/pt-pt\\\/#\\\/schema\\\/person\\\/e7b2d152f5654066832c53f5aa04fbf7\"},\"headline\":\"Urbanitae e Letsgo levantam novamente o pano para &#8216;O Fantasma da \u00d3pera&#8217;\",\"datePublished\":\"2024-09-27T08:25:10+00:00\",\"dateModified\":\"2024-09-27T08:27:49+00:00\",\"mainEntityOfPage\":{\"@id\":\"https:\\\/\\\/blog.urbanitae.com\\\/pt-pt\\\/2024\\\/09\\\/27\\\/urbanitae-e-letsgo-levantam-novamente-o-pano-para-o-fantasma-da-opera\\\/\"},\"wordCount\":551,\"commentCount\":0,\"publisher\":{\"@id\":\"https:\\\/\\\/blog.urbanitae.com\\\/pt-pt\\\/#organization\"},\"image\":{\"@id\":\"https:\\\/\\\/blog.urbanitae.com\\\/pt-pt\\\/2024\\\/09\\\/27\\\/urbanitae-e-letsgo-levantam-novamente-o-pano-para-o-fantasma-da-opera\\\/#primaryimage\"},\"thumbnailUrl\":\"https:\\\/\\\/blog.urbanitae.com\\\/wp-content\\\/uploads\\\/2024\\\/09\\\/urbanitae-letsgo-fantasma-opera-segunda-temporada.webp\",\"keywords\":[\"crowdfunding immobiliare\",\"cultura\",\"O Fantasma da \u00d3pera\",\"Urbanitae\"],\"articleSection\":[\"Investimento imobili\u00e1rio\",\"Urbanitae\"],\"inLanguage\":\"pt-PT\",\"potentialAction\":[{\"@type\":\"CommentAction\",\"name\":\"Comment\",\"target\":[\"https:\\\/\\\/blog.urbanitae.com\\\/pt-pt\\\/2024\\\/09\\\/27\\\/urbanitae-e-letsgo-levantam-novamente-o-pano-para-o-fantasma-da-opera\\\/#respond\"]}]},{\"@type\":[\"WebPage\",\"ItemPage\"],\"@id\":\"https:\\\/\\\/blog.urbanitae.com\\\/pt-pt\\\/2024\\\/09\\\/27\\\/urbanitae-e-letsgo-levantam-novamente-o-pano-para-o-fantasma-da-opera\\\/\",\"url\":\"https:\\\/\\\/blog.urbanitae.com\\\/pt-pt\\\/2024\\\/09\\\/27\\\/urbanitae-e-letsgo-levantam-novamente-o-pano-para-o-fantasma-da-opera\\\/\",\"name\":\"Urbanitae e Letsgo levantam novamente o pano para 'O Fantasma da \u00d3pera' - Urbanitae Blog\",\"isPartOf\":{\"@id\":\"https:\\\/\\\/blog.urbanitae.com\\\/pt-pt\\\/#website\"},\"primaryImageOfPage\":{\"@id\":\"https:\\\/\\\/blog.urbanitae.com\\\/pt-pt\\\/2024\\\/09\\\/27\\\/urbanitae-e-letsgo-levantam-novamente-o-pano-para-o-fantasma-da-opera\\\/#primaryimage\"},\"image\":{\"@id\":\"https:\\\/\\\/blog.urbanitae.com\\\/pt-pt\\\/2024\\\/09\\\/27\\\/urbanitae-e-letsgo-levantam-novamente-o-pano-para-o-fantasma-da-opera\\\/#primaryimage\"},\"thumbnailUrl\":\"https:\\\/\\\/blog.urbanitae.com\\\/wp-content\\\/uploads\\\/2024\\\/09\\\/urbanitae-letsgo-fantasma-opera-segunda-temporada.webp\",\"datePublished\":\"2024-09-27T08:25:10+00:00\",\"dateModified\":\"2024-09-27T08:27:49+00:00\",\"description\":\"A Urbanitae e a Letsgo trazem o Fantasma de volta a Madrid. A segunda temporada do musical regressa ao Teatro Alb\u00e9niz a 27 de setembro. Leia mais.\",\"breadcrumb\":{\"@id\":\"https:\\\/\\\/blog.urbanitae.com\\\/pt-pt\\\/2024\\\/09\\\/27\\\/urbanitae-e-letsgo-levantam-novamente-o-pano-para-o-fantasma-da-opera\\\/#breadcrumb\"},\"inLanguage\":\"pt-PT\",\"potentialAction\":[{\"@type\":\"ReadAction\",\"target\":[\"https:\\\/\\\/blog.urbanitae.com\\\/pt-pt\\\/2024\\\/09\\\/27\\\/urbanitae-e-letsgo-levantam-novamente-o-pano-para-o-fantasma-da-opera\\\/\"]}]},{\"@type\":\"ImageObject\",\"inLanguage\":\"pt-PT\",\"@id\":\"https:\\\/\\\/blog.urbanitae.com\\\/pt-pt\\\/2024\\\/09\\\/27\\\/urbanitae-e-letsgo-levantam-novamente-o-pano-para-o-fantasma-da-opera\\\/#primaryimage\",\"url\":\"https:\\\/\\\/blog.urbanitae.com\\\/wp-content\\\/uploads\\\/2024\\\/09\\\/urbanitae-letsgo-fantasma-opera-segunda-temporada.webp\",\"contentUrl\":\"https:\\\/\\\/blog.urbanitae.com\\\/wp-content\\\/uploads\\\/2024\\\/09\\\/urbanitae-letsgo-fantasma-opera-segunda-temporada.webp\",\"width\":1400,\"height\":735,\"caption\":\"Urbanitae y Letsgo abren de nuevo el tel\u00f3n de \u2018El Fantasma de la \u00d3pera\u2019.\"},{\"@type\":\"BreadcrumbList\",\"@id\":\"https:\\\/\\\/blog.urbanitae.com\\\/pt-pt\\\/2024\\\/09\\\/27\\\/urbanitae-e-letsgo-levantam-novamente-o-pano-para-o-fantasma-da-opera\\\/#breadcrumb\",\"itemListElement\":[{\"@type\":\"ListItem\",\"position\":1,\"name\":\"Portada\",\"item\":\"https:\\\/\\\/blog.urbanitae.com\\\/pt-pt\\\/\"},{\"@type\":\"ListItem\",\"position\":2,\"name\":\"Urbanitae e Letsgo levantam novamente o pano para &#8216;O Fantasma da \u00d3pera&#8217;\"}]},{\"@type\":\"WebSite\",\"@id\":\"https:\\\/\\\/blog.urbanitae.com\\\/pt-pt\\\/#website\",\"url\":\"https:\\\/\\\/blog.urbanitae.com\\\/pt-pt\\\/\",\"name\":\"Urbanitae Blog | Las mejores noticias sobre inversi\u00f3n inmobiliaria\",\"description\":\"Investimento imobili\u00e1rio ao alcance de todos\",\"publisher\":{\"@id\":\"https:\\\/\\\/blog.urbanitae.com\\\/pt-pt\\\/#organization\"},\"potentialAction\":[{\"@type\":\"SearchAction\",\"target\":{\"@type\":\"EntryPoint\",\"urlTemplate\":\"https:\\\/\\\/blog.urbanitae.com\\\/pt-pt\\\/?s={search_term_string}\"},\"query-input\":{\"@type\":\"PropertyValueSpecification\",\"valueRequired\":true,\"valueName\":\"search_term_string\"}}],\"inLanguage\":\"pt-PT\"},{\"@type\":\"Organization\",\"@id\":\"https:\\\/\\\/blog.urbanitae.com\\\/pt-pt\\\/#organization\",\"name\":\"Urbanitae\",\"url\":\"https:\\\/\\\/blog.urbanitae.com\\\/pt-pt\\\/\",\"logo\":{\"@type\":\"ImageObject\",\"inLanguage\":\"pt-PT\",\"@id\":\"https:\\\/\\\/blog.urbanitae.com\\\/pt-pt\\\/#\\\/schema\\\/logo\\\/image\\\/\",\"url\":\"https:\\\/\\\/blog.urbanitae.com\\\/wp-content\\\/uploads\\\/2020\\\/04\\\/logo-verde_350x100.svg\",\"contentUrl\":\"https:\\\/\\\/blog.urbanitae.com\\\/wp-content\\\/uploads\\\/2020\\\/04\\\/logo-verde_350x100.svg\",\"width\":350,\"height\":100,\"caption\":\"Urbanitae\"},\"image\":{\"@id\":\"https:\\\/\\\/blog.urbanitae.com\\\/pt-pt\\\/#\\\/schema\\\/logo\\\/image\\\/\"},\"sameAs\":[\"https:\\\/\\\/www.facebook.com\\\/urbanitae\",\"https:\\\/\\\/x.com\\\/urbanitae\",\"https:\\\/\\\/www.instagram.com\\\/urbanitae\",\"https:\\\/\\\/www.linkedin.com\\\/company\\\/urbanitae\",\"https:\\\/\\\/www.pinterest.es\\\/UrbanitaeSL\\\/_created\\\/\",\"https:\\\/\\\/www.youtube.com\\\/c\\\/Urbanitae_RE\"]},{\"@type\":\"Person\",\"@id\":\"https:\\\/\\\/blog.urbanitae.com\\\/pt-pt\\\/#\\\/schema\\\/person\\\/e7b2d152f5654066832c53f5aa04fbf7\",\"name\":\"Equipo Urbanitae\",\"image\":{\"@type\":\"ImageObject\",\"inLanguage\":\"pt-PT\",\"@id\":\"https:\\\/\\\/secure.gravatar.com\\\/avatar\\\/e75782c6aa253c8ac75c13b1ec97172bb2d67437baa4354ba4b0650a97f565f2?s=96&d=mm&r=g\",\"url\":\"https:\\\/\\\/secure.gravatar.com\\\/avatar\\\/e75782c6aa253c8ac75c13b1ec97172bb2d67437baa4354ba4b0650a97f565f2?s=96&d=mm&r=g\",\"contentUrl\":\"https:\\\/\\\/secure.gravatar.com\\\/avatar\\\/e75782c6aa253c8ac75c13b1ec97172bb2d67437baa4354ba4b0650a97f565f2?s=96&d=mm&r=g\",\"caption\":\"Equipo Urbanitae\"},\"sameAs\":[\"https:\\\/\\\/urbanitae.com\"],\"url\":\"https:\\\/\\\/blog.urbanitae.com\\\/pt-pt\\\/author\\\/urbanitae\\\/\"}]}<\/script>\n<!-- \/ Yoast SEO plugin. -->","yoast_head_json":{"title":"Urbanitae e Letsgo levantam novamente o pano para 'O Fantasma da \u00d3pera' - Urbanitae Blog","description":"A Urbanitae e a Letsgo trazem o Fantasma de volta a Madrid. A segunda temporada do musical regressa ao Teatro Alb\u00e9niz a 27 de setembro. Leia mais.","robots":{"index":"index","follow":"follow","max-snippet":"max-snippet:-1","max-image-preview":"max-image-preview:large","max-video-preview":"max-video-preview:-1"},"canonical":"https:\/\/blog.urbanitae.com\/pt-pt\/2024\/09\/27\/urbanitae-e-letsgo-levantam-novamente-o-pano-para-o-fantasma-da-opera\/","og_locale":"pt_PT","og_type":"article","og_title":"O Fantasma da \u00d3pera regressa ao Teatro Alb\u00e9niz!","og_description":"A Urbanitae e a Letsgo trazem o Fantasma de volta a Madrid. A segunda temporada do musical regressa ao Teatro Alb\u00e9niz a 27 de setembro. Leia mais.","og_url":"https:\/\/blog.urbanitae.com\/pt-pt\/2024\/09\/27\/urbanitae-e-letsgo-levantam-novamente-o-pano-para-o-fantasma-da-opera\/","og_site_name":"Urbanitae Blog | As melhores not\u00edcias sobre investimentos imobili\u00e1rios","article_publisher":"https:\/\/www.facebook.com\/urbanitae","article_published_time":"2024-09-27T08:25:10+00:00","article_modified_time":"2024-09-27T08:27:49+00:00","og_image":[{"width":1400,"height":735,"url":"https:\/\/blog.urbanitae.com\/wp-content\/uploads\/2024\/09\/urbanitae-letsgo-fantasma-opera-segunda-temporada.webp","type":"image\/webp"}],"author":"Equipo Urbanitae","twitter_card":"summary_large_image","twitter_creator":"@urbanitae","twitter_site":"@urbanitae","twitter_misc":{"Escrito por":"Equipo Urbanitae","Tempo estimado de leitura":"3 minutos"},"schema":{"@context":"https:\/\/schema.org","@graph":[{"@type":["Article","BlogPosting"],"@id":"https:\/\/blog.urbanitae.com\/pt-pt\/2024\/09\/27\/urbanitae-e-letsgo-levantam-novamente-o-pano-para-o-fantasma-da-opera\/#article","isPartOf":{"@id":"https:\/\/blog.urbanitae.com\/pt-pt\/2024\/09\/27\/urbanitae-e-letsgo-levantam-novamente-o-pano-para-o-fantasma-da-opera\/"},"author":{"name":"Equipo Urbanitae","@id":"https:\/\/blog.urbanitae.com\/pt-pt\/#\/schema\/person\/e7b2d152f5654066832c53f5aa04fbf7"},"headline":"Urbanitae e Letsgo levantam novamente o pano para &#8216;O Fantasma da \u00d3pera&#8217;","datePublished":"2024-09-27T08:25:10+00:00","dateModified":"2024-09-27T08:27:49+00:00","mainEntityOfPage":{"@id":"https:\/\/blog.urbanitae.com\/pt-pt\/2024\/09\/27\/urbanitae-e-letsgo-levantam-novamente-o-pano-para-o-fantasma-da-opera\/"},"wordCount":551,"commentCount":0,"publisher":{"@id":"https:\/\/blog.urbanitae.com\/pt-pt\/#organization"},"image":{"@id":"https:\/\/blog.urbanitae.com\/pt-pt\/2024\/09\/27\/urbanitae-e-letsgo-levantam-novamente-o-pano-para-o-fantasma-da-opera\/#primaryimage"},"thumbnailUrl":"https:\/\/blog.urbanitae.com\/wp-content\/uploads\/2024\/09\/urbanitae-letsgo-fantasma-opera-segunda-temporada.webp","keywords":["crowdfunding immobiliare","cultura","O Fantasma da \u00d3pera","Urbanitae"],"articleSection":["Investimento imobili\u00e1rio","Urbanitae"],"inLanguage":"pt-PT","potentialAction":[{"@type":"CommentAction","name":"Comment","target":["https:\/\/blog.urbanitae.com\/pt-pt\/2024\/09\/27\/urbanitae-e-letsgo-levantam-novamente-o-pano-para-o-fantasma-da-opera\/#respond"]}]},{"@type":["WebPage","ItemPage"],"@id":"https:\/\/blog.urbanitae.com\/pt-pt\/2024\/09\/27\/urbanitae-e-letsgo-levantam-novamente-o-pano-para-o-fantasma-da-opera\/","url":"https:\/\/blog.urbanitae.com\/pt-pt\/2024\/09\/27\/urbanitae-e-letsgo-levantam-novamente-o-pano-para-o-fantasma-da-opera\/","name":"Urbanitae e Letsgo levantam novamente o pano para 'O Fantasma da \u00d3pera' - Urbanitae Blog","isPartOf":{"@id":"https:\/\/blog.urbanitae.com\/pt-pt\/#website"},"primaryImageOfPage":{"@id":"https:\/\/blog.urbanitae.com\/pt-pt\/2024\/09\/27\/urbanitae-e-letsgo-levantam-novamente-o-pano-para-o-fantasma-da-opera\/#primaryimage"},"image":{"@id":"https:\/\/blog.urbanitae.com\/pt-pt\/2024\/09\/27\/urbanitae-e-letsgo-levantam-novamente-o-pano-para-o-fantasma-da-opera\/#primaryimage"},"thumbnailUrl":"https:\/\/blog.urbanitae.com\/wp-content\/uploads\/2024\/09\/urbanitae-letsgo-fantasma-opera-segunda-temporada.webp","datePublished":"2024-09-27T08:25:10+00:00","dateModified":"2024-09-27T08:27:49+00:00","description":"A Urbanitae e a Letsgo trazem o Fantasma de volta a Madrid. A segunda temporada do musical regressa ao Teatro Alb\u00e9niz a 27 de setembro. Leia mais.","breadcrumb":{"@id":"https:\/\/blog.urbanitae.com\/pt-pt\/2024\/09\/27\/urbanitae-e-letsgo-levantam-novamente-o-pano-para-o-fantasma-da-opera\/#breadcrumb"},"inLanguage":"pt-PT","potentialAction":[{"@type":"ReadAction","target":["https:\/\/blog.urbanitae.com\/pt-pt\/2024\/09\/27\/urbanitae-e-letsgo-levantam-novamente-o-pano-para-o-fantasma-da-opera\/"]}]},{"@type":"ImageObject","inLanguage":"pt-PT","@id":"https:\/\/blog.urbanitae.com\/pt-pt\/2024\/09\/27\/urbanitae-e-letsgo-levantam-novamente-o-pano-para-o-fantasma-da-opera\/#primaryimage","url":"https:\/\/blog.urbanitae.com\/wp-content\/uploads\/2024\/09\/urbanitae-letsgo-fantasma-opera-segunda-temporada.webp","contentUrl":"https:\/\/blog.urbanitae.com\/wp-content\/uploads\/2024\/09\/urbanitae-letsgo-fantasma-opera-segunda-temporada.webp","width":1400,"height":735,"caption":"Urbanitae y Letsgo abren de nuevo el tel\u00f3n de \u2018El Fantasma de la \u00d3pera\u2019."},{"@type":"BreadcrumbList","@id":"https:\/\/blog.urbanitae.com\/pt-pt\/2024\/09\/27\/urbanitae-e-letsgo-levantam-novamente-o-pano-para-o-fantasma-da-opera\/#breadcrumb","itemListElement":[{"@type":"ListItem","position":1,"name":"Portada","item":"https:\/\/blog.urbanitae.com\/pt-pt\/"},{"@type":"ListItem","position":2,"name":"Urbanitae e Letsgo levantam novamente o pano para &#8216;O Fantasma da \u00d3pera&#8217;"}]},{"@type":"WebSite","@id":"https:\/\/blog.urbanitae.com\/pt-pt\/#website","url":"https:\/\/blog.urbanitae.com\/pt-pt\/","name":"Urbanitae Blog | Las mejores noticias sobre inversi\u00f3n inmobiliaria","description":"Investimento imobili\u00e1rio ao alcance de todos","publisher":{"@id":"https:\/\/blog.urbanitae.com\/pt-pt\/#organization"},"potentialAction":[{"@type":"SearchAction","target":{"@type":"EntryPoint","urlTemplate":"https:\/\/blog.urbanitae.com\/pt-pt\/?s={search_term_string}"},"query-input":{"@type":"PropertyValueSpecification","valueRequired":true,"valueName":"search_term_string"}}],"inLanguage":"pt-PT"},{"@type":"Organization","@id":"https:\/\/blog.urbanitae.com\/pt-pt\/#organization","name":"Urbanitae","url":"https:\/\/blog.urbanitae.com\/pt-pt\/","logo":{"@type":"ImageObject","inLanguage":"pt-PT","@id":"https:\/\/blog.urbanitae.com\/pt-pt\/#\/schema\/logo\/image\/","url":"https:\/\/blog.urbanitae.com\/wp-content\/uploads\/2020\/04\/logo-verde_350x100.svg","contentUrl":"https:\/\/blog.urbanitae.com\/wp-content\/uploads\/2020\/04\/logo-verde_350x100.svg","width":350,"height":100,"caption":"Urbanitae"},"image":{"@id":"https:\/\/blog.urbanitae.com\/pt-pt\/#\/schema\/logo\/image\/"},"sameAs":["https:\/\/www.facebook.com\/urbanitae","https:\/\/x.com\/urbanitae","https:\/\/www.instagram.com\/urbanitae","https:\/\/www.linkedin.com\/company\/urbanitae","https:\/\/www.pinterest.es\/UrbanitaeSL\/_created\/","https:\/\/www.youtube.com\/c\/Urbanitae_RE"]},{"@type":"Person","@id":"https:\/\/blog.urbanitae.com\/pt-pt\/#\/schema\/person\/e7b2d152f5654066832c53f5aa04fbf7","name":"Equipo Urbanitae","image":{"@type":"ImageObject","inLanguage":"pt-PT","@id":"https:\/\/secure.gravatar.com\/avatar\/e75782c6aa253c8ac75c13b1ec97172bb2d67437baa4354ba4b0650a97f565f2?s=96&d=mm&r=g","url":"https:\/\/secure.gravatar.com\/avatar\/e75782c6aa253c8ac75c13b1ec97172bb2d67437baa4354ba4b0650a97f565f2?s=96&d=mm&r=g","contentUrl":"https:\/\/secure.gravatar.com\/avatar\/e75782c6aa253c8ac75c13b1ec97172bb2d67437baa4354ba4b0650a97f565f2?s=96&d=mm&r=g","caption":"Equipo Urbanitae"},"sameAs":["https:\/\/urbanitae.com"],"url":"https:\/\/blog.urbanitae.com\/pt-pt\/author\/urbanitae\/"}]}},"_links":{"self":[{"href":"https:\/\/blog.urbanitae.com\/pt-pt\/wp-json\/wp\/v2\/posts\/50375","targetHints":{"allow":["GET"]}}],"collection":[{"href":"https:\/\/blog.urbanitae.com\/pt-pt\/wp-json\/wp\/v2\/posts"}],"about":[{"href":"https:\/\/blog.urbanitae.com\/pt-pt\/wp-json\/wp\/v2\/types\/post"}],"author":[{"embeddable":true,"href":"https:\/\/blog.urbanitae.com\/pt-pt\/wp-json\/wp\/v2\/users\/1"}],"replies":[{"embeddable":true,"href":"https:\/\/blog.urbanitae.com\/pt-pt\/wp-json\/wp\/v2\/comments?post=50375"}],"version-history":[{"count":0,"href":"https:\/\/blog.urbanitae.com\/pt-pt\/wp-json\/wp\/v2\/posts\/50375\/revisions"}],"wp:featuredmedia":[{"embeddable":true,"href":"https:\/\/blog.urbanitae.com\/pt-pt\/wp-json\/wp\/v2\/media\/50386"}],"wp:attachment":[{"href":"https:\/\/blog.urbanitae.com\/pt-pt\/wp-json\/wp\/v2\/media?parent=50375"}],"wp:term":[{"taxonomy":"category","embeddable":true,"href":"https:\/\/blog.urbanitae.com\/pt-pt\/wp-json\/wp\/v2\/categories?post=50375"},{"taxonomy":"post_tag","embeddable":true,"href":"https:\/\/blog.urbanitae.com\/pt-pt\/wp-json\/wp\/v2\/tags?post=50375"}],"curies":[{"name":"wp","href":"https:\/\/api.w.org\/{rel}","templated":true}]}}