{"id":49345,"date":"2024-09-09T12:52:14","date_gmt":"2024-09-09T10:52:14","guid":{"rendered":"https:\/\/blog.urbanitae.com\/?p=49345"},"modified":"2024-09-12T12:24:23","modified_gmt":"2024-09-12T10:24:23","slug":"novo-projeto-investe-em-alicante-com-30-de-reservas","status":"publish","type":"post","link":"https:\/\/blog.urbanitae.com\/pt-pt\/2024\/09\/09\/novo-projeto-investe-em-alicante-com-30-de-reservas\/","title":{"rendered":"Novo projeto! Investe em Alicante com 30% de reservas"},"content":{"rendered":"\t\t<div data-elementor-type=\"wp-post\" data-elementor-id=\"49345\" class=\"elementor elementor-49345 elementor-49337\">\n\t\t\t\t\t\t<section class=\"elementor-section elementor-top-section elementor-element elementor-element-38040311 elementor-section-boxed elementor-section-height-default elementor-section-height-default\" data-id=\"38040311\" data-element_type=\"section\" data-e-type=\"section\">\n\t\t\t\t\t\t<div class=\"elementor-container elementor-column-gap-default\">\n\t\t\t\t\t<div class=\"elementor-column elementor-col-100 elementor-top-column elementor-element elementor-element-2ddf615c\" data-id=\"2ddf615c\" data-element_type=\"column\" data-e-type=\"column\">\n\t\t\t<div class=\"elementor-widget-wrap elementor-element-populated\">\n\t\t\t\t\t\t<div class=\"elementor-element elementor-element-63c6a2e8 elementor-widget elementor-widget-text-editor\" data-id=\"63c6a2e8\" data-element_type=\"widget\" data-e-type=\"widget\" data-widget_type=\"text-editor.default\">\n\t\t\t\t<div class=\"elementor-widget-container\">\n\t\t\t\t\t\t\t\t\t<p><\/p>\n<p>Apresentamos-vos um novo projeto de mais-valia. <strong>Esta sexta-feira, 13 de setembro, \u00e0s 12:00 (UTC+2),<\/strong> ter\u00e1s a oportunidade de investir em Villajoyosa, Alicante.\u00a0Contamos todos os detalhes.<\/p>\n<p><\/p>\n<p>O <a href=\"https:\/\/urbanitae.com\/pt\/projeto\/P000314?utm_source=blog_pt&amp;utm_medium=organic&amp;utm_campaign=urbanitae_blog_0924&amp;utm_content=pt_proyecto_allonbay_urban\" target=\"_blank\" rel=\"noreferrer noopener\">projeto Allonbay Urban<\/a> consiste no <strong>desenvolvimento de uma promo\u00e7\u00e3o residencial nova<\/strong> que engloba 23 habita\u00e7\u00f5es, divididas em um bloco de 15 habita\u00e7\u00f5es com um, dois e tr\u00eas quartos e outro de 8 habita\u00e7\u00f5es de um quarto. A promo\u00e7\u00e3o conta, al\u00e9m disso, com 20 arrecada\u00e7\u00f5es, 13 lugares de estacionamento e zonas comuns como gin\u00e1sio, sauna, gastroteca e sol\u00e1rio.Allonbay Urban situa-se neste caso em Villajoyosa, na avenida principal do munic\u00edpio, a <strong>menos de 200 metros da praia.<\/strong> A mesma promo\u00e7\u00e3o oferece vistas para o mar na Costa Blanca e beneficia de comunica\u00e7\u00f5es diretas com Alicante, al\u00e9m de locais de interesse tur\u00edstico como <strong>Benidorm, J\u00e1vea, Denia e Gand\u00eda.<\/strong><\/p>\n<p><\/p>\n<p>O gestor deste projeto \u00e9 a Quadratia, uma empresa fundada em 2005, que participou no desenvolvimento de mais de 7.500 habita\u00e7\u00f5es em todo o pa\u00eds, com especial foco na costa mediterr\u00e2nica. Al\u00e9m da sua longa experi\u00eancia, <strong>\u00e9 o quarto projeto em que trabalha juntamente com a Urbanitae,<\/strong> ap\u00f3s financiar as promo\u00e7\u00f5es <a href=\"https:\/\/blog.urbanitae.com\/pt-pt\/2023\/11\/17\/novo-projeto-em-alicante-com-licenca-de-construcao-concedida\/?utm_source=blog_pt&amp;utm_medium=organic&amp;utm_campaign=urbanitae_blog_0924&amp;utm_content=pt_proyecto_allonbay_urban\" target=\"_blank\" rel=\"noreferrer noopener\">Allonbay Aura<\/a>, <a href=\"https:\/\/blog.urbanitae.com\/pt-pt\/2024\/01\/25\/invista-em-imoveis-na-costa-em-alicante\/?utm_source=blog_pt&amp;utm_medium=organic&amp;utm_campaign=urbanitae_blog_0924&amp;utm_content=pt_proyecto_allonbay_urban\" target=\"_blank\" rel=\"noreferrer noopener\">Allonbay Azure<\/a> e <a href=\"https:\/\/blog.urbanitae.com\/pt-pt\/2024\/01\/25\/invista-em-imoveis-na-costa-em-alicante\/?utm_source=blog_pt&amp;utm_medium=organic&amp;utm_campaign=urbanitae_blog_0924&amp;utm_content=pt_proyecto_allonbay_urban\" target=\"_blank\" rel=\"noreferrer noopener\">Allonbay Alba<\/a>, que se encontram comercializadas em 84%, 57% e 59% respetivamente e com trabalhos de constru\u00e7\u00e3o em curso em dois deles.<\/p>\n<p><\/p>\n<h2>Licen\u00e7a de constru\u00e7\u00e3o solicitada<\/h2>\n<p><\/p>\n<p>O projeto tem uma estrat\u00e9gia de mais-valia. Ou seja, os investidores da Urbanitae e o promotor tornam-se s\u00f3cios para desenvolver a promo\u00e7\u00e3o. As contribui\u00e7\u00f5es de todos eles ir\u00e3o para a <strong>aquisi\u00e7\u00e3o do terreno<\/strong> sobre o qual ser\u00e1 constru\u00eddo o projeto e para <strong>suportar os custos de arranque<\/strong> at\u00e9 \u00e0 concess\u00e3o do empr\u00e9stimo do promotor.Especificamente, <strong>os investidores da Urbanitae ir\u00e3o contribuir com 2.080.000 euros,<\/strong> enquanto a Quadratia se encarregar\u00e1 da gest\u00e3o integral da promo\u00e7\u00e3o e contribuir\u00e1 com 20% do capital total do investimento.<\/p>\n<p><\/p>\n<p>Entre os pontos fortes deste projeto, \u00e9 importante destacar que a comercializa\u00e7\u00e3o come\u00e7ou em junho de 2024 e <strong>j\u00e1 foram feitas reservas em 7 das 23 habita\u00e7\u00f5es que comp\u00f5em a promo\u00e7\u00e3o, ou seja, 30%.<\/strong> A formaliza\u00e7\u00e3o dos contratos de compra e venda ter\u00e1 lugar ap\u00f3s a concess\u00e3o do empr\u00e9stimo ao promotor e com o in\u00edcio dos trabalhos de execu\u00e7\u00e3o da obra, previstos para o segundo trimestre de 2025. Quanto \u00e0 <strong>licen\u00e7a de constru\u00e7\u00e3o, j\u00e1 foi solicitada<\/strong> e espera-se que a sua concess\u00e3o ocorra durante os meses de setembro ou outubro de 2024.<\/p>\n<p><\/p>\n<h2>Rentabilidade em 26-30 meses<\/h2>\n<p><\/p>\n<p>Como em todos os <a href=\"https:\/\/blog.urbanitae.com\/pt-pt\/2024\/02\/21\/como-sao-os-projetos-de-valorizacao-na-urbanitae\/?utm_source=blog_pt&amp;utm_medium=organic&amp;utm_campaign=urbanitae_blog_0924&amp;utm_content=pt_proyecto_allonbay_urban\" target=\"_blank\" rel=\"noreferrer noopener\">projetos de mais-valia<\/a>, o regulador (CNMV) n\u00e3o permite avan\u00e7ar um valor de rentabilidade estimado. Al\u00e9m disso, exige que apresentemos dois cen\u00e1rios adicionais ao que tomamos como base. Em todos eles, o c\u00e1lculo da rentabilidade \u00e9 feito da mesma forma, a partir dos dados da ficha do projeto. A f\u00f3rmula \u00e9 a seguinte: <strong>(Previs\u00e3o de receitas \u2013 Estimativa de custos) \/ Capital total.<\/strong><\/p>\n<p><\/p>\n<p>Em suma, <strong>a dura\u00e7\u00e3o estimada deste projeto \u00e9 de 26-30 meses.<\/strong> No terceiro trimestre de 2024, espera-se o fecho da opera\u00e7\u00e3o. No primeiro trimestre de 2025, ter\u00e3o in\u00edcio os trabalhos de conclus\u00e3o da obra e entre o terceiro e o quarto trimestre de 2026 ter\u00e1 lugar o fim da constru\u00e7\u00e3o, e prev\u00ea-se a obten\u00e7\u00e3o da licen\u00e7a de primeira ocupa\u00e7\u00e3o e a entrega das habita\u00e7\u00f5es. Por fim, <strong>entre o segundo trimestre de 2026 e o primeiro trimestre de 2027, espera-se que os lucros sejam distribu\u00eddos entre os investidores.<\/strong><\/p>\n<p><\/p>\n<p>Neste v\u00eddeo, o nosso CEO, Diego Bestard, explica, juntamente com o promotor, os pontos-chave do projeto.<\/p>\n<p><\/p>\t\t\t\t\t\t\t\t<\/div>\n\t\t\t\t<\/div>\n\t\t\t\t\t<\/div>\n\t\t<\/div>\n\t\t\t\t\t<\/div>\n\t\t<\/section>\n\t\t\t\t<section class=\"elementor-section elementor-top-section elementor-element elementor-element-d330679 elementor-section-boxed elementor-section-height-default elementor-section-height-default\" data-id=\"d330679\" data-element_type=\"section\" data-e-type=\"section\">\n\t\t\t\t\t\t<div class=\"elementor-container elementor-column-gap-default\">\n\t\t\t\t\t<div class=\"elementor-column elementor-col-100 elementor-top-column elementor-element elementor-element-9737ad4\" data-id=\"9737ad4\" data-element_type=\"column\" data-e-type=\"column\">\n\t\t\t<div class=\"elementor-widget-wrap elementor-element-populated\">\n\t\t\t\t\t\t<div class=\"elementor-element elementor-element-82342a1 elementor-widget elementor-widget-video\" data-id=\"82342a1\" data-element_type=\"widget\" data-e-type=\"widget\" data-settings=\"{&quot;youtube_url&quot;:&quot;https:\\\/\\\/youtu.be\\\/UH0eT-U3t8I&quot;,&quot;video_type&quot;:&quot;youtube&quot;,&quot;controls&quot;:&quot;yes&quot;}\" data-widget_type=\"video.default\">\n\t\t\t\t<div class=\"elementor-widget-container\">\n\t\t\t\t\t\t\t<div class=\"elementor-wrapper elementor-open-inline\">\n\t\t\t<div class=\"elementor-video\"><\/div>\t\t<\/div>\n\t\t\t\t\t\t<\/div>\n\t\t\t\t<\/div>\n\t\t\t\t\t<\/div>\n\t\t<\/div>\n\t\t\t\t\t<\/div>\n\t\t<\/section>\n\t\t\t\t<section class=\"elementor-section elementor-top-section elementor-element elementor-element-e35b3a4 elementor-section-boxed elementor-section-height-default elementor-section-height-default\" data-id=\"e35b3a4\" data-element_type=\"section\" data-e-type=\"section\">\n\t\t\t\t\t\t<div class=\"elementor-container elementor-column-gap-default\">\n\t\t\t\t\t<div class=\"elementor-column elementor-col-100 elementor-top-column elementor-element elementor-element-3b89a34\" data-id=\"3b89a34\" data-element_type=\"column\" data-e-type=\"column\">\n\t\t\t<div class=\"elementor-widget-wrap elementor-element-populated\">\n\t\t\t\t\t\t<div class=\"elementor-element elementor-element-bc6860c elementor-widget elementor-widget-text-editor\" data-id=\"bc6860c\" data-element_type=\"widget\" data-e-type=\"widget\" data-widget_type=\"text-editor.default\">\n\t\t\t\t<div class=\"elementor-widget-container\">\n\t\t\t\t\t\t\t\t\t<p>Em todo o caso, se ainda tiveres d\u00favidas, podes ver <strong>o <a href=\"https:\/\/youtu.be\/J24myukMkDc\" target=\"_blank\" rel=\"noopener\">webinar<\/a> que realiz\u00e1mos com o promotor<\/strong> na passada quarta-feira, 11 de setembro.\u00a0Al\u00e9m disso, podes falar connosco em <a href=\"mailto:contacto@urbanitae.com\" target=\"_blank\" rel=\"noopener\">contacto@urbanitae.com<\/a> e atrav\u00e9s do (+34) 911 23 25 22. O que est\u00e1s \u00e0 espera para investir em novos empreendimentos em Alicante connosco?<\/p>\t\t\t\t\t\t\t\t<\/div>\n\t\t\t\t<\/div>\n\t\t\t\t\t<\/div>\n\t\t<\/div>\n\t\t\t\t\t<\/div>\n\t\t<\/section>\n\t\t\t\t<\/div>\n\t\t","protected":false},"excerpt":{"rendered":"<p>Investe em Villajoyosa (Alicante) no desenvolvimento de uma promo\u00e7\u00e3o residencial nova e obt\u00e9m rentabilidade em 26-30 meses.<\/p>\n","protected":false},"author":1,"featured_media":49367,"comment_status":"open","ping_status":"open","sticky":false,"template":"","format":"standard","meta":{"inline_featured_image":false,"footnotes":""},"categories":[794,1059,929],"tags":[968],"class_list":["post-49345","post","type-post","status-publish","format-standard","has-post-thumbnail","hentry","category-equity-es","category-equity-pt","category-projetos","tag-capital-proprio"],"blocksy_meta":[],"yoast_head":"<!-- This site is optimized with the Yoast SEO plugin v27.5 - https:\/\/yoast.com\/product\/yoast-seo-wordpress\/ -->\n<title>Novo projeto! Investe em Alicante com 30% de reservas - Urbanitae Blog<\/title>\n<meta name=\"description\" content=\"Investe num novo projeto de mais-valia em Villajoyosa (Alicante) com 30% de reservas e com a licen\u00e7a j\u00e1 solicitada. Ler mais.\" \/>\n<meta name=\"robots\" content=\"index, follow, max-snippet:-1, max-image-preview:large, max-video-preview:-1\" \/>\n<link rel=\"canonical\" href=\"https:\/\/blog.urbanitae.com\/pt-pt\/2024\/09\/09\/novo-projeto-investe-em-alicante-com-30-de-reservas\/\" \/>\n<meta property=\"og:locale\" content=\"pt_PT\" \/>\n<meta property=\"og:type\" content=\"article\" \/>\n<meta property=\"og:title\" content=\"Investe em Alicante com 30% de reservas\" \/>\n<meta property=\"og:description\" content=\"O gestor deste projeto, Quadratia, participou no desenvolvimento de mais de 7.500 habita\u00e7\u00f5es em todo o pa\u00eds, e este seria o quarto financiado por Urbanitae.\" \/>\n<meta property=\"og:url\" content=\"https:\/\/blog.urbanitae.com\/pt-pt\/2024\/09\/09\/novo-projeto-investe-em-alicante-com-30-de-reservas\/\" \/>\n<meta property=\"og:site_name\" content=\"Urbanitae Blog | As melhores not\u00edcias sobre investimentos imobili\u00e1rios\" \/>\n<meta property=\"article:publisher\" content=\"https:\/\/www.facebook.com\/urbanitae\" \/>\n<meta property=\"article:published_time\" content=\"2024-09-09T10:52:14+00:00\" \/>\n<meta property=\"article:modified_time\" content=\"2024-09-12T10:24:23+00:00\" \/>\n<meta property=\"og:image\" content=\"https:\/\/blog.urbanitae.com\/wp-content\/uploads\/2024\/09\/proyecto-plusvalia-alicante.webp\" \/>\n\t<meta property=\"og:image:width\" content=\"1400\" \/>\n\t<meta property=\"og:image:height\" content=\"735\" \/>\n\t<meta property=\"og:image:type\" content=\"image\/webp\" \/>\n<meta name=\"author\" content=\"Equipo Urbanitae\" \/>\n<meta name=\"twitter:card\" content=\"summary_large_image\" \/>\n<meta name=\"twitter:creator\" content=\"@urbanitae\" \/>\n<meta name=\"twitter:site\" content=\"@urbanitae\" \/>\n<meta name=\"twitter:label1\" content=\"Escrito por\" \/>\n\t<meta name=\"twitter:data1\" content=\"Equipo Urbanitae\" \/>\n\t<meta name=\"twitter:label2\" content=\"Tempo estimado de leitura\" \/>\n\t<meta name=\"twitter:data2\" content=\"3 minutos\" \/>\n<script type=\"application\/ld+json\" class=\"yoast-schema-graph\">{\"@context\":\"https:\\\/\\\/schema.org\",\"@graph\":[{\"@type\":[\"Article\",\"BlogPosting\"],\"@id\":\"https:\\\/\\\/blog.urbanitae.com\\\/pt-pt\\\/2024\\\/09\\\/09\\\/novo-projeto-investe-em-alicante-com-30-de-reservas\\\/#article\",\"isPartOf\":{\"@id\":\"https:\\\/\\\/blog.urbanitae.com\\\/pt-pt\\\/2024\\\/09\\\/09\\\/novo-projeto-investe-em-alicante-com-30-de-reservas\\\/\"},\"author\":{\"name\":\"Equipo Urbanitae\",\"@id\":\"https:\\\/\\\/blog.urbanitae.com\\\/pt-pt\\\/#\\\/schema\\\/person\\\/e7b2d152f5654066832c53f5aa04fbf7\"},\"headline\":\"Novo projeto! Investe em Alicante com 30% de reservas\",\"datePublished\":\"2024-09-09T10:52:14+00:00\",\"dateModified\":\"2024-09-12T10:24:23+00:00\",\"mainEntityOfPage\":{\"@id\":\"https:\\\/\\\/blog.urbanitae.com\\\/pt-pt\\\/2024\\\/09\\\/09\\\/novo-projeto-investe-em-alicante-com-30-de-reservas\\\/\"},\"wordCount\":666,\"commentCount\":0,\"publisher\":{\"@id\":\"https:\\\/\\\/blog.urbanitae.com\\\/pt-pt\\\/#organization\"},\"image\":{\"@id\":\"https:\\\/\\\/blog.urbanitae.com\\\/pt-pt\\\/2024\\\/09\\\/09\\\/novo-projeto-investe-em-alicante-com-30-de-reservas\\\/#primaryimage\"},\"thumbnailUrl\":\"https:\\\/\\\/blog.urbanitae.com\\\/wp-content\\\/uploads\\\/2024\\\/09\\\/proyecto-plusvalia-alicante.webp\",\"keywords\":[\"Capital pr\u00f3prio\"],\"articleSection\":[\"Equity\",\"Equity\",\"Projetos\"],\"inLanguage\":\"pt-PT\",\"potentialAction\":[{\"@type\":\"CommentAction\",\"name\":\"Comment\",\"target\":[\"https:\\\/\\\/blog.urbanitae.com\\\/pt-pt\\\/2024\\\/09\\\/09\\\/novo-projeto-investe-em-alicante-com-30-de-reservas\\\/#respond\"]}]},{\"@type\":[\"WebPage\",\"ItemPage\"],\"@id\":\"https:\\\/\\\/blog.urbanitae.com\\\/pt-pt\\\/2024\\\/09\\\/09\\\/novo-projeto-investe-em-alicante-com-30-de-reservas\\\/\",\"url\":\"https:\\\/\\\/blog.urbanitae.com\\\/pt-pt\\\/2024\\\/09\\\/09\\\/novo-projeto-investe-em-alicante-com-30-de-reservas\\\/\",\"name\":\"Novo projeto! Investe em Alicante com 30% de reservas - Urbanitae Blog\",\"isPartOf\":{\"@id\":\"https:\\\/\\\/blog.urbanitae.com\\\/pt-pt\\\/#website\"},\"primaryImageOfPage\":{\"@id\":\"https:\\\/\\\/blog.urbanitae.com\\\/pt-pt\\\/2024\\\/09\\\/09\\\/novo-projeto-investe-em-alicante-com-30-de-reservas\\\/#primaryimage\"},\"image\":{\"@id\":\"https:\\\/\\\/blog.urbanitae.com\\\/pt-pt\\\/2024\\\/09\\\/09\\\/novo-projeto-investe-em-alicante-com-30-de-reservas\\\/#primaryimage\"},\"thumbnailUrl\":\"https:\\\/\\\/blog.urbanitae.com\\\/wp-content\\\/uploads\\\/2024\\\/09\\\/proyecto-plusvalia-alicante.webp\",\"datePublished\":\"2024-09-09T10:52:14+00:00\",\"dateModified\":\"2024-09-12T10:24:23+00:00\",\"description\":\"Investe num novo projeto de mais-valia em Villajoyosa (Alicante) com 30% de reservas e com a licen\u00e7a j\u00e1 solicitada. Ler mais.\",\"breadcrumb\":{\"@id\":\"https:\\\/\\\/blog.urbanitae.com\\\/pt-pt\\\/2024\\\/09\\\/09\\\/novo-projeto-investe-em-alicante-com-30-de-reservas\\\/#breadcrumb\"},\"inLanguage\":\"pt-PT\",\"potentialAction\":[{\"@type\":\"ReadAction\",\"target\":[\"https:\\\/\\\/blog.urbanitae.com\\\/pt-pt\\\/2024\\\/09\\\/09\\\/novo-projeto-investe-em-alicante-com-30-de-reservas\\\/\"]}]},{\"@type\":\"ImageObject\",\"inLanguage\":\"pt-PT\",\"@id\":\"https:\\\/\\\/blog.urbanitae.com\\\/pt-pt\\\/2024\\\/09\\\/09\\\/novo-projeto-investe-em-alicante-com-30-de-reservas\\\/#primaryimage\",\"url\":\"https:\\\/\\\/blog.urbanitae.com\\\/wp-content\\\/uploads\\\/2024\\\/09\\\/proyecto-plusvalia-alicante.webp\",\"contentUrl\":\"https:\\\/\\\/blog.urbanitae.com\\\/wp-content\\\/uploads\\\/2024\\\/09\\\/proyecto-plusvalia-alicante.webp\",\"width\":1400,\"height\":735,\"caption\":\"Novo projeto de mais-valia em Alicante com 30% de reservas.\"},{\"@type\":\"BreadcrumbList\",\"@id\":\"https:\\\/\\\/blog.urbanitae.com\\\/pt-pt\\\/2024\\\/09\\\/09\\\/novo-projeto-investe-em-alicante-com-30-de-reservas\\\/#breadcrumb\",\"itemListElement\":[{\"@type\":\"ListItem\",\"position\":1,\"name\":\"Portada\",\"item\":\"https:\\\/\\\/blog.urbanitae.com\\\/pt-pt\\\/\"},{\"@type\":\"ListItem\",\"position\":2,\"name\":\"Novo projeto! Investe em Alicante com 30% de reservas\"}]},{\"@type\":\"WebSite\",\"@id\":\"https:\\\/\\\/blog.urbanitae.com\\\/pt-pt\\\/#website\",\"url\":\"https:\\\/\\\/blog.urbanitae.com\\\/pt-pt\\\/\",\"name\":\"Urbanitae Blog | Las mejores noticias sobre inversi\u00f3n inmobiliaria\",\"description\":\"Investimento imobili\u00e1rio ao alcance de todos\",\"publisher\":{\"@id\":\"https:\\\/\\\/blog.urbanitae.com\\\/pt-pt\\\/#organization\"},\"potentialAction\":[{\"@type\":\"SearchAction\",\"target\":{\"@type\":\"EntryPoint\",\"urlTemplate\":\"https:\\\/\\\/blog.urbanitae.com\\\/pt-pt\\\/?s={search_term_string}\"},\"query-input\":{\"@type\":\"PropertyValueSpecification\",\"valueRequired\":true,\"valueName\":\"search_term_string\"}}],\"inLanguage\":\"pt-PT\"},{\"@type\":\"Organization\",\"@id\":\"https:\\\/\\\/blog.urbanitae.com\\\/pt-pt\\\/#organization\",\"name\":\"Urbanitae\",\"url\":\"https:\\\/\\\/blog.urbanitae.com\\\/pt-pt\\\/\",\"logo\":{\"@type\":\"ImageObject\",\"inLanguage\":\"pt-PT\",\"@id\":\"https:\\\/\\\/blog.urbanitae.com\\\/pt-pt\\\/#\\\/schema\\\/logo\\\/image\\\/\",\"url\":\"https:\\\/\\\/blog.urbanitae.com\\\/wp-content\\\/uploads\\\/2020\\\/04\\\/logo-verde_350x100.svg\",\"contentUrl\":\"https:\\\/\\\/blog.urbanitae.com\\\/wp-content\\\/uploads\\\/2020\\\/04\\\/logo-verde_350x100.svg\",\"width\":350,\"height\":100,\"caption\":\"Urbanitae\"},\"image\":{\"@id\":\"https:\\\/\\\/blog.urbanitae.com\\\/pt-pt\\\/#\\\/schema\\\/logo\\\/image\\\/\"},\"sameAs\":[\"https:\\\/\\\/www.facebook.com\\\/urbanitae\",\"https:\\\/\\\/x.com\\\/urbanitae\",\"https:\\\/\\\/www.instagram.com\\\/urbanitae\",\"https:\\\/\\\/www.linkedin.com\\\/company\\\/urbanitae\",\"https:\\\/\\\/www.pinterest.es\\\/UrbanitaeSL\\\/_created\\\/\",\"https:\\\/\\\/www.youtube.com\\\/c\\\/Urbanitae_RE\"]},{\"@type\":\"Person\",\"@id\":\"https:\\\/\\\/blog.urbanitae.com\\\/pt-pt\\\/#\\\/schema\\\/person\\\/e7b2d152f5654066832c53f5aa04fbf7\",\"name\":\"Equipo Urbanitae\",\"image\":{\"@type\":\"ImageObject\",\"inLanguage\":\"pt-PT\",\"@id\":\"https:\\\/\\\/secure.gravatar.com\\\/avatar\\\/e75782c6aa253c8ac75c13b1ec97172bb2d67437baa4354ba4b0650a97f565f2?s=96&d=mm&r=g\",\"url\":\"https:\\\/\\\/secure.gravatar.com\\\/avatar\\\/e75782c6aa253c8ac75c13b1ec97172bb2d67437baa4354ba4b0650a97f565f2?s=96&d=mm&r=g\",\"contentUrl\":\"https:\\\/\\\/secure.gravatar.com\\\/avatar\\\/e75782c6aa253c8ac75c13b1ec97172bb2d67437baa4354ba4b0650a97f565f2?s=96&d=mm&r=g\",\"caption\":\"Equipo Urbanitae\"},\"sameAs\":[\"https:\\\/\\\/urbanitae.com\"],\"url\":\"https:\\\/\\\/blog.urbanitae.com\\\/pt-pt\\\/author\\\/urbanitae\\\/\"}]}<\/script>\n<!-- \/ Yoast SEO plugin. -->","yoast_head_json":{"title":"Novo projeto! Investe em Alicante com 30% de reservas - Urbanitae Blog","description":"Investe num novo projeto de mais-valia em Villajoyosa (Alicante) com 30% de reservas e com a licen\u00e7a j\u00e1 solicitada. Ler mais.","robots":{"index":"index","follow":"follow","max-snippet":"max-snippet:-1","max-image-preview":"max-image-preview:large","max-video-preview":"max-video-preview:-1"},"canonical":"https:\/\/blog.urbanitae.com\/pt-pt\/2024\/09\/09\/novo-projeto-investe-em-alicante-com-30-de-reservas\/","og_locale":"pt_PT","og_type":"article","og_title":"Investe em Alicante com 30% de reservas","og_description":"O gestor deste projeto, Quadratia, participou no desenvolvimento de mais de 7.500 habita\u00e7\u00f5es em todo o pa\u00eds, e este seria o quarto financiado por Urbanitae.","og_url":"https:\/\/blog.urbanitae.com\/pt-pt\/2024\/09\/09\/novo-projeto-investe-em-alicante-com-30-de-reservas\/","og_site_name":"Urbanitae Blog | As melhores not\u00edcias sobre investimentos imobili\u00e1rios","article_publisher":"https:\/\/www.facebook.com\/urbanitae","article_published_time":"2024-09-09T10:52:14+00:00","article_modified_time":"2024-09-12T10:24:23+00:00","og_image":[{"width":1400,"height":735,"url":"https:\/\/blog.urbanitae.com\/wp-content\/uploads\/2024\/09\/proyecto-plusvalia-alicante.webp","type":"image\/webp"}],"author":"Equipo Urbanitae","twitter_card":"summary_large_image","twitter_creator":"@urbanitae","twitter_site":"@urbanitae","twitter_misc":{"Escrito por":"Equipo Urbanitae","Tempo estimado de leitura":"3 minutos"},"schema":{"@context":"https:\/\/schema.org","@graph":[{"@type":["Article","BlogPosting"],"@id":"https:\/\/blog.urbanitae.com\/pt-pt\/2024\/09\/09\/novo-projeto-investe-em-alicante-com-30-de-reservas\/#article","isPartOf":{"@id":"https:\/\/blog.urbanitae.com\/pt-pt\/2024\/09\/09\/novo-projeto-investe-em-alicante-com-30-de-reservas\/"},"author":{"name":"Equipo Urbanitae","@id":"https:\/\/blog.urbanitae.com\/pt-pt\/#\/schema\/person\/e7b2d152f5654066832c53f5aa04fbf7"},"headline":"Novo projeto! Investe em Alicante com 30% de reservas","datePublished":"2024-09-09T10:52:14+00:00","dateModified":"2024-09-12T10:24:23+00:00","mainEntityOfPage":{"@id":"https:\/\/blog.urbanitae.com\/pt-pt\/2024\/09\/09\/novo-projeto-investe-em-alicante-com-30-de-reservas\/"},"wordCount":666,"commentCount":0,"publisher":{"@id":"https:\/\/blog.urbanitae.com\/pt-pt\/#organization"},"image":{"@id":"https:\/\/blog.urbanitae.com\/pt-pt\/2024\/09\/09\/novo-projeto-investe-em-alicante-com-30-de-reservas\/#primaryimage"},"thumbnailUrl":"https:\/\/blog.urbanitae.com\/wp-content\/uploads\/2024\/09\/proyecto-plusvalia-alicante.webp","keywords":["Capital pr\u00f3prio"],"articleSection":["Equity","Equity","Projetos"],"inLanguage":"pt-PT","potentialAction":[{"@type":"CommentAction","name":"Comment","target":["https:\/\/blog.urbanitae.com\/pt-pt\/2024\/09\/09\/novo-projeto-investe-em-alicante-com-30-de-reservas\/#respond"]}]},{"@type":["WebPage","ItemPage"],"@id":"https:\/\/blog.urbanitae.com\/pt-pt\/2024\/09\/09\/novo-projeto-investe-em-alicante-com-30-de-reservas\/","url":"https:\/\/blog.urbanitae.com\/pt-pt\/2024\/09\/09\/novo-projeto-investe-em-alicante-com-30-de-reservas\/","name":"Novo projeto! Investe em Alicante com 30% de reservas - Urbanitae Blog","isPartOf":{"@id":"https:\/\/blog.urbanitae.com\/pt-pt\/#website"},"primaryImageOfPage":{"@id":"https:\/\/blog.urbanitae.com\/pt-pt\/2024\/09\/09\/novo-projeto-investe-em-alicante-com-30-de-reservas\/#primaryimage"},"image":{"@id":"https:\/\/blog.urbanitae.com\/pt-pt\/2024\/09\/09\/novo-projeto-investe-em-alicante-com-30-de-reservas\/#primaryimage"},"thumbnailUrl":"https:\/\/blog.urbanitae.com\/wp-content\/uploads\/2024\/09\/proyecto-plusvalia-alicante.webp","datePublished":"2024-09-09T10:52:14+00:00","dateModified":"2024-09-12T10:24:23+00:00","description":"Investe num novo projeto de mais-valia em Villajoyosa (Alicante) com 30% de reservas e com a licen\u00e7a j\u00e1 solicitada. Ler mais.","breadcrumb":{"@id":"https:\/\/blog.urbanitae.com\/pt-pt\/2024\/09\/09\/novo-projeto-investe-em-alicante-com-30-de-reservas\/#breadcrumb"},"inLanguage":"pt-PT","potentialAction":[{"@type":"ReadAction","target":["https:\/\/blog.urbanitae.com\/pt-pt\/2024\/09\/09\/novo-projeto-investe-em-alicante-com-30-de-reservas\/"]}]},{"@type":"ImageObject","inLanguage":"pt-PT","@id":"https:\/\/blog.urbanitae.com\/pt-pt\/2024\/09\/09\/novo-projeto-investe-em-alicante-com-30-de-reservas\/#primaryimage","url":"https:\/\/blog.urbanitae.com\/wp-content\/uploads\/2024\/09\/proyecto-plusvalia-alicante.webp","contentUrl":"https:\/\/blog.urbanitae.com\/wp-content\/uploads\/2024\/09\/proyecto-plusvalia-alicante.webp","width":1400,"height":735,"caption":"Novo projeto de mais-valia em Alicante com 30% de reservas."},{"@type":"BreadcrumbList","@id":"https:\/\/blog.urbanitae.com\/pt-pt\/2024\/09\/09\/novo-projeto-investe-em-alicante-com-30-de-reservas\/#breadcrumb","itemListElement":[{"@type":"ListItem","position":1,"name":"Portada","item":"https:\/\/blog.urbanitae.com\/pt-pt\/"},{"@type":"ListItem","position":2,"name":"Novo projeto! Investe em Alicante com 30% de reservas"}]},{"@type":"WebSite","@id":"https:\/\/blog.urbanitae.com\/pt-pt\/#website","url":"https:\/\/blog.urbanitae.com\/pt-pt\/","name":"Urbanitae Blog | Las mejores noticias sobre inversi\u00f3n inmobiliaria","description":"Investimento imobili\u00e1rio ao alcance de todos","publisher":{"@id":"https:\/\/blog.urbanitae.com\/pt-pt\/#organization"},"potentialAction":[{"@type":"SearchAction","target":{"@type":"EntryPoint","urlTemplate":"https:\/\/blog.urbanitae.com\/pt-pt\/?s={search_term_string}"},"query-input":{"@type":"PropertyValueSpecification","valueRequired":true,"valueName":"search_term_string"}}],"inLanguage":"pt-PT"},{"@type":"Organization","@id":"https:\/\/blog.urbanitae.com\/pt-pt\/#organization","name":"Urbanitae","url":"https:\/\/blog.urbanitae.com\/pt-pt\/","logo":{"@type":"ImageObject","inLanguage":"pt-PT","@id":"https:\/\/blog.urbanitae.com\/pt-pt\/#\/schema\/logo\/image\/","url":"https:\/\/blog.urbanitae.com\/wp-content\/uploads\/2020\/04\/logo-verde_350x100.svg","contentUrl":"https:\/\/blog.urbanitae.com\/wp-content\/uploads\/2020\/04\/logo-verde_350x100.svg","width":350,"height":100,"caption":"Urbanitae"},"image":{"@id":"https:\/\/blog.urbanitae.com\/pt-pt\/#\/schema\/logo\/image\/"},"sameAs":["https:\/\/www.facebook.com\/urbanitae","https:\/\/x.com\/urbanitae","https:\/\/www.instagram.com\/urbanitae","https:\/\/www.linkedin.com\/company\/urbanitae","https:\/\/www.pinterest.es\/UrbanitaeSL\/_created\/","https:\/\/www.youtube.com\/c\/Urbanitae_RE"]},{"@type":"Person","@id":"https:\/\/blog.urbanitae.com\/pt-pt\/#\/schema\/person\/e7b2d152f5654066832c53f5aa04fbf7","name":"Equipo Urbanitae","image":{"@type":"ImageObject","inLanguage":"pt-PT","@id":"https:\/\/secure.gravatar.com\/avatar\/e75782c6aa253c8ac75c13b1ec97172bb2d67437baa4354ba4b0650a97f565f2?s=96&d=mm&r=g","url":"https:\/\/secure.gravatar.com\/avatar\/e75782c6aa253c8ac75c13b1ec97172bb2d67437baa4354ba4b0650a97f565f2?s=96&d=mm&r=g","contentUrl":"https:\/\/secure.gravatar.com\/avatar\/e75782c6aa253c8ac75c13b1ec97172bb2d67437baa4354ba4b0650a97f565f2?s=96&d=mm&r=g","caption":"Equipo Urbanitae"},"sameAs":["https:\/\/urbanitae.com"],"url":"https:\/\/blog.urbanitae.com\/pt-pt\/author\/urbanitae\/"}]}},"_links":{"self":[{"href":"https:\/\/blog.urbanitae.com\/pt-pt\/wp-json\/wp\/v2\/posts\/49345","targetHints":{"allow":["GET"]}}],"collection":[{"href":"https:\/\/blog.urbanitae.com\/pt-pt\/wp-json\/wp\/v2\/posts"}],"about":[{"href":"https:\/\/blog.urbanitae.com\/pt-pt\/wp-json\/wp\/v2\/types\/post"}],"author":[{"embeddable":true,"href":"https:\/\/blog.urbanitae.com\/pt-pt\/wp-json\/wp\/v2\/users\/1"}],"replies":[{"embeddable":true,"href":"https:\/\/blog.urbanitae.com\/pt-pt\/wp-json\/wp\/v2\/comments?post=49345"}],"version-history":[{"count":0,"href":"https:\/\/blog.urbanitae.com\/pt-pt\/wp-json\/wp\/v2\/posts\/49345\/revisions"}],"wp:featuredmedia":[{"embeddable":true,"href":"https:\/\/blog.urbanitae.com\/pt-pt\/wp-json\/wp\/v2\/media\/49367"}],"wp:attachment":[{"href":"https:\/\/blog.urbanitae.com\/pt-pt\/wp-json\/wp\/v2\/media?parent=49345"}],"wp:term":[{"taxonomy":"category","embeddable":true,"href":"https:\/\/blog.urbanitae.com\/pt-pt\/wp-json\/wp\/v2\/categories?post=49345"},{"taxonomy":"post_tag","embeddable":true,"href":"https:\/\/blog.urbanitae.com\/pt-pt\/wp-json\/wp\/v2\/tags?post=49345"}],"curies":[{"name":"wp","href":"https:\/\/api.w.org\/{rel}","templated":true}]}}