{"id":48665,"date":"2024-08-21T08:45:00","date_gmt":"2024-08-21T06:45:00","guid":{"rendered":"https:\/\/blog.urbanitae.com\/?p=48665"},"modified":"2024-08-20T19:10:18","modified_gmt":"2024-08-20T17:10:18","slug":"o-que-e-o-sentimento-do-mercado","status":"publish","type":"post","link":"https:\/\/blog.urbanitae.com\/pt-pt\/2024\/08\/21\/o-que-e-o-sentimento-do-mercado\/","title":{"rendered":"O que \u00e9 o sentimento do mercado?"},"content":{"rendered":"\n<p>Quando falamos de investimento, sabemos que as emo\u00e7\u00f5es desempenham um papel importante \u2013 e, muitas vezes, prejudicial. Desta vez, queremos falar sobre o sentimento do mercado, que pode ser considerado um resumo das emo\u00e7\u00f5es dos investidores em conjunto. Algo que, como ver\u00e3o, tem bastante import\u00e2ncia.<\/p>\n\n\n\n<h2 class=\"wp-block-heading\">O que \u00e9 o sentimento do mercado?<\/h2>\n\n\n\n<p>O sentimento do mercado \u00e9 a percep\u00e7\u00e3o geral dos investidores sobre a economia ou um mercado espec\u00edfico, que pode ser otimista (altista) ou pessimista (baixista). Em ingl\u00eas, usa-se o termo &#8220;bullish&#8221; (otimista) ou &#8220;bearish&#8221; (pessimista) para descrever o estado de \u00e2nimo geral do mercado. Embora n\u00e3o seja um indicador tang\u00edvel como os dados econ\u00f3micos ou as an\u00e1lises t\u00e9cnicas, <strong>o sentimento do mercado pode ter uma influ\u00eancia significativa<\/strong> na dire\u00e7\u00e3o dos pre\u00e7os dos ativos financeiros.<\/p>\n\n\n\n<p>Agora, o facto de n\u00e3o ser tang\u00edvel n\u00e3o significa que n\u00e3o possa ser medido. O indicador mais conhecido do sentimento do mercado \u00e9 o \u00edndice VIX, por vezes chamado de indicador do medo. Criado pelo Chicago Board Options Exchange \u2013 o maior mercado de op\u00e7\u00f5es dos EUA \u2013 <strong>o VIX tenta fornecer uma medida constante da volatilidade a 30 dias do mercado de a\u00e7\u00f5es dos EUA.<\/strong> O VIX tende a subir quando as a\u00e7\u00f5es caem e a descer quando h\u00e1 rallies \u2013 subidas generalizadas.<\/p>\n\n\n\n<p>Outro exemplo \u00e9 o descritivo <a href=\"https:\/\/edition.cnn.com\/markets\/fear-and-greed\" target=\"_blank\" rel=\"noreferrer noopener\">Fear &amp; Greed Index<\/a>, elaborado pela CNN. Este \u00edndice da \u201cmedo e gan\u00e2ncia\u201d concentra-se nos movimentos do mercado para determinar se as a\u00e7\u00f5es t\u00eam um pre\u00e7o ajustado \u00e0 realidade. O Fear &amp; Greed Index \u00e9 a destila\u00e7\u00e3o de sete indicadores, entre os quais a volatilidade do mercado, a procura de obriga\u00e7\u00f5es de alto rendimento (junk bonds) ou a for\u00e7a dos pre\u00e7os.<\/p>\n\n\n\n<h2 class=\"wp-block-heading\">Como afeta os investidores?<\/h2>\n\n\n\n<p>O sentimento do mercado nem sempre reflete a realidade econ\u00f3mica subjacente. Na verdade, os mercados podem reagir em excesso, tanto para cima como para baixo, devido \u00e0 natureza emocional dos investidores. Esta desconex\u00e3o entre o sentimento e a realidade \u00e9 o que pode criar oportunidades (ou riscos) para os investidores.<\/p>\n\n\n\n<h3 class=\"wp-block-heading\">Mentalidade de manada<\/h3>\n\n\n\n<p>Quando o sentimento do mercado \u00e9 extremo, seja altista ou baixista, pode levar os investidores a comportarem-se de forma semelhante, no que \u00e9 conhecido como mentalidade de manada (herd mentality). Durante per\u00edodos de otimismo extremo, os investidores tendem a comprar em massa, o que pode inflacionar os pre\u00e7os dos ativos. Pelo contr\u00e1rio, durante per\u00edodos de pessimismo extremo, os investidores podem vender em massa, provocando quedas r\u00e1pidas e acentuadas nos pre\u00e7os.<\/p>\n\n\n\n<p>O jornalista financeiro Jason Zweig fala com humor sobre os mercados &#8220;bear&#8221; e &#8220;bull&#8221; no seu Dicion\u00e1rio financeiro do diabo. Zweig diz que <strong>se fala de mercado baixista (bear market) quando um \u00edndice geral de a\u00e7\u00f5es cai pelo menos 20 pontos.<\/strong> Mas, em geral, temos um mercado baixista quando n\u00e3o se consegue parar de pensar que se deveria ter vendido os seus investimentos, o que Zweig interpreta como um claro sintoma de que, na verdade, se deveria comprar mais.<\/p>\n\n\n\n<p>Ao mesmo tempo, um mercado altista para Zweig \u00e9 um per\u00edodo em que os investidores acreditam que o seu quociente de intelig\u00eancia cresceu tanto quanto ou mais do que o valor das suas carteiras de investimento: ap\u00f3s a inevit\u00e1vel queda, os investidores aprender\u00e3o que ambos os aumentos eram tempor\u00e1rios.<\/p>\n\n\n\n<h3 class=\"wp-block-heading\">Desconex\u00e3o com os fundamentos<\/h3>\n\n\n\n<p>O sentimento do mercado pode levar a uma desconex\u00e3o entre os pre\u00e7os dos ativos e os seus fundamentos subjacentes. Por exemplo, num forte mercado altista, os pre\u00e7os das a\u00e7\u00f5es podem subir a n\u00edveis que n\u00e3o s\u00e3o justificados pelos lucros reais das empresas. Isto cria bolhas de ativos que podem estourar quando o sentimento muda.<\/p>\n\n\n\n<h3 class=\"wp-block-heading\">Oportunidades de &#8216;contrarian investing&#8217;<\/h3>\n\n\n\n<p>Os investidores <a href=\"https:\/\/blog.urbanitae.com\/pt-pt\/2024\/07\/25\/o-que-e-o-contrarian-investing\/?utm_source=blog_pt&amp;utm_medium=organic&amp;utm_campaign=urbanitae_blog_0824&amp;utm_content=pt_aprende_sentimiento_mercado\" target=\"_blank\" rel=\"noreferrer noopener\">contrarian<\/a> tentam capitalizar os extremos do sentimento do mercado. Quando o sentimento \u00e9 muito pessimista, podem comprar ativos subvalorizados na expectativa de que os pre\u00e7os se recuperem. Da mesma forma, quando o sentimento \u00e9 extremamente otimista, podem vender ou reduzir a sua exposi\u00e7\u00e3o, antecipando uma corre\u00e7\u00e3o.<\/p>\n\n\n\n<h2 class=\"wp-block-heading\">Como utilizar o sentimento do mercado<\/h2>\n\n\n\n<p>Tentar avaliar o \u00e2nimo do mercado pode ser \u00fatil, mas tem os seus limites. Al\u00e9m dos \u00edndices, dados econ\u00f3micos ou tend\u00eancias globais, o sentimento do mercado \u00e9 tamb\u00e9m influenciado pelas redes sociais. Est\u00e1 comprovado que nestes meios as rea\u00e7\u00f5es \u00e0s not\u00edcias e o tom das conversas tendem frequentemente a exagerar a perce\u00e7\u00e3o dos factos, ou at\u00e9 a distorc\u00ea-los.<\/p>\n\n\n\n<p>O conselho que vos damos \u00e9 olhar para o longo prazo. A consist\u00eancia \u00e9 o melhor aliado de um investidor, sobretudo quando se tem uma carteira <a href=\"https:\/\/blog.urbanitae.com\/pt-pt\/2023\/03\/26\/os-beneficios-da-diversificacao\/?utm_source=blog_pt&amp;utm_medium=organic&amp;utm_campaign=urbanitae_blog_0824&amp;utm_content=pt_aprende_sentimiento_mercado\" target=\"_blank\" rel=\"noreferrer noopener\">diversificada<\/a> e <a href=\"https:\/\/blog.urbanitae.com\/pt-pt\/2023\/10\/01\/13-por-que-voce-deveria-reajustar-sua-carteira-de-investimentos\/?utm_source=blog_pt&amp;utm_medium=organic&amp;utm_campaign=urbanitae_blog_0824&amp;utm_content=pt_aprende_sentimiento_mercado\">equilibrada<\/a>.<\/p>\n","protected":false},"excerpt":{"rendered":"<p>O sentimento do mercado nem sempre reflete a realidade. Na verdade, os mercados podem reagir de forma exagerada, devido \u00e0 natureza emocional dos investidores.<\/p>\n","protected":false},"author":1,"featured_media":48647,"comment_status":"open","ping_status":"open","sticky":false,"template":"","format":"standard","meta":{"inline_featured_image":false,"footnotes":""},"categories":[853],"tags":[854,850,916],"class_list":["post-48665","post","type-post","status-publish","format-standard","has-post-thumbnail","hentry","category-aprenda-a-investir","tag-educacao-financeira","tag-investimento-pt-pt","tag-longo-prazo"],"blocksy_meta":[],"yoast_head":"<!-- This site is optimized with the Yoast SEO plugin v27.5 - https:\/\/yoast.com\/product\/yoast-seo-wordpress\/ -->\n<title>O que \u00e9 o sentimento do mercado? - Urbanitae Blog<\/title>\n<meta name=\"description\" content=\"Quando falamos de investimento, as emo\u00e7\u00f5es desempenham um papel importante, e muitas vezes prejudicial. Mas o que \u00e9 o sentimento do mercado?\" \/>\n<meta name=\"robots\" content=\"index, follow, max-snippet:-1, max-image-preview:large, max-video-preview:-1\" \/>\n<link rel=\"canonical\" href=\"https:\/\/blog.urbanitae.com\/pt-pt\/2024\/08\/21\/o-que-e-o-sentimento-do-mercado\/\" \/>\n<meta property=\"og:locale\" content=\"pt_PT\" \/>\n<meta property=\"og:type\" content=\"article\" \/>\n<meta property=\"og:title\" content=\"O mercado tem sentimentos?\" \/>\n<meta property=\"og:description\" content=\"Quando falamos de investimento, as emo\u00e7\u00f5es desempenham um papel importante, e muitas vezes prejudicial. Mas o que \u00e9 o sentimento do mercado?\" \/>\n<meta property=\"og:url\" content=\"https:\/\/blog.urbanitae.com\/pt-pt\/2024\/08\/21\/o-que-e-o-sentimento-do-mercado\/\" \/>\n<meta property=\"og:site_name\" content=\"Urbanitae Blog | As melhores not\u00edcias sobre investimentos imobili\u00e1rios\" \/>\n<meta property=\"article:publisher\" content=\"https:\/\/www.facebook.com\/urbanitae\" \/>\n<meta property=\"article:published_time\" content=\"2024-08-21T06:45:00+00:00\" \/>\n<meta property=\"og:image\" content=\"https:\/\/blog.urbanitae.com\/wp-content\/uploads\/2024\/08\/sentimiento-del-mercado.webp\" \/>\n\t<meta property=\"og:image:width\" content=\"1400\" \/>\n\t<meta property=\"og:image:height\" content=\"735\" \/>\n\t<meta property=\"og:image:type\" content=\"image\/webp\" \/>\n<meta name=\"author\" content=\"Equipo Urbanitae\" \/>\n<meta name=\"twitter:card\" content=\"summary_large_image\" \/>\n<meta name=\"twitter:creator\" content=\"@urbanitae\" \/>\n<meta name=\"twitter:site\" content=\"@urbanitae\" \/>\n<meta name=\"twitter:label1\" content=\"Escrito por\" \/>\n\t<meta name=\"twitter:data1\" content=\"Equipo Urbanitae\" \/>\n\t<meta name=\"twitter:label2\" content=\"Tempo estimado de leitura\" \/>\n\t<meta name=\"twitter:data2\" content=\"4 minutos\" \/>\n<script type=\"application\/ld+json\" class=\"yoast-schema-graph\">{\"@context\":\"https:\\\/\\\/schema.org\",\"@graph\":[{\"@type\":[\"Article\",\"BlogPosting\"],\"@id\":\"https:\\\/\\\/blog.urbanitae.com\\\/pt-pt\\\/2024\\\/08\\\/21\\\/o-que-e-o-sentimento-do-mercado\\\/#article\",\"isPartOf\":{\"@id\":\"https:\\\/\\\/blog.urbanitae.com\\\/pt-pt\\\/2024\\\/08\\\/21\\\/o-que-e-o-sentimento-do-mercado\\\/\"},\"author\":{\"name\":\"Equipo Urbanitae\",\"@id\":\"https:\\\/\\\/blog.urbanitae.com\\\/pt-pt\\\/#\\\/schema\\\/person\\\/e7b2d152f5654066832c53f5aa04fbf7\"},\"headline\":\"O que \u00e9 o sentimento do mercado?\",\"datePublished\":\"2024-08-21T06:45:00+00:00\",\"mainEntityOfPage\":{\"@id\":\"https:\\\/\\\/blog.urbanitae.com\\\/pt-pt\\\/2024\\\/08\\\/21\\\/o-que-e-o-sentimento-do-mercado\\\/\"},\"wordCount\":785,\"commentCount\":0,\"publisher\":{\"@id\":\"https:\\\/\\\/blog.urbanitae.com\\\/pt-pt\\\/#organization\"},\"image\":{\"@id\":\"https:\\\/\\\/blog.urbanitae.com\\\/pt-pt\\\/2024\\\/08\\\/21\\\/o-que-e-o-sentimento-do-mercado\\\/#primaryimage\"},\"thumbnailUrl\":\"https:\\\/\\\/blog.urbanitae.com\\\/wp-content\\\/uploads\\\/2024\\\/08\\\/sentimiento-del-mercado.webp\",\"keywords\":[\"educa\u00e7\u00e3o financeira\",\"investimento\",\"Longo prazo\"],\"articleSection\":[\"Aprenda a investir\"],\"inLanguage\":\"pt-PT\",\"potentialAction\":[{\"@type\":\"CommentAction\",\"name\":\"Comment\",\"target\":[\"https:\\\/\\\/blog.urbanitae.com\\\/pt-pt\\\/2024\\\/08\\\/21\\\/o-que-e-o-sentimento-do-mercado\\\/#respond\"]}]},{\"@type\":[\"WebPage\",\"ItemPage\"],\"@id\":\"https:\\\/\\\/blog.urbanitae.com\\\/pt-pt\\\/2024\\\/08\\\/21\\\/o-que-e-o-sentimento-do-mercado\\\/\",\"url\":\"https:\\\/\\\/blog.urbanitae.com\\\/pt-pt\\\/2024\\\/08\\\/21\\\/o-que-e-o-sentimento-do-mercado\\\/\",\"name\":\"O que \u00e9 o sentimento do mercado? - Urbanitae Blog\",\"isPartOf\":{\"@id\":\"https:\\\/\\\/blog.urbanitae.com\\\/pt-pt\\\/#website\"},\"primaryImageOfPage\":{\"@id\":\"https:\\\/\\\/blog.urbanitae.com\\\/pt-pt\\\/2024\\\/08\\\/21\\\/o-que-e-o-sentimento-do-mercado\\\/#primaryimage\"},\"image\":{\"@id\":\"https:\\\/\\\/blog.urbanitae.com\\\/pt-pt\\\/2024\\\/08\\\/21\\\/o-que-e-o-sentimento-do-mercado\\\/#primaryimage\"},\"thumbnailUrl\":\"https:\\\/\\\/blog.urbanitae.com\\\/wp-content\\\/uploads\\\/2024\\\/08\\\/sentimiento-del-mercado.webp\",\"datePublished\":\"2024-08-21T06:45:00+00:00\",\"description\":\"Quando falamos de investimento, as emo\u00e7\u00f5es desempenham um papel importante, e muitas vezes prejudicial. Mas o que \u00e9 o sentimento do mercado?\",\"breadcrumb\":{\"@id\":\"https:\\\/\\\/blog.urbanitae.com\\\/pt-pt\\\/2024\\\/08\\\/21\\\/o-que-e-o-sentimento-do-mercado\\\/#breadcrumb\"},\"inLanguage\":\"pt-PT\",\"potentialAction\":[{\"@type\":\"ReadAction\",\"target\":[\"https:\\\/\\\/blog.urbanitae.com\\\/pt-pt\\\/2024\\\/08\\\/21\\\/o-que-e-o-sentimento-do-mercado\\\/\"]}]},{\"@type\":\"ImageObject\",\"inLanguage\":\"pt-PT\",\"@id\":\"https:\\\/\\\/blog.urbanitae.com\\\/pt-pt\\\/2024\\\/08\\\/21\\\/o-que-e-o-sentimento-do-mercado\\\/#primaryimage\",\"url\":\"https:\\\/\\\/blog.urbanitae.com\\\/wp-content\\\/uploads\\\/2024\\\/08\\\/sentimiento-del-mercado.webp\",\"contentUrl\":\"https:\\\/\\\/blog.urbanitae.com\\\/wp-content\\\/uploads\\\/2024\\\/08\\\/sentimiento-del-mercado.webp\",\"width\":1400,\"height\":735,\"caption\":\"Sentimiento del mercado.\"},{\"@type\":\"BreadcrumbList\",\"@id\":\"https:\\\/\\\/blog.urbanitae.com\\\/pt-pt\\\/2024\\\/08\\\/21\\\/o-que-e-o-sentimento-do-mercado\\\/#breadcrumb\",\"itemListElement\":[{\"@type\":\"ListItem\",\"position\":1,\"name\":\"Portada\",\"item\":\"https:\\\/\\\/blog.urbanitae.com\\\/pt-pt\\\/\"},{\"@type\":\"ListItem\",\"position\":2,\"name\":\"O que \u00e9 o sentimento do mercado?\"}]},{\"@type\":\"WebSite\",\"@id\":\"https:\\\/\\\/blog.urbanitae.com\\\/pt-pt\\\/#website\",\"url\":\"https:\\\/\\\/blog.urbanitae.com\\\/pt-pt\\\/\",\"name\":\"Urbanitae Blog | Las mejores noticias sobre inversi\u00f3n inmobiliaria\",\"description\":\"Investimento imobili\u00e1rio ao alcance de todos\",\"publisher\":{\"@id\":\"https:\\\/\\\/blog.urbanitae.com\\\/pt-pt\\\/#organization\"},\"potentialAction\":[{\"@type\":\"SearchAction\",\"target\":{\"@type\":\"EntryPoint\",\"urlTemplate\":\"https:\\\/\\\/blog.urbanitae.com\\\/pt-pt\\\/?s={search_term_string}\"},\"query-input\":{\"@type\":\"PropertyValueSpecification\",\"valueRequired\":true,\"valueName\":\"search_term_string\"}}],\"inLanguage\":\"pt-PT\"},{\"@type\":\"Organization\",\"@id\":\"https:\\\/\\\/blog.urbanitae.com\\\/pt-pt\\\/#organization\",\"name\":\"Urbanitae\",\"url\":\"https:\\\/\\\/blog.urbanitae.com\\\/pt-pt\\\/\",\"logo\":{\"@type\":\"ImageObject\",\"inLanguage\":\"pt-PT\",\"@id\":\"https:\\\/\\\/blog.urbanitae.com\\\/pt-pt\\\/#\\\/schema\\\/logo\\\/image\\\/\",\"url\":\"https:\\\/\\\/blog.urbanitae.com\\\/wp-content\\\/uploads\\\/2020\\\/04\\\/logo-verde_350x100.svg\",\"contentUrl\":\"https:\\\/\\\/blog.urbanitae.com\\\/wp-content\\\/uploads\\\/2020\\\/04\\\/logo-verde_350x100.svg\",\"width\":350,\"height\":100,\"caption\":\"Urbanitae\"},\"image\":{\"@id\":\"https:\\\/\\\/blog.urbanitae.com\\\/pt-pt\\\/#\\\/schema\\\/logo\\\/image\\\/\"},\"sameAs\":[\"https:\\\/\\\/www.facebook.com\\\/urbanitae\",\"https:\\\/\\\/x.com\\\/urbanitae\",\"https:\\\/\\\/www.instagram.com\\\/urbanitae\",\"https:\\\/\\\/www.linkedin.com\\\/company\\\/urbanitae\",\"https:\\\/\\\/www.pinterest.es\\\/UrbanitaeSL\\\/_created\\\/\",\"https:\\\/\\\/www.youtube.com\\\/c\\\/Urbanitae_RE\"]},{\"@type\":\"Person\",\"@id\":\"https:\\\/\\\/blog.urbanitae.com\\\/pt-pt\\\/#\\\/schema\\\/person\\\/e7b2d152f5654066832c53f5aa04fbf7\",\"name\":\"Equipo Urbanitae\",\"image\":{\"@type\":\"ImageObject\",\"inLanguage\":\"pt-PT\",\"@id\":\"https:\\\/\\\/secure.gravatar.com\\\/avatar\\\/e75782c6aa253c8ac75c13b1ec97172bb2d67437baa4354ba4b0650a97f565f2?s=96&d=mm&r=g\",\"url\":\"https:\\\/\\\/secure.gravatar.com\\\/avatar\\\/e75782c6aa253c8ac75c13b1ec97172bb2d67437baa4354ba4b0650a97f565f2?s=96&d=mm&r=g\",\"contentUrl\":\"https:\\\/\\\/secure.gravatar.com\\\/avatar\\\/e75782c6aa253c8ac75c13b1ec97172bb2d67437baa4354ba4b0650a97f565f2?s=96&d=mm&r=g\",\"caption\":\"Equipo Urbanitae\"},\"sameAs\":[\"https:\\\/\\\/urbanitae.com\"],\"url\":\"https:\\\/\\\/blog.urbanitae.com\\\/pt-pt\\\/author\\\/urbanitae\\\/\"}]}<\/script>\n<!-- \/ Yoast SEO plugin. -->","yoast_head_json":{"title":"O que \u00e9 o sentimento do mercado? - Urbanitae Blog","description":"Quando falamos de investimento, as emo\u00e7\u00f5es desempenham um papel importante, e muitas vezes prejudicial. Mas o que \u00e9 o sentimento do mercado?","robots":{"index":"index","follow":"follow","max-snippet":"max-snippet:-1","max-image-preview":"max-image-preview:large","max-video-preview":"max-video-preview:-1"},"canonical":"https:\/\/blog.urbanitae.com\/pt-pt\/2024\/08\/21\/o-que-e-o-sentimento-do-mercado\/","og_locale":"pt_PT","og_type":"article","og_title":"O mercado tem sentimentos?","og_description":"Quando falamos de investimento, as emo\u00e7\u00f5es desempenham um papel importante, e muitas vezes prejudicial. Mas o que \u00e9 o sentimento do mercado?","og_url":"https:\/\/blog.urbanitae.com\/pt-pt\/2024\/08\/21\/o-que-e-o-sentimento-do-mercado\/","og_site_name":"Urbanitae Blog | As melhores not\u00edcias sobre investimentos imobili\u00e1rios","article_publisher":"https:\/\/www.facebook.com\/urbanitae","article_published_time":"2024-08-21T06:45:00+00:00","og_image":[{"width":1400,"height":735,"url":"https:\/\/blog.urbanitae.com\/wp-content\/uploads\/2024\/08\/sentimiento-del-mercado.webp","type":"image\/webp"}],"author":"Equipo Urbanitae","twitter_card":"summary_large_image","twitter_creator":"@urbanitae","twitter_site":"@urbanitae","twitter_misc":{"Escrito por":"Equipo Urbanitae","Tempo estimado de leitura":"4 minutos"},"schema":{"@context":"https:\/\/schema.org","@graph":[{"@type":["Article","BlogPosting"],"@id":"https:\/\/blog.urbanitae.com\/pt-pt\/2024\/08\/21\/o-que-e-o-sentimento-do-mercado\/#article","isPartOf":{"@id":"https:\/\/blog.urbanitae.com\/pt-pt\/2024\/08\/21\/o-que-e-o-sentimento-do-mercado\/"},"author":{"name":"Equipo Urbanitae","@id":"https:\/\/blog.urbanitae.com\/pt-pt\/#\/schema\/person\/e7b2d152f5654066832c53f5aa04fbf7"},"headline":"O que \u00e9 o sentimento do mercado?","datePublished":"2024-08-21T06:45:00+00:00","mainEntityOfPage":{"@id":"https:\/\/blog.urbanitae.com\/pt-pt\/2024\/08\/21\/o-que-e-o-sentimento-do-mercado\/"},"wordCount":785,"commentCount":0,"publisher":{"@id":"https:\/\/blog.urbanitae.com\/pt-pt\/#organization"},"image":{"@id":"https:\/\/blog.urbanitae.com\/pt-pt\/2024\/08\/21\/o-que-e-o-sentimento-do-mercado\/#primaryimage"},"thumbnailUrl":"https:\/\/blog.urbanitae.com\/wp-content\/uploads\/2024\/08\/sentimiento-del-mercado.webp","keywords":["educa\u00e7\u00e3o financeira","investimento","Longo prazo"],"articleSection":["Aprenda a investir"],"inLanguage":"pt-PT","potentialAction":[{"@type":"CommentAction","name":"Comment","target":["https:\/\/blog.urbanitae.com\/pt-pt\/2024\/08\/21\/o-que-e-o-sentimento-do-mercado\/#respond"]}]},{"@type":["WebPage","ItemPage"],"@id":"https:\/\/blog.urbanitae.com\/pt-pt\/2024\/08\/21\/o-que-e-o-sentimento-do-mercado\/","url":"https:\/\/blog.urbanitae.com\/pt-pt\/2024\/08\/21\/o-que-e-o-sentimento-do-mercado\/","name":"O que \u00e9 o sentimento do mercado? - Urbanitae Blog","isPartOf":{"@id":"https:\/\/blog.urbanitae.com\/pt-pt\/#website"},"primaryImageOfPage":{"@id":"https:\/\/blog.urbanitae.com\/pt-pt\/2024\/08\/21\/o-que-e-o-sentimento-do-mercado\/#primaryimage"},"image":{"@id":"https:\/\/blog.urbanitae.com\/pt-pt\/2024\/08\/21\/o-que-e-o-sentimento-do-mercado\/#primaryimage"},"thumbnailUrl":"https:\/\/blog.urbanitae.com\/wp-content\/uploads\/2024\/08\/sentimiento-del-mercado.webp","datePublished":"2024-08-21T06:45:00+00:00","description":"Quando falamos de investimento, as emo\u00e7\u00f5es desempenham um papel importante, e muitas vezes prejudicial. Mas o que \u00e9 o sentimento do mercado?","breadcrumb":{"@id":"https:\/\/blog.urbanitae.com\/pt-pt\/2024\/08\/21\/o-que-e-o-sentimento-do-mercado\/#breadcrumb"},"inLanguage":"pt-PT","potentialAction":[{"@type":"ReadAction","target":["https:\/\/blog.urbanitae.com\/pt-pt\/2024\/08\/21\/o-que-e-o-sentimento-do-mercado\/"]}]},{"@type":"ImageObject","inLanguage":"pt-PT","@id":"https:\/\/blog.urbanitae.com\/pt-pt\/2024\/08\/21\/o-que-e-o-sentimento-do-mercado\/#primaryimage","url":"https:\/\/blog.urbanitae.com\/wp-content\/uploads\/2024\/08\/sentimiento-del-mercado.webp","contentUrl":"https:\/\/blog.urbanitae.com\/wp-content\/uploads\/2024\/08\/sentimiento-del-mercado.webp","width":1400,"height":735,"caption":"Sentimiento del mercado."},{"@type":"BreadcrumbList","@id":"https:\/\/blog.urbanitae.com\/pt-pt\/2024\/08\/21\/o-que-e-o-sentimento-do-mercado\/#breadcrumb","itemListElement":[{"@type":"ListItem","position":1,"name":"Portada","item":"https:\/\/blog.urbanitae.com\/pt-pt\/"},{"@type":"ListItem","position":2,"name":"O que \u00e9 o sentimento do mercado?"}]},{"@type":"WebSite","@id":"https:\/\/blog.urbanitae.com\/pt-pt\/#website","url":"https:\/\/blog.urbanitae.com\/pt-pt\/","name":"Urbanitae Blog | Las mejores noticias sobre inversi\u00f3n inmobiliaria","description":"Investimento imobili\u00e1rio ao alcance de todos","publisher":{"@id":"https:\/\/blog.urbanitae.com\/pt-pt\/#organization"},"potentialAction":[{"@type":"SearchAction","target":{"@type":"EntryPoint","urlTemplate":"https:\/\/blog.urbanitae.com\/pt-pt\/?s={search_term_string}"},"query-input":{"@type":"PropertyValueSpecification","valueRequired":true,"valueName":"search_term_string"}}],"inLanguage":"pt-PT"},{"@type":"Organization","@id":"https:\/\/blog.urbanitae.com\/pt-pt\/#organization","name":"Urbanitae","url":"https:\/\/blog.urbanitae.com\/pt-pt\/","logo":{"@type":"ImageObject","inLanguage":"pt-PT","@id":"https:\/\/blog.urbanitae.com\/pt-pt\/#\/schema\/logo\/image\/","url":"https:\/\/blog.urbanitae.com\/wp-content\/uploads\/2020\/04\/logo-verde_350x100.svg","contentUrl":"https:\/\/blog.urbanitae.com\/wp-content\/uploads\/2020\/04\/logo-verde_350x100.svg","width":350,"height":100,"caption":"Urbanitae"},"image":{"@id":"https:\/\/blog.urbanitae.com\/pt-pt\/#\/schema\/logo\/image\/"},"sameAs":["https:\/\/www.facebook.com\/urbanitae","https:\/\/x.com\/urbanitae","https:\/\/www.instagram.com\/urbanitae","https:\/\/www.linkedin.com\/company\/urbanitae","https:\/\/www.pinterest.es\/UrbanitaeSL\/_created\/","https:\/\/www.youtube.com\/c\/Urbanitae_RE"]},{"@type":"Person","@id":"https:\/\/blog.urbanitae.com\/pt-pt\/#\/schema\/person\/e7b2d152f5654066832c53f5aa04fbf7","name":"Equipo Urbanitae","image":{"@type":"ImageObject","inLanguage":"pt-PT","@id":"https:\/\/secure.gravatar.com\/avatar\/e75782c6aa253c8ac75c13b1ec97172bb2d67437baa4354ba4b0650a97f565f2?s=96&d=mm&r=g","url":"https:\/\/secure.gravatar.com\/avatar\/e75782c6aa253c8ac75c13b1ec97172bb2d67437baa4354ba4b0650a97f565f2?s=96&d=mm&r=g","contentUrl":"https:\/\/secure.gravatar.com\/avatar\/e75782c6aa253c8ac75c13b1ec97172bb2d67437baa4354ba4b0650a97f565f2?s=96&d=mm&r=g","caption":"Equipo Urbanitae"},"sameAs":["https:\/\/urbanitae.com"],"url":"https:\/\/blog.urbanitae.com\/pt-pt\/author\/urbanitae\/"}]}},"_links":{"self":[{"href":"https:\/\/blog.urbanitae.com\/pt-pt\/wp-json\/wp\/v2\/posts\/48665","targetHints":{"allow":["GET"]}}],"collection":[{"href":"https:\/\/blog.urbanitae.com\/pt-pt\/wp-json\/wp\/v2\/posts"}],"about":[{"href":"https:\/\/blog.urbanitae.com\/pt-pt\/wp-json\/wp\/v2\/types\/post"}],"author":[{"embeddable":true,"href":"https:\/\/blog.urbanitae.com\/pt-pt\/wp-json\/wp\/v2\/users\/1"}],"replies":[{"embeddable":true,"href":"https:\/\/blog.urbanitae.com\/pt-pt\/wp-json\/wp\/v2\/comments?post=48665"}],"version-history":[{"count":0,"href":"https:\/\/blog.urbanitae.com\/pt-pt\/wp-json\/wp\/v2\/posts\/48665\/revisions"}],"wp:featuredmedia":[{"embeddable":true,"href":"https:\/\/blog.urbanitae.com\/pt-pt\/wp-json\/wp\/v2\/media\/48647"}],"wp:attachment":[{"href":"https:\/\/blog.urbanitae.com\/pt-pt\/wp-json\/wp\/v2\/media?parent=48665"}],"wp:term":[{"taxonomy":"category","embeddable":true,"href":"https:\/\/blog.urbanitae.com\/pt-pt\/wp-json\/wp\/v2\/categories?post=48665"},{"taxonomy":"post_tag","embeddable":true,"href":"https:\/\/blog.urbanitae.com\/pt-pt\/wp-json\/wp\/v2\/tags?post=48665"}],"curies":[{"name":"wp","href":"https:\/\/api.w.org\/{rel}","templated":true}]}}