{"id":42190,"date":"2024-05-20T11:13:39","date_gmt":"2024-05-20T09:13:39","guid":{"rendered":"https:\/\/blog.urbanitae.com\/?p=42190"},"modified":"2024-05-20T11:15:12","modified_gmt":"2024-05-20T09:15:12","slug":"marbella-a-capital-do-luxo-imobiliario-por-excelencia","status":"publish","type":"post","link":"https:\/\/blog.urbanitae.com\/pt-pt\/2024\/05\/20\/marbella-a-capital-do-luxo-imobiliario-por-excelencia\/","title":{"rendered":"Marbella: a capital do luxo imobili\u00e1rio por excel\u00eancia"},"content":{"rendered":"\n<p>Se h\u00e1 um segmento-chave dentro do setor imobili\u00e1rio, imune e praticamente \u00e0 prova de crises, \u00e9 sem d\u00favida o residencial de luxo. Os ativos prime mant\u00eam seu atrativo e durante este segundo trimestre do ano continuar\u00e3o em uma trajet\u00f3ria de crescimento. Os pre\u00e7os, por sua vez, continuar\u00e3o a subir devido \u00e0 not\u00e1vel demanda em face da escassez de oferta, mas o far\u00e3o com maior modera\u00e7\u00e3o, segundo os especialistas.<\/p>\n\n\n\n<p>A rede imobili\u00e1ria especializada na gest\u00e3o de ativos de luxo, The Simple Rent, estima que os im\u00f3veis de luxo protagonizar\u00e3o, de fato, um dos maiores crescimentos: em torno de 43%.<\/p>\n\n\n\n<p>Nosso pa\u00eds \u00e9 a terceira pot\u00eancia europeia favorita para o investimento imobili\u00e1rio e a oitava no ranking mundial, segundo a Colliers. Mas tamb\u00e9m \u00e9 o quarto pa\u00eds do mundo e o primeiro na Europa continental, onde mais investem os compradores \u201cultra-ricos\u201d, aqueles afortunados cuja riqueza supera os 30 milh\u00f5es de euros.<\/p>\n\n\n\n<p>Conforme relatado no \u00faltimo relat\u00f3rio da Engel &amp; V\u00f6lkers sobre o mercado imobili\u00e1rio em 2023, Madrid, Barcelona e M\u00e1laga se consolidam como destinos preferenciais. A imobili\u00e1ria especializada em im\u00f3veis de alto padr\u00e3o prev\u00ea um 2024 com um aumento de 15% nas transa\u00e7\u00f5es e entre 5-7% nos pre\u00e7os. Estima ainda que a compra de im\u00f3veis com pre\u00e7o acima de um milh\u00e3o de euros crescer\u00e1 40% em 2024.<\/p>\n\n\n\n<h2 class=\"wp-block-heading\">O metro quadrado mais caro da Espanha<\/h2>\n\n\n\n<p>Em geral, a habita\u00e7\u00e3o de luxo na Espanha vive uma \u00e9poca de esplendor, mas um dos locais que se destaca como foco de aten\u00e7\u00e3o e investimento no segmento \u00e9 Marbella (M\u00e1laga). H\u00e1 mais de seis d\u00e9cadas, se orgulha de ser uma das localidades mais exclusivas do Mediterr\u00e2neo. A localidade conquistou sua lideran\u00e7a no mercado prime com vilas que, em alguns casos, chegam at\u00e9 a superar os 36 milh\u00f5es de euros. Marbella atrai grandes fortunas provenientes de diversas partes do mundo \u2013 tanto de longa trajet\u00f3ria como emergentes \u2013, mas seu atrativo vai ainda muito al\u00e9m. N\u00e3o \u00e9 apenas um dos destinos preferidos como lugar de resid\u00eancia de f\u00e9rias em nosso pa\u00eds, mas tamb\u00e9m se torna o lar de muitos estrangeiros.<\/p>\n\n\n\n<p>A cidade e seus arredores concentram resid\u00eancias e ruas distintas com as propriedades mais caras do nosso pa\u00eds. Segundo dados da Idealista, Marbella \u00e9 um dos \u201cepicentros do ultra-luxo\u201d. Em concreto, conta com o m2 mais alto transacionado na Espanha &#8211; 33.379 euros o m2 &#8211; e se encontra na urbaniza\u00e7\u00e3o marbellina de Marina Puente Romano, com im\u00f3veis situados na primeira linha de praia. O metro quadrado em Marbella se posiciona assim a n\u00edvel mundial ao n\u00edvel de grandes pra\u00e7as europeias como Paris ou Londres.<\/p>\n\n\n\n<p>Panorama Properties, a ag\u00eancia imobili\u00e1ria mais antiga da localidade, em seu \u00faltimo relat\u00f3rio anual sobre o mercado de luxo, reflete que a venda de habita\u00e7\u00e3o de alta gama (a que supera os dois milh\u00f5es de euros) aumentou em Marbella 20% em rela\u00e7\u00e3o aos n\u00fameros registrados em 2022. Isso representa o volume de vendas mais alto dos \u00faltimos 16 anos, com 42.744 resid\u00eancias vendidas e um crescimento de 119% na \u00faltima d\u00e9cada.<\/p>\n\n\n\n<h2 class=\"wp-block-heading\">Presen\u00e7a majorit\u00e1ria de compradores estrangeiros<\/h2>\n\n\n\n<p>Segundo a an\u00e1lise desta imobili\u00e1ria, pelo menos 90% das habita\u00e7\u00f5es de mais de dois milh\u00f5es de euros s\u00e3o vendidas a estrangeiros. Os brit\u00e2nicos continuam a ser os compradores por excel\u00eancia, com 16% do total das transa\u00e7\u00f5es. Seguem-se os suecos e os holandeses, com 12% e 8%, respectivamente, e somam-se os belgas, franceses e alem\u00e3es.<\/p>\n\n\n\n<p>Entre as nacionalidades que mais crescem, destaca-se o aumento dos investidores suecos e noruegueses e uma forte entrada de compradores polacos, assim como da Europa de Leste. Por outro lado, continua sendo um dos destinos favoritos dos turistas do Oriente M\u00e9dio desde o final da d\u00e9cada de 1970. Junto a isso, cabe destacar que o mercado norte-americano emerge com for\u00e7a desde 2022.<\/p>\n\n\n\n<p>Al\u00e9m de ser um destino residencial de primeira classe, Marbella tamb\u00e9m atrai grandes marcas de moda, que projetam aqui seus grandes projetos imobili\u00e1rios. \u00c9 o caso de Dolce &amp; Gabbana que escolheu a localidade como sede de sua estreia imobili\u00e1ria na Europa, em parceria com Sierra Blanca Estates.<\/p>\n\n\n\n<h2 class=\"wp-block-heading\">Investir em ativos prime atrav\u00e9s do crowdfunding<\/h2>\n\n\n\n<p>Marbella e seus im\u00f3veis de luxo j\u00e1 n\u00e3o s\u00e3o um terreno restrito para os grandes investidores. Os pequenos poupadores tamb\u00e9m podem fazer parte de oportunidades destacadas atrav\u00e9s do financiamento coletivo. Urbanitae j\u00e1 realizou v\u00e1rios projetos de crowdfunding nessa linha. Entre os mais recentes est\u00e3o as opera\u00e7\u00f5es de financiamento de duas vilas de luxo: Villa Alcal\u00e1 e Villa del Generalife. Com 2.175.000 e 2.240.000 euros, respectivamente, contaram com a participa\u00e7\u00e3o de mais de 1.000 investidores em ambos os casos.<\/p>\n","protected":false},"excerpt":{"rendered":"<p>Na Urbanitae, financiamos cerca de 22 milh\u00f5es de euros em projetos de luxo em Marbella atrav\u00e9s de mais de 8.000 investimentos.<\/p>\n","protected":false},"author":1,"featured_media":42199,"comment_status":"open","ping_status":"open","sticky":false,"template":"","format":"standard","meta":{"inline_featured_image":false,"footnotes":""},"categories":[1029],"tags":[1233,1232,69,1983,957,1231],"class_list":["post-42190","post","type-post","status-publish","format-standard","has-post-thumbnail","hentry","category-investimento-imobiliario-pt-pt","tag-activos-prime-pt-pt","tag-casas-de-luxo","tag-inversion-inmobiliaria","tag-inversion-inmobiliaria-pt-pt","tag-investimento-imobiliario","tag-residencial-prime-pt-pt"],"blocksy_meta":[],"yoast_head":"<!-- This site is optimized with the Yoast SEO plugin v27.5 - https:\/\/yoast.com\/product\/yoast-seo-wordpress\/ -->\n<title>Marbella: a capital do luxo imobili\u00e1rio por excel\u00eancia - Urbanitae Blog<\/title>\n<meta name=\"description\" content=\"Todos os relat\u00f3rios confirmam a ascens\u00e3o de Marbella como destino para im\u00f3veis de luxo e investimento... para todos os bolsos. Leia aqui.\" \/>\n<meta name=\"robots\" content=\"index, follow, max-snippet:-1, max-image-preview:large, max-video-preview:-1\" \/>\n<link rel=\"canonical\" href=\"https:\/\/blog.urbanitae.com\/pt-pt\/2024\/05\/20\/marbella-a-capital-do-luxo-imobiliario-por-excelencia\/\" \/>\n<meta property=\"og:locale\" content=\"pt_PT\" \/>\n<meta property=\"og:type\" content=\"article\" \/>\n<meta property=\"og:title\" content=\"E se o luxo n\u00e3o fosse apenas para alguns?\" \/>\n<meta property=\"og:description\" content=\"As habita\u00e7\u00f5es de luxo em Marbella est\u00e3o em alta. Embora os pre\u00e7os continuem a subir, j\u00e1 n\u00e3o \u00e9 necess\u00e1rio ser ultrarrico para investir neste segmento. Contamos-lhe aqui.\" \/>\n<meta property=\"og:url\" content=\"https:\/\/blog.urbanitae.com\/pt-pt\/2024\/05\/20\/marbella-a-capital-do-luxo-imobiliario-por-excelencia\/\" \/>\n<meta property=\"og:site_name\" content=\"Urbanitae Blog | As melhores not\u00edcias sobre investimentos imobili\u00e1rios\" \/>\n<meta property=\"article:publisher\" content=\"https:\/\/www.facebook.com\/urbanitae\" \/>\n<meta property=\"article:published_time\" content=\"2024-05-20T09:13:39+00:00\" \/>\n<meta property=\"article:modified_time\" content=\"2024-05-20T09:15:12+00:00\" \/>\n<meta property=\"og:image\" content=\"https:\/\/blog.urbanitae.com\/wp-content\/uploads\/2024\/05\/marbella-lujo-inmobiliario-residencial.webp\" \/>\n\t<meta property=\"og:image:width\" content=\"1400\" \/>\n\t<meta property=\"og:image:height\" content=\"735\" \/>\n\t<meta property=\"og:image:type\" content=\"image\/webp\" \/>\n<meta name=\"author\" content=\"Equipo Urbanitae\" \/>\n<meta name=\"twitter:card\" content=\"summary_large_image\" \/>\n<meta name=\"twitter:creator\" content=\"@urbanitae\" \/>\n<meta name=\"twitter:site\" content=\"@urbanitae\" \/>\n<meta name=\"twitter:label1\" content=\"Escrito por\" \/>\n\t<meta name=\"twitter:data1\" content=\"Equipo Urbanitae\" \/>\n\t<meta name=\"twitter:label2\" content=\"Tempo estimado de leitura\" \/>\n\t<meta name=\"twitter:data2\" content=\"4 minutos\" \/>\n<script type=\"application\/ld+json\" class=\"yoast-schema-graph\">{\"@context\":\"https:\\\/\\\/schema.org\",\"@graph\":[{\"@type\":[\"Article\",\"BlogPosting\"],\"@id\":\"https:\\\/\\\/blog.urbanitae.com\\\/pt-pt\\\/2024\\\/05\\\/20\\\/marbella-a-capital-do-luxo-imobiliario-por-excelencia\\\/#article\",\"isPartOf\":{\"@id\":\"https:\\\/\\\/blog.urbanitae.com\\\/pt-pt\\\/2024\\\/05\\\/20\\\/marbella-a-capital-do-luxo-imobiliario-por-excelencia\\\/\"},\"author\":{\"name\":\"Equipo Urbanitae\",\"@id\":\"https:\\\/\\\/blog.urbanitae.com\\\/pt-pt\\\/#\\\/schema\\\/person\\\/e7b2d152f5654066832c53f5aa04fbf7\"},\"headline\":\"Marbella: a capital do luxo imobili\u00e1rio por excel\u00eancia\",\"datePublished\":\"2024-05-20T09:13:39+00:00\",\"dateModified\":\"2024-05-20T09:15:12+00:00\",\"mainEntityOfPage\":{\"@id\":\"https:\\\/\\\/blog.urbanitae.com\\\/pt-pt\\\/2024\\\/05\\\/20\\\/marbella-a-capital-do-luxo-imobiliario-por-excelencia\\\/\"},\"wordCount\":818,\"commentCount\":0,\"publisher\":{\"@id\":\"https:\\\/\\\/blog.urbanitae.com\\\/pt-pt\\\/#organization\"},\"image\":{\"@id\":\"https:\\\/\\\/blog.urbanitae.com\\\/pt-pt\\\/2024\\\/05\\\/20\\\/marbella-a-capital-do-luxo-imobiliario-por-excelencia\\\/#primaryimage\"},\"thumbnailUrl\":\"https:\\\/\\\/blog.urbanitae.com\\\/wp-content\\\/uploads\\\/2024\\\/05\\\/marbella-lujo-inmobiliario-residencial.webp\",\"keywords\":[\"activos prime\",\"casas de luxo\",\"inversi\u00f3n inmobiliaria\",\"inversi\u00f3n inmobiliaria\",\"Investimento imobili\u00e1rio\",\"residencial prime\"],\"articleSection\":[\"Investimento imobili\u00e1rio\"],\"inLanguage\":\"pt-PT\",\"potentialAction\":[{\"@type\":\"CommentAction\",\"name\":\"Comment\",\"target\":[\"https:\\\/\\\/blog.urbanitae.com\\\/pt-pt\\\/2024\\\/05\\\/20\\\/marbella-a-capital-do-luxo-imobiliario-por-excelencia\\\/#respond\"]}]},{\"@type\":[\"WebPage\",\"ItemPage\"],\"@id\":\"https:\\\/\\\/blog.urbanitae.com\\\/pt-pt\\\/2024\\\/05\\\/20\\\/marbella-a-capital-do-luxo-imobiliario-por-excelencia\\\/\",\"url\":\"https:\\\/\\\/blog.urbanitae.com\\\/pt-pt\\\/2024\\\/05\\\/20\\\/marbella-a-capital-do-luxo-imobiliario-por-excelencia\\\/\",\"name\":\"Marbella: a capital do luxo imobili\u00e1rio por excel\u00eancia - Urbanitae Blog\",\"isPartOf\":{\"@id\":\"https:\\\/\\\/blog.urbanitae.com\\\/pt-pt\\\/#website\"},\"primaryImageOfPage\":{\"@id\":\"https:\\\/\\\/blog.urbanitae.com\\\/pt-pt\\\/2024\\\/05\\\/20\\\/marbella-a-capital-do-luxo-imobiliario-por-excelencia\\\/#primaryimage\"},\"image\":{\"@id\":\"https:\\\/\\\/blog.urbanitae.com\\\/pt-pt\\\/2024\\\/05\\\/20\\\/marbella-a-capital-do-luxo-imobiliario-por-excelencia\\\/#primaryimage\"},\"thumbnailUrl\":\"https:\\\/\\\/blog.urbanitae.com\\\/wp-content\\\/uploads\\\/2024\\\/05\\\/marbella-lujo-inmobiliario-residencial.webp\",\"datePublished\":\"2024-05-20T09:13:39+00:00\",\"dateModified\":\"2024-05-20T09:15:12+00:00\",\"description\":\"Todos os relat\u00f3rios confirmam a ascens\u00e3o de Marbella como destino para im\u00f3veis de luxo e investimento... para todos os bolsos. Leia aqui.\",\"breadcrumb\":{\"@id\":\"https:\\\/\\\/blog.urbanitae.com\\\/pt-pt\\\/2024\\\/05\\\/20\\\/marbella-a-capital-do-luxo-imobiliario-por-excelencia\\\/#breadcrumb\"},\"inLanguage\":\"pt-PT\",\"potentialAction\":[{\"@type\":\"ReadAction\",\"target\":[\"https:\\\/\\\/blog.urbanitae.com\\\/pt-pt\\\/2024\\\/05\\\/20\\\/marbella-a-capital-do-luxo-imobiliario-por-excelencia\\\/\"]}]},{\"@type\":\"ImageObject\",\"inLanguage\":\"pt-PT\",\"@id\":\"https:\\\/\\\/blog.urbanitae.com\\\/pt-pt\\\/2024\\\/05\\\/20\\\/marbella-a-capital-do-luxo-imobiliario-por-excelencia\\\/#primaryimage\",\"url\":\"https:\\\/\\\/blog.urbanitae.com\\\/wp-content\\\/uploads\\\/2024\\\/05\\\/marbella-lujo-inmobiliario-residencial.webp\",\"contentUrl\":\"https:\\\/\\\/blog.urbanitae.com\\\/wp-content\\\/uploads\\\/2024\\\/05\\\/marbella-lujo-inmobiliario-residencial.webp\",\"width\":1400,\"height\":735,\"caption\":\"Marbella es sin\u00f3nimo de lujo en el mercado inmobiliario, con precios al alza y gran demanda extranjera\"},{\"@type\":\"BreadcrumbList\",\"@id\":\"https:\\\/\\\/blog.urbanitae.com\\\/pt-pt\\\/2024\\\/05\\\/20\\\/marbella-a-capital-do-luxo-imobiliario-por-excelencia\\\/#breadcrumb\",\"itemListElement\":[{\"@type\":\"ListItem\",\"position\":1,\"name\":\"Portada\",\"item\":\"https:\\\/\\\/blog.urbanitae.com\\\/pt-pt\\\/\"},{\"@type\":\"ListItem\",\"position\":2,\"name\":\"Marbella: a capital do luxo imobili\u00e1rio por excel\u00eancia\"}]},{\"@type\":\"WebSite\",\"@id\":\"https:\\\/\\\/blog.urbanitae.com\\\/pt-pt\\\/#website\",\"url\":\"https:\\\/\\\/blog.urbanitae.com\\\/pt-pt\\\/\",\"name\":\"Urbanitae Blog | Las mejores noticias sobre inversi\u00f3n inmobiliaria\",\"description\":\"Investimento imobili\u00e1rio ao alcance de todos\",\"publisher\":{\"@id\":\"https:\\\/\\\/blog.urbanitae.com\\\/pt-pt\\\/#organization\"},\"potentialAction\":[{\"@type\":\"SearchAction\",\"target\":{\"@type\":\"EntryPoint\",\"urlTemplate\":\"https:\\\/\\\/blog.urbanitae.com\\\/pt-pt\\\/?s={search_term_string}\"},\"query-input\":{\"@type\":\"PropertyValueSpecification\",\"valueRequired\":true,\"valueName\":\"search_term_string\"}}],\"inLanguage\":\"pt-PT\"},{\"@type\":\"Organization\",\"@id\":\"https:\\\/\\\/blog.urbanitae.com\\\/pt-pt\\\/#organization\",\"name\":\"Urbanitae\",\"url\":\"https:\\\/\\\/blog.urbanitae.com\\\/pt-pt\\\/\",\"logo\":{\"@type\":\"ImageObject\",\"inLanguage\":\"pt-PT\",\"@id\":\"https:\\\/\\\/blog.urbanitae.com\\\/pt-pt\\\/#\\\/schema\\\/logo\\\/image\\\/\",\"url\":\"https:\\\/\\\/blog.urbanitae.com\\\/wp-content\\\/uploads\\\/2020\\\/04\\\/logo-verde_350x100.svg\",\"contentUrl\":\"https:\\\/\\\/blog.urbanitae.com\\\/wp-content\\\/uploads\\\/2020\\\/04\\\/logo-verde_350x100.svg\",\"width\":350,\"height\":100,\"caption\":\"Urbanitae\"},\"image\":{\"@id\":\"https:\\\/\\\/blog.urbanitae.com\\\/pt-pt\\\/#\\\/schema\\\/logo\\\/image\\\/\"},\"sameAs\":[\"https:\\\/\\\/www.facebook.com\\\/urbanitae\",\"https:\\\/\\\/x.com\\\/urbanitae\",\"https:\\\/\\\/www.instagram.com\\\/urbanitae\",\"https:\\\/\\\/www.linkedin.com\\\/company\\\/urbanitae\",\"https:\\\/\\\/www.pinterest.es\\\/UrbanitaeSL\\\/_created\\\/\",\"https:\\\/\\\/www.youtube.com\\\/c\\\/Urbanitae_RE\"]},{\"@type\":\"Person\",\"@id\":\"https:\\\/\\\/blog.urbanitae.com\\\/pt-pt\\\/#\\\/schema\\\/person\\\/e7b2d152f5654066832c53f5aa04fbf7\",\"name\":\"Equipo Urbanitae\",\"image\":{\"@type\":\"ImageObject\",\"inLanguage\":\"pt-PT\",\"@id\":\"https:\\\/\\\/secure.gravatar.com\\\/avatar\\\/e75782c6aa253c8ac75c13b1ec97172bb2d67437baa4354ba4b0650a97f565f2?s=96&d=mm&r=g\",\"url\":\"https:\\\/\\\/secure.gravatar.com\\\/avatar\\\/e75782c6aa253c8ac75c13b1ec97172bb2d67437baa4354ba4b0650a97f565f2?s=96&d=mm&r=g\",\"contentUrl\":\"https:\\\/\\\/secure.gravatar.com\\\/avatar\\\/e75782c6aa253c8ac75c13b1ec97172bb2d67437baa4354ba4b0650a97f565f2?s=96&d=mm&r=g\",\"caption\":\"Equipo Urbanitae\"},\"sameAs\":[\"https:\\\/\\\/urbanitae.com\"],\"url\":\"https:\\\/\\\/blog.urbanitae.com\\\/pt-pt\\\/author\\\/urbanitae\\\/\"}]}<\/script>\n<!-- \/ Yoast SEO plugin. -->","yoast_head_json":{"title":"Marbella: a capital do luxo imobili\u00e1rio por excel\u00eancia - Urbanitae Blog","description":"Todos os relat\u00f3rios confirmam a ascens\u00e3o de Marbella como destino para im\u00f3veis de luxo e investimento... para todos os bolsos. Leia aqui.","robots":{"index":"index","follow":"follow","max-snippet":"max-snippet:-1","max-image-preview":"max-image-preview:large","max-video-preview":"max-video-preview:-1"},"canonical":"https:\/\/blog.urbanitae.com\/pt-pt\/2024\/05\/20\/marbella-a-capital-do-luxo-imobiliario-por-excelencia\/","og_locale":"pt_PT","og_type":"article","og_title":"E se o luxo n\u00e3o fosse apenas para alguns?","og_description":"As habita\u00e7\u00f5es de luxo em Marbella est\u00e3o em alta. Embora os pre\u00e7os continuem a subir, j\u00e1 n\u00e3o \u00e9 necess\u00e1rio ser ultrarrico para investir neste segmento. Contamos-lhe aqui.","og_url":"https:\/\/blog.urbanitae.com\/pt-pt\/2024\/05\/20\/marbella-a-capital-do-luxo-imobiliario-por-excelencia\/","og_site_name":"Urbanitae Blog | As melhores not\u00edcias sobre investimentos imobili\u00e1rios","article_publisher":"https:\/\/www.facebook.com\/urbanitae","article_published_time":"2024-05-20T09:13:39+00:00","article_modified_time":"2024-05-20T09:15:12+00:00","og_image":[{"width":1400,"height":735,"url":"https:\/\/blog.urbanitae.com\/wp-content\/uploads\/2024\/05\/marbella-lujo-inmobiliario-residencial.webp","type":"image\/webp"}],"author":"Equipo Urbanitae","twitter_card":"summary_large_image","twitter_creator":"@urbanitae","twitter_site":"@urbanitae","twitter_misc":{"Escrito por":"Equipo Urbanitae","Tempo estimado de leitura":"4 minutos"},"schema":{"@context":"https:\/\/schema.org","@graph":[{"@type":["Article","BlogPosting"],"@id":"https:\/\/blog.urbanitae.com\/pt-pt\/2024\/05\/20\/marbella-a-capital-do-luxo-imobiliario-por-excelencia\/#article","isPartOf":{"@id":"https:\/\/blog.urbanitae.com\/pt-pt\/2024\/05\/20\/marbella-a-capital-do-luxo-imobiliario-por-excelencia\/"},"author":{"name":"Equipo Urbanitae","@id":"https:\/\/blog.urbanitae.com\/pt-pt\/#\/schema\/person\/e7b2d152f5654066832c53f5aa04fbf7"},"headline":"Marbella: a capital do luxo imobili\u00e1rio por excel\u00eancia","datePublished":"2024-05-20T09:13:39+00:00","dateModified":"2024-05-20T09:15:12+00:00","mainEntityOfPage":{"@id":"https:\/\/blog.urbanitae.com\/pt-pt\/2024\/05\/20\/marbella-a-capital-do-luxo-imobiliario-por-excelencia\/"},"wordCount":818,"commentCount":0,"publisher":{"@id":"https:\/\/blog.urbanitae.com\/pt-pt\/#organization"},"image":{"@id":"https:\/\/blog.urbanitae.com\/pt-pt\/2024\/05\/20\/marbella-a-capital-do-luxo-imobiliario-por-excelencia\/#primaryimage"},"thumbnailUrl":"https:\/\/blog.urbanitae.com\/wp-content\/uploads\/2024\/05\/marbella-lujo-inmobiliario-residencial.webp","keywords":["activos prime","casas de luxo","inversi\u00f3n inmobiliaria","inversi\u00f3n inmobiliaria","Investimento imobili\u00e1rio","residencial prime"],"articleSection":["Investimento imobili\u00e1rio"],"inLanguage":"pt-PT","potentialAction":[{"@type":"CommentAction","name":"Comment","target":["https:\/\/blog.urbanitae.com\/pt-pt\/2024\/05\/20\/marbella-a-capital-do-luxo-imobiliario-por-excelencia\/#respond"]}]},{"@type":["WebPage","ItemPage"],"@id":"https:\/\/blog.urbanitae.com\/pt-pt\/2024\/05\/20\/marbella-a-capital-do-luxo-imobiliario-por-excelencia\/","url":"https:\/\/blog.urbanitae.com\/pt-pt\/2024\/05\/20\/marbella-a-capital-do-luxo-imobiliario-por-excelencia\/","name":"Marbella: a capital do luxo imobili\u00e1rio por excel\u00eancia - Urbanitae Blog","isPartOf":{"@id":"https:\/\/blog.urbanitae.com\/pt-pt\/#website"},"primaryImageOfPage":{"@id":"https:\/\/blog.urbanitae.com\/pt-pt\/2024\/05\/20\/marbella-a-capital-do-luxo-imobiliario-por-excelencia\/#primaryimage"},"image":{"@id":"https:\/\/blog.urbanitae.com\/pt-pt\/2024\/05\/20\/marbella-a-capital-do-luxo-imobiliario-por-excelencia\/#primaryimage"},"thumbnailUrl":"https:\/\/blog.urbanitae.com\/wp-content\/uploads\/2024\/05\/marbella-lujo-inmobiliario-residencial.webp","datePublished":"2024-05-20T09:13:39+00:00","dateModified":"2024-05-20T09:15:12+00:00","description":"Todos os relat\u00f3rios confirmam a ascens\u00e3o de Marbella como destino para im\u00f3veis de luxo e investimento... para todos os bolsos. Leia aqui.","breadcrumb":{"@id":"https:\/\/blog.urbanitae.com\/pt-pt\/2024\/05\/20\/marbella-a-capital-do-luxo-imobiliario-por-excelencia\/#breadcrumb"},"inLanguage":"pt-PT","potentialAction":[{"@type":"ReadAction","target":["https:\/\/blog.urbanitae.com\/pt-pt\/2024\/05\/20\/marbella-a-capital-do-luxo-imobiliario-por-excelencia\/"]}]},{"@type":"ImageObject","inLanguage":"pt-PT","@id":"https:\/\/blog.urbanitae.com\/pt-pt\/2024\/05\/20\/marbella-a-capital-do-luxo-imobiliario-por-excelencia\/#primaryimage","url":"https:\/\/blog.urbanitae.com\/wp-content\/uploads\/2024\/05\/marbella-lujo-inmobiliario-residencial.webp","contentUrl":"https:\/\/blog.urbanitae.com\/wp-content\/uploads\/2024\/05\/marbella-lujo-inmobiliario-residencial.webp","width":1400,"height":735,"caption":"Marbella es sin\u00f3nimo de lujo en el mercado inmobiliario, con precios al alza y gran demanda extranjera"},{"@type":"BreadcrumbList","@id":"https:\/\/blog.urbanitae.com\/pt-pt\/2024\/05\/20\/marbella-a-capital-do-luxo-imobiliario-por-excelencia\/#breadcrumb","itemListElement":[{"@type":"ListItem","position":1,"name":"Portada","item":"https:\/\/blog.urbanitae.com\/pt-pt\/"},{"@type":"ListItem","position":2,"name":"Marbella: a capital do luxo imobili\u00e1rio por excel\u00eancia"}]},{"@type":"WebSite","@id":"https:\/\/blog.urbanitae.com\/pt-pt\/#website","url":"https:\/\/blog.urbanitae.com\/pt-pt\/","name":"Urbanitae Blog | Las mejores noticias sobre inversi\u00f3n inmobiliaria","description":"Investimento imobili\u00e1rio ao alcance de todos","publisher":{"@id":"https:\/\/blog.urbanitae.com\/pt-pt\/#organization"},"potentialAction":[{"@type":"SearchAction","target":{"@type":"EntryPoint","urlTemplate":"https:\/\/blog.urbanitae.com\/pt-pt\/?s={search_term_string}"},"query-input":{"@type":"PropertyValueSpecification","valueRequired":true,"valueName":"search_term_string"}}],"inLanguage":"pt-PT"},{"@type":"Organization","@id":"https:\/\/blog.urbanitae.com\/pt-pt\/#organization","name":"Urbanitae","url":"https:\/\/blog.urbanitae.com\/pt-pt\/","logo":{"@type":"ImageObject","inLanguage":"pt-PT","@id":"https:\/\/blog.urbanitae.com\/pt-pt\/#\/schema\/logo\/image\/","url":"https:\/\/blog.urbanitae.com\/wp-content\/uploads\/2020\/04\/logo-verde_350x100.svg","contentUrl":"https:\/\/blog.urbanitae.com\/wp-content\/uploads\/2020\/04\/logo-verde_350x100.svg","width":350,"height":100,"caption":"Urbanitae"},"image":{"@id":"https:\/\/blog.urbanitae.com\/pt-pt\/#\/schema\/logo\/image\/"},"sameAs":["https:\/\/www.facebook.com\/urbanitae","https:\/\/x.com\/urbanitae","https:\/\/www.instagram.com\/urbanitae","https:\/\/www.linkedin.com\/company\/urbanitae","https:\/\/www.pinterest.es\/UrbanitaeSL\/_created\/","https:\/\/www.youtube.com\/c\/Urbanitae_RE"]},{"@type":"Person","@id":"https:\/\/blog.urbanitae.com\/pt-pt\/#\/schema\/person\/e7b2d152f5654066832c53f5aa04fbf7","name":"Equipo Urbanitae","image":{"@type":"ImageObject","inLanguage":"pt-PT","@id":"https:\/\/secure.gravatar.com\/avatar\/e75782c6aa253c8ac75c13b1ec97172bb2d67437baa4354ba4b0650a97f565f2?s=96&d=mm&r=g","url":"https:\/\/secure.gravatar.com\/avatar\/e75782c6aa253c8ac75c13b1ec97172bb2d67437baa4354ba4b0650a97f565f2?s=96&d=mm&r=g","contentUrl":"https:\/\/secure.gravatar.com\/avatar\/e75782c6aa253c8ac75c13b1ec97172bb2d67437baa4354ba4b0650a97f565f2?s=96&d=mm&r=g","caption":"Equipo Urbanitae"},"sameAs":["https:\/\/urbanitae.com"],"url":"https:\/\/blog.urbanitae.com\/pt-pt\/author\/urbanitae\/"}]}},"_links":{"self":[{"href":"https:\/\/blog.urbanitae.com\/pt-pt\/wp-json\/wp\/v2\/posts\/42190","targetHints":{"allow":["GET"]}}],"collection":[{"href":"https:\/\/blog.urbanitae.com\/pt-pt\/wp-json\/wp\/v2\/posts"}],"about":[{"href":"https:\/\/blog.urbanitae.com\/pt-pt\/wp-json\/wp\/v2\/types\/post"}],"author":[{"embeddable":true,"href":"https:\/\/blog.urbanitae.com\/pt-pt\/wp-json\/wp\/v2\/users\/1"}],"replies":[{"embeddable":true,"href":"https:\/\/blog.urbanitae.com\/pt-pt\/wp-json\/wp\/v2\/comments?post=42190"}],"version-history":[{"count":0,"href":"https:\/\/blog.urbanitae.com\/pt-pt\/wp-json\/wp\/v2\/posts\/42190\/revisions"}],"wp:featuredmedia":[{"embeddable":true,"href":"https:\/\/blog.urbanitae.com\/pt-pt\/wp-json\/wp\/v2\/media\/42199"}],"wp:attachment":[{"href":"https:\/\/blog.urbanitae.com\/pt-pt\/wp-json\/wp\/v2\/media?parent=42190"}],"wp:term":[{"taxonomy":"category","embeddable":true,"href":"https:\/\/blog.urbanitae.com\/pt-pt\/wp-json\/wp\/v2\/categories?post=42190"},{"taxonomy":"post_tag","embeddable":true,"href":"https:\/\/blog.urbanitae.com\/pt-pt\/wp-json\/wp\/v2\/tags?post=42190"}],"curies":[{"name":"wp","href":"https:\/\/api.w.org\/{rel}","templated":true}]}}