{"id":70591,"date":"2025-09-30T20:11:06","date_gmt":"2025-09-30T18:11:06","guid":{"rendered":"https:\/\/blog.urbanitae.com\/?p=70591"},"modified":"2025-10-09T18:03:52","modified_gmt":"2025-10-09T16:03:52","slug":"nuovo-progetto-investi-nella-golden-mile-di-lisbona","status":"publish","type":"post","link":"https:\/\/blog.urbanitae.com\/it\/2025\/09\/30\/nuovo-progetto-investi-nella-golden-mile-di-lisbona\/","title":{"rendered":"Nuovo progetto! Investi nella Golden Mile di Lisbona"},"content":{"rendered":"\t\t<div data-elementor-type=\"wp-post\" data-elementor-id=\"70591\" class=\"elementor elementor-70591 elementor-70573\">\n\t\t\t\t\t\t<section class=\"elementor-section elementor-top-section elementor-element elementor-element-75144a4e elementor-section-boxed elementor-section-height-default elementor-section-height-default\" data-id=\"75144a4e\" data-element_type=\"section\" data-e-type=\"section\">\n\t\t\t\t\t\t<div class=\"elementor-container elementor-column-gap-default\">\n\t\t\t\t\t<div class=\"elementor-column elementor-col-100 elementor-top-column elementor-element elementor-element-32c1f98\" data-id=\"32c1f98\" data-element_type=\"column\" data-e-type=\"column\">\n\t\t\t<div class=\"elementor-widget-wrap elementor-element-populated\">\n\t\t\t\t\t\t<div class=\"elementor-element elementor-element-2d8dc957 elementor-widget elementor-widget-text-editor\" data-id=\"2d8dc957\" data-element_type=\"widget\" data-e-type=\"widget\" data-widget_type=\"text-editor.default\">\n\t\t\t\t<div class=\"elementor-widget-container\">\n\t\t\t\t\t\t\t\t\t<p data-start=\"1053\" data-end=\"1512\"><strong>AGGIORNAMENTO: Lo scorso 3 ottobre abbiamo lanciato il progetto Barata Salgueiro 28 con un ticket di 2 milioni di euro, completato con grande successo in pochissimo tempo. A causa del forte interesse mostrato dagli investitori, il promotore ci ha autorizzato ad ampliare l\u2019operazione di ulteriori 3 milioni di euro, fino al massimo consentito. Questa <a href=\"https:\/\/urbanitae.com\/it\/progetto\/P000409\/?utm_source=blog_it&amp;utm_medium=organic&amp;utm_campaign=urbanitae_blog_1025&amp;utm_term=seconda_fase&amp;utm_content=it_proyecto_barata_salgueiro_28_ii\" target=\"_blank\" rel=\"noopener\">seconda fase<\/a> del progetto sar\u00e0 aperta marted\u00ec 14 ottobre alle 16:00 (UTC+2) sulla piattaforma.<\/strong><\/p>\n<hr \/>\n<p><span style=\"font-weight: 400;\">A Urbanitae abre uma nova oportunidade de investimento em Portugal: o <\/span><a href=\"https:\/\/urbanitae.com\/pt\/projeto\/P000407?utm_source=blog_pt&amp;utm_medium=organic&amp;utm_campaign=urbanitae_blog_0925&amp;utm_term=barata_salgueiro_28_1&amp;utm_content=pt_proyecto_barata_salgueiro\" target=\"_blank\" rel=\"noopener\"><b>projeto Barata Salgueiro 28<\/b><\/a><span style=\"font-weight: 400;\">, uma opera\u00e7\u00e3o de mais-valias no cora\u00e7\u00e3o de Lisboa. O financiamento abrir\u00e1 na <\/span><b>sexta-feira, 3 de outubro, \u00e0s 12h00 (UTC+2)<\/b><span style=\"font-weight: 400;\">.<\/span><span style=\"font-weight: 400;\"><br \/><\/span><span style=\"font-weight: 400;\"> No dia anterior, <\/span><b>quinta-feira, 2 de outubro, \u00e0s 13h00 (UTC+2)<\/b><span style=\"font-weight: 400;\">, realizaremos um <a href=\"https:\/\/us02web.zoom.us\/webinar\/register\/WN_7WIqZ9gHQAC6goOzTSgm7Q\" target=\"_blank\" rel=\"noopener\">webinar<\/a> com os gestores do projeto para conhecer todos os detalhes da opera\u00e7\u00e3o.<\/span><\/p>\n<h2><b>Luxo na melhor zona de Lisboa<\/b><\/h2>\n<p><span style=\"font-weight: 400;\">O projeto consiste na <\/span><b>reabilita\u00e7\u00e3o e mudan\u00e7a de uso de um edif\u00edcio de escrit\u00f3rios<\/b><span style=\"font-weight: 400;\">, que ser\u00e1 transformado num exclusivo complexo residencial com <\/span><b>13 apartamentos de alto padr\u00e3o<\/b><span style=\"font-weight: 400;\">, uma loja no r\u00e9s do ch\u00e3o, mais de <\/span><b>30 lugares de estacionamento<\/b><span style=\"font-weight: 400;\"> e comodidades premium.<\/span><\/p>\n<p><span style=\"font-weight: 400;\">O im\u00f3vel situa-se na Rua Barata Salgueiro 28, a poucos passos da Avenida da Liberdade e da Pra\u00e7a Marqu\u00eas de Pombal, em plena Golden Mile de Lisboa. Uma localiza\u00e7\u00e3o privilegiada no cora\u00e7\u00e3o financeiro da capital portuguesa, consolidada como zona prime e com todos os servi\u00e7os \u00e0 volta.<\/span><\/p>\n<h2><b>Os gestores: Adriparte e Osborne+Co<\/b><\/h2>\n<p><span style=\"font-weight: 400;\">O projeto \u00e9 liderado por uma joint venture entre a Adriparte e a Osborne+Co, dois promotores com os quais j\u00e1 colabor\u00e1mos anteriormente (nos projetos <a href=\"https:\/\/blog.urbanitae.com\/pt-pt\/2025\/04\/24\/novo-projeto-investe-num-complexo-de-escritorios-prime-no-porto\/?utm_source=blog_pt&amp;utm_medium=organic&amp;utm_campaign=urbanitae_blog_0925&amp;utm_term=francos&amp;utm_content=pt_proyecto_barata_salgueiro\" target=\"_blank\" rel=\"noopener\">Francos<\/a> e<a href=\"https:\/\/blog.urbanitae.com\/pt-pt\/2024\/04\/08\/investe-no-nosso-segundo-projeto-imobiliario-em-lisboa\/?utm_source=blog_pt&amp;utm_medium=organic&amp;utm_campaign=urbanitae_blog_0925&amp;utm_term=alexandre_herculano&amp;utm_content=pt_proyecto_barata_salgueiro\" target=\"_blank\" rel=\"noopener\"> Alexandre Herculano<\/a>):<\/span><\/p>\n<ul>\n<li style=\"font-weight: 400;\" aria-level=\"1\"><b>Adriparte<\/b><span style=\"font-weight: 400;\">, com mais de 40 anos de experi\u00eancia no setor imobili\u00e1rio portugu\u00eas, \u00e9 especialista na reabilita\u00e7\u00e3o de edif\u00edcios hist\u00f3ricos e na cria\u00e7\u00e3o de espa\u00e7os residenciais contempor\u00e2neos.<\/span><span style=\"font-weight: 400;\"><br \/><br \/><\/span><\/li>\n<li style=\"font-weight: 400;\" aria-level=\"1\"><b>Osborne+Co<\/b><span style=\"font-weight: 400;\">, grupo internacional presente em 25 pa\u00edses e com mais de <\/span><b>6 mil milh\u00f5es de libras<\/b><span style=\"font-weight: 400;\"> desenvolvidos em projetos imobili\u00e1rios, aporta escala, gest\u00e3o integrada e experi\u00eancia em projetos <\/span><i><span style=\"font-weight: 400;\">build-to-suit<\/span><\/i><span style=\"font-weight: 400;\">, ou seja, ativos (normalmente escrit\u00f3rios, centros log\u00edsticos, armaz\u00e9ns industriais ou lojas) constru\u00eddos de acordo com as necessidades espec\u00edficas de um inquilino ou comprador.<\/span><span style=\"font-weight: 400;\"><br \/><br \/><\/span><\/li>\n<\/ul>\n<p><span style=\"font-weight: 400;\">A alian\u00e7a combina conhecimento local e capacidade global para garantir um desenvolvimento de primeiro n\u00edvel.<\/span><\/p>\n<h2><b>TIR preferencial para os investidores<\/b><\/h2>\n<p><span style=\"font-weight: 400;\">A opera\u00e7\u00e3o est\u00e1 estruturada como <\/span><b>equity<\/b><span style=\"font-weight: 400;\">, com uma estrat\u00e9gia de mais-valias atrav\u00e9s de aumento de capital. Os investidores da Urbanitae participar\u00e3o com um aporte de <\/span><b>2.000.000 \u20ac<\/b><span style=\"font-weight: 400;\">.<\/span><\/p>\n<p><span style=\"font-weight: 400;\">Foi acordado que os investidores da Urbanitae beneficiem de um <\/span><b>retorno preferencial de 15% TIR anual<\/b><span style=\"font-weight: 400;\">. Ou seja, os investidores recuperar\u00e3o primeiro o seu capital e essa rentabilidade m\u00ednima <\/span><b>antes<\/b><span style=\"font-weight: 400;\"> de o promotor recuperar o seu investimento ou obter lucros.<\/span><\/p>\n<p>\u00a0<\/p>\n<p><span style=\"font-weight: 400;\">Neste v\u00eddeo explicamos os pontos-chave da opera\u00e7\u00e3o.<\/span><\/p>\n<p><\/p>\t\t\t\t\t\t\t\t<\/div>\n\t\t\t\t<\/div>\n\t\t\t\t\t<\/div>\n\t\t<\/div>\n\t\t\t\t\t<\/div>\n\t\t<\/section>\n\t\t\t\t<section class=\"elementor-section elementor-top-section elementor-element elementor-element-790af9c elementor-section-boxed elementor-section-height-default elementor-section-height-default\" data-id=\"790af9c\" data-element_type=\"section\" data-e-type=\"section\">\n\t\t\t\t\t\t<div class=\"elementor-container elementor-column-gap-default\">\n\t\t\t\t\t<div class=\"elementor-column elementor-col-100 elementor-top-column elementor-element elementor-element-3d8aaeb\" data-id=\"3d8aaeb\" data-element_type=\"column\" data-e-type=\"column\">\n\t\t\t<div class=\"elementor-widget-wrap elementor-element-populated\">\n\t\t\t\t\t\t<div class=\"elementor-element elementor-element-b711c40 elementor-widget elementor-widget-video\" data-id=\"b711c40\" data-element_type=\"widget\" data-e-type=\"widget\" data-settings=\"{&quot;youtube_url&quot;:&quot;https:\\\/\\\/youtu.be\\\/ZAZIeEyYIRA&quot;,&quot;video_type&quot;:&quot;youtube&quot;,&quot;controls&quot;:&quot;yes&quot;}\" data-widget_type=\"video.default\">\n\t\t\t\t<div class=\"elementor-widget-container\">\n\t\t\t\t\t\t\t<div class=\"elementor-wrapper elementor-open-inline\">\n\t\t\t<div class=\"elementor-video\"><\/div>\t\t<\/div>\n\t\t\t\t\t\t<\/div>\n\t\t\t\t<\/div>\n\t\t\t\t\t<\/div>\n\t\t<\/div>\n\t\t\t\t\t<\/div>\n\t\t<\/section>\n\t\t\t\t<section class=\"elementor-section elementor-top-section elementor-element elementor-element-6f7833b elementor-section-boxed elementor-section-height-default elementor-section-height-default\" data-id=\"6f7833b\" data-element_type=\"section\" data-e-type=\"section\">\n\t\t\t\t\t\t<div class=\"elementor-container elementor-column-gap-default\">\n\t\t\t\t\t<div class=\"elementor-column elementor-col-100 elementor-top-column elementor-element elementor-element-c67d8b5\" data-id=\"c67d8b5\" data-element_type=\"column\" data-e-type=\"column\">\n\t\t\t<div class=\"elementor-widget-wrap elementor-element-populated\">\n\t\t\t\t\t\t<div class=\"elementor-element elementor-element-85f7cdf elementor-widget elementor-widget-text-editor\" data-id=\"85f7cdf\" data-element_type=\"widget\" data-e-type=\"widget\" data-widget_type=\"text-editor.default\">\n\t\t\t\t<div class=\"elementor-widget-container\">\n\t\t\t\t\t\t\t\t\t<h2><b>Porque investir em Barata Salgueiro 28?<\/b><\/h2>\n<p>Eis os principais pontos fortes do projeto Barata Salgueiro 28:<\/p>\n<ul>\n<li style=\"font-weight: 400;\" aria-level=\"1\">Projeto na <b>zona prime de Lisboa<\/b>, junto \u00e0 Av. da Liberdade.<\/li>\n<li style=\"font-weight: 400;\" aria-level=\"1\">Oportunidade de participar num <b>projeto exclusivo de reabilita\u00e7\u00e3o e mudan\u00e7a de uso<\/b>.<\/li>\n<li style=\"font-weight: 400;\" aria-level=\"1\"><b>Gestores de refer\u00eancia<\/b> no mercado residencial de luxo em Portugal e internacionalmente.<\/li>\n<li style=\"font-weight: 400;\" aria-level=\"1\"><b>Retorno preferencial de 15% TIR anual<\/b> para os investidores da Urbanitae.<\/li>\n<li style=\"font-weight: 400;\" aria-level=\"1\">O promotor investe <b>capital pr\u00f3prio<\/b>, alinhando os seus interesses com os dos investidores.<\/li>\n<\/ul>\n<h2><b>Rentabilidade em 28\u201332 meses<\/b><\/h2>\n<p>O prazo estimado deste projeto \u00e9 de <b>28\u201332 meses<\/b>.<\/p>\n<ul>\n<li style=\"font-weight: 400;\" aria-level=\"1\"><b>T4 2025<\/b> \u2013 Aquisi\u00e7\u00e3o do im\u00f3vel e in\u00edcio das obras.<\/li>\n<li style=\"font-weight: 400;\" aria-level=\"1\"><b>T3 2027<\/b> \u2013 Conclus\u00e3o da reabilita\u00e7\u00e3o e entrega dos apartamentos.<\/li>\n<li style=\"font-weight: 400;\" aria-level=\"1\"><b>T4 2027<\/b> \u2013 Liquida\u00e7\u00e3o da sociedade e distribui\u00e7\u00e3o dos lucros.<\/li>\n<\/ul>\n<p>Se tiver d\u00favidas, pode participar no <b><a href=\"https:\/\/us02web.zoom.us\/webinar\/register\/WN_7WIqZ9gHQAC6goOzTSgm7Q\">webinar<\/a> de 2 de outubro \u00e0s 13h00 (UTC+2)<\/b>, escrever-nos para <a href=\"mailto:contacto@urbanitae.com\"><b>contacto@urbanitae.com<\/b><\/a> ou ligar-nos para o <b>(+34) 911 23 25 22<\/b>. E se j\u00e1 tomou a sua decis\u00e3o, n\u00e3o perca a oportunidade de <b>investir em <a href=\"https:\/\/urbanitae.com\/pt\/projeto\/P000407?utm_source=blog_pt&amp;utm_medium=organic&amp;utm_campaign=urbanitae_blog_0925&amp;utm_term=barata_salgueiro_28_3&amp;utm_content=pt_proyecto_barata_salgueiro\">Barata Salgueiro 28<\/a> e participar num exclusivo projeto residencial na Golden Mile de Lisboa<\/b>.<\/p>\t\t\t\t\t\t\t\t<\/div>\n\t\t\t\t<\/div>\n\t\t\t\t\t<\/div>\n\t\t<\/div>\n\t\t\t\t\t<\/div>\n\t\t<\/section>\n\t\t\t\t<\/div>\n\t\t","protected":false},"excerpt":{"rendered":"<p>Il progetto Barata Salgueiro 28 consiste nella ristrutturazione e conversione di un edificio ad uso uffici in 13 abitazioni di alto standing. TIR preferenziale del 15% per l\u2019investitore.<\/p>\n","protected":false},"author":1,"featured_media":70585,"comment_status":"open","ping_status":"closed","sticky":false,"template":"","format":"standard","meta":{"inline_featured_image":false,"footnotes":""},"categories":[1056,1058,928,926,77],"tags":[1225,1966,1932,1934],"class_list":["post-70591","post","type-post","status-publish","format-standard","has-post-thumbnail","hentry","category-equity-en","category-equity-it","category-progetti","category-projects","category-proyectos","tag-abitazioni-di-lusso","tag-crowdfunding-immobiliare","tag-inversion-inmobiliaria-it","tag-sector-residencial-it"],"blocksy_meta":[],"yoast_head":"<!-- This site is optimized with the Yoast SEO plugin v27.5 - https:\/\/yoast.com\/product\/yoast-seo-wordpress\/ -->\n<title>Nuovo progetto! Investi nella Golden Mile di Lisbona - Urbanitae Blog<\/title>\n<meta name=\"description\" content=\"Vuoi investire nella \u201cMilla d\u2019Oro\u201d di Lisbona? Da 500 \u20ac, Urbanitae ti permette di partecipare allo sviluppo di 13 abitazioni di lusso.\" \/>\n<meta name=\"robots\" content=\"index, follow, max-snippet:-1, max-image-preview:large, max-video-preview:-1\" \/>\n<link rel=\"canonical\" href=\"https:\/\/blog.urbanitae.com\/it\/2025\/09\/30\/nuovo-progetto-investi-nella-golden-mile-di-lisbona\/\" \/>\n<meta property=\"og:locale\" content=\"it_IT\" \/>\n<meta property=\"og:type\" content=\"article\" \/>\n<meta property=\"og:title\" content=\"Investi nel residenziale nel cuore di Lisbona\" \/>\n<meta property=\"og:description\" content=\"Vuoi investire nella \u201cMilla d\u2019Oro\u201d di Lisbona? Da 500 \u20ac, Urbanitae ti permette di partecipare allo sviluppo di 13 abitazioni di lusso. Scopri di pi\u00f9.\" \/>\n<meta property=\"og:url\" content=\"https:\/\/blog.urbanitae.com\/it\/2025\/09\/30\/nuovo-progetto-investi-nella-golden-mile-di-lisbona\/\" \/>\n<meta property=\"og:site_name\" content=\"Urbanitae Blog | Le migliori notizie sugli investimenti immobiliari\" \/>\n<meta property=\"article:publisher\" content=\"https:\/\/www.facebook.com\/urbanitae\" \/>\n<meta property=\"article:published_time\" content=\"2025-09-30T18:11:06+00:00\" \/>\n<meta property=\"article:modified_time\" content=\"2025-10-09T16:03:52+00:00\" \/>\n<meta property=\"og:image\" content=\"https:\/\/blog.urbanitae.com\/wp-content\/uploads\/2025\/09\/invierte-en-la-milla-de-oro-de-lisboa.webp\" \/>\n\t<meta property=\"og:image:width\" content=\"1400\" \/>\n\t<meta property=\"og:image:height\" content=\"735\" \/>\n\t<meta property=\"og:image:type\" content=\"image\/webp\" \/>\n<meta name=\"author\" content=\"Equipo Urbanitae\" \/>\n<meta name=\"twitter:card\" content=\"summary_large_image\" \/>\n<meta name=\"twitter:creator\" content=\"@urbanitae\" \/>\n<meta name=\"twitter:site\" content=\"@urbanitae\" \/>\n<meta name=\"twitter:label1\" content=\"Scritto da\" \/>\n\t<meta name=\"twitter:data1\" content=\"Equipo Urbanitae\" \/>\n\t<meta name=\"twitter:label2\" content=\"Tempo di lettura stimato\" \/>\n\t<meta name=\"twitter:data2\" content=\"3 minuti\" \/>\n<script type=\"application\/ld+json\" class=\"yoast-schema-graph\">{\"@context\":\"https:\\\/\\\/schema.org\",\"@graph\":[{\"@type\":[\"Article\",\"BlogPosting\"],\"@id\":\"https:\\\/\\\/blog.urbanitae.com\\\/it\\\/2025\\\/09\\\/30\\\/nuovo-progetto-investi-nella-golden-mile-di-lisbona\\\/#article\",\"isPartOf\":{\"@id\":\"https:\\\/\\\/blog.urbanitae.com\\\/it\\\/2025\\\/09\\\/30\\\/nuovo-progetto-investi-nella-golden-mile-di-lisbona\\\/\"},\"author\":{\"name\":\"Equipo Urbanitae\",\"@id\":\"https:\\\/\\\/blog.urbanitae.com\\\/it\\\/#\\\/schema\\\/person\\\/e7b2d152f5654066832c53f5aa04fbf7\"},\"headline\":\"Nuovo progetto! Investi nella Golden Mile di Lisbona\",\"datePublished\":\"2025-09-30T18:11:06+00:00\",\"dateModified\":\"2025-10-09T16:03:52+00:00\",\"mainEntityOfPage\":{\"@id\":\"https:\\\/\\\/blog.urbanitae.com\\\/it\\\/2025\\\/09\\\/30\\\/nuovo-progetto-investi-nella-golden-mile-di-lisbona\\\/\"},\"wordCount\":636,\"commentCount\":0,\"publisher\":{\"@id\":\"https:\\\/\\\/blog.urbanitae.com\\\/it\\\/#organization\"},\"image\":{\"@id\":\"https:\\\/\\\/blog.urbanitae.com\\\/it\\\/2025\\\/09\\\/30\\\/nuovo-progetto-investi-nella-golden-mile-di-lisbona\\\/#primaryimage\"},\"thumbnailUrl\":\"https:\\\/\\\/blog.urbanitae.com\\\/wp-content\\\/uploads\\\/2025\\\/09\\\/invierte-en-la-milla-de-oro-de-lisboa.webp\",\"keywords\":[\"abitazioni di lusso\",\"crowdfunding immobiliare\",\"inversi\u00f3n inmobiliaria\",\"sector residencial\"],\"articleSection\":[\"Equity\",\"Equity\",\"Progetti\",\"Projects\",\"Proyectos\"],\"inLanguage\":\"it-IT\",\"potentialAction\":[{\"@type\":\"CommentAction\",\"name\":\"Comment\",\"target\":[\"https:\\\/\\\/blog.urbanitae.com\\\/it\\\/2025\\\/09\\\/30\\\/nuovo-progetto-investi-nella-golden-mile-di-lisbona\\\/#respond\"]}]},{\"@type\":[\"WebPage\",\"ItemPage\"],\"@id\":\"https:\\\/\\\/blog.urbanitae.com\\\/it\\\/2025\\\/09\\\/30\\\/nuovo-progetto-investi-nella-golden-mile-di-lisbona\\\/\",\"url\":\"https:\\\/\\\/blog.urbanitae.com\\\/it\\\/2025\\\/09\\\/30\\\/nuovo-progetto-investi-nella-golden-mile-di-lisbona\\\/\",\"name\":\"Nuovo progetto! Investi nella Golden Mile di Lisbona - Urbanitae Blog\",\"isPartOf\":{\"@id\":\"https:\\\/\\\/blog.urbanitae.com\\\/it\\\/#website\"},\"primaryImageOfPage\":{\"@id\":\"https:\\\/\\\/blog.urbanitae.com\\\/it\\\/2025\\\/09\\\/30\\\/nuovo-progetto-investi-nella-golden-mile-di-lisbona\\\/#primaryimage\"},\"image\":{\"@id\":\"https:\\\/\\\/blog.urbanitae.com\\\/it\\\/2025\\\/09\\\/30\\\/nuovo-progetto-investi-nella-golden-mile-di-lisbona\\\/#primaryimage\"},\"thumbnailUrl\":\"https:\\\/\\\/blog.urbanitae.com\\\/wp-content\\\/uploads\\\/2025\\\/09\\\/invierte-en-la-milla-de-oro-de-lisboa.webp\",\"datePublished\":\"2025-09-30T18:11:06+00:00\",\"dateModified\":\"2025-10-09T16:03:52+00:00\",\"description\":\"Vuoi investire nella \u201cMilla d\u2019Oro\u201d di Lisbona? Da 500 \u20ac, Urbanitae ti permette di partecipare allo sviluppo di 13 abitazioni di lusso.\",\"breadcrumb\":{\"@id\":\"https:\\\/\\\/blog.urbanitae.com\\\/it\\\/2025\\\/09\\\/30\\\/nuovo-progetto-investi-nella-golden-mile-di-lisbona\\\/#breadcrumb\"},\"inLanguage\":\"it-IT\",\"potentialAction\":[{\"@type\":\"ReadAction\",\"target\":[\"https:\\\/\\\/blog.urbanitae.com\\\/it\\\/2025\\\/09\\\/30\\\/nuovo-progetto-investi-nella-golden-mile-di-lisbona\\\/\"]}]},{\"@type\":\"ImageObject\",\"inLanguage\":\"it-IT\",\"@id\":\"https:\\\/\\\/blog.urbanitae.com\\\/it\\\/2025\\\/09\\\/30\\\/nuovo-progetto-investi-nella-golden-mile-di-lisbona\\\/#primaryimage\",\"url\":\"https:\\\/\\\/blog.urbanitae.com\\\/wp-content\\\/uploads\\\/2025\\\/09\\\/invierte-en-la-milla-de-oro-de-lisboa.webp\",\"contentUrl\":\"https:\\\/\\\/blog.urbanitae.com\\\/wp-content\\\/uploads\\\/2025\\\/09\\\/invierte-en-la-milla-de-oro-de-lisboa.webp\",\"width\":1400,\"height\":735,\"caption\":\"Invierte en la milla de oro de Lisboa. Invest on Lisbon\u2019s Golden Mile. Investissez sur la \u00ab Golden Mile \u00bb de Lisbonne. Investi nella Golden Mile di Lisbona. \\u0016Invista na Golden Mile de Lisboa. Investieren Sie auf der \u201eGolden Mile\u201c von Lissabon.\"},{\"@type\":\"BreadcrumbList\",\"@id\":\"https:\\\/\\\/blog.urbanitae.com\\\/it\\\/2025\\\/09\\\/30\\\/nuovo-progetto-investi-nella-golden-mile-di-lisbona\\\/#breadcrumb\",\"itemListElement\":[{\"@type\":\"ListItem\",\"position\":1,\"name\":\"Portada\",\"item\":\"https:\\\/\\\/blog.urbanitae.com\\\/it\\\/\"},{\"@type\":\"ListItem\",\"position\":2,\"name\":\"Nuovo progetto! Investi nella Golden Mile di Lisbona\"}]},{\"@type\":\"WebSite\",\"@id\":\"https:\\\/\\\/blog.urbanitae.com\\\/it\\\/#website\",\"url\":\"https:\\\/\\\/blog.urbanitae.com\\\/it\\\/\",\"name\":\"Urbanitae Blog | Las mejores noticias sobre inversi\u00f3n inmobiliaria\",\"description\":\"L'investimento immobiliare alla portata di tutti\",\"publisher\":{\"@id\":\"https:\\\/\\\/blog.urbanitae.com\\\/it\\\/#organization\"},\"potentialAction\":[{\"@type\":\"SearchAction\",\"target\":{\"@type\":\"EntryPoint\",\"urlTemplate\":\"https:\\\/\\\/blog.urbanitae.com\\\/it\\\/?s={search_term_string}\"},\"query-input\":{\"@type\":\"PropertyValueSpecification\",\"valueRequired\":true,\"valueName\":\"search_term_string\"}}],\"inLanguage\":\"it-IT\"},{\"@type\":\"Organization\",\"@id\":\"https:\\\/\\\/blog.urbanitae.com\\\/it\\\/#organization\",\"name\":\"Urbanitae\",\"url\":\"https:\\\/\\\/blog.urbanitae.com\\\/it\\\/\",\"logo\":{\"@type\":\"ImageObject\",\"inLanguage\":\"it-IT\",\"@id\":\"https:\\\/\\\/blog.urbanitae.com\\\/it\\\/#\\\/schema\\\/logo\\\/image\\\/\",\"url\":\"https:\\\/\\\/blog.urbanitae.com\\\/wp-content\\\/uploads\\\/2020\\\/04\\\/logo-verde_350x100.svg\",\"contentUrl\":\"https:\\\/\\\/blog.urbanitae.com\\\/wp-content\\\/uploads\\\/2020\\\/04\\\/logo-verde_350x100.svg\",\"width\":350,\"height\":100,\"caption\":\"Urbanitae\"},\"image\":{\"@id\":\"https:\\\/\\\/blog.urbanitae.com\\\/it\\\/#\\\/schema\\\/logo\\\/image\\\/\"},\"sameAs\":[\"https:\\\/\\\/www.facebook.com\\\/urbanitae\",\"https:\\\/\\\/x.com\\\/urbanitae\",\"https:\\\/\\\/www.instagram.com\\\/urbanitae\",\"https:\\\/\\\/www.linkedin.com\\\/company\\\/urbanitae\",\"https:\\\/\\\/www.pinterest.es\\\/UrbanitaeSL\\\/_created\\\/\",\"https:\\\/\\\/www.youtube.com\\\/c\\\/Urbanitae_RE\"]},{\"@type\":\"Person\",\"@id\":\"https:\\\/\\\/blog.urbanitae.com\\\/it\\\/#\\\/schema\\\/person\\\/e7b2d152f5654066832c53f5aa04fbf7\",\"name\":\"Equipo Urbanitae\",\"image\":{\"@type\":\"ImageObject\",\"inLanguage\":\"it-IT\",\"@id\":\"https:\\\/\\\/secure.gravatar.com\\\/avatar\\\/e75782c6aa253c8ac75c13b1ec97172bb2d67437baa4354ba4b0650a97f565f2?s=96&d=mm&r=g\",\"url\":\"https:\\\/\\\/secure.gravatar.com\\\/avatar\\\/e75782c6aa253c8ac75c13b1ec97172bb2d67437baa4354ba4b0650a97f565f2?s=96&d=mm&r=g\",\"contentUrl\":\"https:\\\/\\\/secure.gravatar.com\\\/avatar\\\/e75782c6aa253c8ac75c13b1ec97172bb2d67437baa4354ba4b0650a97f565f2?s=96&d=mm&r=g\",\"caption\":\"Equipo Urbanitae\"},\"sameAs\":[\"https:\\\/\\\/urbanitae.com\"],\"url\":\"https:\\\/\\\/blog.urbanitae.com\\\/it\\\/author\\\/urbanitae\\\/\"}]}<\/script>\n<!-- \/ Yoast SEO plugin. -->","yoast_head_json":{"title":"Nuovo progetto! Investi nella Golden Mile di Lisbona - Urbanitae Blog","description":"Vuoi investire nella \u201cMilla d\u2019Oro\u201d di Lisbona? Da 500 \u20ac, Urbanitae ti permette di partecipare allo sviluppo di 13 abitazioni di lusso.","robots":{"index":"index","follow":"follow","max-snippet":"max-snippet:-1","max-image-preview":"max-image-preview:large","max-video-preview":"max-video-preview:-1"},"canonical":"https:\/\/blog.urbanitae.com\/it\/2025\/09\/30\/nuovo-progetto-investi-nella-golden-mile-di-lisbona\/","og_locale":"it_IT","og_type":"article","og_title":"Investi nel residenziale nel cuore di Lisbona","og_description":"Vuoi investire nella \u201cMilla d\u2019Oro\u201d di Lisbona? Da 500 \u20ac, Urbanitae ti permette di partecipare allo sviluppo di 13 abitazioni di lusso. Scopri di pi\u00f9.","og_url":"https:\/\/blog.urbanitae.com\/it\/2025\/09\/30\/nuovo-progetto-investi-nella-golden-mile-di-lisbona\/","og_site_name":"Urbanitae Blog | Le migliori notizie sugli investimenti immobiliari","article_publisher":"https:\/\/www.facebook.com\/urbanitae","article_published_time":"2025-09-30T18:11:06+00:00","article_modified_time":"2025-10-09T16:03:52+00:00","og_image":[{"width":1400,"height":735,"url":"https:\/\/blog.urbanitae.com\/wp-content\/uploads\/2025\/09\/invierte-en-la-milla-de-oro-de-lisboa.webp","type":"image\/webp"}],"author":"Equipo Urbanitae","twitter_card":"summary_large_image","twitter_creator":"@urbanitae","twitter_site":"@urbanitae","twitter_misc":{"Scritto da":"Equipo Urbanitae","Tempo di lettura stimato":"3 minuti"},"schema":{"@context":"https:\/\/schema.org","@graph":[{"@type":["Article","BlogPosting"],"@id":"https:\/\/blog.urbanitae.com\/it\/2025\/09\/30\/nuovo-progetto-investi-nella-golden-mile-di-lisbona\/#article","isPartOf":{"@id":"https:\/\/blog.urbanitae.com\/it\/2025\/09\/30\/nuovo-progetto-investi-nella-golden-mile-di-lisbona\/"},"author":{"name":"Equipo Urbanitae","@id":"https:\/\/blog.urbanitae.com\/it\/#\/schema\/person\/e7b2d152f5654066832c53f5aa04fbf7"},"headline":"Nuovo progetto! Investi nella Golden Mile di Lisbona","datePublished":"2025-09-30T18:11:06+00:00","dateModified":"2025-10-09T16:03:52+00:00","mainEntityOfPage":{"@id":"https:\/\/blog.urbanitae.com\/it\/2025\/09\/30\/nuovo-progetto-investi-nella-golden-mile-di-lisbona\/"},"wordCount":636,"commentCount":0,"publisher":{"@id":"https:\/\/blog.urbanitae.com\/it\/#organization"},"image":{"@id":"https:\/\/blog.urbanitae.com\/it\/2025\/09\/30\/nuovo-progetto-investi-nella-golden-mile-di-lisbona\/#primaryimage"},"thumbnailUrl":"https:\/\/blog.urbanitae.com\/wp-content\/uploads\/2025\/09\/invierte-en-la-milla-de-oro-de-lisboa.webp","keywords":["abitazioni di lusso","crowdfunding immobiliare","inversi\u00f3n inmobiliaria","sector residencial"],"articleSection":["Equity","Equity","Progetti","Projects","Proyectos"],"inLanguage":"it-IT","potentialAction":[{"@type":"CommentAction","name":"Comment","target":["https:\/\/blog.urbanitae.com\/it\/2025\/09\/30\/nuovo-progetto-investi-nella-golden-mile-di-lisbona\/#respond"]}]},{"@type":["WebPage","ItemPage"],"@id":"https:\/\/blog.urbanitae.com\/it\/2025\/09\/30\/nuovo-progetto-investi-nella-golden-mile-di-lisbona\/","url":"https:\/\/blog.urbanitae.com\/it\/2025\/09\/30\/nuovo-progetto-investi-nella-golden-mile-di-lisbona\/","name":"Nuovo progetto! Investi nella Golden Mile di Lisbona - Urbanitae Blog","isPartOf":{"@id":"https:\/\/blog.urbanitae.com\/it\/#website"},"primaryImageOfPage":{"@id":"https:\/\/blog.urbanitae.com\/it\/2025\/09\/30\/nuovo-progetto-investi-nella-golden-mile-di-lisbona\/#primaryimage"},"image":{"@id":"https:\/\/blog.urbanitae.com\/it\/2025\/09\/30\/nuovo-progetto-investi-nella-golden-mile-di-lisbona\/#primaryimage"},"thumbnailUrl":"https:\/\/blog.urbanitae.com\/wp-content\/uploads\/2025\/09\/invierte-en-la-milla-de-oro-de-lisboa.webp","datePublished":"2025-09-30T18:11:06+00:00","dateModified":"2025-10-09T16:03:52+00:00","description":"Vuoi investire nella \u201cMilla d\u2019Oro\u201d di Lisbona? Da 500 \u20ac, Urbanitae ti permette di partecipare allo sviluppo di 13 abitazioni di lusso.","breadcrumb":{"@id":"https:\/\/blog.urbanitae.com\/it\/2025\/09\/30\/nuovo-progetto-investi-nella-golden-mile-di-lisbona\/#breadcrumb"},"inLanguage":"it-IT","potentialAction":[{"@type":"ReadAction","target":["https:\/\/blog.urbanitae.com\/it\/2025\/09\/30\/nuovo-progetto-investi-nella-golden-mile-di-lisbona\/"]}]},{"@type":"ImageObject","inLanguage":"it-IT","@id":"https:\/\/blog.urbanitae.com\/it\/2025\/09\/30\/nuovo-progetto-investi-nella-golden-mile-di-lisbona\/#primaryimage","url":"https:\/\/blog.urbanitae.com\/wp-content\/uploads\/2025\/09\/invierte-en-la-milla-de-oro-de-lisboa.webp","contentUrl":"https:\/\/blog.urbanitae.com\/wp-content\/uploads\/2025\/09\/invierte-en-la-milla-de-oro-de-lisboa.webp","width":1400,"height":735,"caption":"Invierte en la milla de oro de Lisboa. Invest on Lisbon\u2019s Golden Mile. Investissez sur la \u00ab Golden Mile \u00bb de Lisbonne. Investi nella Golden Mile di Lisbona. \u0016Invista na Golden Mile de Lisboa. Investieren Sie auf der \u201eGolden Mile\u201c von Lissabon."},{"@type":"BreadcrumbList","@id":"https:\/\/blog.urbanitae.com\/it\/2025\/09\/30\/nuovo-progetto-investi-nella-golden-mile-di-lisbona\/#breadcrumb","itemListElement":[{"@type":"ListItem","position":1,"name":"Portada","item":"https:\/\/blog.urbanitae.com\/it\/"},{"@type":"ListItem","position":2,"name":"Nuovo progetto! Investi nella Golden Mile di Lisbona"}]},{"@type":"WebSite","@id":"https:\/\/blog.urbanitae.com\/it\/#website","url":"https:\/\/blog.urbanitae.com\/it\/","name":"Urbanitae Blog | Las mejores noticias sobre inversi\u00f3n inmobiliaria","description":"L'investimento immobiliare alla portata di tutti","publisher":{"@id":"https:\/\/blog.urbanitae.com\/it\/#organization"},"potentialAction":[{"@type":"SearchAction","target":{"@type":"EntryPoint","urlTemplate":"https:\/\/blog.urbanitae.com\/it\/?s={search_term_string}"},"query-input":{"@type":"PropertyValueSpecification","valueRequired":true,"valueName":"search_term_string"}}],"inLanguage":"it-IT"},{"@type":"Organization","@id":"https:\/\/blog.urbanitae.com\/it\/#organization","name":"Urbanitae","url":"https:\/\/blog.urbanitae.com\/it\/","logo":{"@type":"ImageObject","inLanguage":"it-IT","@id":"https:\/\/blog.urbanitae.com\/it\/#\/schema\/logo\/image\/","url":"https:\/\/blog.urbanitae.com\/wp-content\/uploads\/2020\/04\/logo-verde_350x100.svg","contentUrl":"https:\/\/blog.urbanitae.com\/wp-content\/uploads\/2020\/04\/logo-verde_350x100.svg","width":350,"height":100,"caption":"Urbanitae"},"image":{"@id":"https:\/\/blog.urbanitae.com\/it\/#\/schema\/logo\/image\/"},"sameAs":["https:\/\/www.facebook.com\/urbanitae","https:\/\/x.com\/urbanitae","https:\/\/www.instagram.com\/urbanitae","https:\/\/www.linkedin.com\/company\/urbanitae","https:\/\/www.pinterest.es\/UrbanitaeSL\/_created\/","https:\/\/www.youtube.com\/c\/Urbanitae_RE"]},{"@type":"Person","@id":"https:\/\/blog.urbanitae.com\/it\/#\/schema\/person\/e7b2d152f5654066832c53f5aa04fbf7","name":"Equipo Urbanitae","image":{"@type":"ImageObject","inLanguage":"it-IT","@id":"https:\/\/secure.gravatar.com\/avatar\/e75782c6aa253c8ac75c13b1ec97172bb2d67437baa4354ba4b0650a97f565f2?s=96&d=mm&r=g","url":"https:\/\/secure.gravatar.com\/avatar\/e75782c6aa253c8ac75c13b1ec97172bb2d67437baa4354ba4b0650a97f565f2?s=96&d=mm&r=g","contentUrl":"https:\/\/secure.gravatar.com\/avatar\/e75782c6aa253c8ac75c13b1ec97172bb2d67437baa4354ba4b0650a97f565f2?s=96&d=mm&r=g","caption":"Equipo Urbanitae"},"sameAs":["https:\/\/urbanitae.com"],"url":"https:\/\/blog.urbanitae.com\/it\/author\/urbanitae\/"}]}},"_links":{"self":[{"href":"https:\/\/blog.urbanitae.com\/it\/wp-json\/wp\/v2\/posts\/70591","targetHints":{"allow":["GET"]}}],"collection":[{"href":"https:\/\/blog.urbanitae.com\/it\/wp-json\/wp\/v2\/posts"}],"about":[{"href":"https:\/\/blog.urbanitae.com\/it\/wp-json\/wp\/v2\/types\/post"}],"author":[{"embeddable":true,"href":"https:\/\/blog.urbanitae.com\/it\/wp-json\/wp\/v2\/users\/1"}],"replies":[{"embeddable":true,"href":"https:\/\/blog.urbanitae.com\/it\/wp-json\/wp\/v2\/comments?post=70591"}],"version-history":[{"count":0,"href":"https:\/\/blog.urbanitae.com\/it\/wp-json\/wp\/v2\/posts\/70591\/revisions"}],"wp:featuredmedia":[{"embeddable":true,"href":"https:\/\/blog.urbanitae.com\/it\/wp-json\/wp\/v2\/media\/70585"}],"wp:attachment":[{"href":"https:\/\/blog.urbanitae.com\/it\/wp-json\/wp\/v2\/media?parent=70591"}],"wp:term":[{"taxonomy":"category","embeddable":true,"href":"https:\/\/blog.urbanitae.com\/it\/wp-json\/wp\/v2\/categories?post=70591"},{"taxonomy":"post_tag","embeddable":true,"href":"https:\/\/blog.urbanitae.com\/it\/wp-json\/wp\/v2\/tags?post=70591"}],"curies":[{"name":"wp","href":"https:\/\/api.w.org\/{rel}","templated":true}]}}