{"id":60739,"date":"2025-04-16T21:52:14","date_gmt":"2025-04-16T19:52:14","guid":{"rendered":"https:\/\/blog.urbanitae.com\/?p=60739"},"modified":"2025-09-22T19:24:50","modified_gmt":"2025-09-22T17:24:50","slug":"nuovo-progetto-investi-in-un-parco-commerciale-affittato-al-100-a-burgos","status":"publish","type":"post","link":"https:\/\/blog.urbanitae.com\/it\/2025\/04\/16\/nuovo-progetto-investi-in-un-parco-commerciale-affittato-al-100-a-burgos\/","title":{"rendered":"Investi in un parco commerciale affittato al 100% a Burgos"},"content":{"rendered":"\t\t<div data-elementor-type=\"wp-post\" data-elementor-id=\"60739\" class=\"elementor elementor-60739 elementor-60710\">\n\t\t\t\t\t\t<section class=\"elementor-section elementor-top-section elementor-element elementor-element-1f54abc elementor-section-boxed elementor-section-height-default elementor-section-height-default\" data-id=\"1f54abc\" data-element_type=\"section\" data-e-type=\"section\">\n\t\t\t\t\t\t<div class=\"elementor-container elementor-column-gap-default\">\n\t\t\t\t\t<div class=\"elementor-column elementor-col-100 elementor-top-column elementor-element elementor-element-be4b2ad\" data-id=\"be4b2ad\" data-element_type=\"column\" data-e-type=\"column\">\n\t\t\t<div class=\"elementor-widget-wrap elementor-element-populated\">\n\t\t\t\t\t\t<div class=\"elementor-element elementor-element-24e5163 elementor-widget elementor-widget-text-editor\" data-id=\"24e5163\" data-element_type=\"widget\" data-e-type=\"widget\" data-widget_type=\"text-editor.default\">\n\t\t\t\t<div class=\"elementor-widget-container\">\n\t\t\t\t\t\t\t\t\t<p><strong>AGGIORNAMENTO 22\/09\/2025: Mercoled\u00ec 24 settembre alle ore 12:00 (UTC+2) apriremo il finanziamento del progetto <a href=\"https:\/\/urbanitae.com\/it\/progetto\/P000404?utm_source=blog_it&amp;utm_medium=organic&amp;utm_campaign=urbanitae_blog_0925&amp;utm_term=parque_comercial_arlanzon_ii_1&amp;utm_content=it_proyecto_parque_comercial_arlanzon_ii\" target=\"_blank\" rel=\"noopener\">Parque Comercial Arlanz\u00f3n II<\/a>.<\/strong><\/p><p><strong>Dopo la chiusura della <a href=\"https:\/\/urbanitae.com\/it\/progetto\/P000347?utm_source=blog_it&amp;utm_medium=organic&amp;utm_campaign=urbanitae_blog_0925&amp;utm_term=prima_tranche&amp;utm_content=it_proyecto_parque_comercial_arlanzon_ii\" target=\"_blank\" rel=\"noopener\">prima tranche<\/a>, lanciamo la continuazione del progetto, che consiste nella concessione della seconda tranche di un prestito per il finanziamento parziale dello sviluppo di un parco commerciale affittato al 100% nella citt\u00e0 di Burgos. In origine la tranche B doveva essere finanziata da investitori istituzionali, ma alla fine parteciperanno gli investitori Urbanitae. L\u2019avanzamento attuale dei lavori \u00e8 del 20%.<\/strong><\/p><p><strong>Il progetto <a href=\"https:\/\/urbanitae.com\/it\/progetto\/P000404?utm_source=blog_it&amp;utm_medium=organic&amp;utm_campaign=urbanitae_blog_0925&amp;utm_term=parque_comercial_arlanzon_ii_2&amp;utm_content=it_proyecto_parque_comercial_arlanzon_ii\" target=\"_blank\" rel=\"noopener\">Parque Comercial Arlanz\u00f3n II<\/a> ha quindi un ticket di 440.000 euro e una durata di 15 mesi, con un\u2019opzione di proroga di 6 mesi al 15\u00ba mese. Gli investitori di questa tranche otterranno un rendimento totale del 13,43% \u201410,75% annuo\u2014, con un ritorno minimo equivalente a 4 mesi di interessi. Tutti i dettagli del progetto sono riportati di seguito. In ogni caso, se hai dubbi, puoi rivedere il <a href=\"https:\/\/www.youtube.com\/watch?v=eoaAJPpZnUg&amp;utm_source=blog_it&amp;utm_medium=organic&amp;utm_campaign=urbanitae_blog_0925&amp;utm_term=webinar&amp;utm_content=it_proyecto_parque_comercial_arlanzon_ii\" target=\"_blank\" rel=\"noopener\">webinar<\/a> che abbiamo tenuto con il promotore lo scorso aprile.<\/strong><\/p>\t\t\t\t\t\t\t\t<\/div>\n\t\t\t\t<\/div>\n\t\t\t\t\t<\/div>\n\t\t<\/div>\n\t\t\t\t\t<\/div>\n\t\t<\/section>\n\t\t\t\t<section class=\"elementor-section elementor-top-section elementor-element elementor-element-6b60132 elementor-section-boxed elementor-section-height-default elementor-section-height-default\" data-id=\"6b60132\" data-element_type=\"section\" data-e-type=\"section\">\n\t\t\t\t\t\t<div class=\"elementor-container elementor-column-gap-default\">\n\t\t\t\t\t<div class=\"elementor-column elementor-col-100 elementor-top-column elementor-element elementor-element-1ed35f5\" data-id=\"1ed35f5\" data-element_type=\"column\" data-e-type=\"column\">\n\t\t\t<div class=\"elementor-widget-wrap elementor-element-populated\">\n\t\t\t\t\t\t<div class=\"elementor-element elementor-element-1cb1e9b elementor-widget elementor-widget-video\" data-id=\"1cb1e9b\" data-element_type=\"widget\" data-e-type=\"widget\" data-settings=\"{&quot;youtube_url&quot;:&quot;https:\\\/\\\/www.youtube.com\\\/watch?v=xgyGNfhR9kM&quot;,&quot;video_type&quot;:&quot;youtube&quot;,&quot;controls&quot;:&quot;yes&quot;}\" data-widget_type=\"video.default\">\n\t\t\t\t<div class=\"elementor-widget-container\">\n\t\t\t\t\t\t\t<div class=\"elementor-wrapper elementor-open-inline\">\n\t\t\t<div class=\"elementor-video\"><\/div>\t\t<\/div>\n\t\t\t\t\t\t<\/div>\n\t\t\t\t<\/div>\n\t\t\t\t\t<\/div>\n\t\t<\/div>\n\t\t\t\t\t<\/div>\n\t\t<\/section>\n\t\t\t\t<section class=\"elementor-section elementor-top-section elementor-element elementor-element-3c927c1a elementor-section-boxed elementor-section-height-default elementor-section-height-default\" data-id=\"3c927c1a\" data-element_type=\"section\" data-e-type=\"section\">\n\t\t\t\t\t\t<div class=\"elementor-container elementor-column-gap-default\">\n\t\t\t\t\t<div class=\"elementor-column elementor-col-100 elementor-top-column elementor-element elementor-element-2ceb5be8\" data-id=\"2ceb5be8\" data-element_type=\"column\" data-e-type=\"column\">\n\t\t\t<div class=\"elementor-widget-wrap elementor-element-populated\">\n\t\t\t\t\t\t<div class=\"elementor-element elementor-element-62f0df69 elementor-widget elementor-widget-text-editor\" data-id=\"62f0df69\" data-element_type=\"widget\" data-e-type=\"widget\" data-widget_type=\"text-editor.default\">\n\t\t\t\t<div class=\"elementor-widget-container\">\n\t\t\t\t\t\t\t\t\t<p><\/p>\n<p>Urbanitae presenta una nuova opportunit\u00e0 di investimento. Questa volta ci spostiamo in Castiglia e Le\u00f3n per partecipare allo sviluppo del <strong><a href=\"https:\/\/urbanitae.com\/it\/progetto\/P000347?utm_source=blog_it&amp;utm_medium=organic&amp;utm_campaign=urbanitae_blog_0425&amp;utm_term=parque_comercial_arlanzon_1&amp;utm_content=it_proyecto_parque_arlanzon\" target=\"_blank\" rel=\"noreferrer noopener\">Parque Comercial Arlanz\u00f3n<\/a><\/strong>, un moderno parco commerciale di medie dimensioni che sorger\u00e0 in uno degli ingressi principali della citt\u00e0 di Burgos. Il finanziamento sar\u00e0 disponibile sulla piattaforma <strong>marted\u00ec 22 aprile alle ore 16:00 (UTC+2).<\/strong><\/p>\n<p> <\/p>\n<p>Il progetto consiste nella concessione di un prestito per finanziare parte del prezzo di acquisto del terreno e i costi di costruzione del parco. Si tratta di un\u2019opportunit\u00e0 d\u2019investimento con un <strong>rendimento annuo dell\u201911,25%<\/strong> e una durata stimata di <strong>18 mesi<\/strong>, con possibilit\u00e0 di estensione per ulteriori sei mesi.<\/p>\n<p> <\/p>\n<h2 class=\"wp-block-heading\">Una posizione privilegiata con occupazione garantita<\/h2>\n<p> <\/p>\n<p>Il <a href=\"https:\/\/urbanitae.com\/it\/progetto\/P000347?utm_source=blog_it&amp;utm_medium=organic&amp;utm_campaign=urbanitae_blog_0425&amp;utm_term=parque_comercial_arlanzon_2&amp;utm_content=it_proyecto_parque_arlanzon\" target=\"_blank\" rel=\"noreferrer noopener\">Parque Comercial Arlanz\u00f3n<\/a> sar\u00e0 realizzato su un terreno di 17.497 m\u00b2, con licenza edilizia in fase di concessione, e disporr\u00e0 di una superficie lorda affittabile (GLA) di 8.946 m\u00b2, distribuita in <strong>8 medie strutture commerciali<\/strong>, oltre a un <strong>impianto fotovoltaico e otto punti di ricarica rapida per veicoli elettrici<\/strong>.<\/p>\n<p> <\/p>\n<p>Il parco \u00e8 gi\u00e0 <strong>affittato al 100% a marchi rinomati<\/strong> come Lupa, Guaw, JYSK, Maxcolchon, Tiendas MGI, TEDi, Fitness Park, Popeyes, Iberdrola e BP Pulse. Tutti i contratti prevedono clausole di obbligo di permanenza tra i 3 e i 7 anni, il che garantisce un <strong>reddito netto annuo di 1.080.000 euro<\/strong> sin dall\u2019avvio dell\u2019attivit\u00e0.<\/p>\n<p> <\/p>\n<p>L\u2019immobile sar\u00e0 situato sulla <strong>strada Madrid-Ir\u00fan (A-1)<\/strong>, nello stesso asse viario dove si trovano altri operatori di rilievo come El Corte Ingl\u00e9s, Decathlon, McDonald\u2019s e Burger King, rafforzandone cos\u00ec l\u2019attrattiva <a href=\"https:\/\/blog.urbanitae.com\/it\/2025\/03\/04\/promettente-ripresa-degli-investimenti-retail-in-spagna-nel-2025\/?utm_source=blog_it&amp;utm_medium=organic&amp;utm_campaign=urbanitae_blog_0425&amp;utm_term=commerciale&amp;utm_content=it_proyecto_parque_arlanzon\" target=\"_blank\" rel=\"noreferrer noopener\">commerciale<\/a>.<\/p>\n<p> <\/p>\n<h2 class=\"wp-block-heading\">Un promotore con esperienza e un progetto solido<\/h2>\n<p> <\/p>\n<p>Il promotore del <a href=\"https:\/\/urbanitae.com\/it\/progetto\/P000347?utm_source=blog_it&amp;utm_medium=organic&amp;utm_campaign=urbanitae_blog_0425&amp;utm_term=parque_comercial_arlanzon_3&amp;utm_content=it_proyecto_parque_arlanzon\" target=\"_blank\" rel=\"noreferrer noopener\">Parque Comercial Arlanz\u00f3n<\/a> \u00e8 <strong>Grupo SIMO<\/strong>, una societ\u00e0 promotrice e costruttrice con oltre 40 anni di esperienza. Dal 1982, Grupo SIMO ha realizzato pi\u00f9 di <strong>3.600 abitazioni<\/strong>, parchi commerciali di medie dimensioni e impianti industriali. Tra i suoi progetti spiccano un punto vendita per Leroy Merlin, un KFC a C\u00e1ceres, sviluppi industriali a Badajoz e un hotel a quattro stelle.<\/p>\n<p> <\/p>\n<p>La commercializzazione dell\u2019immobile inizier\u00e0 con l\u2019avvio dei lavori, previsti per una durata di 9 mesi. Una volta completata la costruzione, la vendita \u00e8 prevista entro i successivi 9 mesi. Il <strong>valore stimato di vendita del parco \u00e8 di 15 milioni di euro<\/strong>, mentre la <strong>valutazione ECO dell\u2019immobile completato \u00e8 pari a 18,9 milioni di euro<\/strong>.<\/p>\n<p> <\/p>\n<p>Nel video qui sotto ti raccontiamo i dettagli del progetto.<\/p>\n<p><\/p>\t\t\t\t\t\t\t\t<\/div>\n\t\t\t\t<\/div>\n\t\t\t\t\t<\/div>\n\t\t<\/div>\n\t\t\t\t\t<\/div>\n\t\t<\/section>\n\t\t\t\t<section class=\"elementor-section elementor-top-section elementor-element elementor-element-3f0dd94 elementor-section-boxed elementor-section-height-default elementor-section-height-default\" data-id=\"3f0dd94\" data-element_type=\"section\" data-e-type=\"section\">\n\t\t\t\t\t\t<div class=\"elementor-container elementor-column-gap-default\">\n\t\t\t\t\t<div class=\"elementor-column elementor-col-100 elementor-top-column elementor-element elementor-element-971481e\" data-id=\"971481e\" data-element_type=\"column\" data-e-type=\"column\">\n\t\t\t<div class=\"elementor-widget-wrap elementor-element-populated\">\n\t\t\t\t\t\t<div class=\"elementor-element elementor-element-6ee6b78 elementor-widget elementor-widget-video\" data-id=\"6ee6b78\" data-element_type=\"widget\" data-e-type=\"widget\" data-settings=\"{&quot;youtube_url&quot;:&quot;https:\\\/\\\/youtu.be\\\/dq9fg8B5GBQ&quot;,&quot;video_type&quot;:&quot;youtube&quot;,&quot;controls&quot;:&quot;yes&quot;}\" data-widget_type=\"video.default\">\n\t\t\t\t<div class=\"elementor-widget-container\">\n\t\t\t\t\t\t\t<div class=\"elementor-wrapper elementor-open-inline\">\n\t\t\t<div class=\"elementor-video\"><\/div>\t\t<\/div>\n\t\t\t\t\t\t<\/div>\n\t\t\t\t<\/div>\n\t\t\t\t\t<\/div>\n\t\t<\/div>\n\t\t\t\t\t<\/div>\n\t\t<\/section>\n\t\t\t\t<section class=\"elementor-section elementor-top-section elementor-element elementor-element-bada19e elementor-section-boxed elementor-section-height-default elementor-section-height-default\" data-id=\"bada19e\" data-element_type=\"section\" data-e-type=\"section\">\n\t\t\t\t\t\t<div class=\"elementor-container elementor-column-gap-default\">\n\t\t\t\t\t<div class=\"elementor-column elementor-col-100 elementor-top-column elementor-element elementor-element-55b497f\" data-id=\"55b497f\" data-element_type=\"column\" data-e-type=\"column\">\n\t\t\t<div class=\"elementor-widget-wrap elementor-element-populated\">\n\t\t\t\t\t\t<div class=\"elementor-element elementor-element-6ab69fb elementor-widget elementor-widget-text-editor\" data-id=\"6ab69fb\" data-element_type=\"widget\" data-e-type=\"widget\" data-widget_type=\"text-editor.default\">\n\t\t\t\t<div class=\"elementor-widget-container\">\n\t\t\t\t\t\t\t\t\t<h2 class=\"wp-block-heading\">Condizioni del prestito<\/h2>\n<p> <\/p>\n<p>Gli investitori di Urbanitae e i co-investitori parteciperanno al progetto tramite <strong>un prestito strutturato in tre tranche.<\/strong> La tranche A offrir\u00e0 un tasso fisso annuo dell\u201911,25% per finanziare parte del prezzo d\u2019acquisto, parte dell\u2019IVA (detraibile) legata all\u2019acquisto, i costi iniziali di costruzione e le spese per la formalizzazione del debito.<\/p>\n<p> <\/p>\n<p>L\u2019importo complessivo del prestito \u00e8 di <strong>8.785.000 euro<\/strong>, suddiviso in tre tranche:<\/p>\n<p> <\/p>\n<ul class=\"wp-block-list\">\n<li><strong>Tranche A<\/strong>: 4.560.000 \u20ac per 18 mesi, con <strong>tasso fisso annuo dell\u201911,25%<\/strong>, finanziata dagli investitori di Urbanitae.<\/li>\n \n<li><strong>Tranche B<\/strong>: 3.050.000 \u20ac per 15 mesi, con tasso fisso annuo del 10,75%, finanziata da investitori istituzionali.<\/li>\n \n<li><strong>Tranche C<\/strong>: 1.175.000 \u20ac per 6 mesi, con tasso fisso annuo del 10%, anch\u2019essa riservata a investitori istituzionali.<\/li>\n<\/ul>\n<p> <\/p>\n<p>Gli interessi e il capitale saranno rimborsati alla scadenza. \u00c8 consentita <strong>l\u2019estinzione anticipata<\/strong>, con un <strong>rendimento minimo garantito pari a 7 mesi di interessi<\/strong> per la Tranche A. L\u2019estensione di sei mesi sar\u00e0 subordinata al completamento del 100% dei lavori.<\/p>\n<p> <\/p>\n<p>L\u2019operazione \u00e8 garantita da <strong>ipoteca di primo grado sul terreno<\/strong> dove verr\u00e0 sviluppato il parco, con una garanzia ipotecaria pari al 150% del capitale.<\/p>\n<p> <\/p>\n<h2 class=\"wp-block-heading\">Perch\u00e9 investire in questo progetto<\/h2>\n<p> <\/p>\n<p>\u2013 <strong>Immobili affittati al 100% a operatori riconosciuti<\/strong>, che generano un reddito netto annuo superiore al milione di euro.<\/p>\n<p> <\/p>\n<p>\u2013 <strong>Posizione strategica<\/strong>, all\u2019ingresso di un capoluogo di provincia con alto potere d\u2019acquisto e un\u2019area di influenza di oltre 400.000 persone.<\/p>\n<p> <\/p>\n<p>\u2013 <strong>Rendimento attraente dell\u201911,25% annuo<\/strong>, con rendimento minimo garantito.<\/p>\n<p> <\/p>\n<p>\u2013 <strong>Promotore con oltre 40 anni di esperienza<\/strong> e un solido track record in progetti residenziali e commerciali.<\/p>\n<p> <\/p>\n<p>\u2013 <strong>Rapporto <a href=\"https:\/\/blog.urbanitae.com\/it\/2023\/05\/07\/che-cose-il-loan-to-value\/?utm_source=blog_it&amp;utm_medium=organic&amp;utm_campaign=urbanitae_blog_0425&amp;utm_term=ltv&amp;utm_content=it_proyecto_parque_arlanzon\" target=\"_blank\" rel=\"noreferrer noopener\">LTV<\/a> del 46,5%<\/strong>, indicativo di un finanziamento prudente rispetto al valore dell\u2019immobile.<\/p>\n<p> <\/p>\n<h2 class=\"wp-block-heading\">Quando recuperer\u00f2 il mio investimento?<\/h2>\n<p> <\/p>\n<p>\u2013 <strong>Secondo trimestre 2025<\/strong>: concessione del prestito e inizio dei lavori.<\/p>\n<p> <\/p>\n<p>\u2013 <strong>Primo trimestre 2026<\/strong>: completamento del parco e apertura al pubblico.<\/p>\n<p> <\/p>\n<p>\u2013 <strong>Q1\u2013Q4 2026<\/strong>: vendita dell\u2019immobile e rimborso del prestito.<\/p>\n<p> <\/p>\n<p>Luned\u00ec <strong>21 aprile alle ore 12:00 (UTC+2)<\/strong> terremo un <a href=\"https:\/\/us02web.zoom.us\/j\/83504352141?pwd=7CCX0nwRBrkhLyoxU9QsBaNJEloPMM.1\" target=\"_blank\" rel=\"noreferrer noopener\">webinar<\/a> sul progetto per chiarire eventuali dubbi. Puoi anche contattarci via e-mail all\u2019indirizzo <strong><a href=\"mailto:contacto@urbanitae.com\" target=\"_blank\" rel=\"noreferrer noopener\">contacto@urbanitae.com<\/a><\/strong> o telefonicamente al numero <strong>(+34) 911 23 25 22<\/strong>.<\/p>\n<p> <\/p>\n<p><strong>Non perdere l\u2019occasione di investire in un parco commerciale solido e garantito a Burgos!<\/strong><\/p>\t\t\t\t\t\t\t\t<\/div>\n\t\t\t\t<\/div>\n\t\t\t\t\t<\/div>\n\t\t<\/div>\n\t\t\t\t\t<\/div>\n\t\t<\/section>\n\t\t\t\t<\/div>\n\t\t","protected":false},"excerpt":{"rendered":"<p>Il progetto Parque Comercial Arlanz\u00f3n consiste in un prestito per sviluppare un parco commerciale a Burgos, con un tasso annuo dell&#8217;11,25% e durata di 18 mesi. <\/p>\n","protected":false},"author":1,"featured_media":60758,"comment_status":"open","ping_status":"closed","sticky":false,"template":"","format":"standard","meta":{"inline_featured_image":false,"footnotes":""},"categories":[1078,1079,928,929,77],"tags":[1966,1932,1955,1374],"class_list":["post-60739","post","type-post","status-publish","format-standard","has-post-thumbnail","hentry","category-debito","category-divida","category-progetti","category-projetos","category-proyectos","tag-crowdfunding-immobiliare","tag-inversion-inmobiliaria-it","tag-prestito-collettivo-immobiliare","tag-sector-comercial-it"],"blocksy_meta":[],"yoast_head":"<!-- This site is optimized with the Yoast SEO plugin v27.5 - https:\/\/yoast.com\/product\/yoast-seo-wordpress\/ -->\n<title>Investi in un parco commerciale affittato al 100% a Burgos<\/title>\n<meta name=\"description\" content=\"Ora puoi investire in un parco commerciale a Burgos, con un rendimento del 16,8% in 18 mesi. Leggi di pi\u00f9 per tutti i dettagli.\" \/>\n<meta name=\"robots\" content=\"index, follow, max-snippet:-1, max-image-preview:large, max-video-preview:-1\" \/>\n<link rel=\"canonical\" href=\"https:\/\/blog.urbanitae.com\/it\/2025\/04\/16\/nuovo-progetto-investi-in-un-parco-commerciale-affittato-al-100-a-burgos\/\" \/>\n<meta property=\"og:locale\" content=\"it_IT\" \/>\n<meta property=\"og:type\" content=\"article\" \/>\n<meta property=\"og:title\" content=\"Investi nel settore commerciale a partire da 500 \u20ac\" \/>\n<meta property=\"og:description\" content=\"Ora puoi investire in un parco commerciale a Burgos, con un rendimento del 16,8% in 18 mesi. Leggi di pi\u00f9 per tutti i dettagli.\" \/>\n<meta property=\"og:url\" content=\"https:\/\/blog.urbanitae.com\/it\/2025\/04\/16\/nuovo-progetto-investi-in-un-parco-commerciale-affittato-al-100-a-burgos\/\" \/>\n<meta property=\"og:site_name\" content=\"Urbanitae Blog | Le migliori notizie sugli investimenti immobiliari\" \/>\n<meta property=\"article:publisher\" content=\"https:\/\/www.facebook.com\/urbanitae\" \/>\n<meta property=\"article:published_time\" content=\"2025-04-16T19:52:14+00:00\" \/>\n<meta property=\"article:modified_time\" content=\"2025-09-22T17:24:50+00:00\" \/>\n<meta property=\"og:image\" content=\"https:\/\/blog.urbanitae.com\/wp-content\/uploads\/2025\/04\/invertir-parque-comercial.webp\" \/>\n\t<meta property=\"og:image:width\" content=\"1400\" \/>\n\t<meta property=\"og:image:height\" content=\"735\" \/>\n\t<meta property=\"og:image:type\" content=\"image\/webp\" \/>\n<meta name=\"author\" content=\"Equipo Urbanitae\" \/>\n<meta name=\"twitter:card\" content=\"summary_large_image\" \/>\n<meta name=\"twitter:creator\" content=\"@urbanitae\" \/>\n<meta name=\"twitter:site\" content=\"@urbanitae\" \/>\n<meta name=\"twitter:label1\" content=\"Scritto da\" \/>\n\t<meta name=\"twitter:data1\" content=\"Equipo Urbanitae\" \/>\n\t<meta name=\"twitter:label2\" content=\"Tempo di lettura stimato\" \/>\n\t<meta name=\"twitter:data2\" content=\"4 minuti\" \/>\n<script type=\"application\/ld+json\" class=\"yoast-schema-graph\">{\"@context\":\"https:\\\/\\\/schema.org\",\"@graph\":[{\"@type\":[\"Article\",\"BlogPosting\"],\"@id\":\"https:\\\/\\\/blog.urbanitae.com\\\/it\\\/2025\\\/04\\\/16\\\/nuovo-progetto-investi-in-un-parco-commerciale-affittato-al-100-a-burgos\\\/#article\",\"isPartOf\":{\"@id\":\"https:\\\/\\\/blog.urbanitae.com\\\/it\\\/2025\\\/04\\\/16\\\/nuovo-progetto-investi-in-un-parco-commerciale-affittato-al-100-a-burgos\\\/\"},\"author\":{\"name\":\"Equipo Urbanitae\",\"@id\":\"https:\\\/\\\/blog.urbanitae.com\\\/it\\\/#\\\/schema\\\/person\\\/e7b2d152f5654066832c53f5aa04fbf7\"},\"headline\":\"Investi in un parco commerciale affittato al 100% a Burgos\",\"datePublished\":\"2025-04-16T19:52:14+00:00\",\"dateModified\":\"2025-09-22T17:24:50+00:00\",\"mainEntityOfPage\":{\"@id\":\"https:\\\/\\\/blog.urbanitae.com\\\/it\\\/2025\\\/04\\\/16\\\/nuovo-progetto-investi-in-un-parco-commerciale-affittato-al-100-a-burgos\\\/\"},\"wordCount\":877,\"commentCount\":0,\"publisher\":{\"@id\":\"https:\\\/\\\/blog.urbanitae.com\\\/it\\\/#organization\"},\"image\":{\"@id\":\"https:\\\/\\\/blog.urbanitae.com\\\/it\\\/2025\\\/04\\\/16\\\/nuovo-progetto-investi-in-un-parco-commerciale-affittato-al-100-a-burgos\\\/#primaryimage\"},\"thumbnailUrl\":\"https:\\\/\\\/blog.urbanitae.com\\\/wp-content\\\/uploads\\\/2025\\\/04\\\/invertir-parque-comercial.webp\",\"keywords\":[\"crowdfunding immobiliare\",\"inversi\u00f3n inmobiliaria\",\"prestito collettivo immobiliare\",\"sector comercial\"],\"articleSection\":[\"Debito\",\"D\u00edvida\",\"Progetti\",\"Projetos\",\"Proyectos\"],\"inLanguage\":\"it-IT\",\"potentialAction\":[{\"@type\":\"CommentAction\",\"name\":\"Comment\",\"target\":[\"https:\\\/\\\/blog.urbanitae.com\\\/it\\\/2025\\\/04\\\/16\\\/nuovo-progetto-investi-in-un-parco-commerciale-affittato-al-100-a-burgos\\\/#respond\"]}]},{\"@type\":[\"WebPage\",\"ItemPage\"],\"@id\":\"https:\\\/\\\/blog.urbanitae.com\\\/it\\\/2025\\\/04\\\/16\\\/nuovo-progetto-investi-in-un-parco-commerciale-affittato-al-100-a-burgos\\\/\",\"url\":\"https:\\\/\\\/blog.urbanitae.com\\\/it\\\/2025\\\/04\\\/16\\\/nuovo-progetto-investi-in-un-parco-commerciale-affittato-al-100-a-burgos\\\/\",\"name\":\"Investi in un parco commerciale affittato al 100% a Burgos\",\"isPartOf\":{\"@id\":\"https:\\\/\\\/blog.urbanitae.com\\\/it\\\/#website\"},\"primaryImageOfPage\":{\"@id\":\"https:\\\/\\\/blog.urbanitae.com\\\/it\\\/2025\\\/04\\\/16\\\/nuovo-progetto-investi-in-un-parco-commerciale-affittato-al-100-a-burgos\\\/#primaryimage\"},\"image\":{\"@id\":\"https:\\\/\\\/blog.urbanitae.com\\\/it\\\/2025\\\/04\\\/16\\\/nuovo-progetto-investi-in-un-parco-commerciale-affittato-al-100-a-burgos\\\/#primaryimage\"},\"thumbnailUrl\":\"https:\\\/\\\/blog.urbanitae.com\\\/wp-content\\\/uploads\\\/2025\\\/04\\\/invertir-parque-comercial.webp\",\"datePublished\":\"2025-04-16T19:52:14+00:00\",\"dateModified\":\"2025-09-22T17:24:50+00:00\",\"description\":\"Ora puoi investire in un parco commerciale a Burgos, con un rendimento del 16,8% in 18 mesi. Leggi di pi\u00f9 per tutti i dettagli.\",\"breadcrumb\":{\"@id\":\"https:\\\/\\\/blog.urbanitae.com\\\/it\\\/2025\\\/04\\\/16\\\/nuovo-progetto-investi-in-un-parco-commerciale-affittato-al-100-a-burgos\\\/#breadcrumb\"},\"inLanguage\":\"it-IT\",\"potentialAction\":[{\"@type\":\"ReadAction\",\"target\":[\"https:\\\/\\\/blog.urbanitae.com\\\/it\\\/2025\\\/04\\\/16\\\/nuovo-progetto-investi-in-un-parco-commerciale-affittato-al-100-a-burgos\\\/\"]}]},{\"@type\":\"ImageObject\",\"inLanguage\":\"it-IT\",\"@id\":\"https:\\\/\\\/blog.urbanitae.com\\\/it\\\/2025\\\/04\\\/16\\\/nuovo-progetto-investi-in-un-parco-commerciale-affittato-al-100-a-burgos\\\/#primaryimage\",\"url\":\"https:\\\/\\\/blog.urbanitae.com\\\/wp-content\\\/uploads\\\/2025\\\/04\\\/invertir-parque-comercial.webp\",\"contentUrl\":\"https:\\\/\\\/blog.urbanitae.com\\\/wp-content\\\/uploads\\\/2025\\\/04\\\/invertir-parque-comercial.webp\",\"width\":1400,\"height\":735,\"caption\":\"\u00a1Nuevo proyecto! Invierte en un parque comercial 100% alquilado en Burgos. New project! Invest in a fully leased retail park in Burgos. Nouveau projet ! Investissez dans un parc commercial 100 % lou\u00e9 \u00e0 Burgos. Nuovo progetto! Investi in un parco commerciale affittato al 100% a Burgos. Novo projeto! Investe num parque comercial 100% arrendado em Burgos. Neues Projekt! Investiere in einen voll vermieteten Fachmarktpark in Burgos.\"},{\"@type\":\"BreadcrumbList\",\"@id\":\"https:\\\/\\\/blog.urbanitae.com\\\/it\\\/2025\\\/04\\\/16\\\/nuovo-progetto-investi-in-un-parco-commerciale-affittato-al-100-a-burgos\\\/#breadcrumb\",\"itemListElement\":[{\"@type\":\"ListItem\",\"position\":1,\"name\":\"Portada\",\"item\":\"https:\\\/\\\/blog.urbanitae.com\\\/it\\\/\"},{\"@type\":\"ListItem\",\"position\":2,\"name\":\"Investi in un parco commerciale affittato al 100% a Burgos\"}]},{\"@type\":\"WebSite\",\"@id\":\"https:\\\/\\\/blog.urbanitae.com\\\/it\\\/#website\",\"url\":\"https:\\\/\\\/blog.urbanitae.com\\\/it\\\/\",\"name\":\"Urbanitae Blog | Las mejores noticias sobre inversi\u00f3n inmobiliaria\",\"description\":\"L'investimento immobiliare alla portata di tutti\",\"publisher\":{\"@id\":\"https:\\\/\\\/blog.urbanitae.com\\\/it\\\/#organization\"},\"potentialAction\":[{\"@type\":\"SearchAction\",\"target\":{\"@type\":\"EntryPoint\",\"urlTemplate\":\"https:\\\/\\\/blog.urbanitae.com\\\/it\\\/?s={search_term_string}\"},\"query-input\":{\"@type\":\"PropertyValueSpecification\",\"valueRequired\":true,\"valueName\":\"search_term_string\"}}],\"inLanguage\":\"it-IT\"},{\"@type\":\"Organization\",\"@id\":\"https:\\\/\\\/blog.urbanitae.com\\\/it\\\/#organization\",\"name\":\"Urbanitae\",\"url\":\"https:\\\/\\\/blog.urbanitae.com\\\/it\\\/\",\"logo\":{\"@type\":\"ImageObject\",\"inLanguage\":\"it-IT\",\"@id\":\"https:\\\/\\\/blog.urbanitae.com\\\/it\\\/#\\\/schema\\\/logo\\\/image\\\/\",\"url\":\"https:\\\/\\\/blog.urbanitae.com\\\/wp-content\\\/uploads\\\/2020\\\/04\\\/logo-verde_350x100.svg\",\"contentUrl\":\"https:\\\/\\\/blog.urbanitae.com\\\/wp-content\\\/uploads\\\/2020\\\/04\\\/logo-verde_350x100.svg\",\"width\":350,\"height\":100,\"caption\":\"Urbanitae\"},\"image\":{\"@id\":\"https:\\\/\\\/blog.urbanitae.com\\\/it\\\/#\\\/schema\\\/logo\\\/image\\\/\"},\"sameAs\":[\"https:\\\/\\\/www.facebook.com\\\/urbanitae\",\"https:\\\/\\\/x.com\\\/urbanitae\",\"https:\\\/\\\/www.instagram.com\\\/urbanitae\",\"https:\\\/\\\/www.linkedin.com\\\/company\\\/urbanitae\",\"https:\\\/\\\/www.pinterest.es\\\/UrbanitaeSL\\\/_created\\\/\",\"https:\\\/\\\/www.youtube.com\\\/c\\\/Urbanitae_RE\"]},{\"@type\":\"Person\",\"@id\":\"https:\\\/\\\/blog.urbanitae.com\\\/it\\\/#\\\/schema\\\/person\\\/e7b2d152f5654066832c53f5aa04fbf7\",\"name\":\"Equipo Urbanitae\",\"image\":{\"@type\":\"ImageObject\",\"inLanguage\":\"it-IT\",\"@id\":\"https:\\\/\\\/secure.gravatar.com\\\/avatar\\\/e75782c6aa253c8ac75c13b1ec97172bb2d67437baa4354ba4b0650a97f565f2?s=96&d=mm&r=g\",\"url\":\"https:\\\/\\\/secure.gravatar.com\\\/avatar\\\/e75782c6aa253c8ac75c13b1ec97172bb2d67437baa4354ba4b0650a97f565f2?s=96&d=mm&r=g\",\"contentUrl\":\"https:\\\/\\\/secure.gravatar.com\\\/avatar\\\/e75782c6aa253c8ac75c13b1ec97172bb2d67437baa4354ba4b0650a97f565f2?s=96&d=mm&r=g\",\"caption\":\"Equipo Urbanitae\"},\"sameAs\":[\"https:\\\/\\\/urbanitae.com\"],\"url\":\"https:\\\/\\\/blog.urbanitae.com\\\/it\\\/author\\\/urbanitae\\\/\"}]}<\/script>\n<!-- \/ Yoast SEO plugin. -->","yoast_head_json":{"title":"Investi in un parco commerciale affittato al 100% a Burgos","description":"Ora puoi investire in un parco commerciale a Burgos, con un rendimento del 16,8% in 18 mesi. Leggi di pi\u00f9 per tutti i dettagli.","robots":{"index":"index","follow":"follow","max-snippet":"max-snippet:-1","max-image-preview":"max-image-preview:large","max-video-preview":"max-video-preview:-1"},"canonical":"https:\/\/blog.urbanitae.com\/it\/2025\/04\/16\/nuovo-progetto-investi-in-un-parco-commerciale-affittato-al-100-a-burgos\/","og_locale":"it_IT","og_type":"article","og_title":"Investi nel settore commerciale a partire da 500 \u20ac","og_description":"Ora puoi investire in un parco commerciale a Burgos, con un rendimento del 16,8% in 18 mesi. Leggi di pi\u00f9 per tutti i dettagli.","og_url":"https:\/\/blog.urbanitae.com\/it\/2025\/04\/16\/nuovo-progetto-investi-in-un-parco-commerciale-affittato-al-100-a-burgos\/","og_site_name":"Urbanitae Blog | Le migliori notizie sugli investimenti immobiliari","article_publisher":"https:\/\/www.facebook.com\/urbanitae","article_published_time":"2025-04-16T19:52:14+00:00","article_modified_time":"2025-09-22T17:24:50+00:00","og_image":[{"width":1400,"height":735,"url":"https:\/\/blog.urbanitae.com\/wp-content\/uploads\/2025\/04\/invertir-parque-comercial.webp","type":"image\/webp"}],"author":"Equipo Urbanitae","twitter_card":"summary_large_image","twitter_creator":"@urbanitae","twitter_site":"@urbanitae","twitter_misc":{"Scritto da":"Equipo Urbanitae","Tempo di lettura stimato":"4 minuti"},"schema":{"@context":"https:\/\/schema.org","@graph":[{"@type":["Article","BlogPosting"],"@id":"https:\/\/blog.urbanitae.com\/it\/2025\/04\/16\/nuovo-progetto-investi-in-un-parco-commerciale-affittato-al-100-a-burgos\/#article","isPartOf":{"@id":"https:\/\/blog.urbanitae.com\/it\/2025\/04\/16\/nuovo-progetto-investi-in-un-parco-commerciale-affittato-al-100-a-burgos\/"},"author":{"name":"Equipo Urbanitae","@id":"https:\/\/blog.urbanitae.com\/it\/#\/schema\/person\/e7b2d152f5654066832c53f5aa04fbf7"},"headline":"Investi in un parco commerciale affittato al 100% a Burgos","datePublished":"2025-04-16T19:52:14+00:00","dateModified":"2025-09-22T17:24:50+00:00","mainEntityOfPage":{"@id":"https:\/\/blog.urbanitae.com\/it\/2025\/04\/16\/nuovo-progetto-investi-in-un-parco-commerciale-affittato-al-100-a-burgos\/"},"wordCount":877,"commentCount":0,"publisher":{"@id":"https:\/\/blog.urbanitae.com\/it\/#organization"},"image":{"@id":"https:\/\/blog.urbanitae.com\/it\/2025\/04\/16\/nuovo-progetto-investi-in-un-parco-commerciale-affittato-al-100-a-burgos\/#primaryimage"},"thumbnailUrl":"https:\/\/blog.urbanitae.com\/wp-content\/uploads\/2025\/04\/invertir-parque-comercial.webp","keywords":["crowdfunding immobiliare","inversi\u00f3n inmobiliaria","prestito collettivo immobiliare","sector comercial"],"articleSection":["Debito","D\u00edvida","Progetti","Projetos","Proyectos"],"inLanguage":"it-IT","potentialAction":[{"@type":"CommentAction","name":"Comment","target":["https:\/\/blog.urbanitae.com\/it\/2025\/04\/16\/nuovo-progetto-investi-in-un-parco-commerciale-affittato-al-100-a-burgos\/#respond"]}]},{"@type":["WebPage","ItemPage"],"@id":"https:\/\/blog.urbanitae.com\/it\/2025\/04\/16\/nuovo-progetto-investi-in-un-parco-commerciale-affittato-al-100-a-burgos\/","url":"https:\/\/blog.urbanitae.com\/it\/2025\/04\/16\/nuovo-progetto-investi-in-un-parco-commerciale-affittato-al-100-a-burgos\/","name":"Investi in un parco commerciale affittato al 100% a Burgos","isPartOf":{"@id":"https:\/\/blog.urbanitae.com\/it\/#website"},"primaryImageOfPage":{"@id":"https:\/\/blog.urbanitae.com\/it\/2025\/04\/16\/nuovo-progetto-investi-in-un-parco-commerciale-affittato-al-100-a-burgos\/#primaryimage"},"image":{"@id":"https:\/\/blog.urbanitae.com\/it\/2025\/04\/16\/nuovo-progetto-investi-in-un-parco-commerciale-affittato-al-100-a-burgos\/#primaryimage"},"thumbnailUrl":"https:\/\/blog.urbanitae.com\/wp-content\/uploads\/2025\/04\/invertir-parque-comercial.webp","datePublished":"2025-04-16T19:52:14+00:00","dateModified":"2025-09-22T17:24:50+00:00","description":"Ora puoi investire in un parco commerciale a Burgos, con un rendimento del 16,8% in 18 mesi. Leggi di pi\u00f9 per tutti i dettagli.","breadcrumb":{"@id":"https:\/\/blog.urbanitae.com\/it\/2025\/04\/16\/nuovo-progetto-investi-in-un-parco-commerciale-affittato-al-100-a-burgos\/#breadcrumb"},"inLanguage":"it-IT","potentialAction":[{"@type":"ReadAction","target":["https:\/\/blog.urbanitae.com\/it\/2025\/04\/16\/nuovo-progetto-investi-in-un-parco-commerciale-affittato-al-100-a-burgos\/"]}]},{"@type":"ImageObject","inLanguage":"it-IT","@id":"https:\/\/blog.urbanitae.com\/it\/2025\/04\/16\/nuovo-progetto-investi-in-un-parco-commerciale-affittato-al-100-a-burgos\/#primaryimage","url":"https:\/\/blog.urbanitae.com\/wp-content\/uploads\/2025\/04\/invertir-parque-comercial.webp","contentUrl":"https:\/\/blog.urbanitae.com\/wp-content\/uploads\/2025\/04\/invertir-parque-comercial.webp","width":1400,"height":735,"caption":"\u00a1Nuevo proyecto! Invierte en un parque comercial 100% alquilado en Burgos. New project! Invest in a fully leased retail park in Burgos. Nouveau projet ! Investissez dans un parc commercial 100 % lou\u00e9 \u00e0 Burgos. Nuovo progetto! Investi in un parco commerciale affittato al 100% a Burgos. Novo projeto! Investe num parque comercial 100% arrendado em Burgos. Neues Projekt! Investiere in einen voll vermieteten Fachmarktpark in Burgos."},{"@type":"BreadcrumbList","@id":"https:\/\/blog.urbanitae.com\/it\/2025\/04\/16\/nuovo-progetto-investi-in-un-parco-commerciale-affittato-al-100-a-burgos\/#breadcrumb","itemListElement":[{"@type":"ListItem","position":1,"name":"Portada","item":"https:\/\/blog.urbanitae.com\/it\/"},{"@type":"ListItem","position":2,"name":"Investi in un parco commerciale affittato al 100% a Burgos"}]},{"@type":"WebSite","@id":"https:\/\/blog.urbanitae.com\/it\/#website","url":"https:\/\/blog.urbanitae.com\/it\/","name":"Urbanitae Blog | Las mejores noticias sobre inversi\u00f3n inmobiliaria","description":"L'investimento immobiliare alla portata di tutti","publisher":{"@id":"https:\/\/blog.urbanitae.com\/it\/#organization"},"potentialAction":[{"@type":"SearchAction","target":{"@type":"EntryPoint","urlTemplate":"https:\/\/blog.urbanitae.com\/it\/?s={search_term_string}"},"query-input":{"@type":"PropertyValueSpecification","valueRequired":true,"valueName":"search_term_string"}}],"inLanguage":"it-IT"},{"@type":"Organization","@id":"https:\/\/blog.urbanitae.com\/it\/#organization","name":"Urbanitae","url":"https:\/\/blog.urbanitae.com\/it\/","logo":{"@type":"ImageObject","inLanguage":"it-IT","@id":"https:\/\/blog.urbanitae.com\/it\/#\/schema\/logo\/image\/","url":"https:\/\/blog.urbanitae.com\/wp-content\/uploads\/2020\/04\/logo-verde_350x100.svg","contentUrl":"https:\/\/blog.urbanitae.com\/wp-content\/uploads\/2020\/04\/logo-verde_350x100.svg","width":350,"height":100,"caption":"Urbanitae"},"image":{"@id":"https:\/\/blog.urbanitae.com\/it\/#\/schema\/logo\/image\/"},"sameAs":["https:\/\/www.facebook.com\/urbanitae","https:\/\/x.com\/urbanitae","https:\/\/www.instagram.com\/urbanitae","https:\/\/www.linkedin.com\/company\/urbanitae","https:\/\/www.pinterest.es\/UrbanitaeSL\/_created\/","https:\/\/www.youtube.com\/c\/Urbanitae_RE"]},{"@type":"Person","@id":"https:\/\/blog.urbanitae.com\/it\/#\/schema\/person\/e7b2d152f5654066832c53f5aa04fbf7","name":"Equipo Urbanitae","image":{"@type":"ImageObject","inLanguage":"it-IT","@id":"https:\/\/secure.gravatar.com\/avatar\/e75782c6aa253c8ac75c13b1ec97172bb2d67437baa4354ba4b0650a97f565f2?s=96&d=mm&r=g","url":"https:\/\/secure.gravatar.com\/avatar\/e75782c6aa253c8ac75c13b1ec97172bb2d67437baa4354ba4b0650a97f565f2?s=96&d=mm&r=g","contentUrl":"https:\/\/secure.gravatar.com\/avatar\/e75782c6aa253c8ac75c13b1ec97172bb2d67437baa4354ba4b0650a97f565f2?s=96&d=mm&r=g","caption":"Equipo Urbanitae"},"sameAs":["https:\/\/urbanitae.com"],"url":"https:\/\/blog.urbanitae.com\/it\/author\/urbanitae\/"}]}},"_links":{"self":[{"href":"https:\/\/blog.urbanitae.com\/it\/wp-json\/wp\/v2\/posts\/60739","targetHints":{"allow":["GET"]}}],"collection":[{"href":"https:\/\/blog.urbanitae.com\/it\/wp-json\/wp\/v2\/posts"}],"about":[{"href":"https:\/\/blog.urbanitae.com\/it\/wp-json\/wp\/v2\/types\/post"}],"author":[{"embeddable":true,"href":"https:\/\/blog.urbanitae.com\/it\/wp-json\/wp\/v2\/users\/1"}],"replies":[{"embeddable":true,"href":"https:\/\/blog.urbanitae.com\/it\/wp-json\/wp\/v2\/comments?post=60739"}],"version-history":[{"count":0,"href":"https:\/\/blog.urbanitae.com\/it\/wp-json\/wp\/v2\/posts\/60739\/revisions"}],"wp:featuredmedia":[{"embeddable":true,"href":"https:\/\/blog.urbanitae.com\/it\/wp-json\/wp\/v2\/media\/60758"}],"wp:attachment":[{"href":"https:\/\/blog.urbanitae.com\/it\/wp-json\/wp\/v2\/media?parent=60739"}],"wp:term":[{"taxonomy":"category","embeddable":true,"href":"https:\/\/blog.urbanitae.com\/it\/wp-json\/wp\/v2\/categories?post=60739"},{"taxonomy":"post_tag","embeddable":true,"href":"https:\/\/blog.urbanitae.com\/it\/wp-json\/wp\/v2\/tags?post=60739"}],"curies":[{"name":"wp","href":"https:\/\/api.w.org\/{rel}","templated":true}]}}