{"id":53374,"date":"2024-11-27T18:19:50","date_gmt":"2024-11-27T17:19:50","guid":{"rendered":"https:\/\/blog.urbanitae.com\/?p=53374"},"modified":"2024-11-28T12:41:21","modified_gmt":"2024-11-28T11:41:21","slug":"il-futuro-del-lavoro-e-ibrido-e-flessibile","status":"publish","type":"post","link":"https:\/\/blog.urbanitae.com\/it\/2024\/11\/27\/il-futuro-del-lavoro-e-ibrido-e-flessibile\/","title":{"rendered":"\u201cIl futuro del lavoro \u00e8 ibrido e flessibile\u201d"},"content":{"rendered":"\n<p><strong>In un mondo lavorativo in piena trasformazione, dove flessibilit\u00e0 e innovazione sono pi\u00f9 necessarie che mai, zityhub si presenta come la soluzione tecnologica che ridefinisce il concetto di ufficio. Fondata nel 2019, questa startup spagnola ha promosso un modello di lavoro ibrido e flessibile che collega le aziende a un\u2019ampia rete di spazi distribuiti in citt\u00e0 come Madrid, Barcellona e Valencia. Insieme ad \u00c1ngel Serrano, co-fondatore e CEO dell\u2019azienda, esploriamo come zityhub stia guidando questa trasformazione, le sue iniziative pi\u00f9 innovative e l\u2019impatto del suo modello di ufficio \u201cliquido esteso\u201d sul futuro del lavoro.<\/strong><\/p>\n\n\n\n<p><strong>Qual \u00e8 la proposta di valore della piattaforma?<\/strong><\/p>\n\n\n\n<p>zityhub offre una soluzione tecnologica progettata per consentire alle aziende di mettere a disposizione dei propri dipendenti la possibilit\u00e0 di prenotare spazi di lavoro, sale riunioni, parcheggi e altri servizi. \u00c8 l\u2019unica soluzione sul mercato che trasforma l\u2019ufficio in uno spazio di lavoro flessibile, accessibile su richiesta per i dipendenti, collegandolo e integrandolo, se necessario, con una vasta rete di luoghi di lavoro distribuiti in tutta la citt\u00e0. Questo approccio introduce il concetto di <strong>\u201cufficio liquido esteso\u201d<\/strong>.<\/p>\n\n\n\n<p>Con zityhub, le aziende possono gestire facilmente le prenotazioni di spazi di lavoro, da postazioni individuali a sale riunioni, ottimizzando i costi e utilizzando solo i metri quadrati necessari. Il nostro software come servizio (SaaS) si adatta in modo flessibile alle politiche di lavoro in presenza, ibride o da remoto, rispondendo alle esigenze specifiche di ogni organizzazione, garantendo al contempo pieno controllo e tracciabilit\u00e0 del processo.<\/p>\n\n\n\n<p>La nostra tecnologia semplifica la gestione dell\u2019ufficio moderno, offrendo un\u2019esperienza per i dipendenti che \u00e8 efficiente, produttiva e flessibile, rispondendo alle nuove dinamiche lavorative, tutto integrato in un\u2019unica piattaforma.<\/p>\n\n\n\n<p><strong>Quanti spazi di lavoro flessibile gestisce attualmente l\u2019azienda e dove si trovano?<\/strong><\/p>\n\n\n\n<p>In zityhub sappiamo che gli uffici non sono pi\u00f9 un luogo \u201cunico\u201d. Per questo, la nostra piattaforma include una rete flessibile di spazi che permette alle organizzazioni di collegare il proprio luogo di lavoro a un\u2019ampia rete composta da coworking, uffici condivisi, universit\u00e0, hotel e associazioni professionali. Questo consente di rispondere alle esigenze di spazi di lavoro, sia per periodi brevi che di media durata.<\/p>\n\n\n\n<p>Attualmente disponiamo di una rete di circa <strong>500.000 m\u00b2<\/strong>, che ci rende la pi\u00f9 grande rete di spazi di lavoro in Spagna, prenotabile in tempo reale con pagamento a consumo, tutto tramite un processo completamente digitale.<\/p>\n\n\n\n<p>Abbiamo oltre <strong>150 hub<\/strong> in citt\u00e0 come <strong>Madrid, Barcellona, Valencia, M\u00e1laga, Bilbao, Santander e Siviglia<\/strong>, tra molte altre.<\/p>\n\n\n\n<p><strong>Qual \u00e8 il profilo delle aziende e dei professionisti che utilizzano zityhub? Quanti utenti ha attualmente la piattaforma?<\/strong><\/p>\n\n\n\n<p>I nostri utenti sono aziende che stanno guidando un nuovo modo di lavorare, quelle che ascoltano realmente le esigenze dei professionisti di oggi e capiscono che l\u2019ufficio deve essere uno spazio dove predomina la collaborazione piuttosto che il lavoro individuale.<\/p>\n\n\n\n<p>Distinguamo tre tipi di clienti in base ai nostri servizi: Aziende che utilizzano la nostra soluzione per gestire il proprio ufficio; Aziende senza ufficio che usano gli spazi della rete su richiesta; Aziende che usano <a href=\"https:\/\/zityhub.com\/\" target=\"_blank\" rel=\"noreferrer noopener nofollow\">zityhub<\/a> sia per il proprio ufficio che per la rete estesa.<\/p>\n\n\n\n<blockquote class=\"wp-block-quote is-layout-flow wp-block-quote-is-layout-flow\">\n<p>\u00abOggi la flessibilit\u00e0 \u00e8 diventata uno dei fattori chiave per attrarre i migliori talenti.\u00bb<\/p>\n<\/blockquote>\n\n\n\n<p>Attualmente contiamo pi\u00f9 di <strong>20.000 utenti<\/strong> appartenenti a organizzazioni di diversi settori, dimensioni e localizzazioni. La nostra piattaforma \u00e8 progettata per qualsiasi tipo di azienda che cerca una soluzione agile per gestire la complessit\u00e0 degli uffici, con la tecnologia adeguata per misurare, gestire e creare un\u2019esperienza lavorativa flessibile ed efficiente.<\/p>\n\n\n\n<p><strong>C\u2019\u00e8 un settore che ha mostrato maggiore interesse?<\/strong><\/p>\n\n\n\n<p>Il settore tecnologico \u00e8 al vertice nell\u2019adozione di questo nuovo modello di lavoro. Tuttavia, collaboriamo con molti altri ambiti, come quello sanitario, i servizi professionali, i call center, l\u2019istruzione o il settore energetico.<\/p>\n\n\n\n<p>Ci adattiamo a ogni tipo di azienda, offrendo soluzioni personalizzate in base al loro modello di lavoro.<\/p>\n\n\n\n<p><strong>La vostra piattaforma consente di prenotare spazi di lavoro in coworking, <a href=\"https:\/\/urbanitae.com\/it\/progetto\/P000321?utm_source=blog_it&amp;utm_medium=organic&amp;utm_campaign=urbanitae_blog_1124&amp;utm_term=edifici_per_uffici&amp;utm_content=it_entrevista_zityhub\" target=\"_blank\" rel=\"noreferrer noopener\">edifici per uffici<\/a>, catene alberghiere, ma anche in ospedali, come nel caso del Gregorio Mara\u00f1\u00f3n. Come \u00e8 stata accolta questa iniziativa nel segmento ospedaliero?<\/strong><\/p>\n\n\n\n<p>L\u2019iniziativa \u00e8 stata accolta molto positivamente. Si tratta di un progetto solidale con un impatto sociale, mirato a offrire spazi di lavoro flessibili all\u2019interno delle strutture ospedaliere.<\/p>\n\n\n\n<p>Abbiamo identificato questa necessit\u00e0 e proposto l\u2019idea alla Comunit\u00e0 di Madrid e all\u2019ospedale Gregorio Mara\u00f1\u00f3n per supportare sia i familiari dei pazienti che gli stessi pazienti che trascorrono lunghe ore in ospedale e talvolta hanno bisogno di un luogo confortevole per lavorare.<\/p>\n\n\n\n<p>Abbiamo chiamato il progetto <strong>\u201cQui Vicino\u201d<\/strong>, riflettendo la prossimit\u00e0 di questi spazi alle stanze dei pazienti. Questa iniziativa rompe la routine ospedaliera offrendo un luogo di lavoro accessibile e vicino.<\/p>\n\n\n\n<p>La flessibilit\u00e0 pu\u00f2 essere applicata in qualsiasi ambiente. Il nuovo spazio di lavoro non si concentra pi\u00f9 sui metri quadrati, ma sulle attivit\u00e0 che vi si svolgono.<\/p>\n\n\n\n<p><strong>Perch\u00e9 le aziende che favoriscono la presenza in ufficio dovrebbero adottare un modello ibrido o flessibile?<\/strong><\/p>\n\n\n\n<p>La flessibilit\u00e0 migliora il benessere emotivo dei dipendenti, influendo direttamente sul loro impegno e sulla loro produttivit\u00e0.<\/p>\n\n\n\n<p>Il futuro del lavoro \u00e8 ibrido e flessibile. Le esigenze dei professionisti sono cambiate, e oggi la flessibilit\u00e0 \u00e8 diventata uno dei fattori chiave per attrarre i migliori talenti. Non \u00e8 pi\u00f9 solo una politica, ma una strategia fondamentale per attirare e trattenere i talenti pi\u00f9 preziosi.<\/p>\n\n\n\n<blockquote class=\"wp-block-quote is-layout-flow wp-block-quote-is-layout-flow\">\n<p>\u00abIl modello flessibile pu\u00f2 generare risparmi tra il 35% e il 50% rispetto al mantenimento di uffici permanenti.\u00bb<\/p>\n<\/blockquote>\n\n\n\n<p>Un modello ibrido e flessibile offre ai professionisti l\u2019autonomia e la libert\u00e0 responsabile di scegliere dove massimizzare il loro potenziale. La presenza fisica assume un ruolo cruciale, poich\u00e9 l\u2019interazione faccia a faccia diventa una necessit\u00e0 strategica per stimolare l\u2019innovazione e rafforzare i legami all\u2019interno del team.<\/p>\n\n\n\n<p>Inoltre, un modello flessibile consente alle aziende di ottimizzare le risorse, adattando gli spazi alle esigenze reali dei dipendenti.<\/p>\n\n\n\n<p>In zityhub comprendiamo il valore di un <strong>\u201cufficio liquido\u201d<\/strong>, che si adatta alle necessit\u00e0 dei professionisti, proprio come l\u2019acqua si adatta al recipiente che la contiene. Sappiamo che il mondo del lavoro sta cambiando e che non tutte le attivit\u00e0 richiedono lo stesso tipo di spazio. Come affermava il filosofo Bauman, viviamo in un\u2019epoca di <strong>\u201cmodernit\u00e0 liquida\u201d<\/strong>, caratterizzata da cambiamenti continui e accelerati.<\/p>\n\n\n\n<p>La sfida per le aziende sta nel trovare l\u2019equilibrio perfetto: sapere quando la presenza fisica fa la differenza e quando \u00e8 pi\u00f9 efficiente lasciare che il lavoro si svolga altrove.<\/p>\n\n\n\n<p><strong>Che livello di risparmio sui costi immobiliari possono ottenere le aziende grazie agli spazi di lavoro flessibili offerti da zityhub?<\/strong><\/p>\n\n\n\n<p>La nostra soluzione consente di ridurre significativamente i costi immobiliari. Le aziende possono adattare l\u2019utilizzo degli spazi alle loro effettive esigenze operative. Questo modello flessibile pu\u00f2 generare risparmi compresi tra il <strong>35% e il 50%<\/strong> rispetto al mantenimento di uffici permanenti o metri quadrati inutilizzati, soprattutto nelle grandi citt\u00e0, dove i costi immobiliari sono elevati.<\/p>\n\n\n\n<p><strong>Il concetto di ufficio tradizionale \u00e8 in declino? Quale ruolo giocheranno soluzioni come zityhub nel futuro del lavoro?<\/strong><\/p>\n\n\n\n<p>Il concetto di ufficio tradizionale, con scrivanie assegnate, sta evolvendo. Oggi le aziende cercano maggiore flessibilit\u00e0, posizioni strategiche e soluzioni che permettano di gestire al meglio un modello ibrido e flessibile.<\/p>\n\n\n\n<p>La nostra soluzione gioca un ruolo cruciale nel futuro del lavoro. Le aziende devono iniziare a porsi domande fondamentali come: Il mio spazio \u00e8 adeguato al numero di dipendenti? Quanto tempo impiegano i miei collaboratori per raggiungere l\u2019ufficio? Qual \u00e8 il tasso di occupazione del mio spazio? Come posso incentivare una presenza fisica che apporti valore reale?<\/p>\n\n\n\n<p>Le aziende pi\u00f9 visionarie stanno gi\u00e0 adottando modelli flessibili e decentralizzati, ottenendo risultati sorprendenti in termini di soddisfazione ed efficienza. Stiamo guidando questa trasformazione insieme a organizzazioni che credono in un modello flessibile, sostenibile e orientato al benessere umano.<\/p>\n\n\n\n<p><strong>Quali sono le sfide attuali per il mercato del coworking e degli <a href=\"https:\/\/blog.urbanitae.com\/it\/2024\/04\/04\/uffici-o-spazi-flessibili-malaga-siviglia-e-madrid-guidano-loccupazione\/?utm_source=blog_it&amp;utm_medium=organic&amp;utm_campaign=urbanitae_blog_1124&amp;utm_term=spazi_flessibili&amp;utm_content=it_entrevista_zityhub\" target=\"_blank\" rel=\"noreferrer noopener\">spazi flessibili<\/a>?<\/strong><\/p>\n\n\n\n<p>Adattarsi alle nuove richieste del mercato rappresenta una sfida per l\u2019industria del coworking e degli spazi flessibili. Cos\u00ec come i talenti cercano flessibilit\u00e0, anche le aziende lo faranno, rendendo fondamentale allontanarsi dai contratti rigidi e tradizionali.<\/p>\n\n\n\n<p>Creare un\u2019esperienza integrata per i dipendenti nel luogo di lavoro \u00e8 sempre una sfida, soprattutto con esigenze in continua evoluzione. I dipendenti non hanno bisogno solo di uffici dal design accattivante, ma di spazi concepiti per favorire la collaborazione, sia con i colleghi che con altri professionisti. Il design deve invitare alla creativit\u00e0, alla socializzazione e alla produttivit\u00e0, ma uno spazio ben progettato senza persone diventa \u201cinvisibile\u201d.<\/p>\n\n\n\n<p>Chi non si adatter\u00e0 a questa nuova era, in cui il design intelligente e intenzionale detta le dinamiche, rester\u00e0 ancorato al passato, mentre altri avanzeranno verso un futuro dove la vita sar\u00e0 al primo posto.<\/p>\n","protected":false},"excerpt":{"rendered":"<p>zityhub \u00e8 la pi\u00f9 grande rete di spazi di lavoro in Spagna. Abbiamo parlato con il suo CEO per esplorare il futuro del lavoro e il suo impatto sul settore immobiliare.<\/p>\n","protected":false},"author":1,"featured_media":53354,"comment_status":"open","ping_status":"open","sticky":false,"template":"","format":"standard","meta":{"inline_featured_image":false,"footnotes":""},"categories":[940],"tags":[1180],"class_list":["post-53374","post","type-post","status-publish","format-standard","has-post-thumbnail","hentry","category-interviste","tag-proptech-it"],"blocksy_meta":[],"yoast_head":"<!-- This site is optimized with the Yoast SEO plugin v27.5 - https:\/\/yoast.com\/product\/yoast-seo-wordpress\/ -->\n<title>\u201cIl futuro del lavoro \u00e8 ibrido e flessibile\u201d - Urbanitae Blog<\/title>\n<meta name=\"description\" content=\"Il futuro del lavoro passa per la flessibilit\u00e0. Abbiamo parlato con \u00c1ngel Serrano, CEO di zityhub, la pi\u00f9 grande rete di spazi di lavoro in Spagna. Scopri di pi\u00f9.\" \/>\n<meta name=\"robots\" content=\"index, follow, max-snippet:-1, max-image-preview:large, max-video-preview:-1\" \/>\n<link rel=\"canonical\" href=\"https:\/\/blog.urbanitae.com\/it\/2024\/11\/27\/il-futuro-del-lavoro-e-ibrido-e-flessibile\/\" \/>\n<meta property=\"og:locale\" content=\"it_IT\" \/>\n<meta property=\"og:type\" content=\"article\" \/>\n<meta property=\"og:title\" content=\"Continueremo a lavorare negli uffici?\" \/>\n<meta property=\"og:description\" content=\"Il futuro del lavoro passa per la flessibilit\u00e0. Abbiamo parlato con \u00c1ngel Serrano, CEO di zityhub, la pi\u00f9 grande rete di spazi di lavoro in Spagna. Scopri di pi\u00f9.\" \/>\n<meta property=\"og:url\" content=\"https:\/\/blog.urbanitae.com\/it\/2024\/11\/27\/il-futuro-del-lavoro-e-ibrido-e-flessibile\/\" \/>\n<meta property=\"og:site_name\" content=\"Urbanitae Blog | Le migliori notizie sugli investimenti immobiliari\" \/>\n<meta property=\"article:publisher\" content=\"https:\/\/www.facebook.com\/urbanitae\" \/>\n<meta property=\"article:published_time\" content=\"2024-11-27T17:19:50+00:00\" \/>\n<meta property=\"article:modified_time\" content=\"2024-11-28T11:41:21+00:00\" \/>\n<meta property=\"og:image\" content=\"https:\/\/blog.urbanitae.com\/wp-content\/uploads\/2024\/11\/futuro-trabajo-flexible-zityhub-urbanitae.webp\" \/>\n\t<meta property=\"og:image:width\" content=\"1400\" \/>\n\t<meta property=\"og:image:height\" content=\"735\" \/>\n\t<meta property=\"og:image:type\" content=\"image\/webp\" \/>\n<meta name=\"author\" content=\"Equipo Urbanitae\" \/>\n<meta name=\"twitter:card\" content=\"summary_large_image\" \/>\n<meta name=\"twitter:creator\" content=\"@urbanitae\" \/>\n<meta name=\"twitter:site\" content=\"@urbanitae\" \/>\n<meta name=\"twitter:label1\" content=\"Scritto da\" \/>\n\t<meta name=\"twitter:data1\" content=\"Equipo Urbanitae\" \/>\n\t<meta name=\"twitter:label2\" content=\"Tempo di lettura stimato\" \/>\n\t<meta name=\"twitter:data2\" content=\"7 minuti\" \/>\n<script type=\"application\/ld+json\" class=\"yoast-schema-graph\">{\"@context\":\"https:\\\/\\\/schema.org\",\"@graph\":[{\"@type\":[\"Article\",\"BlogPosting\"],\"@id\":\"https:\\\/\\\/blog.urbanitae.com\\\/it\\\/2024\\\/11\\\/27\\\/il-futuro-del-lavoro-e-ibrido-e-flessibile\\\/#article\",\"isPartOf\":{\"@id\":\"https:\\\/\\\/blog.urbanitae.com\\\/it\\\/2024\\\/11\\\/27\\\/il-futuro-del-lavoro-e-ibrido-e-flessibile\\\/\"},\"author\":{\"name\":\"Equipo Urbanitae\",\"@id\":\"https:\\\/\\\/blog.urbanitae.com\\\/it\\\/#\\\/schema\\\/person\\\/e7b2d152f5654066832c53f5aa04fbf7\"},\"headline\":\"\u201cIl futuro del lavoro \u00e8 ibrido e flessibile\u201d\",\"datePublished\":\"2024-11-27T17:19:50+00:00\",\"dateModified\":\"2024-11-28T11:41:21+00:00\",\"mainEntityOfPage\":{\"@id\":\"https:\\\/\\\/blog.urbanitae.com\\\/it\\\/2024\\\/11\\\/27\\\/il-futuro-del-lavoro-e-ibrido-e-flessibile\\\/\"},\"wordCount\":1434,\"commentCount\":0,\"publisher\":{\"@id\":\"https:\\\/\\\/blog.urbanitae.com\\\/it\\\/#organization\"},\"image\":{\"@id\":\"https:\\\/\\\/blog.urbanitae.com\\\/it\\\/2024\\\/11\\\/27\\\/il-futuro-del-lavoro-e-ibrido-e-flessibile\\\/#primaryimage\"},\"thumbnailUrl\":\"https:\\\/\\\/blog.urbanitae.com\\\/wp-content\\\/uploads\\\/2024\\\/11\\\/futuro-trabajo-flexible-zityhub-urbanitae.webp\",\"keywords\":[\"proptech\"],\"articleSection\":[\"Interviste\"],\"inLanguage\":\"it-IT\",\"potentialAction\":[{\"@type\":\"CommentAction\",\"name\":\"Comment\",\"target\":[\"https:\\\/\\\/blog.urbanitae.com\\\/it\\\/2024\\\/11\\\/27\\\/il-futuro-del-lavoro-e-ibrido-e-flessibile\\\/#respond\"]}]},{\"@type\":[\"WebPage\",\"ItemPage\"],\"@id\":\"https:\\\/\\\/blog.urbanitae.com\\\/it\\\/2024\\\/11\\\/27\\\/il-futuro-del-lavoro-e-ibrido-e-flessibile\\\/\",\"url\":\"https:\\\/\\\/blog.urbanitae.com\\\/it\\\/2024\\\/11\\\/27\\\/il-futuro-del-lavoro-e-ibrido-e-flessibile\\\/\",\"name\":\"\u201cIl futuro del lavoro \u00e8 ibrido e flessibile\u201d - Urbanitae Blog\",\"isPartOf\":{\"@id\":\"https:\\\/\\\/blog.urbanitae.com\\\/it\\\/#website\"},\"primaryImageOfPage\":{\"@id\":\"https:\\\/\\\/blog.urbanitae.com\\\/it\\\/2024\\\/11\\\/27\\\/il-futuro-del-lavoro-e-ibrido-e-flessibile\\\/#primaryimage\"},\"image\":{\"@id\":\"https:\\\/\\\/blog.urbanitae.com\\\/it\\\/2024\\\/11\\\/27\\\/il-futuro-del-lavoro-e-ibrido-e-flessibile\\\/#primaryimage\"},\"thumbnailUrl\":\"https:\\\/\\\/blog.urbanitae.com\\\/wp-content\\\/uploads\\\/2024\\\/11\\\/futuro-trabajo-flexible-zityhub-urbanitae.webp\",\"datePublished\":\"2024-11-27T17:19:50+00:00\",\"dateModified\":\"2024-11-28T11:41:21+00:00\",\"description\":\"Il futuro del lavoro passa per la flessibilit\u00e0. Abbiamo parlato con \u00c1ngel Serrano, CEO di zityhub, la pi\u00f9 grande rete di spazi di lavoro in Spagna. Scopri di pi\u00f9.\",\"breadcrumb\":{\"@id\":\"https:\\\/\\\/blog.urbanitae.com\\\/it\\\/2024\\\/11\\\/27\\\/il-futuro-del-lavoro-e-ibrido-e-flessibile\\\/#breadcrumb\"},\"inLanguage\":\"it-IT\",\"potentialAction\":[{\"@type\":\"ReadAction\",\"target\":[\"https:\\\/\\\/blog.urbanitae.com\\\/it\\\/2024\\\/11\\\/27\\\/il-futuro-del-lavoro-e-ibrido-e-flessibile\\\/\"]}]},{\"@type\":\"ImageObject\",\"inLanguage\":\"it-IT\",\"@id\":\"https:\\\/\\\/blog.urbanitae.com\\\/it\\\/2024\\\/11\\\/27\\\/il-futuro-del-lavoro-e-ibrido-e-flessibile\\\/#primaryimage\",\"url\":\"https:\\\/\\\/blog.urbanitae.com\\\/wp-content\\\/uploads\\\/2024\\\/11\\\/futuro-trabajo-flexible-zityhub-urbanitae.webp\",\"contentUrl\":\"https:\\\/\\\/blog.urbanitae.com\\\/wp-content\\\/uploads\\\/2024\\\/11\\\/futuro-trabajo-flexible-zityhub-urbanitae.webp\",\"width\":1400,\"height\":735,\"caption\":\"\u201cEl futuro del trabajo es h\u00edbrido y flexible\u201d ChatGPT Plus ChatGPT Aqu\u00ed tienes el t\u00edtulo traducido a los cinco idiomas: Ingl\u00e9s: \\\"The future of work is hybrid and flexible\\\" Franc\u00e9s: \\\"L'avenir du travail est hybride et flexible\\\" Italiano: \\\"Il futuro del lavoro \u00e8 ibrido e flessibile\\\" Portugu\u00e9s (Portugal): \\\"O futuro do trabalho \u00e9 h\u00edbrido e flex\u00edvel\\\" Alem\u00e1n: \\\"Die Zukunft der Arbeit ist hybrid und flexibel\\\"\"},{\"@type\":\"BreadcrumbList\",\"@id\":\"https:\\\/\\\/blog.urbanitae.com\\\/it\\\/2024\\\/11\\\/27\\\/il-futuro-del-lavoro-e-ibrido-e-flessibile\\\/#breadcrumb\",\"itemListElement\":[{\"@type\":\"ListItem\",\"position\":1,\"name\":\"Portada\",\"item\":\"https:\\\/\\\/blog.urbanitae.com\\\/it\\\/\"},{\"@type\":\"ListItem\",\"position\":2,\"name\":\"\u201cIl futuro del lavoro \u00e8 ibrido e flessibile\u201d\"}]},{\"@type\":\"WebSite\",\"@id\":\"https:\\\/\\\/blog.urbanitae.com\\\/it\\\/#website\",\"url\":\"https:\\\/\\\/blog.urbanitae.com\\\/it\\\/\",\"name\":\"Urbanitae Blog | Las mejores noticias sobre inversi\u00f3n inmobiliaria\",\"description\":\"L'investimento immobiliare alla portata di tutti\",\"publisher\":{\"@id\":\"https:\\\/\\\/blog.urbanitae.com\\\/it\\\/#organization\"},\"potentialAction\":[{\"@type\":\"SearchAction\",\"target\":{\"@type\":\"EntryPoint\",\"urlTemplate\":\"https:\\\/\\\/blog.urbanitae.com\\\/it\\\/?s={search_term_string}\"},\"query-input\":{\"@type\":\"PropertyValueSpecification\",\"valueRequired\":true,\"valueName\":\"search_term_string\"}}],\"inLanguage\":\"it-IT\"},{\"@type\":\"Organization\",\"@id\":\"https:\\\/\\\/blog.urbanitae.com\\\/it\\\/#organization\",\"name\":\"Urbanitae\",\"url\":\"https:\\\/\\\/blog.urbanitae.com\\\/it\\\/\",\"logo\":{\"@type\":\"ImageObject\",\"inLanguage\":\"it-IT\",\"@id\":\"https:\\\/\\\/blog.urbanitae.com\\\/it\\\/#\\\/schema\\\/logo\\\/image\\\/\",\"url\":\"https:\\\/\\\/blog.urbanitae.com\\\/wp-content\\\/uploads\\\/2020\\\/04\\\/logo-verde_350x100.svg\",\"contentUrl\":\"https:\\\/\\\/blog.urbanitae.com\\\/wp-content\\\/uploads\\\/2020\\\/04\\\/logo-verde_350x100.svg\",\"width\":350,\"height\":100,\"caption\":\"Urbanitae\"},\"image\":{\"@id\":\"https:\\\/\\\/blog.urbanitae.com\\\/it\\\/#\\\/schema\\\/logo\\\/image\\\/\"},\"sameAs\":[\"https:\\\/\\\/www.facebook.com\\\/urbanitae\",\"https:\\\/\\\/x.com\\\/urbanitae\",\"https:\\\/\\\/www.instagram.com\\\/urbanitae\",\"https:\\\/\\\/www.linkedin.com\\\/company\\\/urbanitae\",\"https:\\\/\\\/www.pinterest.es\\\/UrbanitaeSL\\\/_created\\\/\",\"https:\\\/\\\/www.youtube.com\\\/c\\\/Urbanitae_RE\"]},{\"@type\":\"Person\",\"@id\":\"https:\\\/\\\/blog.urbanitae.com\\\/it\\\/#\\\/schema\\\/person\\\/e7b2d152f5654066832c53f5aa04fbf7\",\"name\":\"Equipo Urbanitae\",\"image\":{\"@type\":\"ImageObject\",\"inLanguage\":\"it-IT\",\"@id\":\"https:\\\/\\\/secure.gravatar.com\\\/avatar\\\/e75782c6aa253c8ac75c13b1ec97172bb2d67437baa4354ba4b0650a97f565f2?s=96&d=mm&r=g\",\"url\":\"https:\\\/\\\/secure.gravatar.com\\\/avatar\\\/e75782c6aa253c8ac75c13b1ec97172bb2d67437baa4354ba4b0650a97f565f2?s=96&d=mm&r=g\",\"contentUrl\":\"https:\\\/\\\/secure.gravatar.com\\\/avatar\\\/e75782c6aa253c8ac75c13b1ec97172bb2d67437baa4354ba4b0650a97f565f2?s=96&d=mm&r=g\",\"caption\":\"Equipo Urbanitae\"},\"sameAs\":[\"https:\\\/\\\/urbanitae.com\"],\"url\":\"https:\\\/\\\/blog.urbanitae.com\\\/it\\\/author\\\/urbanitae\\\/\"}]}<\/script>\n<!-- \/ Yoast SEO plugin. -->","yoast_head_json":{"title":"\u201cIl futuro del lavoro \u00e8 ibrido e flessibile\u201d - Urbanitae Blog","description":"Il futuro del lavoro passa per la flessibilit\u00e0. Abbiamo parlato con \u00c1ngel Serrano, CEO di zityhub, la pi\u00f9 grande rete di spazi di lavoro in Spagna. Scopri di pi\u00f9.","robots":{"index":"index","follow":"follow","max-snippet":"max-snippet:-1","max-image-preview":"max-image-preview:large","max-video-preview":"max-video-preview:-1"},"canonical":"https:\/\/blog.urbanitae.com\/it\/2024\/11\/27\/il-futuro-del-lavoro-e-ibrido-e-flessibile\/","og_locale":"it_IT","og_type":"article","og_title":"Continueremo a lavorare negli uffici?","og_description":"Il futuro del lavoro passa per la flessibilit\u00e0. Abbiamo parlato con \u00c1ngel Serrano, CEO di zityhub, la pi\u00f9 grande rete di spazi di lavoro in Spagna. Scopri di pi\u00f9.","og_url":"https:\/\/blog.urbanitae.com\/it\/2024\/11\/27\/il-futuro-del-lavoro-e-ibrido-e-flessibile\/","og_site_name":"Urbanitae Blog | Le migliori notizie sugli investimenti immobiliari","article_publisher":"https:\/\/www.facebook.com\/urbanitae","article_published_time":"2024-11-27T17:19:50+00:00","article_modified_time":"2024-11-28T11:41:21+00:00","og_image":[{"width":1400,"height":735,"url":"https:\/\/blog.urbanitae.com\/wp-content\/uploads\/2024\/11\/futuro-trabajo-flexible-zityhub-urbanitae.webp","type":"image\/webp"}],"author":"Equipo Urbanitae","twitter_card":"summary_large_image","twitter_creator":"@urbanitae","twitter_site":"@urbanitae","twitter_misc":{"Scritto da":"Equipo Urbanitae","Tempo di lettura stimato":"7 minuti"},"schema":{"@context":"https:\/\/schema.org","@graph":[{"@type":["Article","BlogPosting"],"@id":"https:\/\/blog.urbanitae.com\/it\/2024\/11\/27\/il-futuro-del-lavoro-e-ibrido-e-flessibile\/#article","isPartOf":{"@id":"https:\/\/blog.urbanitae.com\/it\/2024\/11\/27\/il-futuro-del-lavoro-e-ibrido-e-flessibile\/"},"author":{"name":"Equipo Urbanitae","@id":"https:\/\/blog.urbanitae.com\/it\/#\/schema\/person\/e7b2d152f5654066832c53f5aa04fbf7"},"headline":"\u201cIl futuro del lavoro \u00e8 ibrido e flessibile\u201d","datePublished":"2024-11-27T17:19:50+00:00","dateModified":"2024-11-28T11:41:21+00:00","mainEntityOfPage":{"@id":"https:\/\/blog.urbanitae.com\/it\/2024\/11\/27\/il-futuro-del-lavoro-e-ibrido-e-flessibile\/"},"wordCount":1434,"commentCount":0,"publisher":{"@id":"https:\/\/blog.urbanitae.com\/it\/#organization"},"image":{"@id":"https:\/\/blog.urbanitae.com\/it\/2024\/11\/27\/il-futuro-del-lavoro-e-ibrido-e-flessibile\/#primaryimage"},"thumbnailUrl":"https:\/\/blog.urbanitae.com\/wp-content\/uploads\/2024\/11\/futuro-trabajo-flexible-zityhub-urbanitae.webp","keywords":["proptech"],"articleSection":["Interviste"],"inLanguage":"it-IT","potentialAction":[{"@type":"CommentAction","name":"Comment","target":["https:\/\/blog.urbanitae.com\/it\/2024\/11\/27\/il-futuro-del-lavoro-e-ibrido-e-flessibile\/#respond"]}]},{"@type":["WebPage","ItemPage"],"@id":"https:\/\/blog.urbanitae.com\/it\/2024\/11\/27\/il-futuro-del-lavoro-e-ibrido-e-flessibile\/","url":"https:\/\/blog.urbanitae.com\/it\/2024\/11\/27\/il-futuro-del-lavoro-e-ibrido-e-flessibile\/","name":"\u201cIl futuro del lavoro \u00e8 ibrido e flessibile\u201d - Urbanitae Blog","isPartOf":{"@id":"https:\/\/blog.urbanitae.com\/it\/#website"},"primaryImageOfPage":{"@id":"https:\/\/blog.urbanitae.com\/it\/2024\/11\/27\/il-futuro-del-lavoro-e-ibrido-e-flessibile\/#primaryimage"},"image":{"@id":"https:\/\/blog.urbanitae.com\/it\/2024\/11\/27\/il-futuro-del-lavoro-e-ibrido-e-flessibile\/#primaryimage"},"thumbnailUrl":"https:\/\/blog.urbanitae.com\/wp-content\/uploads\/2024\/11\/futuro-trabajo-flexible-zityhub-urbanitae.webp","datePublished":"2024-11-27T17:19:50+00:00","dateModified":"2024-11-28T11:41:21+00:00","description":"Il futuro del lavoro passa per la flessibilit\u00e0. Abbiamo parlato con \u00c1ngel Serrano, CEO di zityhub, la pi\u00f9 grande rete di spazi di lavoro in Spagna. Scopri di pi\u00f9.","breadcrumb":{"@id":"https:\/\/blog.urbanitae.com\/it\/2024\/11\/27\/il-futuro-del-lavoro-e-ibrido-e-flessibile\/#breadcrumb"},"inLanguage":"it-IT","potentialAction":[{"@type":"ReadAction","target":["https:\/\/blog.urbanitae.com\/it\/2024\/11\/27\/il-futuro-del-lavoro-e-ibrido-e-flessibile\/"]}]},{"@type":"ImageObject","inLanguage":"it-IT","@id":"https:\/\/blog.urbanitae.com\/it\/2024\/11\/27\/il-futuro-del-lavoro-e-ibrido-e-flessibile\/#primaryimage","url":"https:\/\/blog.urbanitae.com\/wp-content\/uploads\/2024\/11\/futuro-trabajo-flexible-zityhub-urbanitae.webp","contentUrl":"https:\/\/blog.urbanitae.com\/wp-content\/uploads\/2024\/11\/futuro-trabajo-flexible-zityhub-urbanitae.webp","width":1400,"height":735,"caption":"\u201cEl futuro del trabajo es h\u00edbrido y flexible\u201d ChatGPT Plus ChatGPT Aqu\u00ed tienes el t\u00edtulo traducido a los cinco idiomas: Ingl\u00e9s: \"The future of work is hybrid and flexible\" Franc\u00e9s: \"L'avenir du travail est hybride et flexible\" Italiano: \"Il futuro del lavoro \u00e8 ibrido e flessibile\" Portugu\u00e9s (Portugal): \"O futuro do trabalho \u00e9 h\u00edbrido e flex\u00edvel\" Alem\u00e1n: \"Die Zukunft der Arbeit ist hybrid und flexibel\""},{"@type":"BreadcrumbList","@id":"https:\/\/blog.urbanitae.com\/it\/2024\/11\/27\/il-futuro-del-lavoro-e-ibrido-e-flessibile\/#breadcrumb","itemListElement":[{"@type":"ListItem","position":1,"name":"Portada","item":"https:\/\/blog.urbanitae.com\/it\/"},{"@type":"ListItem","position":2,"name":"\u201cIl futuro del lavoro \u00e8 ibrido e flessibile\u201d"}]},{"@type":"WebSite","@id":"https:\/\/blog.urbanitae.com\/it\/#website","url":"https:\/\/blog.urbanitae.com\/it\/","name":"Urbanitae Blog | Las mejores noticias sobre inversi\u00f3n inmobiliaria","description":"L'investimento immobiliare alla portata di tutti","publisher":{"@id":"https:\/\/blog.urbanitae.com\/it\/#organization"},"potentialAction":[{"@type":"SearchAction","target":{"@type":"EntryPoint","urlTemplate":"https:\/\/blog.urbanitae.com\/it\/?s={search_term_string}"},"query-input":{"@type":"PropertyValueSpecification","valueRequired":true,"valueName":"search_term_string"}}],"inLanguage":"it-IT"},{"@type":"Organization","@id":"https:\/\/blog.urbanitae.com\/it\/#organization","name":"Urbanitae","url":"https:\/\/blog.urbanitae.com\/it\/","logo":{"@type":"ImageObject","inLanguage":"it-IT","@id":"https:\/\/blog.urbanitae.com\/it\/#\/schema\/logo\/image\/","url":"https:\/\/blog.urbanitae.com\/wp-content\/uploads\/2020\/04\/logo-verde_350x100.svg","contentUrl":"https:\/\/blog.urbanitae.com\/wp-content\/uploads\/2020\/04\/logo-verde_350x100.svg","width":350,"height":100,"caption":"Urbanitae"},"image":{"@id":"https:\/\/blog.urbanitae.com\/it\/#\/schema\/logo\/image\/"},"sameAs":["https:\/\/www.facebook.com\/urbanitae","https:\/\/x.com\/urbanitae","https:\/\/www.instagram.com\/urbanitae","https:\/\/www.linkedin.com\/company\/urbanitae","https:\/\/www.pinterest.es\/UrbanitaeSL\/_created\/","https:\/\/www.youtube.com\/c\/Urbanitae_RE"]},{"@type":"Person","@id":"https:\/\/blog.urbanitae.com\/it\/#\/schema\/person\/e7b2d152f5654066832c53f5aa04fbf7","name":"Equipo Urbanitae","image":{"@type":"ImageObject","inLanguage":"it-IT","@id":"https:\/\/secure.gravatar.com\/avatar\/e75782c6aa253c8ac75c13b1ec97172bb2d67437baa4354ba4b0650a97f565f2?s=96&d=mm&r=g","url":"https:\/\/secure.gravatar.com\/avatar\/e75782c6aa253c8ac75c13b1ec97172bb2d67437baa4354ba4b0650a97f565f2?s=96&d=mm&r=g","contentUrl":"https:\/\/secure.gravatar.com\/avatar\/e75782c6aa253c8ac75c13b1ec97172bb2d67437baa4354ba4b0650a97f565f2?s=96&d=mm&r=g","caption":"Equipo Urbanitae"},"sameAs":["https:\/\/urbanitae.com"],"url":"https:\/\/blog.urbanitae.com\/it\/author\/urbanitae\/"}]}},"_links":{"self":[{"href":"https:\/\/blog.urbanitae.com\/it\/wp-json\/wp\/v2\/posts\/53374","targetHints":{"allow":["GET"]}}],"collection":[{"href":"https:\/\/blog.urbanitae.com\/it\/wp-json\/wp\/v2\/posts"}],"about":[{"href":"https:\/\/blog.urbanitae.com\/it\/wp-json\/wp\/v2\/types\/post"}],"author":[{"embeddable":true,"href":"https:\/\/blog.urbanitae.com\/it\/wp-json\/wp\/v2\/users\/1"}],"replies":[{"embeddable":true,"href":"https:\/\/blog.urbanitae.com\/it\/wp-json\/wp\/v2\/comments?post=53374"}],"version-history":[{"count":0,"href":"https:\/\/blog.urbanitae.com\/it\/wp-json\/wp\/v2\/posts\/53374\/revisions"}],"wp:featuredmedia":[{"embeddable":true,"href":"https:\/\/blog.urbanitae.com\/it\/wp-json\/wp\/v2\/media\/53354"}],"wp:attachment":[{"href":"https:\/\/blog.urbanitae.com\/it\/wp-json\/wp\/v2\/media?parent=53374"}],"wp:term":[{"taxonomy":"category","embeddable":true,"href":"https:\/\/blog.urbanitae.com\/it\/wp-json\/wp\/v2\/categories?post=53374"},{"taxonomy":"post_tag","embeddable":true,"href":"https:\/\/blog.urbanitae.com\/it\/wp-json\/wp\/v2\/tags?post=53374"}],"curies":[{"name":"wp","href":"https:\/\/api.w.org\/{rel}","templated":true}]}}