{"id":51097,"date":"2024-10-10T15:35:32","date_gmt":"2024-10-10T13:35:32","guid":{"rendered":"https:\/\/blog.urbanitae.com\/?p=51097"},"modified":"2024-10-10T15:37:18","modified_gmt":"2024-10-10T13:37:18","slug":"la-collaborazione-pubblico-privata-e-fondamentale-per-affrontare-la-sfida-delledilizia-abitativa-accessibile","status":"publish","type":"post","link":"https:\/\/blog.urbanitae.com\/it\/2024\/10\/10\/la-collaborazione-pubblico-privata-e-fondamentale-per-affrontare-la-sfida-delledilizia-abitativa-accessibile\/","title":{"rendered":"&#8220;La collaborazione pubblico-privata \u00e8 fondamentale per affrontare la sfida dell&#8217;edilizia abitativa accessibile&#8221;"},"content":{"rendered":"\n<p><strong>Da tre decenni, Fadeco svolge un ruolo fondamentale come collegamento tra le associazioni di promotori immobiliari nelle otto province dell&#8217;Andalusia. In questa intervista, il suo presidente, Ignacio Peinado, affronta questioni importanti nella regione, come la scarsit\u00e0 di terreni edificabili e la necessit\u00e0 di superare le barriere normative per promuovere una crescita sostenibile e equilibrata. Analizza anche il ruolo cruciale della collaborazione tra settore pubblico e privato per garantire l&#8217;accesso all&#8217;abitazione e lo sviluppo di progetti che rispondano alle reali esigenze della societ\u00e0 andalusa.<\/strong><\/p>\n\n\n\n<p><strong>Lo sviluppo immobiliare \u00e8 uno dei settori strategici in Andalusia. Qual \u00e8 la situazione attuale del settore nella regione e quali sono le principali sfide che affronta?<\/strong><\/p>\n\n\n\n<p>Il tessuto produttivo dell&#8217;Andalusia nel settore abitativo \u00e8 ben consolidato e supportato da aziende leader e professionisti altamente qualificati. Tuttavia, la regione affronta un problema che colpisce anche altre parti della Spagna: la difficolt\u00e0 di accesso all&#8217;abitazione. Secondo le stime di organismi indipendenti, l&#8217;Andalusia soffre di un deficit di oltre 100.000 case, sia nel regime di protezione che nel libero mercato, coprendo sia l&#8217;acquisto che l&#8217;affitto. Inoltre, oltre 500.000 giovani andalusi, pur essendo impiegati, non possono ottenere indipendenza a causa dei costi elevati delle abitazioni.<\/p>\n\n\n\n<p>L&#8217;aumento sostenuto dei prezzi ha creato una situazione in cui molte famiglie sono costrette a fare uno sforzo economico insostenibile per accedere a un&#8217;abitazione. Alla luce di questa realt\u00e0, la principale sfida della regione \u00e8 soddisfare la crescente domanda di alloggi. Per farlo, \u00e8 essenziale accelerare i tempi di gestione che consentano di avere terreni urbanizzati, la risorsa essenziale per soddisfare l&#8217;alta domanda di alloggi.<\/p>\n\n\n\n<p><strong>Affrontare la scarsit\u00e0 di terreni finali \u00e8 una delle principali richieste del settore dello sviluppo all&#8217;amministrazione. Questa realt\u00e0 \u00e8 aggravata nei grandi centri urbani come Siviglia, M\u00e1laga e alcune localit\u00e0 della Costa del Sol. Quali misure o decisioni sono necessarie?<\/strong><\/p>\n\n\n\n<p>Ci sono molte misure che possono essere attuate; tuttavia, \u00e8 prioritario iniziare rimuovendo gli ostacoli che ostacolano la fattibilit\u00e0 economica dei progetti edilizi. Questo potrebbe essere realizzato direttamente attraverso un forte impegno delle autorit\u00e0 pubbliche ad aumentare le assegnazioni di bilancio per questo scopo. \u00c8 evidente che c&#8217;\u00e8 una relazione inversa tra la spesa per l&#8217;accesso all&#8217;abitazione e la promozione della costruzione, cos\u00ec come il peso dell&#8217;abitazione protetta nel totale. Pertanto, siamo preoccupati di vedere che il bilancio destinato a questo scopo nel bilancio del governo andaluso \u00e8 inferiore all&#8217;1% del totale e sta diminuendo dall&#8217;1,5% nel 2009, anche quando allora avevamo un ampio stock di case e prezzi molto pi\u00f9 bassi; somme che, nella situazione attuale, sarebbero gi\u00e0 completamente insufficienti.<\/p>\n\n\n\n<blockquote class=\"wp-block-quote is-layout-flow wp-block-quote-is-layout-flow\">\n<p>\u201cL&#8217;Andalusia soffre di un deficit di oltre 100.000 case, sia nel regime di protezione che nel libero mercato\u201d<\/p>\n<\/blockquote>\n\n\n\n<p>Essendo consapevoli dei severi vincoli di bilancio dell&#8217;amministrazione, proponiamo anche altre alternative a costo zero per il tesoro pubblico, come fornire maggiore flessibilit\u00e0 nella compensazione degli usi del terreno o eliminare\/posticipare, fino all&#8217;inizio dei lavori di urbanizzazione, l&#8217;attuale garanzia del 7% richiesta per costituire il Consiglio di Compensazione. Tuttavia, la proposta che consideriamo potrebbe avere il maggiore impatto nell&#8217;attivare settori che offrono <a href=\"https:\/\/blog.urbanitae.com\/it\/2024\/09\/26\/e-necessario-aumentare-la-produzione-di-alloggi-a-prezzi-accessibili\/?utm_source=blog_it&amp;utm_medium=organic&amp;utm_campaign=urbanitae_blog_1024&amp;utm_term=abitazioni_accessibili&amp;utm_content=it_entrevista_fadeco\" target=\"_blank\" rel=\"noreferrer noopener\">abitazioni accessibili<\/a> in percentuali pi\u00f9 elevate si chiama IMPASS (Spinta Andaluza per il Terreno Sostenibile). Questa proposta consiste nel dare priorit\u00e0 agli sviluppi che vengono realizzati con criteri ESG, sempre per la costruzione di abitazioni protette. Questo beneficer\u00e0 anche l&#8217;amministrazione stessa, poich\u00e9 avr\u00e0 costi di manutenzione inferiori una volta ricevute queste infrastrutture urbane.<\/p>\n\n\n\n<p>In definitiva, queste iniziative mirano ad alleviare le attuali restrizioni e a energizzare il settore, promuovendo l&#8217;offerta di abitazioni protette e facilitando l&#8217;accesso pi\u00f9 equo all&#8217;abitazione per i cittadini.<\/p>\n\n\n\n<p><strong>D&#8217;altra parte, come possono essere risolti i problemi di accesso all&#8217;abitazione nella regione, soprattutto per i giovani? Quali azioni propone <a href=\"https:\/\/www.linkedin.com\/company\/fadeco-promotores\/\" target=\"_blank\" rel=\"noreferrer noopener\">Fadeco<\/a> per migliorare questa situazione?<\/strong><\/p>\n\n\n\n<p>Le soluzioni puntuali non sono sufficienti; devono essere adottate pi\u00f9 misure in modo coordinato. \u00c8 preoccupante pensare che il problema dell&#8217;accesso all&#8217;abitazione per i giovani possa peggiorare quando raggiungeranno l&#8217;et\u00e0 pensionabile, se non sono riusciti a possedere una casa. Altrimenti, dovranno affrontare il pagamento di un affitto sotto un sistema pensionistico in fragile equilibrio.<\/p>\n\n\n\n<p>Pertanto, non ci sarebbe opzione migliore che avere un patto statale sull&#8217;abitazione che coinvolga le amministrazioni locali, regionali e nazionali, per raggiungere, tra gli altri obiettivi, la riduzione dell&#8217;onere fiscale sull&#8217;abitazione o la reindirizzamento dell&#8217;iper-regolamentazione.<\/p>\n\n\n\n<p>Essendo pi\u00f9 realistici, nel breve termine, si potrebbero produrre pi\u00f9 abitazioni protette rilassando gli usi dei terreni e degli edifici esistenti, applicando questa misura sia all&#8217;affitto che alla vendita. Nel medio termine, \u00e8 necessario riattivare settori in cui la pianificazione \u00e8 gi\u00e0 in corso, accelerando il processo di quelli che sono di interesse strategico per l&#8217;autonomia includendoli nell&#8217;ufficio di via preferenziale, o attivando il meccanismo eccezionale per dichiarare l&#8217;emergenza abitativa, che consente azioni immediate, come nelle situazioni straordinarie come inondazioni o pandemie.<\/p>\n\n\n\n<p><strong>Come valuti le iniziative di <a href=\"https:\/\/blog.urbanitae.com\/it\/2024\/09\/18\/i-prezzi-delle-case-schizzano-al-rialzo-nel-sud-di-madrid\/?utm_source=blog_it&amp;utm_medium=organic&amp;utm_campaign=urbanitae_blog_1024&amp;utm_term=abitazione_1&amp;utm_content=it_entrevista_fadeco\" target=\"_blank\" rel=\"noreferrer noopener\">abitazione<\/a> pubblica e protetta in Andalusia? Pensi che siano sufficienti o potrebbero essere implementate nuove misure?<\/strong><\/p>\n\n\n\n<p>Le iniziative pubbliche riguardanti l&#8217;abitazione in Andalusia sono praticamente trascurabili. La misura principale per migliorarla implica necessariamente l&#8217;aumento delle assegnazioni di bilancio per le politiche abitative, che sono completamente insufficienti per soddisfare l&#8217;attuale domanda. A questo proposito, il bilancio che il governo andaluso destina all&#8217;abitazione \u00e8 lo 0,2% del PIL, molto al di sotto dell&#8217;obiettivo fissato dall&#8217;Unione Europea, che \u00e8 lo 0,4%. Alcuni studi evidenziano chiaramente questa situazione e quantificano l&#8217;investimento pubblico necessario per sviluppare 200.000 case nei prossimi anni in oltre 7 miliardi di euro.<\/p>\n\n\n\n<p><strong>In che modo i promotori privati possono collaborare con il settore pubblico per migliorare l&#8217;offerta di abitazioni accessibili?<\/strong><\/p>\n\n\n\n<p>La collaborazione pubblico-privato \u00e8 diventata uno strumento chiave per affrontare la sfida dell&#8217;abitazione accessibile, consentendo alle amministrazioni e alle aziende private di lavorare insieme per finanziare, costruire e gestire abitazioni accessibili. Questa collaborazione combina risorse che ottimizzano sempre i fondi pubblici scarsi destinati alla promozione dell&#8217;abitazione e integra le conoscenze di entrambi i settori per massimizzare l&#8217;impatto sociale ed economico.<\/p>\n\n\n\n<blockquote class=\"wp-block-quote is-layout-flow wp-block-quote-is-layout-flow\">\n<p>\u201c\u00c8 essenziale accelerare i tempi di gestione che consentano di avere terreni urbanizzati\u201d<\/p>\n<\/blockquote>\n\n\n\n<p>Nonostante ci\u00f2, la collaborazione pubblico-privato nelle politiche abitative \u00e8 ostacolata dall&#8217;ambiente normativo e dalla mancanza di incentivi economici e finanziari rivolti all&#8217;offerta. Pertanto, da Fadeco, chiediamo l&#8217;adozione di misure che promuovano questa collaborazione, principalmente rivolte alla semplificazione dei processi e alla garanzia di certezza legale, non solo nella costruzione, ma anche nella gestione del terreno e nell&#8217;esecuzione dei lavori di urbanizzazione, incorporando programmi di aiuto pubblico per l&#8217;acquisto di terreni, urbanizzazione e costruzione di abitazioni accessibili o VPO, sia iniziative pubbliche che private.<\/p>\n\n\n\n<p>Allo stesso modo, stiamo lavorando per raggiungere l&#8217;incorporazione di programmi per lo scambio di terreni pubblici non urbanizzati con terreni urbani privati, consentendo alle amministrazioni di avviare l&#8217;edilizia abitativa in un periodo pi\u00f9 breve. Cerchiamo anche di evitare che oneri esterni sui settori paralizzino indefinitamente il loro sviluppo a causa dell&#8217;impraticabilit\u00e0 della loro esecuzione.<\/p>\n\n\n\n<p><strong>La nuova Legge sull&#8217;Abitazione dell&#8217;Andalusia, che dovrebbe entrare in vigore dal 2026, ha come punti chiave l&#8217;<a href=\"https:\/\/blog.urbanitae.com\/it\/2024\/10\/05\/e-meglio-investire-nella-propria-abitazione-o-in-unaltra-proprieta\/?utm_source=blog_it&amp;utm_medium=organic&amp;utm_campaign=urbanitae_blog_1024&amp;utm_term=abitazione_2&amp;utm_content=it_entrevista_fadeco\" target=\"_blank\" rel=\"noreferrer noopener\">abitazione<\/a> accessibile, l&#8217;accesso per i giovani e l&#8217;aumento dell&#8217;offerta. L&#8217;Andalusia \u00e8 diventata la prima comunit\u00e0 autonoma a creare la propria normativa in questo settore dopo aver avviato l&#8217;elaborazione del disegno di legge. Perch\u00e9 l&#8217;Andalusia \u00e8 cos\u00ec in ritardo in questo aspetto?<\/strong><\/p>\n\n\n\n<p>L&#8217;Andalusia \u00e8 in ritardo rispetto ad altre comunit\u00e0 autonome nella creazione di una legge autonoma sull&#8217;abitazione perch\u00e9 la spesa pubblica per l&#8217;abitazione \u00e8 scesa vertiginosamente dal 2009, in seguito all&#8217;emergere della crisi e alla successiva crescita del debito pubblico. Pertanto, la creazione di un quadro normativo sulla questione abitativa \u00e8 rimasta in secondo piano rispetto ad altre priorit\u00e0.<\/p>\n\n\n\n<p>Anche se la legge sull&#8217;abitazione \u00e8 un passo positivo, non possiamo ignorare che non sar\u00e0 sufficiente senza una maggiore disponibilit\u00e0 di terreni urbanizzati e l&#8217;accelerazione della tempistica delle procedure. Pertanto, \u00e8 fondamentale che l&#8217;amministrazione continui a promuovere iniziative per una maggiore accessibilit\u00e0 all&#8217;abitazione. Se riusciamo a superare gli ostacoli normativi e a migliorare la disponibilit\u00e0 di terreni urbanizzabili, il settore immobiliare in Andalusia conoscer\u00e0 una crescita sostenibile e positiva nei prossimi anni.<\/p>\n","protected":false},"excerpt":{"rendered":"<p>L&#8217;ambiente normativo e la mancanza di incentivi economici e finanziari destinati all&#8217;offerta sono alcuni dei fattori che ostacolano lo sviluppo di nuove abitazioni in Spagna.<\/p>\n","protected":false},"author":1,"featured_media":51113,"comment_status":"open","ping_status":"open","sticky":false,"template":"","format":"standard","meta":{"inline_featured_image":false,"footnotes":""},"categories":[940],"tags":[980,1183,1934],"class_list":["post-51097","post","type-post","status-publish","format-standard","has-post-thumbnail","hentry","category-interviste","tag-alloggiamento","tag-andalusia","tag-sector-residencial-it"],"blocksy_meta":[],"yoast_head":"<!-- This site is optimized with the Yoast SEO plugin v27.5 - https:\/\/yoast.com\/product\/yoast-seo-wordpress\/ -->\n<title>&quot;La collaborazione pubblico-privata \u00e8 fondamentale per affrontare la sfida dell&#039;edilizia abitativa accessibile&quot; - Urbanitae Blog<\/title>\n<meta name=\"description\" content=\"La domanda sta facendo salire i prezzi, ma \u00e8 possibile aumentare l&#039;offerta di alloggi accessibili? Ti raccontiamo il punto di vista dei promotori.\" \/>\n<meta name=\"robots\" content=\"index, follow, max-snippet:-1, max-image-preview:large, max-video-preview:-1\" \/>\n<link rel=\"canonical\" href=\"https:\/\/blog.urbanitae.com\/it\/2024\/10\/10\/la-collaborazione-pubblico-privata-e-fondamentale-per-affrontare-la-sfida-delledilizia-abitativa-accessibile\/\" \/>\n<meta property=\"og:locale\" content=\"it_IT\" \/>\n<meta property=\"og:type\" content=\"article\" \/>\n<meta property=\"og:title\" content=\"Come affrontare il problema della casa\" \/>\n<meta property=\"og:description\" content=\"La domanda sta facendo salire i prezzi, ma \u00e8 possibile aumentare l&#039;offerta di alloggi accessibili? Ti raccontiamo il punto di vista dei promotori.\" \/>\n<meta property=\"og:url\" content=\"https:\/\/blog.urbanitae.com\/it\/2024\/10\/10\/la-collaborazione-pubblico-privata-e-fondamentale-per-affrontare-la-sfida-delledilizia-abitativa-accessibile\/\" \/>\n<meta property=\"og:site_name\" content=\"Urbanitae Blog | Le migliori notizie sugli investimenti immobiliari\" \/>\n<meta property=\"article:publisher\" content=\"https:\/\/www.facebook.com\/urbanitae\" \/>\n<meta property=\"article:published_time\" content=\"2024-10-10T13:35:32+00:00\" \/>\n<meta property=\"article:modified_time\" content=\"2024-10-10T13:37:18+00:00\" \/>\n<meta property=\"og:image\" content=\"https:\/\/blog.urbanitae.com\/wp-content\/uploads\/2024\/10\/vivienda-asequible-entrevista-fadeco.webp\" \/>\n\t<meta property=\"og:image:width\" content=\"1400\" \/>\n\t<meta property=\"og:image:height\" content=\"735\" \/>\n\t<meta property=\"og:image:type\" content=\"image\/webp\" \/>\n<meta name=\"author\" content=\"Equipo Urbanitae\" \/>\n<meta name=\"twitter:card\" content=\"summary_large_image\" \/>\n<meta name=\"twitter:creator\" content=\"@urbanitae\" \/>\n<meta name=\"twitter:site\" content=\"@urbanitae\" \/>\n<meta name=\"twitter:label1\" content=\"Scritto da\" \/>\n\t<meta name=\"twitter:data1\" content=\"Equipo Urbanitae\" \/>\n\t<meta name=\"twitter:label2\" content=\"Tempo di lettura stimato\" \/>\n\t<meta name=\"twitter:data2\" content=\"6 minuti\" \/>\n<script type=\"application\/ld+json\" class=\"yoast-schema-graph\">{\"@context\":\"https:\\\/\\\/schema.org\",\"@graph\":[{\"@type\":[\"Article\",\"BlogPosting\"],\"@id\":\"https:\\\/\\\/blog.urbanitae.com\\\/it\\\/2024\\\/10\\\/10\\\/la-collaborazione-pubblico-privata-e-fondamentale-per-affrontare-la-sfida-delledilizia-abitativa-accessibile\\\/#article\",\"isPartOf\":{\"@id\":\"https:\\\/\\\/blog.urbanitae.com\\\/it\\\/2024\\\/10\\\/10\\\/la-collaborazione-pubblico-privata-e-fondamentale-per-affrontare-la-sfida-delledilizia-abitativa-accessibile\\\/\"},\"author\":{\"name\":\"Equipo Urbanitae\",\"@id\":\"https:\\\/\\\/blog.urbanitae.com\\\/it\\\/#\\\/schema\\\/person\\\/e7b2d152f5654066832c53f5aa04fbf7\"},\"headline\":\"&#8220;La collaborazione pubblico-privata \u00e8 fondamentale per affrontare la sfida dell&#8217;edilizia abitativa accessibile&#8221;\",\"datePublished\":\"2024-10-10T13:35:32+00:00\",\"dateModified\":\"2024-10-10T13:37:18+00:00\",\"mainEntityOfPage\":{\"@id\":\"https:\\\/\\\/blog.urbanitae.com\\\/it\\\/2024\\\/10\\\/10\\\/la-collaborazione-pubblico-privata-e-fondamentale-per-affrontare-la-sfida-delledilizia-abitativa-accessibile\\\/\"},\"wordCount\":1352,\"commentCount\":0,\"publisher\":{\"@id\":\"https:\\\/\\\/blog.urbanitae.com\\\/it\\\/#organization\"},\"image\":{\"@id\":\"https:\\\/\\\/blog.urbanitae.com\\\/it\\\/2024\\\/10\\\/10\\\/la-collaborazione-pubblico-privata-e-fondamentale-per-affrontare-la-sfida-delledilizia-abitativa-accessibile\\\/#primaryimage\"},\"thumbnailUrl\":\"https:\\\/\\\/blog.urbanitae.com\\\/wp-content\\\/uploads\\\/2024\\\/10\\\/vivienda-asequible-entrevista-fadeco.webp\",\"keywords\":[\"alloggiamento\",\"Andalusia\",\"sector residencial\"],\"articleSection\":[\"Interviste\"],\"inLanguage\":\"it-IT\",\"potentialAction\":[{\"@type\":\"CommentAction\",\"name\":\"Comment\",\"target\":[\"https:\\\/\\\/blog.urbanitae.com\\\/it\\\/2024\\\/10\\\/10\\\/la-collaborazione-pubblico-privata-e-fondamentale-per-affrontare-la-sfida-delledilizia-abitativa-accessibile\\\/#respond\"]}]},{\"@type\":[\"WebPage\",\"ItemPage\"],\"@id\":\"https:\\\/\\\/blog.urbanitae.com\\\/it\\\/2024\\\/10\\\/10\\\/la-collaborazione-pubblico-privata-e-fondamentale-per-affrontare-la-sfida-delledilizia-abitativa-accessibile\\\/\",\"url\":\"https:\\\/\\\/blog.urbanitae.com\\\/it\\\/2024\\\/10\\\/10\\\/la-collaborazione-pubblico-privata-e-fondamentale-per-affrontare-la-sfida-delledilizia-abitativa-accessibile\\\/\",\"name\":\"\\\"La collaborazione pubblico-privata \u00e8 fondamentale per affrontare la sfida dell'edilizia abitativa accessibile\\\" - Urbanitae Blog\",\"isPartOf\":{\"@id\":\"https:\\\/\\\/blog.urbanitae.com\\\/it\\\/#website\"},\"primaryImageOfPage\":{\"@id\":\"https:\\\/\\\/blog.urbanitae.com\\\/it\\\/2024\\\/10\\\/10\\\/la-collaborazione-pubblico-privata-e-fondamentale-per-affrontare-la-sfida-delledilizia-abitativa-accessibile\\\/#primaryimage\"},\"image\":{\"@id\":\"https:\\\/\\\/blog.urbanitae.com\\\/it\\\/2024\\\/10\\\/10\\\/la-collaborazione-pubblico-privata-e-fondamentale-per-affrontare-la-sfida-delledilizia-abitativa-accessibile\\\/#primaryimage\"},\"thumbnailUrl\":\"https:\\\/\\\/blog.urbanitae.com\\\/wp-content\\\/uploads\\\/2024\\\/10\\\/vivienda-asequible-entrevista-fadeco.webp\",\"datePublished\":\"2024-10-10T13:35:32+00:00\",\"dateModified\":\"2024-10-10T13:37:18+00:00\",\"description\":\"La domanda sta facendo salire i prezzi, ma \u00e8 possibile aumentare l'offerta di alloggi accessibili? Ti raccontiamo il punto di vista dei promotori.\",\"breadcrumb\":{\"@id\":\"https:\\\/\\\/blog.urbanitae.com\\\/it\\\/2024\\\/10\\\/10\\\/la-collaborazione-pubblico-privata-e-fondamentale-per-affrontare-la-sfida-delledilizia-abitativa-accessibile\\\/#breadcrumb\"},\"inLanguage\":\"it-IT\",\"potentialAction\":[{\"@type\":\"ReadAction\",\"target\":[\"https:\\\/\\\/blog.urbanitae.com\\\/it\\\/2024\\\/10\\\/10\\\/la-collaborazione-pubblico-privata-e-fondamentale-per-affrontare-la-sfida-delledilizia-abitativa-accessibile\\\/\"]}]},{\"@type\":\"ImageObject\",\"inLanguage\":\"it-IT\",\"@id\":\"https:\\\/\\\/blog.urbanitae.com\\\/it\\\/2024\\\/10\\\/10\\\/la-collaborazione-pubblico-privata-e-fondamentale-per-affrontare-la-sfida-delledilizia-abitativa-accessibile\\\/#primaryimage\",\"url\":\"https:\\\/\\\/blog.urbanitae.com\\\/wp-content\\\/uploads\\\/2024\\\/10\\\/vivienda-asequible-entrevista-fadeco.webp\",\"contentUrl\":\"https:\\\/\\\/blog.urbanitae.com\\\/wp-content\\\/uploads\\\/2024\\\/10\\\/vivienda-asequible-entrevista-fadeco.webp\",\"width\":1400,\"height\":735,\"caption\":\"Vivienda asequible.\"},{\"@type\":\"BreadcrumbList\",\"@id\":\"https:\\\/\\\/blog.urbanitae.com\\\/it\\\/2024\\\/10\\\/10\\\/la-collaborazione-pubblico-privata-e-fondamentale-per-affrontare-la-sfida-delledilizia-abitativa-accessibile\\\/#breadcrumb\",\"itemListElement\":[{\"@type\":\"ListItem\",\"position\":1,\"name\":\"Portada\",\"item\":\"https:\\\/\\\/blog.urbanitae.com\\\/it\\\/\"},{\"@type\":\"ListItem\",\"position\":2,\"name\":\"&#8220;La collaborazione pubblico-privata \u00e8 fondamentale per affrontare la sfida dell&#8217;edilizia abitativa accessibile&#8221;\"}]},{\"@type\":\"WebSite\",\"@id\":\"https:\\\/\\\/blog.urbanitae.com\\\/it\\\/#website\",\"url\":\"https:\\\/\\\/blog.urbanitae.com\\\/it\\\/\",\"name\":\"Urbanitae Blog | Las mejores noticias sobre inversi\u00f3n inmobiliaria\",\"description\":\"L'investimento immobiliare alla portata di tutti\",\"publisher\":{\"@id\":\"https:\\\/\\\/blog.urbanitae.com\\\/it\\\/#organization\"},\"potentialAction\":[{\"@type\":\"SearchAction\",\"target\":{\"@type\":\"EntryPoint\",\"urlTemplate\":\"https:\\\/\\\/blog.urbanitae.com\\\/it\\\/?s={search_term_string}\"},\"query-input\":{\"@type\":\"PropertyValueSpecification\",\"valueRequired\":true,\"valueName\":\"search_term_string\"}}],\"inLanguage\":\"it-IT\"},{\"@type\":\"Organization\",\"@id\":\"https:\\\/\\\/blog.urbanitae.com\\\/it\\\/#organization\",\"name\":\"Urbanitae\",\"url\":\"https:\\\/\\\/blog.urbanitae.com\\\/it\\\/\",\"logo\":{\"@type\":\"ImageObject\",\"inLanguage\":\"it-IT\",\"@id\":\"https:\\\/\\\/blog.urbanitae.com\\\/it\\\/#\\\/schema\\\/logo\\\/image\\\/\",\"url\":\"https:\\\/\\\/blog.urbanitae.com\\\/wp-content\\\/uploads\\\/2020\\\/04\\\/logo-verde_350x100.svg\",\"contentUrl\":\"https:\\\/\\\/blog.urbanitae.com\\\/wp-content\\\/uploads\\\/2020\\\/04\\\/logo-verde_350x100.svg\",\"width\":350,\"height\":100,\"caption\":\"Urbanitae\"},\"image\":{\"@id\":\"https:\\\/\\\/blog.urbanitae.com\\\/it\\\/#\\\/schema\\\/logo\\\/image\\\/\"},\"sameAs\":[\"https:\\\/\\\/www.facebook.com\\\/urbanitae\",\"https:\\\/\\\/x.com\\\/urbanitae\",\"https:\\\/\\\/www.instagram.com\\\/urbanitae\",\"https:\\\/\\\/www.linkedin.com\\\/company\\\/urbanitae\",\"https:\\\/\\\/www.pinterest.es\\\/UrbanitaeSL\\\/_created\\\/\",\"https:\\\/\\\/www.youtube.com\\\/c\\\/Urbanitae_RE\"]},{\"@type\":\"Person\",\"@id\":\"https:\\\/\\\/blog.urbanitae.com\\\/it\\\/#\\\/schema\\\/person\\\/e7b2d152f5654066832c53f5aa04fbf7\",\"name\":\"Equipo Urbanitae\",\"image\":{\"@type\":\"ImageObject\",\"inLanguage\":\"it-IT\",\"@id\":\"https:\\\/\\\/secure.gravatar.com\\\/avatar\\\/e75782c6aa253c8ac75c13b1ec97172bb2d67437baa4354ba4b0650a97f565f2?s=96&d=mm&r=g\",\"url\":\"https:\\\/\\\/secure.gravatar.com\\\/avatar\\\/e75782c6aa253c8ac75c13b1ec97172bb2d67437baa4354ba4b0650a97f565f2?s=96&d=mm&r=g\",\"contentUrl\":\"https:\\\/\\\/secure.gravatar.com\\\/avatar\\\/e75782c6aa253c8ac75c13b1ec97172bb2d67437baa4354ba4b0650a97f565f2?s=96&d=mm&r=g\",\"caption\":\"Equipo Urbanitae\"},\"sameAs\":[\"https:\\\/\\\/urbanitae.com\"],\"url\":\"https:\\\/\\\/blog.urbanitae.com\\\/it\\\/author\\\/urbanitae\\\/\"}]}<\/script>\n<!-- \/ Yoast SEO plugin. -->","yoast_head_json":{"title":"\"La collaborazione pubblico-privata \u00e8 fondamentale per affrontare la sfida dell'edilizia abitativa accessibile\" - Urbanitae Blog","description":"La domanda sta facendo salire i prezzi, ma \u00e8 possibile aumentare l'offerta di alloggi accessibili? Ti raccontiamo il punto di vista dei promotori.","robots":{"index":"index","follow":"follow","max-snippet":"max-snippet:-1","max-image-preview":"max-image-preview:large","max-video-preview":"max-video-preview:-1"},"canonical":"https:\/\/blog.urbanitae.com\/it\/2024\/10\/10\/la-collaborazione-pubblico-privata-e-fondamentale-per-affrontare-la-sfida-delledilizia-abitativa-accessibile\/","og_locale":"it_IT","og_type":"article","og_title":"Come affrontare il problema della casa","og_description":"La domanda sta facendo salire i prezzi, ma \u00e8 possibile aumentare l'offerta di alloggi accessibili? Ti raccontiamo il punto di vista dei promotori.","og_url":"https:\/\/blog.urbanitae.com\/it\/2024\/10\/10\/la-collaborazione-pubblico-privata-e-fondamentale-per-affrontare-la-sfida-delledilizia-abitativa-accessibile\/","og_site_name":"Urbanitae Blog | Le migliori notizie sugli investimenti immobiliari","article_publisher":"https:\/\/www.facebook.com\/urbanitae","article_published_time":"2024-10-10T13:35:32+00:00","article_modified_time":"2024-10-10T13:37:18+00:00","og_image":[{"width":1400,"height":735,"url":"https:\/\/blog.urbanitae.com\/wp-content\/uploads\/2024\/10\/vivienda-asequible-entrevista-fadeco.webp","type":"image\/webp"}],"author":"Equipo Urbanitae","twitter_card":"summary_large_image","twitter_creator":"@urbanitae","twitter_site":"@urbanitae","twitter_misc":{"Scritto da":"Equipo Urbanitae","Tempo di lettura stimato":"6 minuti"},"schema":{"@context":"https:\/\/schema.org","@graph":[{"@type":["Article","BlogPosting"],"@id":"https:\/\/blog.urbanitae.com\/it\/2024\/10\/10\/la-collaborazione-pubblico-privata-e-fondamentale-per-affrontare-la-sfida-delledilizia-abitativa-accessibile\/#article","isPartOf":{"@id":"https:\/\/blog.urbanitae.com\/it\/2024\/10\/10\/la-collaborazione-pubblico-privata-e-fondamentale-per-affrontare-la-sfida-delledilizia-abitativa-accessibile\/"},"author":{"name":"Equipo Urbanitae","@id":"https:\/\/blog.urbanitae.com\/it\/#\/schema\/person\/e7b2d152f5654066832c53f5aa04fbf7"},"headline":"&#8220;La collaborazione pubblico-privata \u00e8 fondamentale per affrontare la sfida dell&#8217;edilizia abitativa accessibile&#8221;","datePublished":"2024-10-10T13:35:32+00:00","dateModified":"2024-10-10T13:37:18+00:00","mainEntityOfPage":{"@id":"https:\/\/blog.urbanitae.com\/it\/2024\/10\/10\/la-collaborazione-pubblico-privata-e-fondamentale-per-affrontare-la-sfida-delledilizia-abitativa-accessibile\/"},"wordCount":1352,"commentCount":0,"publisher":{"@id":"https:\/\/blog.urbanitae.com\/it\/#organization"},"image":{"@id":"https:\/\/blog.urbanitae.com\/it\/2024\/10\/10\/la-collaborazione-pubblico-privata-e-fondamentale-per-affrontare-la-sfida-delledilizia-abitativa-accessibile\/#primaryimage"},"thumbnailUrl":"https:\/\/blog.urbanitae.com\/wp-content\/uploads\/2024\/10\/vivienda-asequible-entrevista-fadeco.webp","keywords":["alloggiamento","Andalusia","sector residencial"],"articleSection":["Interviste"],"inLanguage":"it-IT","potentialAction":[{"@type":"CommentAction","name":"Comment","target":["https:\/\/blog.urbanitae.com\/it\/2024\/10\/10\/la-collaborazione-pubblico-privata-e-fondamentale-per-affrontare-la-sfida-delledilizia-abitativa-accessibile\/#respond"]}]},{"@type":["WebPage","ItemPage"],"@id":"https:\/\/blog.urbanitae.com\/it\/2024\/10\/10\/la-collaborazione-pubblico-privata-e-fondamentale-per-affrontare-la-sfida-delledilizia-abitativa-accessibile\/","url":"https:\/\/blog.urbanitae.com\/it\/2024\/10\/10\/la-collaborazione-pubblico-privata-e-fondamentale-per-affrontare-la-sfida-delledilizia-abitativa-accessibile\/","name":"\"La collaborazione pubblico-privata \u00e8 fondamentale per affrontare la sfida dell'edilizia abitativa accessibile\" - Urbanitae Blog","isPartOf":{"@id":"https:\/\/blog.urbanitae.com\/it\/#website"},"primaryImageOfPage":{"@id":"https:\/\/blog.urbanitae.com\/it\/2024\/10\/10\/la-collaborazione-pubblico-privata-e-fondamentale-per-affrontare-la-sfida-delledilizia-abitativa-accessibile\/#primaryimage"},"image":{"@id":"https:\/\/blog.urbanitae.com\/it\/2024\/10\/10\/la-collaborazione-pubblico-privata-e-fondamentale-per-affrontare-la-sfida-delledilizia-abitativa-accessibile\/#primaryimage"},"thumbnailUrl":"https:\/\/blog.urbanitae.com\/wp-content\/uploads\/2024\/10\/vivienda-asequible-entrevista-fadeco.webp","datePublished":"2024-10-10T13:35:32+00:00","dateModified":"2024-10-10T13:37:18+00:00","description":"La domanda sta facendo salire i prezzi, ma \u00e8 possibile aumentare l'offerta di alloggi accessibili? Ti raccontiamo il punto di vista dei promotori.","breadcrumb":{"@id":"https:\/\/blog.urbanitae.com\/it\/2024\/10\/10\/la-collaborazione-pubblico-privata-e-fondamentale-per-affrontare-la-sfida-delledilizia-abitativa-accessibile\/#breadcrumb"},"inLanguage":"it-IT","potentialAction":[{"@type":"ReadAction","target":["https:\/\/blog.urbanitae.com\/it\/2024\/10\/10\/la-collaborazione-pubblico-privata-e-fondamentale-per-affrontare-la-sfida-delledilizia-abitativa-accessibile\/"]}]},{"@type":"ImageObject","inLanguage":"it-IT","@id":"https:\/\/blog.urbanitae.com\/it\/2024\/10\/10\/la-collaborazione-pubblico-privata-e-fondamentale-per-affrontare-la-sfida-delledilizia-abitativa-accessibile\/#primaryimage","url":"https:\/\/blog.urbanitae.com\/wp-content\/uploads\/2024\/10\/vivienda-asequible-entrevista-fadeco.webp","contentUrl":"https:\/\/blog.urbanitae.com\/wp-content\/uploads\/2024\/10\/vivienda-asequible-entrevista-fadeco.webp","width":1400,"height":735,"caption":"Vivienda asequible."},{"@type":"BreadcrumbList","@id":"https:\/\/blog.urbanitae.com\/it\/2024\/10\/10\/la-collaborazione-pubblico-privata-e-fondamentale-per-affrontare-la-sfida-delledilizia-abitativa-accessibile\/#breadcrumb","itemListElement":[{"@type":"ListItem","position":1,"name":"Portada","item":"https:\/\/blog.urbanitae.com\/it\/"},{"@type":"ListItem","position":2,"name":"&#8220;La collaborazione pubblico-privata \u00e8 fondamentale per affrontare la sfida dell&#8217;edilizia abitativa accessibile&#8221;"}]},{"@type":"WebSite","@id":"https:\/\/blog.urbanitae.com\/it\/#website","url":"https:\/\/blog.urbanitae.com\/it\/","name":"Urbanitae Blog | Las mejores noticias sobre inversi\u00f3n inmobiliaria","description":"L'investimento immobiliare alla portata di tutti","publisher":{"@id":"https:\/\/blog.urbanitae.com\/it\/#organization"},"potentialAction":[{"@type":"SearchAction","target":{"@type":"EntryPoint","urlTemplate":"https:\/\/blog.urbanitae.com\/it\/?s={search_term_string}"},"query-input":{"@type":"PropertyValueSpecification","valueRequired":true,"valueName":"search_term_string"}}],"inLanguage":"it-IT"},{"@type":"Organization","@id":"https:\/\/blog.urbanitae.com\/it\/#organization","name":"Urbanitae","url":"https:\/\/blog.urbanitae.com\/it\/","logo":{"@type":"ImageObject","inLanguage":"it-IT","@id":"https:\/\/blog.urbanitae.com\/it\/#\/schema\/logo\/image\/","url":"https:\/\/blog.urbanitae.com\/wp-content\/uploads\/2020\/04\/logo-verde_350x100.svg","contentUrl":"https:\/\/blog.urbanitae.com\/wp-content\/uploads\/2020\/04\/logo-verde_350x100.svg","width":350,"height":100,"caption":"Urbanitae"},"image":{"@id":"https:\/\/blog.urbanitae.com\/it\/#\/schema\/logo\/image\/"},"sameAs":["https:\/\/www.facebook.com\/urbanitae","https:\/\/x.com\/urbanitae","https:\/\/www.instagram.com\/urbanitae","https:\/\/www.linkedin.com\/company\/urbanitae","https:\/\/www.pinterest.es\/UrbanitaeSL\/_created\/","https:\/\/www.youtube.com\/c\/Urbanitae_RE"]},{"@type":"Person","@id":"https:\/\/blog.urbanitae.com\/it\/#\/schema\/person\/e7b2d152f5654066832c53f5aa04fbf7","name":"Equipo Urbanitae","image":{"@type":"ImageObject","inLanguage":"it-IT","@id":"https:\/\/secure.gravatar.com\/avatar\/e75782c6aa253c8ac75c13b1ec97172bb2d67437baa4354ba4b0650a97f565f2?s=96&d=mm&r=g","url":"https:\/\/secure.gravatar.com\/avatar\/e75782c6aa253c8ac75c13b1ec97172bb2d67437baa4354ba4b0650a97f565f2?s=96&d=mm&r=g","contentUrl":"https:\/\/secure.gravatar.com\/avatar\/e75782c6aa253c8ac75c13b1ec97172bb2d67437baa4354ba4b0650a97f565f2?s=96&d=mm&r=g","caption":"Equipo Urbanitae"},"sameAs":["https:\/\/urbanitae.com"],"url":"https:\/\/blog.urbanitae.com\/it\/author\/urbanitae\/"}]}},"_links":{"self":[{"href":"https:\/\/blog.urbanitae.com\/it\/wp-json\/wp\/v2\/posts\/51097","targetHints":{"allow":["GET"]}}],"collection":[{"href":"https:\/\/blog.urbanitae.com\/it\/wp-json\/wp\/v2\/posts"}],"about":[{"href":"https:\/\/blog.urbanitae.com\/it\/wp-json\/wp\/v2\/types\/post"}],"author":[{"embeddable":true,"href":"https:\/\/blog.urbanitae.com\/it\/wp-json\/wp\/v2\/users\/1"}],"replies":[{"embeddable":true,"href":"https:\/\/blog.urbanitae.com\/it\/wp-json\/wp\/v2\/comments?post=51097"}],"version-history":[{"count":0,"href":"https:\/\/blog.urbanitae.com\/it\/wp-json\/wp\/v2\/posts\/51097\/revisions"}],"wp:featuredmedia":[{"embeddable":true,"href":"https:\/\/blog.urbanitae.com\/it\/wp-json\/wp\/v2\/media\/51113"}],"wp:attachment":[{"href":"https:\/\/blog.urbanitae.com\/it\/wp-json\/wp\/v2\/media?parent=51097"}],"wp:term":[{"taxonomy":"category","embeddable":true,"href":"https:\/\/blog.urbanitae.com\/it\/wp-json\/wp\/v2\/categories?post=51097"},{"taxonomy":"post_tag","embeddable":true,"href":"https:\/\/blog.urbanitae.com\/it\/wp-json\/wp\/v2\/tags?post=51097"}],"curies":[{"name":"wp","href":"https:\/\/api.w.org\/{rel}","templated":true}]}}