{"id":46636,"date":"2024-07-17T12:20:04","date_gmt":"2024-07-17T10:20:04","guid":{"rendered":"https:\/\/blog.urbanitae.com\/?p=46636"},"modified":"2024-07-17T12:20:33","modified_gmt":"2024-07-17T10:20:33","slug":"javier-clemente-nuovo-direttore-della-gestione-degli-asset-di-urbanitae","status":"publish","type":"post","link":"https:\/\/blog.urbanitae.com\/it\/2024\/07\/17\/javier-clemente-nuovo-direttore-della-gestione-degli-asset-di-urbanitae\/","title":{"rendered":"Javier Clemente, nuovo direttore della gestione degli asset di Urbanitae"},"content":{"rendered":"\n<p>Siamo molto contenti di annunciare un&#8217;altra aggiunta al team di Urbanitae. Javier Clemente \u00e8 il nostro nuovo direttore della gestione degli asset!<\/p>\n\n\n\n<p>Con un portafoglio che supera gi\u00e0 i 150 progetti finanziati, di cui pi\u00f9 di un centinaio sono ancora attivi, era necessario rafforzare quest&#8217;area chiave per il monitoraggio delle promozioni. L&#8217;arrivo di Javier Clemente Gonz\u00e1lez, che vanta pi\u00f9 di 20 anni di esperienza nel settore immobiliare, sottolinea <strong>il nostro impegno a offrire un servizio personalizzato e trasparente alla nostra crescente comunit\u00e0 di investitori.<\/strong><\/p>\n\n\n\n<p>Nell&#8217;ultimo anno, in Urbanitae abbiamo raddoppiato il team superando i 60 professionisti, riflettendo il ritmo di crescita accelerato dell&#8217;azienda. Questo team include personale chiave per l&#8217;<a href=\"https:\/\/blog.urbanitae.com\/it\/2023\/12\/26\/espandiamo-il-team-di-urbanitae-in-francia-e-portogallo\/?utm_source=blog_it&amp;utm_medium=organic&amp;utm_campaign=urbanitae_blog_0724&amp;utm_term=espansione&amp;utm_content=it_javier_clemente\" target=\"_blank\" rel=\"noreferrer noopener\">espansione<\/a> di Urbanitae in nuovi mercati come Portogallo, Francia e Italia. L&#8217;incorporazione di Javier Clemente \u00e8 un passo strategico in questa fase di espansione e consolidamento.<\/p>\n\n\n\n<h2 class=\"wp-block-heading\">Carriera di Javier Clemente<\/h2>\n\n\n\n<p>Javier Clemente Gonz\u00e1lez apporta una vasta esperienza nel campo dell&#8217;investimento e della promozione immobiliare, avendo lavorato in aziende di primo piano come Adapta Socios e Altamira. <strong>La sua esperienza spazia dalla pianificazione e sviluppo fino all&#8217;esecuzione e consegna di progetti immobiliari,<\/strong> il che gli permette di avere una prospettiva completa del settore. In Urbanitae, la sua missione sar\u00e0 quella di guidare la gestione degli asset partecipati dalla piattaforma, assicurando il massimo rendimento e valore per gli investitori.<\/p>\n\n\n\n<p>Cos\u00ec, nel suo periodo di oltre otto anni presso il servicer Altamira, Clemente ha diretto un team di 24 coordinatori e manager di promozioni, gestendo l&#8217;avvio e lo sviluppo di 167 promozioni (sia residenziali di <a href=\"https:\/\/blog.urbanitae.com\/it\/2024\/01\/24\/la-domanda-la-grande-forza-delle-nuove-costruzioni-nel-2024\/?utm_source=blog_it&amp;utm_medium=organic&amp;utm_campaign=urbanitae_blog_0724&amp;utm_term=nuova_costruzione&amp;utm_content=it_javier_clemente\" target=\"_blank\" rel=\"noreferrer noopener\">nuova costruzione<\/a> che in costruzione \u2013 WIP) e consegnando 5.000 abitazioni.<\/p>\n\n\n\n<p>Prima di unirsi a Urbanitae, Clemente ha esercitato come direttore immobiliare di Adapta Socios, guidando l&#8217;investimento, lo sviluppo e la gestione degli asset immobiliari e dei prodotti finanziari dell&#8217;azienda. Il suo approccio integrale e la sua capacit\u00e0 di negoziazione con tutti gli attori del settore immobiliare sono stati fondamentali per apportare valore sia all&#8217;azienda che ai suoi clienti.<\/p>\n\n\n\n<h2 class=\"wp-block-heading\">La crescita di Urbanitae<\/h2>\n\n\n\n<p>\u201cL&#8217;ampia esperienza di Javier Clemente e la sua visione integrale del mercato immobiliare sono fattori determinanti per accompagnare la crescita esponenziale che <a href=\"https:\/\/urbanitae.com\/it\/?utm_source=blog_it&amp;utm_medium=organic&amp;utm_campaign=urbanitae_blog_0724&amp;utm_term=urbanitae&amp;utm_content=it_javier_clemente\" target=\"_blank\" rel=\"noreferrer noopener\">Urbanitae<\/a> sta vivendo attualmente. Siamo sicuri che contribuir\u00e0 in modo decisivo allo sviluppo del nostro portafoglio di progetti,\u201d spiega il nostro CEO, Diego Bestard.<\/p>\n\n\n\n<p>Javier Clemente si distingue per la sua capacit\u00e0 analitica e le sue forti abilit\u00e0 sociali e di leadership. Il suo approccio \u00e8 molto allineato con gli obiettivi di Urbanitae, cercando sempre di apportare valore in ogni fase del processo immobiliare. La sua esperienza nell&#8217;implementazione e nel raggiungimento di obiettivi complessi lo rende un leader ideale per la gestione degli asset in un&#8217;azienda in rapida espansione come Urbanitae. Benvenuto, Javier!<\/p>\n","protected":false},"excerpt":{"rendered":"<p>Con una vasta esperienza in aziende come Altamira e Adapta Socios, Clemente rafforza l&#8217;impegno di Urbanitae per il successo dei progetti finanziati.<\/p>\n","protected":false},"author":1,"featured_media":46724,"comment_status":"open","ping_status":"open","sticky":false,"template":"","format":"standard","meta":{"inline_featured_image":false,"footnotes":""},"categories":[2114,1084],"tags":[1966,1932,1011],"class_list":["post-46636","post","type-post","status-publish","format-standard","has-post-thumbnail","hentry","category-notizie-urbanitae","category-urbanitae-it","tag-crowdfunding-immobiliare","tag-inversion-inmobiliaria-it","tag-urbanitae-it"],"blocksy_meta":[],"yoast_head":"<!-- This site is optimized with the Yoast SEO plugin v27.4 - https:\/\/yoast.com\/product\/yoast-seo-wordpress\/ -->\n<title>Javier Clemente, nuovo direttore della gestione degli asset di Urbanitae - Urbanitae Blog<\/title>\n<meta name=\"description\" content=\"Il nuovo direttore della gestione patrimoniale di Urbanitae rafforzer\u00e0 il monitoraggio di oltre 100 progetti attivi sulla piattaforma. Leggi di pi\u00f9.\" \/>\n<meta name=\"robots\" content=\"index, follow, max-snippet:-1, max-image-preview:large, max-video-preview:-1\" \/>\n<link rel=\"canonical\" href=\"https:\/\/blog.urbanitae.com\/it\/2024\/07\/17\/javier-clemente-nuovo-direttore-della-gestione-degli-asset-di-urbanitae\/\" \/>\n<meta property=\"og:locale\" content=\"it_IT\" \/>\n<meta property=\"og:type\" content=\"article\" \/>\n<meta property=\"og:title\" content=\"Javier Clemente, nuovo direttore della gestione patrimoniale di Urbanitae\" \/>\n<meta property=\"og:description\" content=\"Il nuovo direttore della gestione patrimoniale di Urbanitae rafforzer\u00e0 il monitoraggio di oltre 100 progetti attivi sulla piattaforma. Leggi di pi\u00f9.\" \/>\n<meta property=\"og:url\" content=\"https:\/\/blog.urbanitae.com\/it\/2024\/07\/17\/javier-clemente-nuovo-direttore-della-gestione-degli-asset-di-urbanitae\/\" \/>\n<meta property=\"og:site_name\" content=\"Urbanitae Blog | Le migliori notizie sugli investimenti immobiliari\" \/>\n<meta property=\"article:publisher\" content=\"https:\/\/www.facebook.com\/urbanitae\" \/>\n<meta property=\"article:published_time\" content=\"2024-07-17T10:20:04+00:00\" \/>\n<meta property=\"article:modified_time\" content=\"2024-07-17T10:20:33+00:00\" \/>\n<meta property=\"og:image\" content=\"https:\/\/blog.urbanitae.com\/wp-content\/uploads\/2024\/07\/javier-clemente-director-asset-management-urbanitae.webp\" \/>\n\t<meta property=\"og:image:width\" content=\"1400\" \/>\n\t<meta property=\"og:image:height\" content=\"735\" \/>\n\t<meta property=\"og:image:type\" content=\"image\/webp\" \/>\n<meta name=\"author\" content=\"Equipo Urbanitae\" \/>\n<meta name=\"twitter:card\" content=\"summary_large_image\" \/>\n<meta name=\"twitter:creator\" content=\"@urbanitae\" \/>\n<meta name=\"twitter:site\" content=\"@urbanitae\" \/>\n<meta name=\"twitter:label1\" content=\"Scritto da\" \/>\n\t<meta name=\"twitter:data1\" content=\"Equipo Urbanitae\" \/>\n\t<meta name=\"twitter:label2\" content=\"Tempo di lettura stimato\" \/>\n\t<meta name=\"twitter:data2\" content=\"2 minuti\" \/>\n<script type=\"application\/ld+json\" class=\"yoast-schema-graph\">{\"@context\":\"https:\\\/\\\/schema.org\",\"@graph\":[{\"@type\":[\"Article\",\"BlogPosting\"],\"@id\":\"https:\\\/\\\/blog.urbanitae.com\\\/it\\\/2024\\\/07\\\/17\\\/javier-clemente-nuovo-direttore-della-gestione-degli-asset-di-urbanitae\\\/#article\",\"isPartOf\":{\"@id\":\"https:\\\/\\\/blog.urbanitae.com\\\/it\\\/2024\\\/07\\\/17\\\/javier-clemente-nuovo-direttore-della-gestione-degli-asset-di-urbanitae\\\/\"},\"author\":{\"name\":\"Equipo Urbanitae\",\"@id\":\"https:\\\/\\\/blog.urbanitae.com\\\/it\\\/#\\\/schema\\\/person\\\/e7b2d152f5654066832c53f5aa04fbf7\"},\"headline\":\"Javier Clemente, nuovo direttore della gestione degli asset di Urbanitae\",\"datePublished\":\"2024-07-17T10:20:04+00:00\",\"dateModified\":\"2024-07-17T10:20:33+00:00\",\"mainEntityOfPage\":{\"@id\":\"https:\\\/\\\/blog.urbanitae.com\\\/it\\\/2024\\\/07\\\/17\\\/javier-clemente-nuovo-direttore-della-gestione-degli-asset-di-urbanitae\\\/\"},\"wordCount\":457,\"commentCount\":0,\"publisher\":{\"@id\":\"https:\\\/\\\/blog.urbanitae.com\\\/it\\\/#organization\"},\"image\":{\"@id\":\"https:\\\/\\\/blog.urbanitae.com\\\/it\\\/2024\\\/07\\\/17\\\/javier-clemente-nuovo-direttore-della-gestione-degli-asset-di-urbanitae\\\/#primaryimage\"},\"thumbnailUrl\":\"https:\\\/\\\/blog.urbanitae.com\\\/wp-content\\\/uploads\\\/2024\\\/07\\\/javier-clemente-director-asset-management-urbanitae.webp\",\"keywords\":[\"crowdfunding immobiliare\",\"inversi\u00f3n inmobiliaria\",\"Urbanitae\"],\"articleSection\":[\"Notizie Urbanitae\",\"Urbanitae\"],\"inLanguage\":\"it-IT\",\"potentialAction\":[{\"@type\":\"CommentAction\",\"name\":\"Comment\",\"target\":[\"https:\\\/\\\/blog.urbanitae.com\\\/it\\\/2024\\\/07\\\/17\\\/javier-clemente-nuovo-direttore-della-gestione-degli-asset-di-urbanitae\\\/#respond\"]}]},{\"@type\":[\"WebPage\",\"ItemPage\"],\"@id\":\"https:\\\/\\\/blog.urbanitae.com\\\/it\\\/2024\\\/07\\\/17\\\/javier-clemente-nuovo-direttore-della-gestione-degli-asset-di-urbanitae\\\/\",\"url\":\"https:\\\/\\\/blog.urbanitae.com\\\/it\\\/2024\\\/07\\\/17\\\/javier-clemente-nuovo-direttore-della-gestione-degli-asset-di-urbanitae\\\/\",\"name\":\"Javier Clemente, nuovo direttore della gestione degli asset di Urbanitae - Urbanitae Blog\",\"isPartOf\":{\"@id\":\"https:\\\/\\\/blog.urbanitae.com\\\/it\\\/#website\"},\"primaryImageOfPage\":{\"@id\":\"https:\\\/\\\/blog.urbanitae.com\\\/it\\\/2024\\\/07\\\/17\\\/javier-clemente-nuovo-direttore-della-gestione-degli-asset-di-urbanitae\\\/#primaryimage\"},\"image\":{\"@id\":\"https:\\\/\\\/blog.urbanitae.com\\\/it\\\/2024\\\/07\\\/17\\\/javier-clemente-nuovo-direttore-della-gestione-degli-asset-di-urbanitae\\\/#primaryimage\"},\"thumbnailUrl\":\"https:\\\/\\\/blog.urbanitae.com\\\/wp-content\\\/uploads\\\/2024\\\/07\\\/javier-clemente-director-asset-management-urbanitae.webp\",\"datePublished\":\"2024-07-17T10:20:04+00:00\",\"dateModified\":\"2024-07-17T10:20:33+00:00\",\"description\":\"Il nuovo direttore della gestione patrimoniale di Urbanitae rafforzer\u00e0 il monitoraggio di oltre 100 progetti attivi sulla piattaforma. Leggi di pi\u00f9.\",\"breadcrumb\":{\"@id\":\"https:\\\/\\\/blog.urbanitae.com\\\/it\\\/2024\\\/07\\\/17\\\/javier-clemente-nuovo-direttore-della-gestione-degli-asset-di-urbanitae\\\/#breadcrumb\"},\"inLanguage\":\"it-IT\",\"potentialAction\":[{\"@type\":\"ReadAction\",\"target\":[\"https:\\\/\\\/blog.urbanitae.com\\\/it\\\/2024\\\/07\\\/17\\\/javier-clemente-nuovo-direttore-della-gestione-degli-asset-di-urbanitae\\\/\"]}]},{\"@type\":\"ImageObject\",\"inLanguage\":\"it-IT\",\"@id\":\"https:\\\/\\\/blog.urbanitae.com\\\/it\\\/2024\\\/07\\\/17\\\/javier-clemente-nuovo-direttore-della-gestione-degli-asset-di-urbanitae\\\/#primaryimage\",\"url\":\"https:\\\/\\\/blog.urbanitae.com\\\/wp-content\\\/uploads\\\/2024\\\/07\\\/javier-clemente-director-asset-management-urbanitae.webp\",\"contentUrl\":\"https:\\\/\\\/blog.urbanitae.com\\\/wp-content\\\/uploads\\\/2024\\\/07\\\/javier-clemente-director-asset-management-urbanitae.webp\",\"width\":1400,\"height\":735,\"caption\":\"Javier Clemente, nuevo director de Asset Management de Urbanitae, Javier Clemente, new Director of Asset Management at Urbanitae. Javier Clemente, nouveau directeur de la gestion d'actifs chez Urbanitae. Javier Clemente, nuovo direttore della gestione patrimoniale di Urbanitae. Javier Clemente, novo diretor de Gest\u00e3o de Ativos da Urbanitae. Javier Clemente, neuer Director f\u00fcr Asset Management bei Urbanitae.\"},{\"@type\":\"BreadcrumbList\",\"@id\":\"https:\\\/\\\/blog.urbanitae.com\\\/it\\\/2024\\\/07\\\/17\\\/javier-clemente-nuovo-direttore-della-gestione-degli-asset-di-urbanitae\\\/#breadcrumb\",\"itemListElement\":[{\"@type\":\"ListItem\",\"position\":1,\"name\":\"Portada\",\"item\":\"https:\\\/\\\/blog.urbanitae.com\\\/it\\\/\"},{\"@type\":\"ListItem\",\"position\":2,\"name\":\"Javier Clemente, nuovo direttore della gestione degli asset di Urbanitae\"}]},{\"@type\":\"WebSite\",\"@id\":\"https:\\\/\\\/blog.urbanitae.com\\\/it\\\/#website\",\"url\":\"https:\\\/\\\/blog.urbanitae.com\\\/it\\\/\",\"name\":\"Urbanitae Blog | Las mejores noticias sobre inversi\u00f3n inmobiliaria\",\"description\":\"L'investimento immobiliare alla portata di tutti\",\"publisher\":{\"@id\":\"https:\\\/\\\/blog.urbanitae.com\\\/it\\\/#organization\"},\"potentialAction\":[{\"@type\":\"SearchAction\",\"target\":{\"@type\":\"EntryPoint\",\"urlTemplate\":\"https:\\\/\\\/blog.urbanitae.com\\\/it\\\/?s={search_term_string}\"},\"query-input\":{\"@type\":\"PropertyValueSpecification\",\"valueRequired\":true,\"valueName\":\"search_term_string\"}}],\"inLanguage\":\"it-IT\"},{\"@type\":\"Organization\",\"@id\":\"https:\\\/\\\/blog.urbanitae.com\\\/it\\\/#organization\",\"name\":\"Urbanitae\",\"url\":\"https:\\\/\\\/blog.urbanitae.com\\\/it\\\/\",\"logo\":{\"@type\":\"ImageObject\",\"inLanguage\":\"it-IT\",\"@id\":\"https:\\\/\\\/blog.urbanitae.com\\\/it\\\/#\\\/schema\\\/logo\\\/image\\\/\",\"url\":\"https:\\\/\\\/blog.urbanitae.com\\\/wp-content\\\/uploads\\\/2020\\\/04\\\/logo-verde_350x100.svg\",\"contentUrl\":\"https:\\\/\\\/blog.urbanitae.com\\\/wp-content\\\/uploads\\\/2020\\\/04\\\/logo-verde_350x100.svg\",\"width\":350,\"height\":100,\"caption\":\"Urbanitae\"},\"image\":{\"@id\":\"https:\\\/\\\/blog.urbanitae.com\\\/it\\\/#\\\/schema\\\/logo\\\/image\\\/\"},\"sameAs\":[\"https:\\\/\\\/www.facebook.com\\\/urbanitae\",\"https:\\\/\\\/x.com\\\/urbanitae\",\"https:\\\/\\\/www.instagram.com\\\/urbanitae\",\"https:\\\/\\\/www.linkedin.com\\\/company\\\/urbanitae\",\"https:\\\/\\\/www.pinterest.es\\\/UrbanitaeSL\\\/_created\\\/\",\"https:\\\/\\\/www.youtube.com\\\/c\\\/Urbanitae_RE\"]},{\"@type\":\"Person\",\"@id\":\"https:\\\/\\\/blog.urbanitae.com\\\/it\\\/#\\\/schema\\\/person\\\/e7b2d152f5654066832c53f5aa04fbf7\",\"name\":\"Equipo Urbanitae\",\"image\":{\"@type\":\"ImageObject\",\"inLanguage\":\"it-IT\",\"@id\":\"https:\\\/\\\/secure.gravatar.com\\\/avatar\\\/e75782c6aa253c8ac75c13b1ec97172bb2d67437baa4354ba4b0650a97f565f2?s=96&d=mm&r=g\",\"url\":\"https:\\\/\\\/secure.gravatar.com\\\/avatar\\\/e75782c6aa253c8ac75c13b1ec97172bb2d67437baa4354ba4b0650a97f565f2?s=96&d=mm&r=g\",\"contentUrl\":\"https:\\\/\\\/secure.gravatar.com\\\/avatar\\\/e75782c6aa253c8ac75c13b1ec97172bb2d67437baa4354ba4b0650a97f565f2?s=96&d=mm&r=g\",\"caption\":\"Equipo Urbanitae\"},\"sameAs\":[\"https:\\\/\\\/urbanitae.com\"],\"url\":\"https:\\\/\\\/blog.urbanitae.com\\\/it\\\/author\\\/urbanitae\\\/\"}]}<\/script>\n<!-- \/ Yoast SEO plugin. -->","yoast_head_json":{"title":"Javier Clemente, nuovo direttore della gestione degli asset di Urbanitae - Urbanitae Blog","description":"Il nuovo direttore della gestione patrimoniale di Urbanitae rafforzer\u00e0 il monitoraggio di oltre 100 progetti attivi sulla piattaforma. Leggi di pi\u00f9.","robots":{"index":"index","follow":"follow","max-snippet":"max-snippet:-1","max-image-preview":"max-image-preview:large","max-video-preview":"max-video-preview:-1"},"canonical":"https:\/\/blog.urbanitae.com\/it\/2024\/07\/17\/javier-clemente-nuovo-direttore-della-gestione-degli-asset-di-urbanitae\/","og_locale":"it_IT","og_type":"article","og_title":"Javier Clemente, nuovo direttore della gestione patrimoniale di Urbanitae","og_description":"Il nuovo direttore della gestione patrimoniale di Urbanitae rafforzer\u00e0 il monitoraggio di oltre 100 progetti attivi sulla piattaforma. Leggi di pi\u00f9.","og_url":"https:\/\/blog.urbanitae.com\/it\/2024\/07\/17\/javier-clemente-nuovo-direttore-della-gestione-degli-asset-di-urbanitae\/","og_site_name":"Urbanitae Blog | Le migliori notizie sugli investimenti immobiliari","article_publisher":"https:\/\/www.facebook.com\/urbanitae","article_published_time":"2024-07-17T10:20:04+00:00","article_modified_time":"2024-07-17T10:20:33+00:00","og_image":[{"width":1400,"height":735,"url":"https:\/\/blog.urbanitae.com\/wp-content\/uploads\/2024\/07\/javier-clemente-director-asset-management-urbanitae.webp","type":"image\/webp"}],"author":"Equipo Urbanitae","twitter_card":"summary_large_image","twitter_creator":"@urbanitae","twitter_site":"@urbanitae","twitter_misc":{"Scritto da":"Equipo Urbanitae","Tempo di lettura stimato":"2 minuti"},"schema":{"@context":"https:\/\/schema.org","@graph":[{"@type":["Article","BlogPosting"],"@id":"https:\/\/blog.urbanitae.com\/it\/2024\/07\/17\/javier-clemente-nuovo-direttore-della-gestione-degli-asset-di-urbanitae\/#article","isPartOf":{"@id":"https:\/\/blog.urbanitae.com\/it\/2024\/07\/17\/javier-clemente-nuovo-direttore-della-gestione-degli-asset-di-urbanitae\/"},"author":{"name":"Equipo Urbanitae","@id":"https:\/\/blog.urbanitae.com\/it\/#\/schema\/person\/e7b2d152f5654066832c53f5aa04fbf7"},"headline":"Javier Clemente, nuovo direttore della gestione degli asset di Urbanitae","datePublished":"2024-07-17T10:20:04+00:00","dateModified":"2024-07-17T10:20:33+00:00","mainEntityOfPage":{"@id":"https:\/\/blog.urbanitae.com\/it\/2024\/07\/17\/javier-clemente-nuovo-direttore-della-gestione-degli-asset-di-urbanitae\/"},"wordCount":457,"commentCount":0,"publisher":{"@id":"https:\/\/blog.urbanitae.com\/it\/#organization"},"image":{"@id":"https:\/\/blog.urbanitae.com\/it\/2024\/07\/17\/javier-clemente-nuovo-direttore-della-gestione-degli-asset-di-urbanitae\/#primaryimage"},"thumbnailUrl":"https:\/\/blog.urbanitae.com\/wp-content\/uploads\/2024\/07\/javier-clemente-director-asset-management-urbanitae.webp","keywords":["crowdfunding immobiliare","inversi\u00f3n inmobiliaria","Urbanitae"],"articleSection":["Notizie Urbanitae","Urbanitae"],"inLanguage":"it-IT","potentialAction":[{"@type":"CommentAction","name":"Comment","target":["https:\/\/blog.urbanitae.com\/it\/2024\/07\/17\/javier-clemente-nuovo-direttore-della-gestione-degli-asset-di-urbanitae\/#respond"]}]},{"@type":["WebPage","ItemPage"],"@id":"https:\/\/blog.urbanitae.com\/it\/2024\/07\/17\/javier-clemente-nuovo-direttore-della-gestione-degli-asset-di-urbanitae\/","url":"https:\/\/blog.urbanitae.com\/it\/2024\/07\/17\/javier-clemente-nuovo-direttore-della-gestione-degli-asset-di-urbanitae\/","name":"Javier Clemente, nuovo direttore della gestione degli asset di Urbanitae - Urbanitae Blog","isPartOf":{"@id":"https:\/\/blog.urbanitae.com\/it\/#website"},"primaryImageOfPage":{"@id":"https:\/\/blog.urbanitae.com\/it\/2024\/07\/17\/javier-clemente-nuovo-direttore-della-gestione-degli-asset-di-urbanitae\/#primaryimage"},"image":{"@id":"https:\/\/blog.urbanitae.com\/it\/2024\/07\/17\/javier-clemente-nuovo-direttore-della-gestione-degli-asset-di-urbanitae\/#primaryimage"},"thumbnailUrl":"https:\/\/blog.urbanitae.com\/wp-content\/uploads\/2024\/07\/javier-clemente-director-asset-management-urbanitae.webp","datePublished":"2024-07-17T10:20:04+00:00","dateModified":"2024-07-17T10:20:33+00:00","description":"Il nuovo direttore della gestione patrimoniale di Urbanitae rafforzer\u00e0 il monitoraggio di oltre 100 progetti attivi sulla piattaforma. Leggi di pi\u00f9.","breadcrumb":{"@id":"https:\/\/blog.urbanitae.com\/it\/2024\/07\/17\/javier-clemente-nuovo-direttore-della-gestione-degli-asset-di-urbanitae\/#breadcrumb"},"inLanguage":"it-IT","potentialAction":[{"@type":"ReadAction","target":["https:\/\/blog.urbanitae.com\/it\/2024\/07\/17\/javier-clemente-nuovo-direttore-della-gestione-degli-asset-di-urbanitae\/"]}]},{"@type":"ImageObject","inLanguage":"it-IT","@id":"https:\/\/blog.urbanitae.com\/it\/2024\/07\/17\/javier-clemente-nuovo-direttore-della-gestione-degli-asset-di-urbanitae\/#primaryimage","url":"https:\/\/blog.urbanitae.com\/wp-content\/uploads\/2024\/07\/javier-clemente-director-asset-management-urbanitae.webp","contentUrl":"https:\/\/blog.urbanitae.com\/wp-content\/uploads\/2024\/07\/javier-clemente-director-asset-management-urbanitae.webp","width":1400,"height":735,"caption":"Javier Clemente, nuevo director de Asset Management de Urbanitae, Javier Clemente, new Director of Asset Management at Urbanitae. Javier Clemente, nouveau directeur de la gestion d'actifs chez Urbanitae. Javier Clemente, nuovo direttore della gestione patrimoniale di Urbanitae. Javier Clemente, novo diretor de Gest\u00e3o de Ativos da Urbanitae. Javier Clemente, neuer Director f\u00fcr Asset Management bei Urbanitae."},{"@type":"BreadcrumbList","@id":"https:\/\/blog.urbanitae.com\/it\/2024\/07\/17\/javier-clemente-nuovo-direttore-della-gestione-degli-asset-di-urbanitae\/#breadcrumb","itemListElement":[{"@type":"ListItem","position":1,"name":"Portada","item":"https:\/\/blog.urbanitae.com\/it\/"},{"@type":"ListItem","position":2,"name":"Javier Clemente, nuovo direttore della gestione degli asset di Urbanitae"}]},{"@type":"WebSite","@id":"https:\/\/blog.urbanitae.com\/it\/#website","url":"https:\/\/blog.urbanitae.com\/it\/","name":"Urbanitae Blog | Las mejores noticias sobre inversi\u00f3n inmobiliaria","description":"L'investimento immobiliare alla portata di tutti","publisher":{"@id":"https:\/\/blog.urbanitae.com\/it\/#organization"},"potentialAction":[{"@type":"SearchAction","target":{"@type":"EntryPoint","urlTemplate":"https:\/\/blog.urbanitae.com\/it\/?s={search_term_string}"},"query-input":{"@type":"PropertyValueSpecification","valueRequired":true,"valueName":"search_term_string"}}],"inLanguage":"it-IT"},{"@type":"Organization","@id":"https:\/\/blog.urbanitae.com\/it\/#organization","name":"Urbanitae","url":"https:\/\/blog.urbanitae.com\/it\/","logo":{"@type":"ImageObject","inLanguage":"it-IT","@id":"https:\/\/blog.urbanitae.com\/it\/#\/schema\/logo\/image\/","url":"https:\/\/blog.urbanitae.com\/wp-content\/uploads\/2020\/04\/logo-verde_350x100.svg","contentUrl":"https:\/\/blog.urbanitae.com\/wp-content\/uploads\/2020\/04\/logo-verde_350x100.svg","width":350,"height":100,"caption":"Urbanitae"},"image":{"@id":"https:\/\/blog.urbanitae.com\/it\/#\/schema\/logo\/image\/"},"sameAs":["https:\/\/www.facebook.com\/urbanitae","https:\/\/x.com\/urbanitae","https:\/\/www.instagram.com\/urbanitae","https:\/\/www.linkedin.com\/company\/urbanitae","https:\/\/www.pinterest.es\/UrbanitaeSL\/_created\/","https:\/\/www.youtube.com\/c\/Urbanitae_RE"]},{"@type":"Person","@id":"https:\/\/blog.urbanitae.com\/it\/#\/schema\/person\/e7b2d152f5654066832c53f5aa04fbf7","name":"Equipo Urbanitae","image":{"@type":"ImageObject","inLanguage":"it-IT","@id":"https:\/\/secure.gravatar.com\/avatar\/e75782c6aa253c8ac75c13b1ec97172bb2d67437baa4354ba4b0650a97f565f2?s=96&d=mm&r=g","url":"https:\/\/secure.gravatar.com\/avatar\/e75782c6aa253c8ac75c13b1ec97172bb2d67437baa4354ba4b0650a97f565f2?s=96&d=mm&r=g","contentUrl":"https:\/\/secure.gravatar.com\/avatar\/e75782c6aa253c8ac75c13b1ec97172bb2d67437baa4354ba4b0650a97f565f2?s=96&d=mm&r=g","caption":"Equipo Urbanitae"},"sameAs":["https:\/\/urbanitae.com"],"url":"https:\/\/blog.urbanitae.com\/it\/author\/urbanitae\/"}]}},"_links":{"self":[{"href":"https:\/\/blog.urbanitae.com\/it\/wp-json\/wp\/v2\/posts\/46636","targetHints":{"allow":["GET"]}}],"collection":[{"href":"https:\/\/blog.urbanitae.com\/it\/wp-json\/wp\/v2\/posts"}],"about":[{"href":"https:\/\/blog.urbanitae.com\/it\/wp-json\/wp\/v2\/types\/post"}],"author":[{"embeddable":true,"href":"https:\/\/blog.urbanitae.com\/it\/wp-json\/wp\/v2\/users\/1"}],"replies":[{"embeddable":true,"href":"https:\/\/blog.urbanitae.com\/it\/wp-json\/wp\/v2\/comments?post=46636"}],"version-history":[{"count":0,"href":"https:\/\/blog.urbanitae.com\/it\/wp-json\/wp\/v2\/posts\/46636\/revisions"}],"wp:featuredmedia":[{"embeddable":true,"href":"https:\/\/blog.urbanitae.com\/it\/wp-json\/wp\/v2\/media\/46724"}],"wp:attachment":[{"href":"https:\/\/blog.urbanitae.com\/it\/wp-json\/wp\/v2\/media?parent=46636"}],"wp:term":[{"taxonomy":"category","embeddable":true,"href":"https:\/\/blog.urbanitae.com\/it\/wp-json\/wp\/v2\/categories?post=46636"},{"taxonomy":"post_tag","embeddable":true,"href":"https:\/\/blog.urbanitae.com\/it\/wp-json\/wp\/v2\/tags?post=46636"}],"curies":[{"name":"wp","href":"https:\/\/api.w.org\/{rel}","templated":true}]}}