{"id":90046,"date":"2023-11-17T16:45:27","date_gmt":"2023-11-17T15:45:27","guid":{"rendered":"https:\/\/blog.urbanitae.com\/?p=90046"},"modified":"2026-08-24T16:28:33","modified_gmt":"2026-08-24T14:28:33","slug":"nouveau-projet-a-alicante-avec-un-permis-de-construire-accorde","status":"publish","type":"post","link":"https:\/\/blog.urbanitae.com\/fr\/2023\/11\/17\/nouveau-projet-a-alicante-avec-un-permis-de-construire-accorde\/","title":{"rendered":"Nouveau projet \u00e0 Alicante avec permis de construire accord\u00e9 !"},"content":{"rendered":"\t\t<div data-elementor-type=\"wp-post\" data-elementor-id=\"90046\" class=\"elementor elementor-90046 elementor-30761\" data-elementor-post-type=\"post\">\n\t\t\t\t\t\t<section data-particle_enable=\"false\" data-particle-mobile-disabled=\"false\" class=\"elementor-section elementor-top-section elementor-element elementor-element-1389a2d4 elementor-section-boxed elementor-section-height-default elementor-section-height-default\" data-id=\"1389a2d4\" data-element_type=\"section\" data-e-type=\"section\">\n\t\t\t\t\t\t<div class=\"elementor-container elementor-column-gap-default\">\n\t\t\t\t\t<div class=\"elementor-column elementor-col-100 elementor-top-column elementor-element elementor-element-23851e8a\" data-id=\"23851e8a\" data-element_type=\"column\" data-e-type=\"column\">\n\t\t\t<div class=\"elementor-widget-wrap elementor-element-populated\">\n\t\t\t\t\t\t<div class=\"elementor-element elementor-element-1227112c elementor-widget elementor-widget-text-editor\" data-id=\"1227112c\" data-element_type=\"widget\" data-e-type=\"widget\" data-widget_type=\"text-editor.default\">\n\t\t\t\t<div class=\"elementor-widget-container\">\n\t\t\t\t\t\t\t\t\t<p>Nous vous pr\u00e9sentons un nouveau <a href=\"https:\/\/blog.urbanitae.com\/fr\/2024\/02\/21\/comment-sont-les-projets-de-plus-value-chez-urbanitae\/\" target=\"_blank\" rel=\"noreferrer noopener\" data-type=\"link\" data-id=\"https:\/\/blog.urbanitae.com\/fr\/2024\/02\/21\/comment-sont-les-projets-de-plus-value-chez-urbanitae\/\">projet de plus-value<\/a> \u00e0 Alicante, avec permis de construire d\u00e9j\u00e0 accord\u00e9. Il ouvrira au financement mardi prochain, le 21 novembre \u00e0 16 h 00.<\/p>\n<p><\/p>\n<p>Le <a href=\"https:\/\/urbanitae.com\/fr\/projet\/P000245\/\" target=\"_blank\" rel=\"noreferrer noopener\" data-type=\"link\" data-id=\"https:\/\/urbanitae.com\/fr\/projet\/P000245\/\"><strong>projet Allonbay Aura<\/strong><\/a> consiste \u00e0 d\u00e9velopper une promotion r\u00e9sidentielle neuve en premi\u00e8re ligne de plage, comprenant <strong>25 logements<\/strong> avec place de parking et cave.<\/p>\n<p><\/p>\n<p>Plus pr\u00e9cis\u00e9ment, la promotion est situ\u00e9e au nord de Villajoyosa, dans un secteur appel\u00e9 <a href=\"https:\/\/blog.urbanitae.com\/fr\/2025\/09\/23\/nouveau-projet-investissez-en-premiere-ligne-de-mer-sur-la-costa-blanca\/\" target=\"_blank\" rel=\"noreferrer noopener\" data-type=\"link\" data-id=\"https:\/\/blog.urbanitae.com\/fr\/2025\/09\/23\/nouveau-projet-investissez-en-premiere-ligne-de-mer-sur-la-costa-blanca\/\">Allonbay<\/a>, entre le centre-ville et Benidorm, \u00e0 Alicante.<\/p>\n<p><\/p>\n<p>Pour ce projet, nous compterons sur <strong>Quadratia<\/strong>, un promoteur immobilier qui poss\u00e8de plus de 40 ans d\u2019exp\u00e9rience dans le secteur de la promotion immobili\u00e8re.<\/p>\n<p><\/p>\n<h2 class=\"wp-block-heading\">56 % de la promotion r\u00e9serv\u00e9e<\/h2>\n<p><\/p>\n<p>Ce projet suivra une <strong>strat\u00e9gie de plus-value<\/strong>. L\u2019apport des investisseurs d\u2019Urbanitae sera de <strong>3 525 000 \u20ac<\/strong>, qui seront vers\u00e9s au promoteur par le biais d\u2019une augmentation de capital dans la soci\u00e9t\u00e9 v\u00e9hicule r\u00e9unissant l\u2019ensemble des apports des investisseurs d\u2019Urbanitae. Cette soci\u00e9t\u00e9 augmentera ensuite le capital de la soci\u00e9t\u00e9 promotrice du projet \u00e0 hauteur de 3 520 000 \u20ac. Les 5 000 \u20ac restants de la campagne de financement resteront dans la soci\u00e9t\u00e9 v\u00e9hicule afin de couvrir ses frais op\u00e9rationnels.<\/p>\n<p><\/p>\n<p>Le promoteur dispose d\u2019une <strong>option d\u2019achat exclusive pour l\u2019acquisition du terrain<\/strong> sur lequel sera d\u00e9velopp\u00e9e la promotion. En outre, le <strong>permis de construire a d\u00e9j\u00e0 \u00e9t\u00e9 accord\u00e9<\/strong>.<\/p>\n<p><\/p>\n<p>Par ailleurs, le projet compte d\u00e9j\u00e0 des <strong>r\u00e9servations mon\u00e9taires pour 14 des 25 logements composant la promotion, soit 56 %<\/strong>.<\/p>\n<p><\/p>\n<p>Dans cette vid\u00e9o, Sandra Bertomeu, directrice des ventes internationales chez Quadratia, et Diego Bestard, CEO d\u2019Urbanitae, <strong>expliquent les points cl\u00e9s du projet<\/strong>.<\/p>\n<p><\/p>\t\t\t\t\t\t\t\t<\/div>\n\t\t\t\t<\/div>\n\t\t\t\t\t<\/div>\n\t\t<\/div>\n\t\t\t\t\t<\/div>\n\t\t<\/section>\n\t\t\t\t<section data-particle_enable=\"false\" data-particle-mobile-disabled=\"false\" class=\"elementor-section elementor-top-section elementor-element elementor-element-63cbad5 elementor-section-boxed elementor-section-height-default elementor-section-height-default\" data-id=\"63cbad5\" data-element_type=\"section\" data-e-type=\"section\">\n\t\t\t\t\t\t<div class=\"elementor-container elementor-column-gap-default\">\n\t\t\t\t\t<div class=\"elementor-column elementor-col-100 elementor-top-column elementor-element elementor-element-e67c927\" data-id=\"e67c927\" data-element_type=\"column\" data-e-type=\"column\">\n\t\t\t<div class=\"elementor-widget-wrap elementor-element-populated\">\n\t\t\t\t\t\t<div class=\"elementor-element elementor-element-285abcb elementor-widget elementor-widget-video\" data-id=\"285abcb\" data-element_type=\"widget\" data-e-type=\"widget\" data-settings=\"{&quot;youtube_url&quot;:&quot;https:\\\/\\\/youtu.be\\\/1iI2Q7LNkg8&quot;,&quot;video_type&quot;:&quot;youtube&quot;,&quot;controls&quot;:&quot;yes&quot;}\" data-widget_type=\"video.default\">\n\t\t\t\t<div class=\"elementor-widget-container\">\n\t\t\t\t\t\t\t<div class=\"elementor-wrapper elementor-open-inline\">\n\t\t\t<div class=\"elementor-video\"><\/div>\t\t<\/div>\n\t\t\t\t\t\t<\/div>\n\t\t\t\t<\/div>\n\t\t\t\t\t<\/div>\n\t\t<\/div>\n\t\t\t\t\t<\/div>\n\t\t<\/section>\n\t\t\t\t<section data-particle_enable=\"false\" data-particle-mobile-disabled=\"false\" class=\"elementor-section elementor-top-section elementor-element elementor-element-83cec15 elementor-section-boxed elementor-section-height-default elementor-section-height-default\" data-id=\"83cec15\" data-element_type=\"section\" data-e-type=\"section\">\n\t\t\t\t\t\t<div class=\"elementor-container elementor-column-gap-default\">\n\t\t\t\t\t<div class=\"elementor-column elementor-col-100 elementor-top-column elementor-element elementor-element-d84c294\" data-id=\"d84c294\" data-element_type=\"column\" data-e-type=\"column\">\n\t\t\t<div class=\"elementor-widget-wrap elementor-element-populated\">\n\t\t\t\t\t\t<div class=\"elementor-element elementor-element-a0b4f9c elementor-widget elementor-widget-text-editor\" data-id=\"a0b4f9c\" data-element_type=\"widget\" data-e-type=\"widget\" data-widget_type=\"text-editor.default\">\n\t\t\t\t<div class=\"elementor-widget-container\">\n\t\t\t\t\t\t\t\t\t<h2 class=\"wp-block-heading\">Rentabilit\u00e9 en 22-26 mois<\/h2>\n<p> <\/p>\n<p>Le r\u00e9gulateur des plateformes de financement participatif ne permet pas de communiquer des chiffres de rentabilit\u00e9 estim\u00e9e dans les projets de plus-value. Toutefois, celle-ci peut \u00eatre facilement calcul\u00e9e \u00e0 partir des informations disponibles sur la fiche du projet, au moyen de la formule suivante :<\/p>\n<p> <\/p>\n<p style=\"text-align: center;\"><strong>(Pr\u00e9vision des revenus \u2013 Estimation des d\u00e9penses) \/ Equity total<\/strong><\/p>\n<p> <\/p>\n<p>Le projet pr\u00e9sente une dur\u00e9e estim\u00e9e comprise entre 22 et 26 mois. Au <strong>quatri\u00e8me trimestre 2023<\/strong>, l\u2019augmentation de capital et l\u2019acquisition du terrain sont pr\u00e9vues. Entre le <strong>premier et le deuxi\u00e8me trimestre 2024<\/strong>, le d\u00e9but des travaux de construction est estim\u00e9. Entre le <strong>troisi\u00e8me et le quatri\u00e8me trimestre 2025<\/strong>, l\u2019ach\u00e8vement des travaux, l\u2019obtention du permis de premi\u00e8re occupation et la livraison des logements sont attendus. Enfin, entre le <strong>quatri\u00e8me trimestre 2025 et le premier trimestre 2026<\/strong>, la liquidation de la soci\u00e9t\u00e9 et la distribution des b\u00e9n\u00e9fices aux investisseurs sont estim\u00e9es.<\/p>\n<p> <\/p>\n<p>Le lundi 20 novembre, nous avons organis\u00e9 un <a href=\"https:\/\/youtu.be\/J17JHlhhrIc?utm_source=blog_fr&amp;utm_medium=organic&amp;utm_campaign=urbanitae_blog_1123&amp;utm_term=webinaire_promoteur&amp;utm_content=fr_proyecto_allonbay_aura\" target=\"_blank\" rel=\"noreferrer noopener\" data-type=\"link\" data-id=\"https:\/\/youtu.be\/J17JHlhhrIc?utm_source=blog_fr&amp;utm_medium=organic&amp;utm_campaign=urbanitae_blog_1123&amp;utm_term=webinaire_promoteur&amp;utm_content=fr_proyecto_allonbay_aura\"><strong>webinaire avec le promoteur, au cours duquel diff\u00e9rentes questions ont \u00e9t\u00e9 abord\u00e9es<\/strong><\/a>. Vous pouvez revoir l\u2019enregistrement via le lien. Comme toujours, vous pouvez nous adresser toute question sur le projet \u00e0 <a href=\"mailto:contacto@urbanitae.com\" target=\"_blank\" rel=\"noreferrer noopener\">contacto@urbanitae.com<\/a> ou au 911 23 25 22.<\/p>\t\t\t\t\t\t\t\t<\/div>\n\t\t\t\t<\/div>\n\t\t\t\t\t<\/div>\n\t\t<\/div>\n\t\t\t\t\t<\/div>\n\t\t<\/section>\n\t\t\t\t<\/div>\n\t\t","protected":false},"excerpt":{"rendered":"<p>Allonbay Aura permet de participer \u00e0 un programme neuf de 25 logements \u00e0 Villajoyosa, en premi\u00e8re ligne de mer, avec permis accord\u00e9 et 56 % des logements r\u00e9serv\u00e9s.<\/p>\n","protected":false},"author":1,"featured_media":30768,"comment_status":"open","ping_status":"open","sticky":false,"template":"","format":"standard","meta":{"inline_featured_image":false,"footnotes":""},"categories":[1057,927],"tags":[1958,1887],"class_list":["post-90046","post","type-post","status-publish","format-standard","has-post-thumbnail","hentry","category-projets-fr","category-projets","tag-financement-participatif-capital","tag-investissement-immobilier-2"],"blocksy_meta":{"styles_descriptor":{"styles":{"desktop":"","tablet":"","mobile":""},"google_fonts":[],"version":7}},"yoast_head":"<!-- This site is optimized with the Yoast SEO plugin v28.3 - https:\/\/yoast.com\/product\/yoast-seo-wordpress\/ -->\n<title>Investir dans le logement \u00e0 Alicante : Allonbay Aura<\/title>\n<meta name=\"description\" content=\"D\u00e9couvrez comment investir dans le logement \u00e0 Alicante avec Allonbay Aura : 25 logements \u00e0 Villajoyosa, permis accord\u00e9 et 56 % d\u00e9j\u00e0 r\u00e9serv\u00e9s.\" \/>\n<meta name=\"robots\" content=\"index, follow, max-snippet:-1, max-image-preview:large, max-video-preview:-1\" \/>\n<link rel=\"canonical\" href=\"https:\/\/blog.urbanitae.com\/fr\/2023\/11\/17\/nouveau-projet-a-alicante-avec-un-permis-de-construire-accorde\/\" \/>\n<meta property=\"og:locale\" content=\"fr_FR\" \/>\n<meta property=\"og:type\" content=\"article\" \/>\n<meta property=\"og:title\" content=\"Allonbay Aura : 25 logements en bord de mer \u00e0 Alicante\" \/>\n<meta property=\"og:description\" content=\"Nouvelle opportunit\u00e9 de plus-value \u00e0 Villajoyosa, avec permis de construire accord\u00e9, 14 logements sur 25 r\u00e9serv\u00e9s et un promoteur exp\u00e9riment\u00e9.\" \/>\n<meta property=\"og:url\" content=\"https:\/\/blog.urbanitae.com\/fr\/2023\/11\/17\/nouveau-projet-a-alicante-avec-un-permis-de-construire-accorde\/\" \/>\n<meta property=\"og:site_name\" content=\"Urbanitae Blog | Les meilleures nouvelles sur l&#039;investissement immobilier\" \/>\n<meta property=\"article:publisher\" content=\"https:\/\/www.facebook.com\/urbanitae\" \/>\n<meta property=\"article:published_time\" content=\"2023-11-17T15:45:27+00:00\" \/>\n<meta property=\"article:modified_time\" content=\"2026-08-24T14:28:33+00:00\" \/>\n<meta property=\"og:image\" content=\"https:\/\/blog.urbanitae.com\/wp-content\/uploads\/2023\/11\/Nuevo-proyecto-en-Alicante-con-licencia-de-obras-concedida.webp\" \/>\n\t<meta property=\"og:image:width\" content=\"1400\" \/>\n\t<meta property=\"og:image:height\" content=\"735\" \/>\n\t<meta property=\"og:image:type\" content=\"image\/webp\" \/>\n<meta name=\"author\" content=\"Equipo Urbanitae\" \/>\n<meta name=\"twitter:card\" content=\"summary_large_image\" \/>\n<meta name=\"twitter:creator\" content=\"@urbanitae\" \/>\n<meta name=\"twitter:site\" content=\"@urbanitae\" \/>\n<meta name=\"twitter:label1\" content=\"\u00c9crit par\" \/>\n\t<meta name=\"twitter:data1\" content=\"Equipo Urbanitae\" \/>\n\t<meta name=\"twitter:label2\" content=\"Dur\u00e9e de lecture estim\u00e9e\" \/>\n\t<meta name=\"twitter:data2\" content=\"2 minutes\" \/>\n<script type=\"application\/ld+json\" class=\"yoast-schema-graph\">{\"@context\":\"https:\\\/\\\/schema.org\",\"@graph\":[{\"@type\":[\"Article\",\"BlogPosting\"],\"@id\":\"https:\\\/\\\/blog.urbanitae.com\\\/fr\\\/2023\\\/11\\\/17\\\/nouveau-projet-a-alicante-avec-un-permis-de-construire-accorde\\\/#article\",\"isPartOf\":{\"@id\":\"https:\\\/\\\/blog.urbanitae.com\\\/fr\\\/2023\\\/11\\\/17\\\/nouveau-projet-a-alicante-avec-un-permis-de-construire-accorde\\\/\"},\"author\":{\"name\":\"Equipo Urbanitae\",\"@id\":\"https:\\\/\\\/blog.urbanitae.com\\\/fr\\\/#\\\/schema\\\/person\\\/e7b2d152f5654066832c53f5aa04fbf7\"},\"headline\":\"Nouveau projet \u00e0 Alicante avec permis de construire accord\u00e9 !\",\"datePublished\":\"2023-11-17T15:45:27+00:00\",\"dateModified\":\"2026-08-24T14:28:33+00:00\",\"mainEntityOfPage\":{\"@id\":\"https:\\\/\\\/blog.urbanitae.com\\\/fr\\\/2023\\\/11\\\/17\\\/nouveau-projet-a-alicante-avec-un-permis-de-construire-accorde\\\/\"},\"wordCount\":491,\"commentCount\":0,\"publisher\":{\"@id\":\"https:\\\/\\\/blog.urbanitae.com\\\/fr\\\/#organization\"},\"image\":{\"@id\":\"https:\\\/\\\/blog.urbanitae.com\\\/fr\\\/2023\\\/11\\\/17\\\/nouveau-projet-a-alicante-avec-un-permis-de-construire-accorde\\\/#primaryimage\"},\"thumbnailUrl\":\"https:\\\/\\\/blog.urbanitae.com\\\/wp-content\\\/uploads\\\/2023\\\/11\\\/Nuevo-proyecto-en-Alicante-con-licencia-de-obras-concedida.webp\",\"keywords\":[\"financement participatif sous forme de capital\",\"investissement immobilier\"],\"articleSection\":[\"Equity\",\"Projets\"],\"inLanguage\":\"fr-FR\",\"potentialAction\":[{\"@type\":\"CommentAction\",\"name\":\"Comment\",\"target\":[\"https:\\\/\\\/blog.urbanitae.com\\\/fr\\\/2023\\\/11\\\/17\\\/nouveau-projet-a-alicante-avec-un-permis-de-construire-accorde\\\/#respond\"]}]},{\"@type\":[\"WebPage\",\"ItemPage\"],\"@id\":\"https:\\\/\\\/blog.urbanitae.com\\\/fr\\\/2023\\\/11\\\/17\\\/nouveau-projet-a-alicante-avec-un-permis-de-construire-accorde\\\/\",\"url\":\"https:\\\/\\\/blog.urbanitae.com\\\/fr\\\/2023\\\/11\\\/17\\\/nouveau-projet-a-alicante-avec-un-permis-de-construire-accorde\\\/\",\"name\":\"Investir dans le logement \u00e0 Alicante : Allonbay Aura\",\"isPartOf\":{\"@id\":\"https:\\\/\\\/blog.urbanitae.com\\\/fr\\\/#website\"},\"primaryImageOfPage\":{\"@id\":\"https:\\\/\\\/blog.urbanitae.com\\\/fr\\\/2023\\\/11\\\/17\\\/nouveau-projet-a-alicante-avec-un-permis-de-construire-accorde\\\/#primaryimage\"},\"image\":{\"@id\":\"https:\\\/\\\/blog.urbanitae.com\\\/fr\\\/2023\\\/11\\\/17\\\/nouveau-projet-a-alicante-avec-un-permis-de-construire-accorde\\\/#primaryimage\"},\"thumbnailUrl\":\"https:\\\/\\\/blog.urbanitae.com\\\/wp-content\\\/uploads\\\/2023\\\/11\\\/Nuevo-proyecto-en-Alicante-con-licencia-de-obras-concedida.webp\",\"datePublished\":\"2023-11-17T15:45:27+00:00\",\"dateModified\":\"2026-08-24T14:28:33+00:00\",\"description\":\"D\u00e9couvrez comment investir dans le logement \u00e0 Alicante avec Allonbay Aura : 25 logements \u00e0 Villajoyosa, permis accord\u00e9 et 56 % d\u00e9j\u00e0 r\u00e9serv\u00e9s.\",\"breadcrumb\":{\"@id\":\"https:\\\/\\\/blog.urbanitae.com\\\/fr\\\/2023\\\/11\\\/17\\\/nouveau-projet-a-alicante-avec-un-permis-de-construire-accorde\\\/#breadcrumb\"},\"inLanguage\":\"fr-FR\",\"potentialAction\":[{\"@type\":\"ReadAction\",\"target\":[\"https:\\\/\\\/blog.urbanitae.com\\\/fr\\\/2023\\\/11\\\/17\\\/nouveau-projet-a-alicante-avec-un-permis-de-construire-accorde\\\/\"]}]},{\"@type\":\"ImageObject\",\"inLanguage\":\"fr-FR\",\"@id\":\"https:\\\/\\\/blog.urbanitae.com\\\/fr\\\/2023\\\/11\\\/17\\\/nouveau-projet-a-alicante-avec-un-permis-de-construire-accorde\\\/#primaryimage\",\"url\":\"https:\\\/\\\/blog.urbanitae.com\\\/wp-content\\\/uploads\\\/2023\\\/11\\\/Nuevo-proyecto-en-Alicante-con-licencia-de-obras-concedida.webp\",\"contentUrl\":\"https:\\\/\\\/blog.urbanitae.com\\\/wp-content\\\/uploads\\\/2023\\\/11\\\/Nuevo-proyecto-en-Alicante-con-licencia-de-obras-concedida.webp\",\"width\":1400,\"height\":735,\"caption\":\"Nuevo proyecto en Alicante con licencia de obras concedida\"},{\"@type\":\"BreadcrumbList\",\"@id\":\"https:\\\/\\\/blog.urbanitae.com\\\/fr\\\/2023\\\/11\\\/17\\\/nouveau-projet-a-alicante-avec-un-permis-de-construire-accorde\\\/#breadcrumb\",\"itemListElement\":[{\"@type\":\"ListItem\",\"position\":1,\"name\":\"Portada\",\"item\":\"https:\\\/\\\/blog.urbanitae.com\\\/fr\\\/\"},{\"@type\":\"ListItem\",\"position\":2,\"name\":\"Nouveau projet \u00e0 Alicante avec permis de construire accord\u00e9 !\"}]},{\"@type\":\"WebSite\",\"@id\":\"https:\\\/\\\/blog.urbanitae.com\\\/fr\\\/#website\",\"url\":\"https:\\\/\\\/blog.urbanitae.com\\\/fr\\\/\",\"name\":\"Urbanitae Blog | Las mejores noticias sobre inversi\u00f3n inmobiliaria\",\"description\":\"L'investissement immobilier \u00e0 la port\u00e9e de tous\",\"publisher\":{\"@id\":\"https:\\\/\\\/blog.urbanitae.com\\\/fr\\\/#organization\"},\"potentialAction\":[{\"@type\":\"SearchAction\",\"target\":{\"@type\":\"EntryPoint\",\"urlTemplate\":\"https:\\\/\\\/blog.urbanitae.com\\\/fr\\\/?s={search_term_string}\"},\"query-input\":{\"@type\":\"PropertyValueSpecification\",\"valueRequired\":true,\"valueName\":\"search_term_string\"}}],\"inLanguage\":\"fr-FR\"},{\"@type\":\"Organization\",\"@id\":\"https:\\\/\\\/blog.urbanitae.com\\\/fr\\\/#organization\",\"name\":\"Urbanitae\",\"url\":\"https:\\\/\\\/blog.urbanitae.com\\\/fr\\\/\",\"logo\":{\"@type\":\"ImageObject\",\"inLanguage\":\"fr-FR\",\"@id\":\"https:\\\/\\\/blog.urbanitae.com\\\/fr\\\/#\\\/schema\\\/logo\\\/image\\\/\",\"url\":\"https:\\\/\\\/blog.urbanitae.com\\\/wp-content\\\/uploads\\\/2020\\\/04\\\/logo-verde_350x100.svg\",\"contentUrl\":\"https:\\\/\\\/blog.urbanitae.com\\\/wp-content\\\/uploads\\\/2020\\\/04\\\/logo-verde_350x100.svg\",\"width\":350,\"height\":100,\"caption\":\"Urbanitae\"},\"image\":{\"@id\":\"https:\\\/\\\/blog.urbanitae.com\\\/fr\\\/#\\\/schema\\\/logo\\\/image\\\/\"},\"sameAs\":[\"https:\\\/\\\/www.facebook.com\\\/urbanitae\",\"https:\\\/\\\/x.com\\\/urbanitae\",\"https:\\\/\\\/www.instagram.com\\\/urbanitae\",\"https:\\\/\\\/www.linkedin.com\\\/company\\\/urbanitae\",\"https:\\\/\\\/www.pinterest.es\\\/UrbanitaeSL\\\/_created\\\/\",\"https:\\\/\\\/www.youtube.com\\\/c\\\/Urbanitae_RE\"]},{\"@type\":\"Person\",\"@id\":\"https:\\\/\\\/blog.urbanitae.com\\\/fr\\\/#\\\/schema\\\/person\\\/e7b2d152f5654066832c53f5aa04fbf7\",\"name\":\"Equipo Urbanitae\",\"image\":{\"@type\":\"ImageObject\",\"inLanguage\":\"fr-FR\",\"@id\":\"https:\\\/\\\/secure.gravatar.com\\\/avatar\\\/e75782c6aa253c8ac75c13b1ec97172bb2d67437baa4354ba4b0650a97f565f2?s=96&d=mm&r=g\",\"url\":\"https:\\\/\\\/secure.gravatar.com\\\/avatar\\\/e75782c6aa253c8ac75c13b1ec97172bb2d67437baa4354ba4b0650a97f565f2?s=96&d=mm&r=g\",\"contentUrl\":\"https:\\\/\\\/secure.gravatar.com\\\/avatar\\\/e75782c6aa253c8ac75c13b1ec97172bb2d67437baa4354ba4b0650a97f565f2?s=96&d=mm&r=g\",\"caption\":\"Equipo Urbanitae\"},\"sameAs\":[\"https:\\\/\\\/urbanitae.com\"],\"url\":\"https:\\\/\\\/blog.urbanitae.com\\\/fr\\\/author\\\/urbanitae\\\/\"}]}<\/script>\n<!-- \/ Yoast SEO plugin. -->","yoast_head_json":{"title":"Investir dans le logement \u00e0 Alicante : Allonbay Aura","description":"D\u00e9couvrez comment investir dans le logement \u00e0 Alicante avec Allonbay Aura : 25 logements \u00e0 Villajoyosa, permis accord\u00e9 et 56 % d\u00e9j\u00e0 r\u00e9serv\u00e9s.","robots":{"index":"index","follow":"follow","max-snippet":"max-snippet:-1","max-image-preview":"max-image-preview:large","max-video-preview":"max-video-preview:-1"},"canonical":"https:\/\/blog.urbanitae.com\/fr\/2023\/11\/17\/nouveau-projet-a-alicante-avec-un-permis-de-construire-accorde\/","og_locale":"fr_FR","og_type":"article","og_title":"Allonbay Aura : 25 logements en bord de mer \u00e0 Alicante","og_description":"Nouvelle opportunit\u00e9 de plus-value \u00e0 Villajoyosa, avec permis de construire accord\u00e9, 14 logements sur 25 r\u00e9serv\u00e9s et un promoteur exp\u00e9riment\u00e9.","og_url":"https:\/\/blog.urbanitae.com\/fr\/2023\/11\/17\/nouveau-projet-a-alicante-avec-un-permis-de-construire-accorde\/","og_site_name":"Urbanitae Blog | Les meilleures nouvelles sur l'investissement immobilier","article_publisher":"https:\/\/www.facebook.com\/urbanitae","article_published_time":"2023-11-17T15:45:27+00:00","article_modified_time":"2026-08-24T14:28:33+00:00","og_image":[{"width":1400,"height":735,"url":"https:\/\/blog.urbanitae.com\/wp-content\/uploads\/2023\/11\/Nuevo-proyecto-en-Alicante-con-licencia-de-obras-concedida.webp","type":"image\/webp"}],"author":"Equipo Urbanitae","twitter_card":"summary_large_image","twitter_creator":"@urbanitae","twitter_site":"@urbanitae","twitter_misc":{"\u00c9crit par":"Equipo Urbanitae","Dur\u00e9e de lecture estim\u00e9e":"2 minutes"},"schema":{"@context":"https:\/\/schema.org","@graph":[{"@type":["Article","BlogPosting"],"@id":"https:\/\/blog.urbanitae.com\/fr\/2023\/11\/17\/nouveau-projet-a-alicante-avec-un-permis-de-construire-accorde\/#article","isPartOf":{"@id":"https:\/\/blog.urbanitae.com\/fr\/2023\/11\/17\/nouveau-projet-a-alicante-avec-un-permis-de-construire-accorde\/"},"author":{"name":"Equipo Urbanitae","@id":"https:\/\/blog.urbanitae.com\/fr\/#\/schema\/person\/e7b2d152f5654066832c53f5aa04fbf7"},"headline":"Nouveau projet \u00e0 Alicante avec permis de construire accord\u00e9 !","datePublished":"2023-11-17T15:45:27+00:00","dateModified":"2026-08-24T14:28:33+00:00","mainEntityOfPage":{"@id":"https:\/\/blog.urbanitae.com\/fr\/2023\/11\/17\/nouveau-projet-a-alicante-avec-un-permis-de-construire-accorde\/"},"wordCount":491,"commentCount":0,"publisher":{"@id":"https:\/\/blog.urbanitae.com\/fr\/#organization"},"image":{"@id":"https:\/\/blog.urbanitae.com\/fr\/2023\/11\/17\/nouveau-projet-a-alicante-avec-un-permis-de-construire-accorde\/#primaryimage"},"thumbnailUrl":"https:\/\/blog.urbanitae.com\/wp-content\/uploads\/2023\/11\/Nuevo-proyecto-en-Alicante-con-licencia-de-obras-concedida.webp","keywords":["financement participatif sous forme de capital","investissement immobilier"],"articleSection":["Equity","Projets"],"inLanguage":"fr-FR","potentialAction":[{"@type":"CommentAction","name":"Comment","target":["https:\/\/blog.urbanitae.com\/fr\/2023\/11\/17\/nouveau-projet-a-alicante-avec-un-permis-de-construire-accorde\/#respond"]}]},{"@type":["WebPage","ItemPage"],"@id":"https:\/\/blog.urbanitae.com\/fr\/2023\/11\/17\/nouveau-projet-a-alicante-avec-un-permis-de-construire-accorde\/","url":"https:\/\/blog.urbanitae.com\/fr\/2023\/11\/17\/nouveau-projet-a-alicante-avec-un-permis-de-construire-accorde\/","name":"Investir dans le logement \u00e0 Alicante : Allonbay Aura","isPartOf":{"@id":"https:\/\/blog.urbanitae.com\/fr\/#website"},"primaryImageOfPage":{"@id":"https:\/\/blog.urbanitae.com\/fr\/2023\/11\/17\/nouveau-projet-a-alicante-avec-un-permis-de-construire-accorde\/#primaryimage"},"image":{"@id":"https:\/\/blog.urbanitae.com\/fr\/2023\/11\/17\/nouveau-projet-a-alicante-avec-un-permis-de-construire-accorde\/#primaryimage"},"thumbnailUrl":"https:\/\/blog.urbanitae.com\/wp-content\/uploads\/2023\/11\/Nuevo-proyecto-en-Alicante-con-licencia-de-obras-concedida.webp","datePublished":"2023-11-17T15:45:27+00:00","dateModified":"2026-08-24T14:28:33+00:00","description":"D\u00e9couvrez comment investir dans le logement \u00e0 Alicante avec Allonbay Aura : 25 logements \u00e0 Villajoyosa, permis accord\u00e9 et 56 % d\u00e9j\u00e0 r\u00e9serv\u00e9s.","breadcrumb":{"@id":"https:\/\/blog.urbanitae.com\/fr\/2023\/11\/17\/nouveau-projet-a-alicante-avec-un-permis-de-construire-accorde\/#breadcrumb"},"inLanguage":"fr-FR","potentialAction":[{"@type":"ReadAction","target":["https:\/\/blog.urbanitae.com\/fr\/2023\/11\/17\/nouveau-projet-a-alicante-avec-un-permis-de-construire-accorde\/"]}]},{"@type":"ImageObject","inLanguage":"fr-FR","@id":"https:\/\/blog.urbanitae.com\/fr\/2023\/11\/17\/nouveau-projet-a-alicante-avec-un-permis-de-construire-accorde\/#primaryimage","url":"https:\/\/blog.urbanitae.com\/wp-content\/uploads\/2023\/11\/Nuevo-proyecto-en-Alicante-con-licencia-de-obras-concedida.webp","contentUrl":"https:\/\/blog.urbanitae.com\/wp-content\/uploads\/2023\/11\/Nuevo-proyecto-en-Alicante-con-licencia-de-obras-concedida.webp","width":1400,"height":735,"caption":"Nuevo proyecto en Alicante con licencia de obras concedida"},{"@type":"BreadcrumbList","@id":"https:\/\/blog.urbanitae.com\/fr\/2023\/11\/17\/nouveau-projet-a-alicante-avec-un-permis-de-construire-accorde\/#breadcrumb","itemListElement":[{"@type":"ListItem","position":1,"name":"Portada","item":"https:\/\/blog.urbanitae.com\/fr\/"},{"@type":"ListItem","position":2,"name":"Nouveau projet \u00e0 Alicante avec permis de construire accord\u00e9 !"}]},{"@type":"WebSite","@id":"https:\/\/blog.urbanitae.com\/fr\/#website","url":"https:\/\/blog.urbanitae.com\/fr\/","name":"Urbanitae Blog | Las mejores noticias sobre inversi\u00f3n inmobiliaria","description":"L'investissement immobilier \u00e0 la port\u00e9e de tous","publisher":{"@id":"https:\/\/blog.urbanitae.com\/fr\/#organization"},"potentialAction":[{"@type":"SearchAction","target":{"@type":"EntryPoint","urlTemplate":"https:\/\/blog.urbanitae.com\/fr\/?s={search_term_string}"},"query-input":{"@type":"PropertyValueSpecification","valueRequired":true,"valueName":"search_term_string"}}],"inLanguage":"fr-FR"},{"@type":"Organization","@id":"https:\/\/blog.urbanitae.com\/fr\/#organization","name":"Urbanitae","url":"https:\/\/blog.urbanitae.com\/fr\/","logo":{"@type":"ImageObject","inLanguage":"fr-FR","@id":"https:\/\/blog.urbanitae.com\/fr\/#\/schema\/logo\/image\/","url":"https:\/\/blog.urbanitae.com\/wp-content\/uploads\/2020\/04\/logo-verde_350x100.svg","contentUrl":"https:\/\/blog.urbanitae.com\/wp-content\/uploads\/2020\/04\/logo-verde_350x100.svg","width":350,"height":100,"caption":"Urbanitae"},"image":{"@id":"https:\/\/blog.urbanitae.com\/fr\/#\/schema\/logo\/image\/"},"sameAs":["https:\/\/www.facebook.com\/urbanitae","https:\/\/x.com\/urbanitae","https:\/\/www.instagram.com\/urbanitae","https:\/\/www.linkedin.com\/company\/urbanitae","https:\/\/www.pinterest.es\/UrbanitaeSL\/_created\/","https:\/\/www.youtube.com\/c\/Urbanitae_RE"]},{"@type":"Person","@id":"https:\/\/blog.urbanitae.com\/fr\/#\/schema\/person\/e7b2d152f5654066832c53f5aa04fbf7","name":"Equipo Urbanitae","image":{"@type":"ImageObject","inLanguage":"fr-FR","@id":"https:\/\/secure.gravatar.com\/avatar\/e75782c6aa253c8ac75c13b1ec97172bb2d67437baa4354ba4b0650a97f565f2?s=96&d=mm&r=g","url":"https:\/\/secure.gravatar.com\/avatar\/e75782c6aa253c8ac75c13b1ec97172bb2d67437baa4354ba4b0650a97f565f2?s=96&d=mm&r=g","contentUrl":"https:\/\/secure.gravatar.com\/avatar\/e75782c6aa253c8ac75c13b1ec97172bb2d67437baa4354ba4b0650a97f565f2?s=96&d=mm&r=g","caption":"Equipo Urbanitae"},"sameAs":["https:\/\/urbanitae.com"],"url":"https:\/\/blog.urbanitae.com\/fr\/author\/urbanitae\/"}]}},"_links":{"self":[{"href":"https:\/\/blog.urbanitae.com\/fr\/wp-json\/wp\/v2\/posts\/90046","targetHints":{"allow":["GET"]}}],"collection":[{"href":"https:\/\/blog.urbanitae.com\/fr\/wp-json\/wp\/v2\/posts"}],"about":[{"href":"https:\/\/blog.urbanitae.com\/fr\/wp-json\/wp\/v2\/types\/post"}],"author":[{"embeddable":true,"href":"https:\/\/blog.urbanitae.com\/fr\/wp-json\/wp\/v2\/users\/1"}],"replies":[{"embeddable":true,"href":"https:\/\/blog.urbanitae.com\/fr\/wp-json\/wp\/v2\/comments?post=90046"}],"version-history":[{"count":0,"href":"https:\/\/blog.urbanitae.com\/fr\/wp-json\/wp\/v2\/posts\/90046\/revisions"}],"wp:featuredmedia":[{"embeddable":true,"href":"https:\/\/blog.urbanitae.com\/fr\/wp-json\/wp\/v2\/media\/30768"}],"wp:attachment":[{"href":"https:\/\/blog.urbanitae.com\/fr\/wp-json\/wp\/v2\/media?parent=90046"}],"wp:term":[{"taxonomy":"category","embeddable":true,"href":"https:\/\/blog.urbanitae.com\/fr\/wp-json\/wp\/v2\/categories?post=90046"},{"taxonomy":"post_tag","embeddable":true,"href":"https:\/\/blog.urbanitae.com\/fr\/wp-json\/wp\/v2\/tags?post=90046"}],"curies":[{"name":"wp","href":"https:\/\/api.w.org\/{rel}","templated":true}]}}