{"id":85254,"date":"2026-04-30T19:26:23","date_gmt":"2026-04-30T17:26:23","guid":{"rendered":"https:\/\/blog.urbanitae.com\/?p=85254"},"modified":"2026-04-30T19:27:40","modified_gmt":"2026-04-30T17:27:40","slug":"nouveau-projet-21-maisons-individuelles-jumelees-a-alhaurin-de-la-torre","status":"publish","type":"post","link":"https:\/\/blog.urbanitae.com\/fr\/2026\/04\/30\/nouveau-projet-21-maisons-individuelles-jumelees-a-alhaurin-de-la-torre\/","title":{"rendered":"Nouveau projet : 21 maisons individuelles jumel\u00e9es \u00e0 Alhaur\u00edn de la Torre"},"content":{"rendered":"\t\t<div data-elementor-type=\"wp-post\" data-elementor-id=\"85254\" class=\"elementor elementor-85254 elementor-85245\">\n\t\t\t\t\t\t<section class=\"elementor-section elementor-top-section elementor-element elementor-element-5ff0f49e elementor-section-boxed elementor-section-height-default elementor-section-height-default\" data-id=\"5ff0f49e\" data-element_type=\"section\" data-e-type=\"section\">\n\t\t\t\t\t\t<div class=\"elementor-container elementor-column-gap-default\">\n\t\t\t\t\t<div class=\"elementor-column elementor-col-100 elementor-top-column elementor-element elementor-element-41007b0f\" data-id=\"41007b0f\" data-element_type=\"column\" data-e-type=\"column\">\n\t\t\t<div class=\"elementor-widget-wrap elementor-element-populated\">\n\t\t\t\t\t\t<div class=\"elementor-element elementor-element-5191bdf1 elementor-widget elementor-widget-text-editor\" data-id=\"5191bdf1\" data-element_type=\"widget\" data-e-type=\"widget\" data-widget_type=\"text-editor.default\">\n\t\t\t\t<div class=\"elementor-widget-container\">\n\t\t\t\t\t\t\t\t\t\n<p>Le prochain <strong>mercredi 6 mai \u00e0 16h00 (UTC+2)<\/strong>, nous ouvrons \u00e0 l\u2019investissement le <strong>projet Alhaur\u00edn de la Torre<\/strong>, une nouvelle opportunit\u00e9 de <strong>plus-value immobili\u00e8re<\/strong> \u00e0 M\u00e1laga.<\/p>\n\n<ul class=\"wp-block-list\">\n<li>\ud83d\udcc5 <strong>Ouverture \u00e0 l\u2019investissement :<\/strong> mercredi 6 mai \u00e0 16h00 (UTC+2)<\/li>\n \n<li>\ud83c\udf99 <strong><a id=\"https:\/\/us02web.zoom.us\/webinar\/register\/WN_gmkYK8iBSIax-3dqWSBfKg\" href=\"https:\/\/us02web.zoom.us\/webinar\/register\/WN_gmkYK8iBSIax-3dqWSBfKg\" target=\"_blank\" rel=\"noreferrer noopener\" type=\"link\">Webinar<\/a> du projet :<\/strong> mardi 5 mai \u00e0 12h00 (UTC+2)<\/li>\n<\/ul>\n\n<p>Lors de ce webinar, nous pr\u00e9senterons tous les d\u00e9tails du projet et r\u00e9pondrons aux questions des investisseurs.<\/p>\n\n<h2 class=\"wp-block-heading\">Une promotion r\u00e9sidentielle dans l\u2019aire m\u00e9tropolitaine de M\u00e1laga<\/h2>\n\n<p>Le <a id=\"https:\/\/urbanitae.com\/fr\/projet\/P000474\/?utm_source=blog_fr&amp;utm_medium=organic&amp;utm_campaign=urbanitae_blog_0426&amp;utm_term=projet_1&amp;utm_content=fr_proyecto_alhaurin_de_la_torre\" href=\"https:\/\/urbanitae.com\/fr\/projet\/P000474\/?utm_source=blog_fr&amp;utm_medium=organic&amp;utm_campaign=urbanitae_blog_0426&amp;utm_term=projet_1&amp;utm_content=fr_proyecto_alhaurin_de_la_torre\" target=\"_blank\" rel=\"noreferrer noopener\" type=\"link\">projet<\/a> consiste en l\u2019acquisition d\u2019un terrain situ\u00e9 \u00e0 <strong>Alhaur\u00edn de la Torre<\/strong>, sur la Costa del Sol, afin de d\u00e9velopper une promotion de <strong>21 maisons individuelles jumel\u00e9es<\/strong> avec place de parking et possibilit\u00e9 de piscine priv\u00e9e. Les logements disposeront de <strong>3 chambres<\/strong>, d\u2019une surface int\u00e9rieure construite moyenne d\u2019environ <strong>200 m\u00b2<\/strong>, ainsi que d\u2019un porche, d\u2019une terrasse et d\u2019un jardin.<\/p>\n\n<p>La promotion sera situ\u00e9e dans la <strong>rue Albor\u00e1n<\/strong>, au sein d\u2019un environnement r\u00e9sidentiel consolid\u00e9, calme et bien connect\u00e9.<\/p>\n\n<h2 class=\"wp-block-heading\">Alhaur\u00edn de la Torre : qualit\u00e9 de vie \u00e0 proximit\u00e9 de M\u00e1laga<\/h2>\n\n<p>Alhaur\u00edn de la Torre fait partie de l\u2019aire m\u00e9tropolitaine de M\u00e1laga et s\u2019est impos\u00e9e comme une localisation attractive pour ceux qui recherchent un cadre de vie r\u00e9sidentiel de qualit\u00e9 sans s\u2019\u00e9loigner de la ville.<\/p>\n\n<p>La zone combine proximit\u00e9 avec M\u00e1laga et la <a id=\"https:\/\/blog.urbanitae.com\/fr\/2024\/05\/14\/20-de-rentabilite-immobiliere-sur-la-costa-del-sol\/?utm_source=blog_fr&amp;utm_medium=organic&amp;utm_campaign=urbanitae_blog_0426&amp;utm_term=costa_del_sol&amp;utm_content=fr_proyecto_alhaurin_de_la_torre\" href=\"https:\/\/blog.urbanitae.com\/fr\/2024\/05\/14\/20-de-rentabilite-immobiliere-sur-la-costa-del-sol\/?utm_source=blog_fr&amp;utm_medium=organic&amp;utm_campaign=urbanitae_blog_0426&amp;utm_term=costa_del_sol&amp;utm_content=fr_proyecto_alhaurin_de_la_torre\" target=\"_blank\" rel=\"noreferrer noopener\" type=\"link\">Costa del Sol<\/a>, ainsi qu\u2019un environnement naturel privil\u00e9gi\u00e9 gr\u00e2ce \u00e0 la proximit\u00e9 de la <strong>Sierra de Mijas<\/strong>. Elle dispose \u00e9galement de parcs, d\u2019\u00e9coles, de supermarch\u00e9s et de services de proximit\u00e9.<\/p>\n\n<p>Ses bonnes connexions routi\u00e8res facilitent l\u2019acc\u00e8s \u00e0 M\u00e1laga, \u00e0 l\u2019a\u00e9roport et aux autres communes de la province, ce qui renforce son attractivit\u00e9 tant pour une r\u00e9sidence principale que pour une demande familiale dans l\u2019environnement m\u00e9tropolitain.<\/p>\n\n<h2 class=\"wp-block-heading\">Cinqui\u00e8me projet avec Nyland<\/h2>\n\n<p>Le gestionnaire du <a id=\"https:\/\/urbanitae.com\/fr\/projet\/P000474\/?utm_source=blog_fr&amp;utm_medium=organic&amp;utm_campaign=urbanitae_blog_0426&amp;utm_term=projet_2&amp;utm_content=fr_proyecto_alhaurin_de_la_torre\" href=\"https:\/\/urbanitae.com\/fr\/projet\/P000474\/?utm_source=blog_fr&amp;utm_medium=organic&amp;utm_campaign=urbanitae_blog_0426&amp;utm_term=projet_2&amp;utm_content=fr_proyecto_alhaurin_de_la_torre\" target=\"_blank\" rel=\"noreferrer noopener\" type=\"link\">projet<\/a> est <strong>Nyland (marque locale d\u2019Iniciativas Inmobiliarias)<\/strong>, un promoteur immobilier bas\u00e9 \u00e0 M\u00e1laga et exp\u00e9riment\u00e9 dans le d\u00e9veloppement de projets r\u00e9sidentiels dans la province.<\/p>\n\n<p>Urbanitae a d\u00e9j\u00e0 collabor\u00e9 avec ce gestionnaire sur le projet <strong>Las Mesas<\/strong>, et il s\u2019agit ici du <strong>cinqui\u00e8me projet du promoteur sur la plateforme<\/strong>.<\/p>\n\n<p>Nyland dispose d\u2019une \u00e9quipe pluridisciplinaire sp\u00e9cialis\u00e9e dans la conception, la gestion et l\u2019ex\u00e9cution globale d\u2019actifs immobiliers. Son activit\u00e9 est principalement concentr\u00e9e sur M\u00e1laga et la Costa del Sol, o\u00f9 elle poss\u00e8de une solide exp\u00e9rience dans des localisations r\u00e9sidentielles strat\u00e9giques.<\/p>\n\n<h2 class=\"wp-block-heading\">Demande de permis de construire<\/h2>\n\n<p>Le promoteur a sign\u00e9 un contrat de r\u00e9servation (<em>arras<\/em>) sur l\u2019actif et a d\u00e9j\u00e0 vers\u00e9 <strong>130 000 euros<\/strong> du prix d\u2019achat.<\/p>\n\n<p>L\u2019entr\u00e9e des investisseurs d\u2019Urbanitae permettra de finaliser l\u2019acquisition du terrain et de couvrir les co\u00fbts initiaux de la promotion non pris en charge par le financement externe.<\/p>\n\n<p>Le projet pr\u00e9voit de <strong>d\u00e9poser la demande de permis de construire en juin<\/strong>, avec une marge suppl\u00e9mentaire int\u00e9gr\u00e9e dans le calendrier pour couvrir d\u2019\u00e9ventuels retards.<\/p>\n\n<p>D\u2019un point de vue commercial, la promotion est situ\u00e9e dans une zone o\u00f9 l\u2019offre de logements neufs est actuellement limit\u00e9e. Par ailleurs, une \u00e9tude commerciale externe a \u00e9t\u00e9 r\u00e9alis\u00e9e afin de valider les prix de vente estim\u00e9s du projet.<\/p>\n\n<h2 class=\"wp-block-heading\">Structure de l\u2019op\u00e9ration<\/h2>\n\n<p>L\u2019<a id=\"https:\/\/urbanitae.com\/fr\/projet\/P000474\/?utm_source=blog_fr&amp;utm_medium=organic&amp;utm_campaign=urbanitae_blog_0426&amp;utm_term=operation&amp;utm_content=fr_proyecto_alhaurin_de_la_torre\" href=\"https:\/\/urbanitae.com\/fr\/projet\/P000474\/?utm_source=blog_fr&amp;utm_medium=organic&amp;utm_campaign=urbanitae_blog_0426&amp;utm_term=operation&amp;utm_content=fr_proyecto_alhaurin_de_la_torre\" target=\"_blank\" rel=\"noreferrer noopener\" type=\"link\">op\u00e9ration<\/a> sera structur\u00e9e via une <strong>augmentation de capital<\/strong>, avec l\u2019entr\u00e9e des investisseurs d\u2019Urbanitae dans une soci\u00e9t\u00e9 v\u00e9hicule.<\/p>\n\n<p>Principales donn\u00e9es de l\u2019op\u00e9ration :<\/p>\n\n<ul class=\"wp-block-list\">\n<li><strong>Ticket Urbanitae :<\/strong> 923 000 \u20ac<\/li>\n \n<li><strong>Apport effectif au projet :<\/strong> 920 000 \u20ac<\/li>\n \n<li><strong>Frais administratifs et de gestion (SPV) :<\/strong> 3 000 \u20ac<\/li>\n \n<li><strong>Capital total du projet :<\/strong> 2 725 000 \u20ac<\/li>\n \n<li><strong>Apport du promoteur :<\/strong> 20 % de l\u2019investissement total<\/li>\n \n<li><strong>Dur\u00e9e estim\u00e9e :<\/strong> 34\u201338 mois<\/li>\n<\/ul>\n\n<p>Le promoteur assurera la gestion int\u00e9grale de la promotion et conservera une participation significative, contribuant ainsi \u00e0 aligner ses int\u00e9r\u00eats avec ceux des investisseurs.<\/p>\t\t\t\t\t\t\t\t<\/div>\n\t\t\t\t<\/div>\n\t\t\t\t\t<\/div>\n\t\t<\/div>\n\t\t\t\t\t<\/div>\n\t\t<\/section>\n\t\t\t\t<section class=\"elementor-section elementor-top-section elementor-element elementor-element-975c42a elementor-section-boxed elementor-section-height-default elementor-section-height-default\" data-id=\"975c42a\" data-element_type=\"section\" data-e-type=\"section\">\n\t\t\t\t\t\t<div class=\"elementor-container elementor-column-gap-default\">\n\t\t\t\t\t<div class=\"elementor-column elementor-col-100 elementor-top-column elementor-element elementor-element-c92c03d\" data-id=\"c92c03d\" data-element_type=\"column\" data-e-type=\"column\">\n\t\t\t<div class=\"elementor-widget-wrap elementor-element-populated\">\n\t\t\t\t\t\t<div class=\"elementor-element elementor-element-9743067 elementor-widget elementor-widget-video\" data-id=\"9743067\" data-element_type=\"widget\" data-e-type=\"widget\" data-settings=\"{&quot;youtube_url&quot;:&quot;https:\\\/\\\/youtu.be\\\/dkHlfzZEtE8?si=rBDPu5gW_HCVScVT&quot;,&quot;video_type&quot;:&quot;youtube&quot;,&quot;controls&quot;:&quot;yes&quot;}\" data-widget_type=\"video.default\">\n\t\t\t\t<div class=\"elementor-widget-container\">\n\t\t\t\t\t\t\t<div class=\"elementor-wrapper elementor-open-inline\">\n\t\t\t<div class=\"elementor-video\"><\/div>\t\t<\/div>\n\t\t\t\t\t\t<\/div>\n\t\t\t\t<\/div>\n\t\t\t\t\t<\/div>\n\t\t<\/div>\n\t\t\t\t\t<\/div>\n\t\t<\/section>\n\t\t\t\t<section class=\"elementor-section elementor-top-section elementor-element elementor-element-f46ecf2 elementor-section-boxed elementor-section-height-default elementor-section-height-default\" data-id=\"f46ecf2\" data-element_type=\"section\" data-e-type=\"section\">\n\t\t\t\t\t\t<div class=\"elementor-container elementor-column-gap-default\">\n\t\t\t\t\t<div class=\"elementor-column elementor-col-100 elementor-top-column elementor-element elementor-element-2cba4a0\" data-id=\"2cba4a0\" data-element_type=\"column\" data-e-type=\"column\">\n\t\t\t<div class=\"elementor-widget-wrap elementor-element-populated\">\n\t\t\t\t\t\t<div class=\"elementor-element elementor-element-71d9f61 elementor-widget elementor-widget-text-editor\" data-id=\"71d9f61\" data-element_type=\"widget\" data-e-type=\"widget\" data-widget_type=\"text-editor.default\">\n\t\t\t\t<div class=\"elementor-widget-container\">\n\t\t\t\t\t\t\t\t\t<p><\/p>\n<h2 class=\"wp-block-heading\">Pourquoi investir \u00e0 Alhaur\u00edn de la Torre<\/h2>\n<p><\/p>\n<p>Principaux points forts du projet :<\/p>\n<p><\/p>\n<ul class=\"wp-block-list\">\n<li><strong>Promotion de logements neufs<\/strong> dans l\u2019aire m\u00e9tropolitaine de M\u00e1laga<\/li>\n \n<li><strong>Produit r\u00e9sidentiel familial<\/strong>, compos\u00e9 de maisons jumel\u00e9es avec jardin, terrasse et possibilit\u00e9 de piscine priv\u00e9e<\/li>\n \n<li><strong>Localisation consolid\u00e9e<\/strong>, bien connect\u00e9e \u00e0 M\u00e1laga, \u00e0 l\u2019a\u00e9roport et \u00e0 la Costa del Sol<\/li>\n \n<li><strong>Promoteur exp\u00e9riment\u00e9<\/strong>, avec lequel Urbanitae a d\u00e9j\u00e0 collabor\u00e9<\/li>\n \n<li><strong>Cinqui\u00e8me projet du promoteur sur la plateforme<\/strong><\/li>\n \n<li><strong>Apport du promoteur de 20 %<\/strong>, renfor\u00e7ant l\u2019alignement des int\u00e9r\u00eats<\/li>\n \n<li><strong>P\u00e9nurie de logements neufs<\/strong> dans l\u2019environnement imm\u00e9diat<\/li>\n<\/ul>\n<p><\/p>\n<h2 class=\"wp-block-heading\">Informations \u00e9conomiques du projet<\/h2>\n<p><\/p>\n<p>Dans les <a id=\"https:\/\/blog.urbanitae.com\/fr\/2024\/09\/06\/quels-types-de-projets-dequity-existent-chez-urbanitae\/?utm_source=blog_fr&amp;utm_medium=organic&amp;utm_campaign=urbanitae_blog_0426&amp;utm_term=projets_en_equity&amp;utm_content=fr_proyecto_alhaurin_de_la_torre\" href=\"https:\/\/blog.urbanitae.com\/fr\/2024\/09\/06\/quels-types-de-projets-dequity-existent-chez-urbanitae\/?utm_source=blog_fr&amp;utm_medium=organic&amp;utm_campaign=urbanitae_blog_0426&amp;utm_term=projets_en_equity&amp;utm_content=fr_proyecto_alhaurin_de_la_torre\" target=\"_blank\" rel=\"noreferrer noopener\" type=\"link\">projets en equity<\/a>, la r\u00e9glementation applicable ne permet pas aux plateformes de financement participatif de communiquer une rentabilit\u00e9 estim\u00e9e pr\u00e9cise. C\u2019est pourquoi Urbanitae publie sur la page du projet trois sc\u00e9narios \u00e9conomiques \u2013 favorable, mod\u00e9r\u00e9 et d\u00e9favorable \u2013 bas\u00e9s sur diff\u00e9rentes hypoth\u00e8ses de revenus et de co\u00fbts.<\/p>\n<p><\/p>\n<p>Dans tous les cas, la rentabilit\u00e9 du projet est calcul\u00e9e selon la formule suivante :<\/p>\n<p><\/p>\n<p class=\"has-text-align-center\" style=\"text-align: center;\"><strong>(Pr\u00e9vision de revenus \u2013 Estimation des co\u00fbts) \/ Equity total<\/strong><\/p>\n<p><\/p>\n<p>Toutes les informations \u00e9conomiques, ainsi que la documentation du projet, les comparables de vente et le rapport de march\u00e9 r\u00e9alis\u00e9 par ON3, seront disponibles sur la page du projet.<\/p>\n<p><\/p>\n<h2 class=\"wp-block-heading\">Calendrier estim\u00e9<\/h2>\n<p><\/p>\n<p>La dur\u00e9e estim\u00e9e du projet est de <strong>34 \u00e0 38 mois<\/strong>.<\/p>\n<p><\/p>\n<p>Principales \u00e9tapes :<\/p>\n<p><\/p>\n<ul class=\"wp-block-list\">\n<li><strong>T2 2026 :<\/strong> apport de capital<\/li>\n \n<li><strong>T2 2026 :<\/strong> demande de permis de construire<\/li>\n \n<li><strong>T2 2026 :<\/strong> d\u00e9but de la commercialisation<\/li>\n \n<li><strong>T2 2027 :<\/strong> d\u00e9but des travaux<\/li>\n \n<li><strong>T4 2028 :<\/strong> fin des travaux<\/li>\n \n<li><strong>T1 2029 :<\/strong> d\u00e9claration d\u2019ach\u00e8vement et livraison des logements<\/li>\n \n<li><strong>T2 2029 :<\/strong> distribution des b\u00e9n\u00e9fices aux investisseurs<\/li>\n<\/ul>\n<p><\/p>\n<h2 class=\"wp-block-heading\">Une opportunit\u00e9 r\u00e9sidentielle dans l\u2019environnement de M\u00e1laga<\/h2>\n<p><\/p>\n<p>Le projet Alhaur\u00edn de la Torre permet d\u2019investir dans une promotion de logements neufs situ\u00e9e dans l\u2019un des municipes les plus consolid\u00e9s de l\u2019aire m\u00e9tropolitaine de M\u00e1laga, avec un produit orient\u00e9 vers la demande familiale et une localisation bien connect\u00e9e \u00e0 la ville, \u00e0 l\u2019a\u00e9roport et \u00e0 la Costa del Sol.<\/p>\n<p><\/p>\n<p>La combinaison de l\u2019emplacement, de l\u2019exp\u00e9rience du promoteur, de son apport en capital et de la raret\u00e9 de logements neufs dans l\u2019environnement imm\u00e9diat fait de cette op\u00e9ration une opportunit\u00e9 attractive parmi les projets de plus-value d\u2019Urbanitae.<\/p>\n<p><\/p>\n<p>N\u2019oubliez pas : le <strong>projet <a id=\"https:\/\/urbanitae.com\/fr\/projet\/P000474\/?utm_source=blog_fr&amp;utm_medium=organic&amp;utm_campaign=urbanitae_blog_0426&amp;utm_term=alhaurin_de_la_torre&amp;utm_content=fr_proyecto_alhaurin_de_la_torre\" href=\"https:\/\/urbanitae.com\/fr\/projet\/P000474\/?utm_source=blog_fr&amp;utm_medium=organic&amp;utm_campaign=urbanitae_blog_0426&amp;utm_term=alhaurin_de_la_torre&amp;utm_content=fr_proyecto_alhaurin_de_la_torre\" target=\"_blank\" rel=\"noreferrer noopener\" type=\"link\">Alhaur\u00edn de la Torre<\/a> ouvre \u00e0 l\u2019investissement le mercredi 6 mai \u00e0 16h00 (UTC+2)<\/strong>.<\/p>\n<p><\/p>\n<h2 class=\"wp-block-heading\">Des questions sur le projet ?<\/h2>\n<p><\/p>\n<p>Si vous souhaitez en savoir plus, vous pouvez poser vos questions lors du <strong><a href=\"https:\/\/us02web.zoom.us\/webinar\/register\/WN_gmkYK8iBSIax-3dqWSBfKg\" target=\"_blank\" rel=\"noreferrer noopener\">webinar<\/a> du mardi 5 mai \u00e0 12h00 (UTC+2)<\/strong>.<\/p>\n<p><\/p>\n<p>Vous pouvez \u00e9galement nous contacter \u00e0 <strong><a href=\"mailto:contacto@urbanitae.com\" target=\"_blank\" rel=\"noreferrer noopener\">contacto@urbanitae.com<\/a><\/strong> ou par t\u00e9l\u00e9phone au <strong>(+34) 911 23 25 22<\/strong>.<\/p>\t\t\t\t\t\t\t\t<\/div>\n\t\t\t\t<\/div>\n\t\t\t\t\t<\/div>\n\t\t<\/div>\n\t\t\t\t\t<\/div>\n\t\t<\/section>\n\t\t\t\t<\/div>\n\t\t","protected":false},"excerpt":{"rendered":"<p>Une promotion de 21 maisons individuelles dans l\u2019aire m\u00e9tropolitaine de M\u00e1laga, avec un gestionnaire exp\u00e9riment\u00e9 et peu d\u2019offre neuve.<\/p>\n","protected":false},"author":1,"featured_media":85253,"comment_status":"open","ping_status":"closed","sticky":false,"template":"","format":"standard","meta":{"inline_featured_image":false,"footnotes":""},"categories":[1057,927],"tags":[1964,1887],"class_list":["post-85254","post","type-post","status-publish","format-standard","has-post-thumbnail","hentry","category-projets-fr","category-projets","tag-crowdfunding-immobilier","tag-inversion-inmobiliaria-fr"],"blocksy_meta":[],"yoast_head":"<!-- This site is optimized with the Yoast SEO plugin v27.5 - https:\/\/yoast.com\/product\/yoast-seo-wordpress\/ -->\n<title>Investir \u00e0 Alhaur\u00edn de la Torre : 21 logements \u00e0 M\u00e1laga<\/title>\n<meta name=\"description\" content=\"Investissez \u00e0 Alhaur\u00edn de la Torre (M\u00e1laga) : 21 maisons individuelles dans une zone r\u00e9sidentielle consolid\u00e9e et bien connect\u00e9e.\" \/>\n<meta name=\"robots\" content=\"index, follow, max-snippet:-1, max-image-preview:large, max-video-preview:-1\" \/>\n<link rel=\"canonical\" href=\"https:\/\/blog.urbanitae.com\/fr\/2026\/04\/30\/nouveau-projet-21-maisons-individuelles-jumelees-a-alhaurin-de-la-torre\/\" \/>\n<meta property=\"og:locale\" content=\"fr_FR\" \/>\n<meta property=\"og:type\" content=\"article\" \/>\n<meta property=\"og:title\" content=\"Nouveau projet \u00e0 M\u00e1laga : logements \u00e0 Alhaur\u00edn de la Torre\" \/>\n<meta property=\"og:description\" content=\"Investissez dans une promotion de 21 maisons individuelles \u00e0 Alhaur\u00edn de la Torre, l\u2019une des zones r\u00e9sidentielles les plus demand\u00e9es de M\u00e1laga.\" \/>\n<meta property=\"og:url\" content=\"https:\/\/blog.urbanitae.com\/fr\/2026\/04\/30\/nouveau-projet-21-maisons-individuelles-jumelees-a-alhaurin-de-la-torre\/\" \/>\n<meta property=\"og:site_name\" content=\"Urbanitae Blog | Les meilleures nouvelles sur l&#039;investissement immobilier\" \/>\n<meta property=\"article:publisher\" content=\"https:\/\/www.facebook.com\/urbanitae\" \/>\n<meta property=\"article:published_time\" content=\"2026-04-30T17:26:23+00:00\" \/>\n<meta property=\"article:modified_time\" content=\"2026-04-30T17:27:40+00:00\" \/>\n<meta property=\"og:image\" content=\"https:\/\/blog.urbanitae.com\/wp-content\/uploads\/2026\/04\/invertir-en-alhaurin-de-la-torre.webp\" \/>\n\t<meta property=\"og:image:width\" content=\"1400\" \/>\n\t<meta property=\"og:image:height\" content=\"735\" \/>\n\t<meta property=\"og:image:type\" content=\"image\/webp\" \/>\n<meta name=\"author\" content=\"Equipo Urbanitae\" \/>\n<meta name=\"twitter:card\" content=\"summary_large_image\" \/>\n<meta name=\"twitter:creator\" content=\"@urbanitae\" \/>\n<meta name=\"twitter:site\" content=\"@urbanitae\" \/>\n<meta name=\"twitter:label1\" content=\"\u00c9crit par\" \/>\n\t<meta name=\"twitter:data1\" content=\"Equipo Urbanitae\" \/>\n\t<meta name=\"twitter:label2\" content=\"Dur\u00e9e de lecture estim\u00e9e\" \/>\n\t<meta name=\"twitter:data2\" content=\"5 minutes\" \/>\n<script type=\"application\/ld+json\" class=\"yoast-schema-graph\">{\"@context\":\"https:\\\/\\\/schema.org\",\"@graph\":[{\"@type\":[\"Article\",\"BlogPosting\"],\"@id\":\"https:\\\/\\\/blog.urbanitae.com\\\/fr\\\/2026\\\/04\\\/30\\\/nouveau-projet-21-maisons-individuelles-jumelees-a-alhaurin-de-la-torre\\\/#article\",\"isPartOf\":{\"@id\":\"https:\\\/\\\/blog.urbanitae.com\\\/fr\\\/2026\\\/04\\\/30\\\/nouveau-projet-21-maisons-individuelles-jumelees-a-alhaurin-de-la-torre\\\/\"},\"author\":{\"name\":\"Equipo Urbanitae\",\"@id\":\"https:\\\/\\\/blog.urbanitae.com\\\/fr\\\/#\\\/schema\\\/person\\\/e7b2d152f5654066832c53f5aa04fbf7\"},\"headline\":\"Nouveau projet : 21 maisons individuelles jumel\u00e9es \u00e0 Alhaur\u00edn de la Torre\",\"datePublished\":\"2026-04-30T17:26:23+00:00\",\"dateModified\":\"2026-04-30T17:27:40+00:00\",\"mainEntityOfPage\":{\"@id\":\"https:\\\/\\\/blog.urbanitae.com\\\/fr\\\/2026\\\/04\\\/30\\\/nouveau-projet-21-maisons-individuelles-jumelees-a-alhaurin-de-la-torre\\\/\"},\"wordCount\":1102,\"commentCount\":0,\"publisher\":{\"@id\":\"https:\\\/\\\/blog.urbanitae.com\\\/fr\\\/#organization\"},\"image\":{\"@id\":\"https:\\\/\\\/blog.urbanitae.com\\\/fr\\\/2026\\\/04\\\/30\\\/nouveau-projet-21-maisons-individuelles-jumelees-a-alhaurin-de-la-torre\\\/#primaryimage\"},\"thumbnailUrl\":\"https:\\\/\\\/blog.urbanitae.com\\\/wp-content\\\/uploads\\\/2026\\\/04\\\/invertir-en-alhaurin-de-la-torre.webp\",\"keywords\":[\"crowdfunding immobilier\",\"inversi\u00f3n inmobiliaria\"],\"articleSection\":[\"Equity\",\"Projets\"],\"inLanguage\":\"fr-FR\",\"potentialAction\":[{\"@type\":\"CommentAction\",\"name\":\"Comment\",\"target\":[\"https:\\\/\\\/blog.urbanitae.com\\\/fr\\\/2026\\\/04\\\/30\\\/nouveau-projet-21-maisons-individuelles-jumelees-a-alhaurin-de-la-torre\\\/#respond\"]}]},{\"@type\":[\"WebPage\",\"ItemPage\"],\"@id\":\"https:\\\/\\\/blog.urbanitae.com\\\/fr\\\/2026\\\/04\\\/30\\\/nouveau-projet-21-maisons-individuelles-jumelees-a-alhaurin-de-la-torre\\\/\",\"url\":\"https:\\\/\\\/blog.urbanitae.com\\\/fr\\\/2026\\\/04\\\/30\\\/nouveau-projet-21-maisons-individuelles-jumelees-a-alhaurin-de-la-torre\\\/\",\"name\":\"Investir \u00e0 Alhaur\u00edn de la Torre : 21 logements \u00e0 M\u00e1laga\",\"isPartOf\":{\"@id\":\"https:\\\/\\\/blog.urbanitae.com\\\/fr\\\/#website\"},\"primaryImageOfPage\":{\"@id\":\"https:\\\/\\\/blog.urbanitae.com\\\/fr\\\/2026\\\/04\\\/30\\\/nouveau-projet-21-maisons-individuelles-jumelees-a-alhaurin-de-la-torre\\\/#primaryimage\"},\"image\":{\"@id\":\"https:\\\/\\\/blog.urbanitae.com\\\/fr\\\/2026\\\/04\\\/30\\\/nouveau-projet-21-maisons-individuelles-jumelees-a-alhaurin-de-la-torre\\\/#primaryimage\"},\"thumbnailUrl\":\"https:\\\/\\\/blog.urbanitae.com\\\/wp-content\\\/uploads\\\/2026\\\/04\\\/invertir-en-alhaurin-de-la-torre.webp\",\"datePublished\":\"2026-04-30T17:26:23+00:00\",\"dateModified\":\"2026-04-30T17:27:40+00:00\",\"description\":\"Investissez \u00e0 Alhaur\u00edn de la Torre (M\u00e1laga) : 21 maisons individuelles dans une zone r\u00e9sidentielle consolid\u00e9e et bien connect\u00e9e.\",\"breadcrumb\":{\"@id\":\"https:\\\/\\\/blog.urbanitae.com\\\/fr\\\/2026\\\/04\\\/30\\\/nouveau-projet-21-maisons-individuelles-jumelees-a-alhaurin-de-la-torre\\\/#breadcrumb\"},\"inLanguage\":\"fr-FR\",\"potentialAction\":[{\"@type\":\"ReadAction\",\"target\":[\"https:\\\/\\\/blog.urbanitae.com\\\/fr\\\/2026\\\/04\\\/30\\\/nouveau-projet-21-maisons-individuelles-jumelees-a-alhaurin-de-la-torre\\\/\"]}]},{\"@type\":\"ImageObject\",\"inLanguage\":\"fr-FR\",\"@id\":\"https:\\\/\\\/blog.urbanitae.com\\\/fr\\\/2026\\\/04\\\/30\\\/nouveau-projet-21-maisons-individuelles-jumelees-a-alhaurin-de-la-torre\\\/#primaryimage\",\"url\":\"https:\\\/\\\/blog.urbanitae.com\\\/wp-content\\\/uploads\\\/2026\\\/04\\\/invertir-en-alhaurin-de-la-torre.webp\",\"contentUrl\":\"https:\\\/\\\/blog.urbanitae.com\\\/wp-content\\\/uploads\\\/2026\\\/04\\\/invertir-en-alhaurin-de-la-torre.webp\",\"width\":1400,\"height\":735,\"caption\":\"Invertir en Alhaur\u00edn de la Torre: 21 viviendas en M\u00e1laga. Invest in Alhaur\u00edn de la Torre: 21 homes in M\u00e1laga. Investir \u00e0 Alhaur\u00edn de la Torre : 21 logements \u00e0 M\u00e1laga. Investire ad Alhaur\u00edn de la Torre: 21 abitazioni a M\u00e1laga. Investir em Alhaur\u00edn de la Torre: 21 habita\u00e7\u00f5es em M\u00e1laga. In Alhaur\u00edn de la Torre investieren: 21 H\u00e4user in M\u00e1laga.\"},{\"@type\":\"BreadcrumbList\",\"@id\":\"https:\\\/\\\/blog.urbanitae.com\\\/fr\\\/2026\\\/04\\\/30\\\/nouveau-projet-21-maisons-individuelles-jumelees-a-alhaurin-de-la-torre\\\/#breadcrumb\",\"itemListElement\":[{\"@type\":\"ListItem\",\"position\":1,\"name\":\"Portada\",\"item\":\"https:\\\/\\\/blog.urbanitae.com\\\/fr\\\/\"},{\"@type\":\"ListItem\",\"position\":2,\"name\":\"Nouveau projet : 21 maisons individuelles jumel\u00e9es \u00e0 Alhaur\u00edn de la Torre\"}]},{\"@type\":\"WebSite\",\"@id\":\"https:\\\/\\\/blog.urbanitae.com\\\/fr\\\/#website\",\"url\":\"https:\\\/\\\/blog.urbanitae.com\\\/fr\\\/\",\"name\":\"Urbanitae Blog | Las mejores noticias sobre inversi\u00f3n inmobiliaria\",\"description\":\"L'investissement immobilier \u00e0 la port\u00e9e de tous\",\"publisher\":{\"@id\":\"https:\\\/\\\/blog.urbanitae.com\\\/fr\\\/#organization\"},\"potentialAction\":[{\"@type\":\"SearchAction\",\"target\":{\"@type\":\"EntryPoint\",\"urlTemplate\":\"https:\\\/\\\/blog.urbanitae.com\\\/fr\\\/?s={search_term_string}\"},\"query-input\":{\"@type\":\"PropertyValueSpecification\",\"valueRequired\":true,\"valueName\":\"search_term_string\"}}],\"inLanguage\":\"fr-FR\"},{\"@type\":\"Organization\",\"@id\":\"https:\\\/\\\/blog.urbanitae.com\\\/fr\\\/#organization\",\"name\":\"Urbanitae\",\"url\":\"https:\\\/\\\/blog.urbanitae.com\\\/fr\\\/\",\"logo\":{\"@type\":\"ImageObject\",\"inLanguage\":\"fr-FR\",\"@id\":\"https:\\\/\\\/blog.urbanitae.com\\\/fr\\\/#\\\/schema\\\/logo\\\/image\\\/\",\"url\":\"https:\\\/\\\/blog.urbanitae.com\\\/wp-content\\\/uploads\\\/2020\\\/04\\\/logo-verde_350x100.svg\",\"contentUrl\":\"https:\\\/\\\/blog.urbanitae.com\\\/wp-content\\\/uploads\\\/2020\\\/04\\\/logo-verde_350x100.svg\",\"width\":350,\"height\":100,\"caption\":\"Urbanitae\"},\"image\":{\"@id\":\"https:\\\/\\\/blog.urbanitae.com\\\/fr\\\/#\\\/schema\\\/logo\\\/image\\\/\"},\"sameAs\":[\"https:\\\/\\\/www.facebook.com\\\/urbanitae\",\"https:\\\/\\\/x.com\\\/urbanitae\",\"https:\\\/\\\/www.instagram.com\\\/urbanitae\",\"https:\\\/\\\/www.linkedin.com\\\/company\\\/urbanitae\",\"https:\\\/\\\/www.pinterest.es\\\/UrbanitaeSL\\\/_created\\\/\",\"https:\\\/\\\/www.youtube.com\\\/c\\\/Urbanitae_RE\"]},{\"@type\":\"Person\",\"@id\":\"https:\\\/\\\/blog.urbanitae.com\\\/fr\\\/#\\\/schema\\\/person\\\/e7b2d152f5654066832c53f5aa04fbf7\",\"name\":\"Equipo Urbanitae\",\"image\":{\"@type\":\"ImageObject\",\"inLanguage\":\"fr-FR\",\"@id\":\"https:\\\/\\\/secure.gravatar.com\\\/avatar\\\/e75782c6aa253c8ac75c13b1ec97172bb2d67437baa4354ba4b0650a97f565f2?s=96&d=mm&r=g\",\"url\":\"https:\\\/\\\/secure.gravatar.com\\\/avatar\\\/e75782c6aa253c8ac75c13b1ec97172bb2d67437baa4354ba4b0650a97f565f2?s=96&d=mm&r=g\",\"contentUrl\":\"https:\\\/\\\/secure.gravatar.com\\\/avatar\\\/e75782c6aa253c8ac75c13b1ec97172bb2d67437baa4354ba4b0650a97f565f2?s=96&d=mm&r=g\",\"caption\":\"Equipo Urbanitae\"},\"sameAs\":[\"https:\\\/\\\/urbanitae.com\"],\"url\":\"https:\\\/\\\/blog.urbanitae.com\\\/fr\\\/author\\\/urbanitae\\\/\"}]}<\/script>\n<!-- \/ Yoast SEO plugin. -->","yoast_head_json":{"title":"Investir \u00e0 Alhaur\u00edn de la Torre : 21 logements \u00e0 M\u00e1laga","description":"Investissez \u00e0 Alhaur\u00edn de la Torre (M\u00e1laga) : 21 maisons individuelles dans une zone r\u00e9sidentielle consolid\u00e9e et bien connect\u00e9e.","robots":{"index":"index","follow":"follow","max-snippet":"max-snippet:-1","max-image-preview":"max-image-preview:large","max-video-preview":"max-video-preview:-1"},"canonical":"https:\/\/blog.urbanitae.com\/fr\/2026\/04\/30\/nouveau-projet-21-maisons-individuelles-jumelees-a-alhaurin-de-la-torre\/","og_locale":"fr_FR","og_type":"article","og_title":"Nouveau projet \u00e0 M\u00e1laga : logements \u00e0 Alhaur\u00edn de la Torre","og_description":"Investissez dans une promotion de 21 maisons individuelles \u00e0 Alhaur\u00edn de la Torre, l\u2019une des zones r\u00e9sidentielles les plus demand\u00e9es de M\u00e1laga.","og_url":"https:\/\/blog.urbanitae.com\/fr\/2026\/04\/30\/nouveau-projet-21-maisons-individuelles-jumelees-a-alhaurin-de-la-torre\/","og_site_name":"Urbanitae Blog | Les meilleures nouvelles sur l'investissement immobilier","article_publisher":"https:\/\/www.facebook.com\/urbanitae","article_published_time":"2026-04-30T17:26:23+00:00","article_modified_time":"2026-04-30T17:27:40+00:00","og_image":[{"width":1400,"height":735,"url":"https:\/\/blog.urbanitae.com\/wp-content\/uploads\/2026\/04\/invertir-en-alhaurin-de-la-torre.webp","type":"image\/webp"}],"author":"Equipo Urbanitae","twitter_card":"summary_large_image","twitter_creator":"@urbanitae","twitter_site":"@urbanitae","twitter_misc":{"\u00c9crit par":"Equipo Urbanitae","Dur\u00e9e de lecture estim\u00e9e":"5 minutes"},"schema":{"@context":"https:\/\/schema.org","@graph":[{"@type":["Article","BlogPosting"],"@id":"https:\/\/blog.urbanitae.com\/fr\/2026\/04\/30\/nouveau-projet-21-maisons-individuelles-jumelees-a-alhaurin-de-la-torre\/#article","isPartOf":{"@id":"https:\/\/blog.urbanitae.com\/fr\/2026\/04\/30\/nouveau-projet-21-maisons-individuelles-jumelees-a-alhaurin-de-la-torre\/"},"author":{"name":"Equipo Urbanitae","@id":"https:\/\/blog.urbanitae.com\/fr\/#\/schema\/person\/e7b2d152f5654066832c53f5aa04fbf7"},"headline":"Nouveau projet : 21 maisons individuelles jumel\u00e9es \u00e0 Alhaur\u00edn de la Torre","datePublished":"2026-04-30T17:26:23+00:00","dateModified":"2026-04-30T17:27:40+00:00","mainEntityOfPage":{"@id":"https:\/\/blog.urbanitae.com\/fr\/2026\/04\/30\/nouveau-projet-21-maisons-individuelles-jumelees-a-alhaurin-de-la-torre\/"},"wordCount":1102,"commentCount":0,"publisher":{"@id":"https:\/\/blog.urbanitae.com\/fr\/#organization"},"image":{"@id":"https:\/\/blog.urbanitae.com\/fr\/2026\/04\/30\/nouveau-projet-21-maisons-individuelles-jumelees-a-alhaurin-de-la-torre\/#primaryimage"},"thumbnailUrl":"https:\/\/blog.urbanitae.com\/wp-content\/uploads\/2026\/04\/invertir-en-alhaurin-de-la-torre.webp","keywords":["crowdfunding immobilier","inversi\u00f3n inmobiliaria"],"articleSection":["Equity","Projets"],"inLanguage":"fr-FR","potentialAction":[{"@type":"CommentAction","name":"Comment","target":["https:\/\/blog.urbanitae.com\/fr\/2026\/04\/30\/nouveau-projet-21-maisons-individuelles-jumelees-a-alhaurin-de-la-torre\/#respond"]}]},{"@type":["WebPage","ItemPage"],"@id":"https:\/\/blog.urbanitae.com\/fr\/2026\/04\/30\/nouveau-projet-21-maisons-individuelles-jumelees-a-alhaurin-de-la-torre\/","url":"https:\/\/blog.urbanitae.com\/fr\/2026\/04\/30\/nouveau-projet-21-maisons-individuelles-jumelees-a-alhaurin-de-la-torre\/","name":"Investir \u00e0 Alhaur\u00edn de la Torre : 21 logements \u00e0 M\u00e1laga","isPartOf":{"@id":"https:\/\/blog.urbanitae.com\/fr\/#website"},"primaryImageOfPage":{"@id":"https:\/\/blog.urbanitae.com\/fr\/2026\/04\/30\/nouveau-projet-21-maisons-individuelles-jumelees-a-alhaurin-de-la-torre\/#primaryimage"},"image":{"@id":"https:\/\/blog.urbanitae.com\/fr\/2026\/04\/30\/nouveau-projet-21-maisons-individuelles-jumelees-a-alhaurin-de-la-torre\/#primaryimage"},"thumbnailUrl":"https:\/\/blog.urbanitae.com\/wp-content\/uploads\/2026\/04\/invertir-en-alhaurin-de-la-torre.webp","datePublished":"2026-04-30T17:26:23+00:00","dateModified":"2026-04-30T17:27:40+00:00","description":"Investissez \u00e0 Alhaur\u00edn de la Torre (M\u00e1laga) : 21 maisons individuelles dans une zone r\u00e9sidentielle consolid\u00e9e et bien connect\u00e9e.","breadcrumb":{"@id":"https:\/\/blog.urbanitae.com\/fr\/2026\/04\/30\/nouveau-projet-21-maisons-individuelles-jumelees-a-alhaurin-de-la-torre\/#breadcrumb"},"inLanguage":"fr-FR","potentialAction":[{"@type":"ReadAction","target":["https:\/\/blog.urbanitae.com\/fr\/2026\/04\/30\/nouveau-projet-21-maisons-individuelles-jumelees-a-alhaurin-de-la-torre\/"]}]},{"@type":"ImageObject","inLanguage":"fr-FR","@id":"https:\/\/blog.urbanitae.com\/fr\/2026\/04\/30\/nouveau-projet-21-maisons-individuelles-jumelees-a-alhaurin-de-la-torre\/#primaryimage","url":"https:\/\/blog.urbanitae.com\/wp-content\/uploads\/2026\/04\/invertir-en-alhaurin-de-la-torre.webp","contentUrl":"https:\/\/blog.urbanitae.com\/wp-content\/uploads\/2026\/04\/invertir-en-alhaurin-de-la-torre.webp","width":1400,"height":735,"caption":"Invertir en Alhaur\u00edn de la Torre: 21 viviendas en M\u00e1laga. Invest in Alhaur\u00edn de la Torre: 21 homes in M\u00e1laga. Investir \u00e0 Alhaur\u00edn de la Torre : 21 logements \u00e0 M\u00e1laga. Investire ad Alhaur\u00edn de la Torre: 21 abitazioni a M\u00e1laga. Investir em Alhaur\u00edn de la Torre: 21 habita\u00e7\u00f5es em M\u00e1laga. In Alhaur\u00edn de la Torre investieren: 21 H\u00e4user in M\u00e1laga."},{"@type":"BreadcrumbList","@id":"https:\/\/blog.urbanitae.com\/fr\/2026\/04\/30\/nouveau-projet-21-maisons-individuelles-jumelees-a-alhaurin-de-la-torre\/#breadcrumb","itemListElement":[{"@type":"ListItem","position":1,"name":"Portada","item":"https:\/\/blog.urbanitae.com\/fr\/"},{"@type":"ListItem","position":2,"name":"Nouveau projet : 21 maisons individuelles jumel\u00e9es \u00e0 Alhaur\u00edn de la Torre"}]},{"@type":"WebSite","@id":"https:\/\/blog.urbanitae.com\/fr\/#website","url":"https:\/\/blog.urbanitae.com\/fr\/","name":"Urbanitae Blog | Las mejores noticias sobre inversi\u00f3n inmobiliaria","description":"L'investissement immobilier \u00e0 la port\u00e9e de tous","publisher":{"@id":"https:\/\/blog.urbanitae.com\/fr\/#organization"},"potentialAction":[{"@type":"SearchAction","target":{"@type":"EntryPoint","urlTemplate":"https:\/\/blog.urbanitae.com\/fr\/?s={search_term_string}"},"query-input":{"@type":"PropertyValueSpecification","valueRequired":true,"valueName":"search_term_string"}}],"inLanguage":"fr-FR"},{"@type":"Organization","@id":"https:\/\/blog.urbanitae.com\/fr\/#organization","name":"Urbanitae","url":"https:\/\/blog.urbanitae.com\/fr\/","logo":{"@type":"ImageObject","inLanguage":"fr-FR","@id":"https:\/\/blog.urbanitae.com\/fr\/#\/schema\/logo\/image\/","url":"https:\/\/blog.urbanitae.com\/wp-content\/uploads\/2020\/04\/logo-verde_350x100.svg","contentUrl":"https:\/\/blog.urbanitae.com\/wp-content\/uploads\/2020\/04\/logo-verde_350x100.svg","width":350,"height":100,"caption":"Urbanitae"},"image":{"@id":"https:\/\/blog.urbanitae.com\/fr\/#\/schema\/logo\/image\/"},"sameAs":["https:\/\/www.facebook.com\/urbanitae","https:\/\/x.com\/urbanitae","https:\/\/www.instagram.com\/urbanitae","https:\/\/www.linkedin.com\/company\/urbanitae","https:\/\/www.pinterest.es\/UrbanitaeSL\/_created\/","https:\/\/www.youtube.com\/c\/Urbanitae_RE"]},{"@type":"Person","@id":"https:\/\/blog.urbanitae.com\/fr\/#\/schema\/person\/e7b2d152f5654066832c53f5aa04fbf7","name":"Equipo Urbanitae","image":{"@type":"ImageObject","inLanguage":"fr-FR","@id":"https:\/\/secure.gravatar.com\/avatar\/e75782c6aa253c8ac75c13b1ec97172bb2d67437baa4354ba4b0650a97f565f2?s=96&d=mm&r=g","url":"https:\/\/secure.gravatar.com\/avatar\/e75782c6aa253c8ac75c13b1ec97172bb2d67437baa4354ba4b0650a97f565f2?s=96&d=mm&r=g","contentUrl":"https:\/\/secure.gravatar.com\/avatar\/e75782c6aa253c8ac75c13b1ec97172bb2d67437baa4354ba4b0650a97f565f2?s=96&d=mm&r=g","caption":"Equipo Urbanitae"},"sameAs":["https:\/\/urbanitae.com"],"url":"https:\/\/blog.urbanitae.com\/fr\/author\/urbanitae\/"}]}},"_links":{"self":[{"href":"https:\/\/blog.urbanitae.com\/fr\/wp-json\/wp\/v2\/posts\/85254","targetHints":{"allow":["GET"]}}],"collection":[{"href":"https:\/\/blog.urbanitae.com\/fr\/wp-json\/wp\/v2\/posts"}],"about":[{"href":"https:\/\/blog.urbanitae.com\/fr\/wp-json\/wp\/v2\/types\/post"}],"author":[{"embeddable":true,"href":"https:\/\/blog.urbanitae.com\/fr\/wp-json\/wp\/v2\/users\/1"}],"replies":[{"embeddable":true,"href":"https:\/\/blog.urbanitae.com\/fr\/wp-json\/wp\/v2\/comments?post=85254"}],"version-history":[{"count":5,"href":"https:\/\/blog.urbanitae.com\/fr\/wp-json\/wp\/v2\/posts\/85254\/revisions"}],"predecessor-version":[{"id":85383,"href":"https:\/\/blog.urbanitae.com\/fr\/wp-json\/wp\/v2\/posts\/85254\/revisions\/85383"}],"wp:featuredmedia":[{"embeddable":true,"href":"https:\/\/blog.urbanitae.com\/fr\/wp-json\/wp\/v2\/media\/85253"}],"wp:attachment":[{"href":"https:\/\/blog.urbanitae.com\/fr\/wp-json\/wp\/v2\/media?parent=85254"}],"wp:term":[{"taxonomy":"category","embeddable":true,"href":"https:\/\/blog.urbanitae.com\/fr\/wp-json\/wp\/v2\/categories?post=85254"},{"taxonomy":"post_tag","embeddable":true,"href":"https:\/\/blog.urbanitae.com\/fr\/wp-json\/wp\/v2\/tags?post=85254"}],"curies":[{"name":"wp","href":"https:\/\/api.w.org\/{rel}","templated":true}]}}