{"id":73670,"date":"2025-11-11T10:25:57","date_gmt":"2025-11-11T09:25:57","guid":{"rendered":"https:\/\/blog.urbanitae.com\/?p=73670"},"modified":"2025-11-12T14:39:48","modified_gmt":"2025-11-12T13:39:48","slug":"le-secteur-immobilier-espagnol-principaux-enseignements-du-troisieme-trimestre-2025","status":"publish","type":"post","link":"https:\/\/blog.urbanitae.com\/fr\/2025\/11\/11\/le-secteur-immobilier-espagnol-principaux-enseignements-du-troisieme-trimestre-2025\/","title":{"rendered":"Le secteur immobilier espagnol : principaux enseignements du troisi\u00e8me trimestre 2025"},"content":{"rendered":"\n<p>\u00c0 l\u2019approche du dernier trimestre de l\u2019ann\u00e9e, <strong>le secteur immobilier espagnol 2025<\/strong> continue de progresser avec solidit\u00e9, m\u00eame si des signes de stabilisation commencent \u00e0 appara\u00eetre. C\u2019est l\u2019une des principales conclusions du <em>Rapport du troisi\u00e8me trimestre 2025 d\u2019Urbanitae<\/em>, qui analyse l\u2019\u00e9volution des prix, des ventes, des loyers et de l\u2019activit\u00e9 de promotion dans tout le pays.<\/p>\n\n\n\n<p>Apr\u00e8s plus de deux ans de resserrement mon\u00e9taire, <strong>l\u2019assouplissement progressif des taux d\u2019int\u00e9r\u00eat par la Banque centrale europ\u00e9enne<\/strong> commence \u00e0 all\u00e9ger la pression financi\u00e8re des m\u00e9nages. <strong>Le taux moyen des nouveaux pr\u00eats hypoth\u00e9caires s\u2019est \u00e9tabli \u00e0 2,94 % en juillet<\/strong>, stimulant la reprise du cr\u00e9dit et soutenant la demande de logements, qui demeure robuste malgr\u00e9 un l\u00e9ger ralentissement de l\u2019activit\u00e9.<\/p>\n\n\n\n<p>Cependant, <a href=\"https:\/\/blog.urbanitae.com\/fr\/2025\/07\/23\/deficit-de-logements-en-espagne-le-fmi-appelle-a-accelerer-la-construction\/?utm_source=blog_fr&#038;utm_medium=organic&#038;utm_campaign=urbanitae_blog_1125&#038;utm_term=desequilibre_loffre_demande&#038;utm_content=fr_mercado_inmobiliario_tercer_trimestre_2025\" target=\"_blank\" rel=\"noreferrer noopener\">le d\u00e9s\u00e9quilibre entre l\u2019offre et la demande persiste.<\/a> La Banque d\u2019Espagne estime un <strong>d\u00e9ficit d\u2019environ 700 000 logements<\/strong> que le march\u00e9 n\u2019arrive pas \u00e0 combler. Le manque de terrains disponibles, la hausse des co\u00fbts de construction et la complexit\u00e9 administrative continuent de limiter la capacit\u00e9 de r\u00e9ponse du secteur, notamment dans les grandes villes.<\/p>\n\n\n\n<h2 class=\"wp-block-heading\"><strong>Des prix record et un d\u00e9s\u00e9quilibre structurel<\/strong><\/h2>\n\n\n\n<p>Les prix des logements poursuivent leur hausse. Selon Tinsa, <strong>la valeur moyenne des logements neufs et anciens a augment\u00e9 de 11,7 % sur un an<\/strong> au troisi\u00e8me trimestre, confirmant la pression persistante sur le parc disponible. Malgr\u00e9 une reprise de la construction \u2014 avec <strong>plus de 84 000 permis d\u00e9livr\u00e9s jusqu\u2019en juillet<\/strong>, soit <strong>+10,9 % par rapport \u00e0 2024<\/strong> \u2014 <strong>l\u2019offre reste insuffisante pour r\u00e9pondre \u00e0 la demande<\/strong>, ce qui entretient la tension sur les prix.<\/p>\n\n\n\n<p>Ce d\u00e9s\u00e9quilibre s\u2019accompagne d\u2019un <strong>probl\u00e8me croissant d\u2019accessibilit\u00e9<\/strong>. En <a href=\"https:\/\/blog.urbanitae.com\/fr\/2024\/06\/29\/radiographie-de-base-du-marche-immobilier-en-2024\/?utm_source=blog_fr&#038;utm_medium=organic&#038;utm_campaign=urbanitae_blog_1125&#038;utm_term=2024&#038;utm_content=fr_mercado_inmobiliario_tercer_trimestre_2025\" target=\"_blank\" rel=\"noreferrer noopener\">2024<\/a>, le prix moyen des logements a augment\u00e9 de <strong>11,3 %<\/strong>, alors que les salaires n\u2019ont progress\u00e9 que de <strong>3,8 %<\/strong>, selon l\u2019INE. Cet \u00e9cart creuse davantage la distance entre les revenus et le co\u00fbt d\u2019acc\u00e8s \u00e0 la propri\u00e9t\u00e9, affectant particuli\u00e8rement les jeunes et les classes moyennes. Par cons\u00e9quent, <strong>le logement devient un bien de plus en plus inaccessible et renforce son r\u00f4le d\u2019actif refuge pour les investisseurs.<\/strong><\/p>\n\n\n\n<h2 class=\"wp-block-heading\"><strong>Ventes et locations : stabilisation et tensions parall\u00e8les<\/strong><\/h2>\n\n\n\n<p>Le march\u00e9 des ventes montre un ajustement naturel apr\u00e8s plusieurs trimestres de forte croissance. <strong>En ao\u00fbt, les transactions ont recul\u00e9 de 3,5 % sur un an \u2014 une premi\u00e8re depuis plus d\u2019un an \u2014, reflet des prix \u00e9lev\u00e9s et du manque de logements disponibles dans les zones les plus tendues.<\/strong><\/p>\n\n\n\n<figure class=\"wp-block-image aligncenter size-full\"><img fetchpriority=\"high\" decoding=\"async\" width=\"620\" height=\"453\" src=\"https:\/\/blog.urbanitae.com\/wp-content\/uploads\/2025\/11\/precio-alquiler-vivienda-3t-2025.png\" alt=\"Precio de la vivienda en alquiler en Espa\u00f1a (euros\/metro cuadrado). Rental housing price in Spain (euros per square metre). Prix des logements en location en Espagne (euros par m\u00e8tre carr\u00e9). Prezzo delle abitazioni in affitto in Spagna (euro al metro quadrato). Pre\u00e7o da habita\u00e7\u00e3o em arrendamento em Espanha (euros por metro quadrado). Mietwohnungspreis in Spanien (Euro pro Quadratmeter). \" class=\"wp-image-74046\" srcset=\"https:\/\/blog.urbanitae.com\/wp-content\/uploads\/2025\/11\/precio-alquiler-vivienda-3t-2025.png 620w, https:\/\/blog.urbanitae.com\/wp-content\/uploads\/2025\/11\/precio-alquiler-vivienda-3t-2025-300x219.png 300w, https:\/\/blog.urbanitae.com\/wp-content\/uploads\/2025\/11\/precio-alquiler-vivienda-3t-2025-150x110.png 150w\" sizes=\"(max-width: 620px) 100vw, 620px\" \/><\/figure>\n\n\n\n<p>\u00c0 l\u2019inverse, le march\u00e9 locatif reste sous tension, avec <strong>un prix moyen de 13,69 \u20ac\/m\u00b2 par mois<\/strong>. Bien qu\u2019une l\u00e9g\u00e8re correction trimestrielle (-4,8 %) ait \u00e9t\u00e9 observ\u00e9e, <strong>les loyers progressent encore de pr\u00e8s de 14 % sur un an<\/strong>, en raison de la raret\u00e9 de l\u2019offre dans les grands centres urbains.<\/p>\n\n\n\n<p>Ainsi, <strong>de plus en plus de familles et de petits investisseurs se tournent vers les communes p\u00e9riph\u00e9riques ou les zones m\u00e9tropolitaines<\/strong>, o\u00f9 les co\u00fbts d\u2019acquisition sont plus faibles et les rendements locatifs plus attractifs. Ce mouvement redessine la carte r\u00e9sidentielle espagnole et redistribue la pression de la demande.<\/p>\n\n\n\n<h2 class=\"wp-block-heading\"><strong>Un march\u00e9 \u00e0 plusieurs vitesses<\/strong><\/h2>\n\n\n\n<p>Le rapport distingue trois dynamiques r\u00e9gionales :<\/p>\n\n\n\n<ul class=\"wp-block-list\">\n<li><strong>Feu rouge :<\/strong> <em>Madrid (+19,4 %), Malaga (+15,3 %) et Alicante (+15,3 %)<\/em> m\u00e8nent les hausses, port\u00e9es par l\u2019investissement et la demande internationale.<\/li>\n\n\n\n<li><strong>Feu orange :<\/strong> <em>C\u00e1ceres, Palencia et Le\u00f3n<\/em> enregistrent une croissance mod\u00e9r\u00e9e d\u2019environ 2 %.<\/li>\n\n\n\n<li><strong>Feu vert :<\/strong> <em>Zamora (-0,9 %)<\/em> est la seule province en baisse, dans un contexte de faible demande et de vieillissement d\u00e9mographique.<\/li>\n<\/ul>\n\n\n\n<h2 class=\"wp-block-heading\"><strong>Perspectives : une fin d\u2019ann\u00e9e mod\u00e9r\u00e9ment dynamique<\/strong><\/h2>\n\n\n\n<p><a href=\"https:\/\/blog.urbanitae.com\/fr\/2025\/11\/03\/le-prix-du-logement-en-espagne-evolution-et-previsions-pour-2026\/?utm_source=blog_fr&#038;utm_medium=organic&#038;utm_campaign=urbanitae_blog_1125&#038;utm_term=dici_in_2025&#038;utm_content=fr_mercado_inmobiliario_tercer_trimestre_2025\" target=\"_blank\" rel=\"noreferrer noopener\">D\u2019ici la fin de 2025<\/a>, les pr\u00e9visions annoncent <strong>une mod\u00e9ration progressive de la hausse des prix<\/strong>, accompagn\u00e9e d\u2019une <strong>stabilisation des ventes<\/strong> et du <strong>maintien des tensions sur le march\u00e9 locatif<\/strong>. Selon <em>CaixaBank Research<\/em>, <strong>les prix des logements devraient augmenter de 9,6 % en 2025 et de 6,3 % en 2026<\/strong>, marquant l\u2019entr\u00e9e dans une phase de croissance plus durable.<\/p>\n\n\n\n<p>Avec <strong>une croissance du PIB pr\u00e9vue \u00e0 2,6 %<\/strong>, <strong>une inflation autour de 2,5 %<\/strong> et <strong>un taux de ch\u00f4mage proche de 10,5 %<\/strong>, l\u2019\u00e9conomie espagnole devrait continuer \u00e0 offrir un cadre stable pour l\u2019activit\u00e9 immobili\u00e8re. Toutefois, <strong>le renforcement de l\u2019offre r\u00e9sidentielle reste essentiel pour r\u00e9\u00e9quilibrer durablement le secteur immobilier espagnol 2025 et au-del\u00e0.<\/strong><\/p>\n\n\n\n<div data-wp-interactive=\"core\/file\" class=\"wp-block-file\"><object data-wp-bind--hidden=\"!state.hasPdfPreview\" hidden class=\"wp-block-file__embed\" data=\"https:\/\/blog.urbanitae.com\/wp-content\/uploads\/2025\/11\/informe_vivienda_urbanitae_2025_q3_en-1.pdf\" type=\"application\/pdf\" style=\"width:100%;height:600px\" aria-label=\"Contenu embarqu\u00e9 informe_vivienda_urbanitae_2025_q3_en.\"><\/object><a id=\"wp-block-file--media-fbc4c2cc-2d98-40df-b594-fd7032acaa33\" href=\"https:\/\/blog.urbanitae.com\/wp-content\/uploads\/2025\/11\/informe_vivienda_urbanitae_2025_q3_en-1.pdf\">informe_vivienda_urbanitae_2025_q3_en<\/a><a href=\"https:\/\/blog.urbanitae.com\/wp-content\/uploads\/2025\/11\/informe_vivienda_urbanitae_2025_q3_en-1.pdf\" class=\"wp-block-file__button wp-element-button\" download aria-describedby=\"wp-block-file--media-fbc4c2cc-2d98-40df-b594-fd7032acaa33\">Descarga<\/a><\/div>\n","protected":false},"excerpt":{"rendered":"<p>Au troisi\u00e8me trimestre 2025, le secteur immobilier espagnol se stabilise, avec une forte demande et des prix toujours sous tension.<\/p>\n","protected":false},"author":1,"featured_media":73723,"comment_status":"open","ping_status":"closed","sticky":false,"template":"","format":"standard","meta":{"inline_featured_image":false,"footnotes":""},"categories":[1026,1087],"tags":[1887,987,1008],"class_list":["post-73670","post","type-post","status-publish","format-standard","has-post-thumbnail","hentry","category-investissement-immobilier-fr","category-urbanitae-fr","tag-inversion-inmobiliaria-fr","tag-logement","tag-urbanitae-fr"],"blocksy_meta":[],"yoast_head":"<!-- This site is optimized with the Yoast SEO plugin v27.5 - https:\/\/yoast.com\/product\/yoast-seo-wordpress\/ -->\n<title>Le secteur immobilier espagnol : principaux enseignements du troisi\u00e8me trimestre 2025<\/title>\n<meta name=\"description\" content=\"Le secteur immobilier espagnol 2025 se stabilise, avec des prix \u00e9lev\u00e9s, une offre limit\u00e9e et un march\u00e9 locatif toujours sous tension.\" \/>\n<meta name=\"robots\" content=\"index, follow, max-snippet:-1, max-image-preview:large, max-video-preview:-1\" \/>\n<link rel=\"canonical\" href=\"https:\/\/blog.urbanitae.com\/fr\/2025\/11\/11\/le-secteur-immobilier-espagnol-principaux-enseignements-du-troisieme-trimestre-2025\/\" \/>\n<meta property=\"og:locale\" content=\"fr_FR\" \/>\n<meta property=\"og:type\" content=\"article\" \/>\n<meta property=\"og:title\" content=\"Le secteur immobilier espagnol 2025 : entre stabilit\u00e9 et manque d\u2019offre\" \/>\n<meta property=\"og:description\" content=\"Le secteur immobilier espagnol 2025 se stabilise, avec des prix \u00e9lev\u00e9s, une offre limit\u00e9e et un march\u00e9 locatif toujours sous tension.\" \/>\n<meta property=\"og:url\" content=\"https:\/\/blog.urbanitae.com\/fr\/2025\/11\/11\/le-secteur-immobilier-espagnol-principaux-enseignements-du-troisieme-trimestre-2025\/\" \/>\n<meta property=\"og:site_name\" content=\"Urbanitae Blog | Les meilleures nouvelles sur l&#039;investissement immobilier\" \/>\n<meta property=\"article:publisher\" content=\"https:\/\/www.facebook.com\/urbanitae\" \/>\n<meta property=\"article:published_time\" content=\"2025-11-11T09:25:57+00:00\" \/>\n<meta property=\"article:modified_time\" content=\"2025-11-12T13:39:48+00:00\" \/>\n<meta property=\"og:image\" content=\"https:\/\/blog.urbanitae.com\/wp-content\/uploads\/2025\/11\/Destacada-blog-37.webp\" \/>\n\t<meta property=\"og:image:width\" content=\"1400\" \/>\n\t<meta property=\"og:image:height\" content=\"735\" \/>\n\t<meta property=\"og:image:type\" content=\"image\/webp\" \/>\n<meta name=\"author\" content=\"Equipo Urbanitae\" \/>\n<meta name=\"twitter:card\" content=\"summary_large_image\" \/>\n<meta name=\"twitter:creator\" content=\"@urbanitae\" \/>\n<meta name=\"twitter:site\" content=\"@urbanitae\" \/>\n<meta name=\"twitter:label1\" content=\"\u00c9crit par\" \/>\n\t<meta name=\"twitter:data1\" content=\"Equipo Urbanitae\" \/>\n\t<meta name=\"twitter:label2\" content=\"Dur\u00e9e de lecture estim\u00e9e\" \/>\n\t<meta name=\"twitter:data2\" content=\"4 minutes\" \/>\n<script type=\"application\/ld+json\" class=\"yoast-schema-graph\">{\"@context\":\"https:\\\/\\\/schema.org\",\"@graph\":[{\"@type\":[\"Article\",\"BlogPosting\"],\"@id\":\"https:\\\/\\\/blog.urbanitae.com\\\/fr\\\/2025\\\/11\\\/11\\\/le-secteur-immobilier-espagnol-principaux-enseignements-du-troisieme-trimestre-2025\\\/#article\",\"isPartOf\":{\"@id\":\"https:\\\/\\\/blog.urbanitae.com\\\/fr\\\/2025\\\/11\\\/11\\\/le-secteur-immobilier-espagnol-principaux-enseignements-du-troisieme-trimestre-2025\\\/\"},\"author\":{\"name\":\"Equipo Urbanitae\",\"@id\":\"https:\\\/\\\/blog.urbanitae.com\\\/fr\\\/#\\\/schema\\\/person\\\/e7b2d152f5654066832c53f5aa04fbf7\"},\"headline\":\"Le secteur immobilier espagnol : principaux enseignements du troisi\u00e8me trimestre 2025\",\"datePublished\":\"2025-11-11T09:25:57+00:00\",\"dateModified\":\"2025-11-12T13:39:48+00:00\",\"mainEntityOfPage\":{\"@id\":\"https:\\\/\\\/blog.urbanitae.com\\\/fr\\\/2025\\\/11\\\/11\\\/le-secteur-immobilier-espagnol-principaux-enseignements-du-troisieme-trimestre-2025\\\/\"},\"wordCount\":733,\"commentCount\":0,\"publisher\":{\"@id\":\"https:\\\/\\\/blog.urbanitae.com\\\/fr\\\/#organization\"},\"image\":{\"@id\":\"https:\\\/\\\/blog.urbanitae.com\\\/fr\\\/2025\\\/11\\\/11\\\/le-secteur-immobilier-espagnol-principaux-enseignements-du-troisieme-trimestre-2025\\\/#primaryimage\"},\"thumbnailUrl\":\"https:\\\/\\\/blog.urbanitae.com\\\/wp-content\\\/uploads\\\/2025\\\/11\\\/Destacada-blog-37.webp\",\"keywords\":[\"inversi\u00f3n inmobiliaria\",\"logement\",\"Urbanitae\"],\"articleSection\":[\"Investissement immobilier\",\"Urbanitae\"],\"inLanguage\":\"fr-FR\",\"potentialAction\":[{\"@type\":\"CommentAction\",\"name\":\"Comment\",\"target\":[\"https:\\\/\\\/blog.urbanitae.com\\\/fr\\\/2025\\\/11\\\/11\\\/le-secteur-immobilier-espagnol-principaux-enseignements-du-troisieme-trimestre-2025\\\/#respond\"]}]},{\"@type\":[\"WebPage\",\"ItemPage\"],\"@id\":\"https:\\\/\\\/blog.urbanitae.com\\\/fr\\\/2025\\\/11\\\/11\\\/le-secteur-immobilier-espagnol-principaux-enseignements-du-troisieme-trimestre-2025\\\/\",\"url\":\"https:\\\/\\\/blog.urbanitae.com\\\/fr\\\/2025\\\/11\\\/11\\\/le-secteur-immobilier-espagnol-principaux-enseignements-du-troisieme-trimestre-2025\\\/\",\"name\":\"Le secteur immobilier espagnol : principaux enseignements du troisi\u00e8me trimestre 2025\",\"isPartOf\":{\"@id\":\"https:\\\/\\\/blog.urbanitae.com\\\/fr\\\/#website\"},\"primaryImageOfPage\":{\"@id\":\"https:\\\/\\\/blog.urbanitae.com\\\/fr\\\/2025\\\/11\\\/11\\\/le-secteur-immobilier-espagnol-principaux-enseignements-du-troisieme-trimestre-2025\\\/#primaryimage\"},\"image\":{\"@id\":\"https:\\\/\\\/blog.urbanitae.com\\\/fr\\\/2025\\\/11\\\/11\\\/le-secteur-immobilier-espagnol-principaux-enseignements-du-troisieme-trimestre-2025\\\/#primaryimage\"},\"thumbnailUrl\":\"https:\\\/\\\/blog.urbanitae.com\\\/wp-content\\\/uploads\\\/2025\\\/11\\\/Destacada-blog-37.webp\",\"datePublished\":\"2025-11-11T09:25:57+00:00\",\"dateModified\":\"2025-11-12T13:39:48+00:00\",\"description\":\"Le secteur immobilier espagnol 2025 se stabilise, avec des prix \u00e9lev\u00e9s, une offre limit\u00e9e et un march\u00e9 locatif toujours sous tension.\",\"breadcrumb\":{\"@id\":\"https:\\\/\\\/blog.urbanitae.com\\\/fr\\\/2025\\\/11\\\/11\\\/le-secteur-immobilier-espagnol-principaux-enseignements-du-troisieme-trimestre-2025\\\/#breadcrumb\"},\"inLanguage\":\"fr-FR\",\"potentialAction\":[{\"@type\":\"ReadAction\",\"target\":[\"https:\\\/\\\/blog.urbanitae.com\\\/fr\\\/2025\\\/11\\\/11\\\/le-secteur-immobilier-espagnol-principaux-enseignements-du-troisieme-trimestre-2025\\\/\"]}]},{\"@type\":\"ImageObject\",\"inLanguage\":\"fr-FR\",\"@id\":\"https:\\\/\\\/blog.urbanitae.com\\\/fr\\\/2025\\\/11\\\/11\\\/le-secteur-immobilier-espagnol-principaux-enseignements-du-troisieme-trimestre-2025\\\/#primaryimage\",\"url\":\"https:\\\/\\\/blog.urbanitae.com\\\/wp-content\\\/uploads\\\/2025\\\/11\\\/Destacada-blog-37.webp\",\"contentUrl\":\"https:\\\/\\\/blog.urbanitae.com\\\/wp-content\\\/uploads\\\/2025\\\/11\\\/Destacada-blog-37.webp\",\"width\":1400,\"height\":735,\"caption\":\"El sector inmobiliario espa\u00f1ol claves del tercer trimestre de 2025 The Spanish Real Estate Sector Key Insights from the Third Quarter of 2025 Le secteur immobilier espagnol principaux enseignements du troisi\u00e8me trimestre 2025 Der spanische Immobiliensektor Schl\u00fcsselfaktoren des dritten Quartals 2025 Il settore immobiliare spagnolo punti chiave del terzo trimestre 2025 O setor imobili\u00e1rio espanhol principais tend\u00eancias do terceiro trimestre de 2025\"},{\"@type\":\"BreadcrumbList\",\"@id\":\"https:\\\/\\\/blog.urbanitae.com\\\/fr\\\/2025\\\/11\\\/11\\\/le-secteur-immobilier-espagnol-principaux-enseignements-du-troisieme-trimestre-2025\\\/#breadcrumb\",\"itemListElement\":[{\"@type\":\"ListItem\",\"position\":1,\"name\":\"Portada\",\"item\":\"https:\\\/\\\/blog.urbanitae.com\\\/fr\\\/\"},{\"@type\":\"ListItem\",\"position\":2,\"name\":\"Le secteur immobilier espagnol : principaux enseignements du troisi\u00e8me trimestre 2025\"}]},{\"@type\":\"WebSite\",\"@id\":\"https:\\\/\\\/blog.urbanitae.com\\\/fr\\\/#website\",\"url\":\"https:\\\/\\\/blog.urbanitae.com\\\/fr\\\/\",\"name\":\"Urbanitae Blog | Las mejores noticias sobre inversi\u00f3n inmobiliaria\",\"description\":\"L'investissement immobilier \u00e0 la port\u00e9e de tous\",\"publisher\":{\"@id\":\"https:\\\/\\\/blog.urbanitae.com\\\/fr\\\/#organization\"},\"potentialAction\":[{\"@type\":\"SearchAction\",\"target\":{\"@type\":\"EntryPoint\",\"urlTemplate\":\"https:\\\/\\\/blog.urbanitae.com\\\/fr\\\/?s={search_term_string}\"},\"query-input\":{\"@type\":\"PropertyValueSpecification\",\"valueRequired\":true,\"valueName\":\"search_term_string\"}}],\"inLanguage\":\"fr-FR\"},{\"@type\":\"Organization\",\"@id\":\"https:\\\/\\\/blog.urbanitae.com\\\/fr\\\/#organization\",\"name\":\"Urbanitae\",\"url\":\"https:\\\/\\\/blog.urbanitae.com\\\/fr\\\/\",\"logo\":{\"@type\":\"ImageObject\",\"inLanguage\":\"fr-FR\",\"@id\":\"https:\\\/\\\/blog.urbanitae.com\\\/fr\\\/#\\\/schema\\\/logo\\\/image\\\/\",\"url\":\"https:\\\/\\\/blog.urbanitae.com\\\/wp-content\\\/uploads\\\/2020\\\/04\\\/logo-verde_350x100.svg\",\"contentUrl\":\"https:\\\/\\\/blog.urbanitae.com\\\/wp-content\\\/uploads\\\/2020\\\/04\\\/logo-verde_350x100.svg\",\"width\":350,\"height\":100,\"caption\":\"Urbanitae\"},\"image\":{\"@id\":\"https:\\\/\\\/blog.urbanitae.com\\\/fr\\\/#\\\/schema\\\/logo\\\/image\\\/\"},\"sameAs\":[\"https:\\\/\\\/www.facebook.com\\\/urbanitae\",\"https:\\\/\\\/x.com\\\/urbanitae\",\"https:\\\/\\\/www.instagram.com\\\/urbanitae\",\"https:\\\/\\\/www.linkedin.com\\\/company\\\/urbanitae\",\"https:\\\/\\\/www.pinterest.es\\\/UrbanitaeSL\\\/_created\\\/\",\"https:\\\/\\\/www.youtube.com\\\/c\\\/Urbanitae_RE\"]},{\"@type\":\"Person\",\"@id\":\"https:\\\/\\\/blog.urbanitae.com\\\/fr\\\/#\\\/schema\\\/person\\\/e7b2d152f5654066832c53f5aa04fbf7\",\"name\":\"Equipo Urbanitae\",\"image\":{\"@type\":\"ImageObject\",\"inLanguage\":\"fr-FR\",\"@id\":\"https:\\\/\\\/secure.gravatar.com\\\/avatar\\\/e75782c6aa253c8ac75c13b1ec97172bb2d67437baa4354ba4b0650a97f565f2?s=96&d=mm&r=g\",\"url\":\"https:\\\/\\\/secure.gravatar.com\\\/avatar\\\/e75782c6aa253c8ac75c13b1ec97172bb2d67437baa4354ba4b0650a97f565f2?s=96&d=mm&r=g\",\"contentUrl\":\"https:\\\/\\\/secure.gravatar.com\\\/avatar\\\/e75782c6aa253c8ac75c13b1ec97172bb2d67437baa4354ba4b0650a97f565f2?s=96&d=mm&r=g\",\"caption\":\"Equipo Urbanitae\"},\"sameAs\":[\"https:\\\/\\\/urbanitae.com\"],\"url\":\"https:\\\/\\\/blog.urbanitae.com\\\/fr\\\/author\\\/urbanitae\\\/\"}]}<\/script>\n<!-- \/ Yoast SEO plugin. -->","yoast_head_json":{"title":"Le secteur immobilier espagnol : principaux enseignements du troisi\u00e8me trimestre 2025","description":"Le secteur immobilier espagnol 2025 se stabilise, avec des prix \u00e9lev\u00e9s, une offre limit\u00e9e et un march\u00e9 locatif toujours sous tension.","robots":{"index":"index","follow":"follow","max-snippet":"max-snippet:-1","max-image-preview":"max-image-preview:large","max-video-preview":"max-video-preview:-1"},"canonical":"https:\/\/blog.urbanitae.com\/fr\/2025\/11\/11\/le-secteur-immobilier-espagnol-principaux-enseignements-du-troisieme-trimestre-2025\/","og_locale":"fr_FR","og_type":"article","og_title":"Le secteur immobilier espagnol 2025 : entre stabilit\u00e9 et manque d\u2019offre","og_description":"Le secteur immobilier espagnol 2025 se stabilise, avec des prix \u00e9lev\u00e9s, une offre limit\u00e9e et un march\u00e9 locatif toujours sous tension.","og_url":"https:\/\/blog.urbanitae.com\/fr\/2025\/11\/11\/le-secteur-immobilier-espagnol-principaux-enseignements-du-troisieme-trimestre-2025\/","og_site_name":"Urbanitae Blog | Les meilleures nouvelles sur l'investissement immobilier","article_publisher":"https:\/\/www.facebook.com\/urbanitae","article_published_time":"2025-11-11T09:25:57+00:00","article_modified_time":"2025-11-12T13:39:48+00:00","og_image":[{"width":1400,"height":735,"url":"https:\/\/blog.urbanitae.com\/wp-content\/uploads\/2025\/11\/Destacada-blog-37.webp","type":"image\/webp"}],"author":"Equipo Urbanitae","twitter_card":"summary_large_image","twitter_creator":"@urbanitae","twitter_site":"@urbanitae","twitter_misc":{"\u00c9crit par":"Equipo Urbanitae","Dur\u00e9e de lecture estim\u00e9e":"4 minutes"},"schema":{"@context":"https:\/\/schema.org","@graph":[{"@type":["Article","BlogPosting"],"@id":"https:\/\/blog.urbanitae.com\/fr\/2025\/11\/11\/le-secteur-immobilier-espagnol-principaux-enseignements-du-troisieme-trimestre-2025\/#article","isPartOf":{"@id":"https:\/\/blog.urbanitae.com\/fr\/2025\/11\/11\/le-secteur-immobilier-espagnol-principaux-enseignements-du-troisieme-trimestre-2025\/"},"author":{"name":"Equipo Urbanitae","@id":"https:\/\/blog.urbanitae.com\/fr\/#\/schema\/person\/e7b2d152f5654066832c53f5aa04fbf7"},"headline":"Le secteur immobilier espagnol : principaux enseignements du troisi\u00e8me trimestre 2025","datePublished":"2025-11-11T09:25:57+00:00","dateModified":"2025-11-12T13:39:48+00:00","mainEntityOfPage":{"@id":"https:\/\/blog.urbanitae.com\/fr\/2025\/11\/11\/le-secteur-immobilier-espagnol-principaux-enseignements-du-troisieme-trimestre-2025\/"},"wordCount":733,"commentCount":0,"publisher":{"@id":"https:\/\/blog.urbanitae.com\/fr\/#organization"},"image":{"@id":"https:\/\/blog.urbanitae.com\/fr\/2025\/11\/11\/le-secteur-immobilier-espagnol-principaux-enseignements-du-troisieme-trimestre-2025\/#primaryimage"},"thumbnailUrl":"https:\/\/blog.urbanitae.com\/wp-content\/uploads\/2025\/11\/Destacada-blog-37.webp","keywords":["inversi\u00f3n inmobiliaria","logement","Urbanitae"],"articleSection":["Investissement immobilier","Urbanitae"],"inLanguage":"fr-FR","potentialAction":[{"@type":"CommentAction","name":"Comment","target":["https:\/\/blog.urbanitae.com\/fr\/2025\/11\/11\/le-secteur-immobilier-espagnol-principaux-enseignements-du-troisieme-trimestre-2025\/#respond"]}]},{"@type":["WebPage","ItemPage"],"@id":"https:\/\/blog.urbanitae.com\/fr\/2025\/11\/11\/le-secteur-immobilier-espagnol-principaux-enseignements-du-troisieme-trimestre-2025\/","url":"https:\/\/blog.urbanitae.com\/fr\/2025\/11\/11\/le-secteur-immobilier-espagnol-principaux-enseignements-du-troisieme-trimestre-2025\/","name":"Le secteur immobilier espagnol : principaux enseignements du troisi\u00e8me trimestre 2025","isPartOf":{"@id":"https:\/\/blog.urbanitae.com\/fr\/#website"},"primaryImageOfPage":{"@id":"https:\/\/blog.urbanitae.com\/fr\/2025\/11\/11\/le-secteur-immobilier-espagnol-principaux-enseignements-du-troisieme-trimestre-2025\/#primaryimage"},"image":{"@id":"https:\/\/blog.urbanitae.com\/fr\/2025\/11\/11\/le-secteur-immobilier-espagnol-principaux-enseignements-du-troisieme-trimestre-2025\/#primaryimage"},"thumbnailUrl":"https:\/\/blog.urbanitae.com\/wp-content\/uploads\/2025\/11\/Destacada-blog-37.webp","datePublished":"2025-11-11T09:25:57+00:00","dateModified":"2025-11-12T13:39:48+00:00","description":"Le secteur immobilier espagnol 2025 se stabilise, avec des prix \u00e9lev\u00e9s, une offre limit\u00e9e et un march\u00e9 locatif toujours sous tension.","breadcrumb":{"@id":"https:\/\/blog.urbanitae.com\/fr\/2025\/11\/11\/le-secteur-immobilier-espagnol-principaux-enseignements-du-troisieme-trimestre-2025\/#breadcrumb"},"inLanguage":"fr-FR","potentialAction":[{"@type":"ReadAction","target":["https:\/\/blog.urbanitae.com\/fr\/2025\/11\/11\/le-secteur-immobilier-espagnol-principaux-enseignements-du-troisieme-trimestre-2025\/"]}]},{"@type":"ImageObject","inLanguage":"fr-FR","@id":"https:\/\/blog.urbanitae.com\/fr\/2025\/11\/11\/le-secteur-immobilier-espagnol-principaux-enseignements-du-troisieme-trimestre-2025\/#primaryimage","url":"https:\/\/blog.urbanitae.com\/wp-content\/uploads\/2025\/11\/Destacada-blog-37.webp","contentUrl":"https:\/\/blog.urbanitae.com\/wp-content\/uploads\/2025\/11\/Destacada-blog-37.webp","width":1400,"height":735,"caption":"El sector inmobiliario espa\u00f1ol claves del tercer trimestre de 2025 The Spanish Real Estate Sector Key Insights from the Third Quarter of 2025 Le secteur immobilier espagnol principaux enseignements du troisi\u00e8me trimestre 2025 Der spanische Immobiliensektor Schl\u00fcsselfaktoren des dritten Quartals 2025 Il settore immobiliare spagnolo punti chiave del terzo trimestre 2025 O setor imobili\u00e1rio espanhol principais tend\u00eancias do terceiro trimestre de 2025"},{"@type":"BreadcrumbList","@id":"https:\/\/blog.urbanitae.com\/fr\/2025\/11\/11\/le-secteur-immobilier-espagnol-principaux-enseignements-du-troisieme-trimestre-2025\/#breadcrumb","itemListElement":[{"@type":"ListItem","position":1,"name":"Portada","item":"https:\/\/blog.urbanitae.com\/fr\/"},{"@type":"ListItem","position":2,"name":"Le secteur immobilier espagnol : principaux enseignements du troisi\u00e8me trimestre 2025"}]},{"@type":"WebSite","@id":"https:\/\/blog.urbanitae.com\/fr\/#website","url":"https:\/\/blog.urbanitae.com\/fr\/","name":"Urbanitae Blog | Las mejores noticias sobre inversi\u00f3n inmobiliaria","description":"L'investissement immobilier \u00e0 la port\u00e9e de tous","publisher":{"@id":"https:\/\/blog.urbanitae.com\/fr\/#organization"},"potentialAction":[{"@type":"SearchAction","target":{"@type":"EntryPoint","urlTemplate":"https:\/\/blog.urbanitae.com\/fr\/?s={search_term_string}"},"query-input":{"@type":"PropertyValueSpecification","valueRequired":true,"valueName":"search_term_string"}}],"inLanguage":"fr-FR"},{"@type":"Organization","@id":"https:\/\/blog.urbanitae.com\/fr\/#organization","name":"Urbanitae","url":"https:\/\/blog.urbanitae.com\/fr\/","logo":{"@type":"ImageObject","inLanguage":"fr-FR","@id":"https:\/\/blog.urbanitae.com\/fr\/#\/schema\/logo\/image\/","url":"https:\/\/blog.urbanitae.com\/wp-content\/uploads\/2020\/04\/logo-verde_350x100.svg","contentUrl":"https:\/\/blog.urbanitae.com\/wp-content\/uploads\/2020\/04\/logo-verde_350x100.svg","width":350,"height":100,"caption":"Urbanitae"},"image":{"@id":"https:\/\/blog.urbanitae.com\/fr\/#\/schema\/logo\/image\/"},"sameAs":["https:\/\/www.facebook.com\/urbanitae","https:\/\/x.com\/urbanitae","https:\/\/www.instagram.com\/urbanitae","https:\/\/www.linkedin.com\/company\/urbanitae","https:\/\/www.pinterest.es\/UrbanitaeSL\/_created\/","https:\/\/www.youtube.com\/c\/Urbanitae_RE"]},{"@type":"Person","@id":"https:\/\/blog.urbanitae.com\/fr\/#\/schema\/person\/e7b2d152f5654066832c53f5aa04fbf7","name":"Equipo Urbanitae","image":{"@type":"ImageObject","inLanguage":"fr-FR","@id":"https:\/\/secure.gravatar.com\/avatar\/e75782c6aa253c8ac75c13b1ec97172bb2d67437baa4354ba4b0650a97f565f2?s=96&d=mm&r=g","url":"https:\/\/secure.gravatar.com\/avatar\/e75782c6aa253c8ac75c13b1ec97172bb2d67437baa4354ba4b0650a97f565f2?s=96&d=mm&r=g","contentUrl":"https:\/\/secure.gravatar.com\/avatar\/e75782c6aa253c8ac75c13b1ec97172bb2d67437baa4354ba4b0650a97f565f2?s=96&d=mm&r=g","caption":"Equipo Urbanitae"},"sameAs":["https:\/\/urbanitae.com"],"url":"https:\/\/blog.urbanitae.com\/fr\/author\/urbanitae\/"}]}},"_links":{"self":[{"href":"https:\/\/blog.urbanitae.com\/fr\/wp-json\/wp\/v2\/posts\/73670","targetHints":{"allow":["GET"]}}],"collection":[{"href":"https:\/\/blog.urbanitae.com\/fr\/wp-json\/wp\/v2\/posts"}],"about":[{"href":"https:\/\/blog.urbanitae.com\/fr\/wp-json\/wp\/v2\/types\/post"}],"author":[{"embeddable":true,"href":"https:\/\/blog.urbanitae.com\/fr\/wp-json\/wp\/v2\/users\/1"}],"replies":[{"embeddable":true,"href":"https:\/\/blog.urbanitae.com\/fr\/wp-json\/wp\/v2\/comments?post=73670"}],"version-history":[{"count":0,"href":"https:\/\/blog.urbanitae.com\/fr\/wp-json\/wp\/v2\/posts\/73670\/revisions"}],"wp:featuredmedia":[{"embeddable":true,"href":"https:\/\/blog.urbanitae.com\/fr\/wp-json\/wp\/v2\/media\/73723"}],"wp:attachment":[{"href":"https:\/\/blog.urbanitae.com\/fr\/wp-json\/wp\/v2\/media?parent=73670"}],"wp:term":[{"taxonomy":"category","embeddable":true,"href":"https:\/\/blog.urbanitae.com\/fr\/wp-json\/wp\/v2\/categories?post=73670"},{"taxonomy":"post_tag","embeddable":true,"href":"https:\/\/blog.urbanitae.com\/fr\/wp-json\/wp\/v2\/tags?post=73670"}],"curies":[{"name":"wp","href":"https:\/\/api.w.org\/{rel}","templated":true}]}}