{"id":68039,"date":"2025-08-20T10:38:55","date_gmt":"2025-08-20T08:38:55","guid":{"rendered":"https:\/\/blog.urbanitae.com\/?p=68039"},"modified":"2025-08-28T13:13:44","modified_gmt":"2025-08-28T11:13:44","slug":"nouveau-projet-investissez-dans-52-maisons-individuelles-sur-la-costa-del-sol","status":"publish","type":"post","link":"https:\/\/blog.urbanitae.com\/fr\/2025\/08\/20\/nouveau-projet-investissez-dans-52-maisons-individuelles-sur-la-costa-del-sol\/","title":{"rendered":"Investissez dans 52 maisons individuelles sur la Costa del Sol"},"content":{"rendered":"\t\t<div data-elementor-type=\"wp-post\" data-elementor-id=\"68039\" class=\"elementor elementor-68039 elementor-68033\">\n\t\t\t\t\t\t<section class=\"elementor-section elementor-top-section elementor-element elementor-element-3855f13d elementor-section-boxed elementor-section-height-default elementor-section-height-default\" data-id=\"3855f13d\" data-element_type=\"section\" data-e-type=\"section\">\n\t\t\t\t\t\t<div class=\"elementor-container elementor-column-gap-default\">\n\t\t\t\t\t<div class=\"elementor-column elementor-col-100 elementor-top-column elementor-element elementor-element-5879e633\" data-id=\"5879e633\" data-element_type=\"column\" data-e-type=\"column\">\n\t\t\t<div class=\"elementor-widget-wrap elementor-element-populated\">\n\t\t\t\t\t\t<div class=\"elementor-element elementor-element-5e2e76c3 elementor-widget elementor-widget-text-editor\" data-id=\"5e2e76c3\" data-element_type=\"widget\" data-e-type=\"widget\" data-widget_type=\"text-editor.default\">\n\t\t\t\t<div class=\"elementor-widget-container\">\n\t\t\t\t\t\t\t\t\t<p><\/p>\n<p>Urbanitae ouvre une nouvelle opportunit\u00e9 de co-investissement immobilier sur la Costa del Sol aux c\u00f4t\u00e9s de Top Gesti\u00f3n, l\u2019un des promoteurs les plus actifs dans la zone d\u2019El Higuer\u00f3n (Fuengirola, Malaga). Il s\u2019agit du <strong>projet <a href=\"https:\/\/urbanitae.com\/fr\/projet\/P000389?utm_source=blog_fr&amp;utm_medium=organic&amp;utm_campaign=urbanitae_blog_0825&amp;utm_term=kala_1&amp;utm_content=fr_proyecto_kala\" target=\"_blank\" rel=\"noreferrer noopener\">Kala<\/a><\/strong>, un programme de <strong>52 maisons individuelles<\/strong> avec des espaces communs haut de gamme : deux piscines ext\u00e9rieures, une salle de sport, une salle polyvalente et des jardins paysagers.<\/p>\n<p> <\/p>\n<p>Vous pourrez investir \u00e0 partir du <strong>lundi 25 ao\u00fbt \u00e0 12h (UTC+2)<\/strong>. Voici les d\u00e9tails.<\/p>\n<p> <\/p>\n<h2 class=\"wp-block-heading\">Un emplacement privil\u00e9gi\u00e9 sur la Costa del Sol<\/h2>\n<p> <\/p>\n<p>Le projet est situ\u00e9 \u00e0 El Higuer\u00f3n, l\u2019un des quartiers r\u00e9sidentiels les plus dynamiques entre Fuengirola et Benalm\u00e1dena. Cet emplacement se distingue par ses <strong>vues panoramiques sur la mer<\/strong>, ses liaisons rapides avec l\u2019autoroute A-7 et l\u2019a\u00e9roport de Malaga, ainsi que par une large offre de services de qualit\u00e9, comme l\u2019h\u00f4tel Higuer\u00f3n Curio Collection by Hilton.<\/p>\n<p> <\/p>\n<p>La promotion profite de la pente naturelle du terrain, ce qui permettra \u00e0 la majorit\u00e9 des logements de b\u00e9n\u00e9ficier d\u2019une vue sur la mer. Chaque unit\u00e9 disposera de trois chambres, d\u2019un jardin priv\u00e9 et d\u2019une distribution en sous-sol, rez-de-chauss\u00e9e et premier \u00e9tage.<\/p>\n<p> <\/p>\n<h2 class=\"wp-block-heading\">Un promoteur exp\u00e9riment\u00e9<\/h2>\n<p> <\/p>\n<p>Le promoteur du projet est Top Gesti\u00f3n, une soci\u00e9t\u00e9 sp\u00e9cialis\u00e9e dans le d\u00e9veloppement r\u00e9sidentiel avec un portefeuille de plus de 2 300 logements et <strong>plus de 500 r\u00e9alis\u00e9s dans la zone d\u2019El Higuer\u00f3n<\/strong>. L\u2019entreprise a travaill\u00e9 sur des march\u00e9s strat\u00e9giques tels que Marbella, Malaga, Ibiza, Madrid ou Alicante, avec un accent clair sur le logement neuf durable et de qualit\u00e9.<\/p>\n<p> <\/p>\n<p>Urbanitae a d\u00e9j\u00e0 collabor\u00e9 avec Top Gesti\u00f3n sur les projets <strong><a href=\"https:\/\/blog.urbanitae.com\/fr\/2025\/03\/28\/nouveau-projet-investissez-dans-40-maisons-individuelles-a-malaga\/?utm_source=blog_fr&amp;utm_medium=organic&amp;utm_campaign=urbanitae_blog_0825&amp;utm_term=el_higueron_tb51&amp;utm_content=fr_proyecto_kala\" target=\"_blank\" rel=\"noreferrer noopener\">El Higuer\u00f3n TB51<\/a><\/strong> et <strong><a href=\"https:\/\/urbanitae.com\/fr\/projet\/P000367?utm_source=blog_fr&amp;utm_medium=organic&amp;utm_campaign=urbanitae_blog_0825&amp;utm_term=el_higueron_tb65&amp;utm_content=fr_proyecto_kala\" target=\"_blank\" rel=\"noreferrer noopener\">El Higuer\u00f3n TB65<\/a><\/strong>, tous deux financ\u00e9s avec succ\u00e8s via la plateforme.<\/p>\n<p> <\/p>\n<h2 class=\"wp-block-heading\">Taux de rendement interne (TRI) pr\u00e9f\u00e9rentiel de 12 %<\/h2>\n<p> <\/p>\n<p>Le projet <a href=\"https:\/\/urbanitae.com\/fr\/projet\/P000389?utm_source=blog_fr&amp;utm_medium=organic&amp;utm_campaign=urbanitae_blog_0825&amp;utm_term=kala_2&amp;utm_content=fr_proyecto_kala\" target=\"_blank\" rel=\"noreferrer noopener\">Kala<\/a> suit un <strong>sch\u00e9ma de plus-value<\/strong> via une augmentation de capital dans la soci\u00e9t\u00e9 promotrice. L\u2019investissement total pr\u00e9vu pour cette premi\u00e8re phase s\u2019\u00e9l\u00e8ve \u00e0 <strong>5 millions d\u2019euros<\/strong>. Top Gesti\u00f3n apportera initialement 50 % du capital, et une deuxi\u00e8me lev\u00e9e de fonds via Urbanitae est pr\u00e9vue ult\u00e9rieurement, lorsque la phase 2 du projet sera plus avanc\u00e9e.<\/p>\n<p> <\/p>\n<p>La rentabilit\u00e9 est structur\u00e9e avec un <strong>droit <a href=\"https:\/\/blog.urbanitae.com\/fr\/2025\/05\/30\/que-sont-les-projets-avec-tri-preferentiel-chez-urbanitae\/?utm_source=blog_fr&amp;utm_medium=organic&amp;utm_campaign=urbanitae_blog_0825&amp;utm_term=preferentiel&amp;utm_content=fr_proyecto_kala\" target=\"_blank\" rel=\"noreferrer noopener\">pr\u00e9f\u00e9rentiel<\/a> pour les investisseurs Urbanitae \u00e0 un TRI net annuel de 12 % avant le promoteur et ses associ\u00e9s.<\/strong> Au-del\u00e0 de 15 % de TRI, le promoteur participe aux b\u00e9n\u00e9fices gr\u00e2ce \u00e0 un syst\u00e8me de <em>promote<\/em> li\u00e9 au volume des ventes.<\/p>\n<p> <\/p>\n<h2 class=\"wp-block-heading\">Avancement urbanistique et phases du projet<\/h2>\n<p> <\/p>\n<p>Le d\u00e9veloppement sera divis\u00e9 en deux phases :<\/p>\n<p> <\/p>\n<ul class=\"wp-block-list\">\n<li><strong>Phase 1<\/strong> : construction de 31 logements r\u00e9partis en quatre blocs, ainsi que des espaces communs. Le <strong>permis de construire a d\u00e9j\u00e0 \u00e9t\u00e9 accord\u00e9<\/strong> et le d\u00e9marrage est pr\u00e9vu pour 2026.<\/li>\n \n<li><strong>Phase 2<\/strong> : d\u00e9veloppement des 21 logements restants en trois blocs. Le permis est en cours d\u2019instruction et devrait \u00eatre obtenu au deuxi\u00e8me trimestre 2026.<\/li>\n<\/ul>\n<p> <\/p>\n<p>Les investisseurs Urbanitae r\u00e9cup\u00e9reront leur capital investi et une partie des b\u00e9n\u00e9fices lors de la livraison de la <strong>phase 1 (mois 32-36 du projet)<\/strong>, le solde \u00e9tant distribu\u00e9 lors de la livraison de la phase 2, pr\u00e9vue entre les mois 36 et 40.<\/p>\n<p> <\/p>\n<p>La commercialisation sera assur\u00e9e par Prime Invest, une agence solidement implant\u00e9e sur la Costa del Sol, \u00e0 Grenade et \u00e0 Ibiza, qui g\u00e8re actuellement <strong>plus de 1 250 logements en vente<\/strong>. De plus, le projet b\u00e9n\u00e9ficie d\u00e9j\u00e0 d\u2019un <strong>financement bancaire approuv\u00e9<\/strong> par une grande banque nationale, ce qui renforce la s\u00e9curit\u00e9 de l\u2019op\u00e9ration.<\/p>\n<p> <\/p>\n<h2 class=\"wp-block-heading\">Calendrier pr\u00e9visionnel<\/h2>\n<p> <\/p>\n<p>La dur\u00e9e estim\u00e9e de ce projet est de 36 \u00e0 40 mois :<\/p>\n<p> <\/p>\n<p>\u2013 <strong>T3 2025<\/strong> : augmentation de capital, acquisition du terrain et d\u00e9but de la commercialisation.<br \/>\u2013 <strong>T1 2026\u2013T2 2026<\/strong> : d\u00e9marrage des travaux de la Phase 1.<br \/>\u2013 <strong>T4 2026\u2013T1 2027<\/strong> : d\u00e9marrage des travaux de la Phase 2.<br \/>\u2013 <strong>T2 2028\u2013T3 2028<\/strong> : ach\u00e8vement et livraison des logements de la Phase 1. Distribution du capital aux investisseurs.<br \/>\u2013 <strong>T4 2028\u2013T1 2029<\/strong> : ach\u00e8vement et livraison des logements de la Phase 2. Distribution des b\u00e9n\u00e9fices aux investisseurs.<\/p>\n<p><\/p>\t\t\t\t\t\t\t\t<\/div>\n\t\t\t\t<\/div>\n\t\t\t\t\t<\/div>\n\t\t<\/div>\n\t\t\t\t\t<\/div>\n\t\t<\/section>\n\t\t\t\t<section class=\"elementor-section elementor-top-section elementor-element elementor-element-0d6a7df elementor-section-boxed elementor-section-height-default elementor-section-height-default\" data-id=\"0d6a7df\" data-element_type=\"section\" data-e-type=\"section\">\n\t\t\t\t\t\t<div class=\"elementor-container elementor-column-gap-default\">\n\t\t\t\t\t<div class=\"elementor-column elementor-col-100 elementor-top-column elementor-element elementor-element-7eecf81\" data-id=\"7eecf81\" data-element_type=\"column\" data-e-type=\"column\">\n\t\t\t<div class=\"elementor-widget-wrap elementor-element-populated\">\n\t\t\t\t\t\t<div class=\"elementor-element elementor-element-6326fdc elementor-widget elementor-widget-video\" data-id=\"6326fdc\" data-element_type=\"widget\" data-e-type=\"widget\" data-settings=\"{&quot;youtube_url&quot;:&quot;https:\\\/\\\/youtu.be\\\/4cz04VRjAws&quot;,&quot;video_type&quot;:&quot;youtube&quot;,&quot;controls&quot;:&quot;yes&quot;}\" data-widget_type=\"video.default\">\n\t\t\t\t<div class=\"elementor-widget-container\">\n\t\t\t\t\t\t\t<div class=\"elementor-wrapper elementor-open-inline\">\n\t\t\t<div class=\"elementor-video\"><\/div>\t\t<\/div>\n\t\t\t\t\t\t<\/div>\n\t\t\t\t<\/div>\n\t\t\t\t\t<\/div>\n\t\t<\/div>\n\t\t\t\t\t<\/div>\n\t\t<\/section>\n\t\t\t\t<section class=\"elementor-section elementor-top-section elementor-element elementor-element-be92120 elementor-section-boxed elementor-section-height-default elementor-section-height-default\" data-id=\"be92120\" data-element_type=\"section\" data-e-type=\"section\">\n\t\t\t\t\t\t<div class=\"elementor-container elementor-column-gap-default\">\n\t\t\t\t\t<div class=\"elementor-column elementor-col-100 elementor-top-column elementor-element elementor-element-0ea40ed\" data-id=\"0ea40ed\" data-element_type=\"column\" data-e-type=\"column\">\n\t\t\t<div class=\"elementor-widget-wrap elementor-element-populated\">\n\t\t\t\t\t\t<div class=\"elementor-element elementor-element-a5fd7c1 elementor-widget elementor-widget-text-editor\" data-id=\"a5fd7c1\" data-element_type=\"widget\" data-e-type=\"widget\" data-widget_type=\"text-editor.default\">\n\t\t\t\t<div class=\"elementor-widget-container\">\n\t\t\t\t\t\t\t\t\t<h2 class=\"wp-block-heading\">Pourquoi investir dans le projet Kala ?<\/h2>\n<p> <\/p>\n<ul class=\"wp-block-list\">\n<li>Promoteur de premier plan, avec plus de 500 logements d\u00e9velopp\u00e9s \u00e0 El Higuer\u00f3n.<\/li>\n \n<li>Projet de construction neuve dans l\u2019une des zones r\u00e9sidentielles les plus recherch\u00e9es de la Costa del Sol.<\/li>\n \n<li>Permis de construire accord\u00e9 pour la phase 1.<\/li>\n \n<li>Commercialisation assur\u00e9e par Prime Invest, avec une expertise reconnue dans la r\u00e9gion.<\/li>\n \n<li>Financement bancaire s\u00e9curis\u00e9.<\/li>\n \n<li>Alignement d\u2019int\u00e9r\u00eats : le promoteur investit son propre capital dans le projet.<\/li>\n<\/ul>\n<p> <\/p>\n<h2 class=\"wp-block-heading\">Des questions ?<\/h2>\n<p> <\/p>\n<p>Le <strong>vendredi 22 ao\u00fbt \u00e0 12h (UTC+2)<\/strong>, nous organiserons un <a href=\"https:\/\/us02web.zoom.us\/webinar\/register\/WN_ufrKhUo_T4O2PVNNUWVS_g\" target=\"_blank\" rel=\"noreferrer noopener\">webinaire<\/a> avec le promoteur du projet, au cours duquel vous pourrez poser toutes vos questions. Vous pouvez \u00e9galement nous contacter \u00e0 <a href=\"mailto:contacto@urbanitae.com\" target=\"_blank\" rel=\"noreferrer noopener\">contacto@urbanitae.com<\/a> ou par t\u00e9l\u00e9phone au (+34) 911 23 25 22.<\/p>\n<p> <\/p>\n<p>\ud83d\udc49 Avec le <strong>projet <a href=\"https:\/\/urbanitae.com\/fr\/projet\/P000389?utm_source=blog_fr&amp;utm_medium=organic&amp;utm_campaign=urbanitae_blog_0825&amp;utm_term=kala_3&amp;utm_content=fr_proyecto_kala\" target=\"_blank\" rel=\"noreferrer noopener\">Kala<\/a><\/strong>, Urbanitae renforce sa pr\u00e9sence sur la Costa del Sol et offre \u00e0 ses investisseurs la possibilit\u00e9 de participer \u00e0 un d\u00e9veloppement immobilier \u00e0 fort potentiel de demande, avec un promoteur de r\u00e9f\u00e9rence et une structure de rentabilit\u00e9 pr\u00e9f\u00e9rentielle.<\/p>\t\t\t\t\t\t\t\t<\/div>\n\t\t\t\t<\/div>\n\t\t\t\t\t<\/div>\n\t\t<\/div>\n\t\t\t\t\t<\/div>\n\t\t<\/section>\n\t\t\t\t<\/div>\n\t\t","protected":false},"excerpt":{"rendered":"<p>Le projet Kala consiste en le d\u00e9veloppement de 52 logements \u00e0 El Higuer\u00f3n (M\u00e1laga) en deux phases, dont la premi\u00e8re dispose d\u00e9j\u00e0 d\u2019un permis.<\/p>\n","protected":false},"author":1,"featured_media":68054,"comment_status":"open","ping_status":"closed","sticky":false,"template":"","format":"standard","meta":{"inline_featured_image":false,"footnotes":""},"categories":[1057,927],"tags":[1175,2125,1964,1887,1888],"class_list":["post-68039","post","type-post","status-publish","format-standard","has-post-thumbnail","hentry","category-projets-fr","category-projets","tag-andalousie-fr","tag-andalucia","tag-crowdfunding-immobilier","tag-inversion-inmobiliaria-fr","tag-residencial-prime-fr"],"blocksy_meta":[],"yoast_head":"<!-- This site is optimized with the Yoast SEO plugin v27.4 - https:\/\/yoast.com\/product\/yoast-seo-wordpress\/ -->\n<title>Investissez dans 52 maisons individuelles sur la Costa del Sol<\/title>\n<meta name=\"description\" content=\"Investissez dans des maisons individuelles sur la Costa del Sol \u00e0 partir de 500 \u20ac avec Urbanitae. D\u00e9couvrez les d\u00e9tails de l\u2019investissement ici.\" \/>\n<meta name=\"robots\" content=\"index, follow, max-snippet:-1, max-image-preview:large, max-video-preview:-1\" \/>\n<link rel=\"canonical\" href=\"https:\/\/blog.urbanitae.com\/fr\/2025\/08\/20\/nouveau-projet-investissez-dans-52-maisons-individuelles-sur-la-costa-del-sol\/\" \/>\n<meta property=\"og:locale\" content=\"fr_FR\" \/>\n<meta property=\"og:type\" content=\"article\" \/>\n<meta property=\"og:title\" content=\"Investissez dans un programme neuf \u00e0 El Higuer\u00f3n\" \/>\n<meta property=\"og:description\" content=\"Investissez dans des maisons individuelles sur la Costa del Sol \u00e0 partir de 500 \u20ac avec Urbanitae. D\u00e9couvrez tous les d\u00e9tails de l\u2019investissement ici.\" \/>\n<meta property=\"og:url\" content=\"https:\/\/blog.urbanitae.com\/fr\/2025\/08\/20\/nouveau-projet-investissez-dans-52-maisons-individuelles-sur-la-costa-del-sol\/\" \/>\n<meta property=\"og:site_name\" content=\"Urbanitae Blog | Les meilleures nouvelles sur l&#039;investissement immobilier\" \/>\n<meta property=\"article:publisher\" content=\"https:\/\/www.facebook.com\/urbanitae\" \/>\n<meta property=\"article:published_time\" content=\"2025-08-20T08:38:55+00:00\" \/>\n<meta property=\"article:modified_time\" content=\"2025-08-28T11:13:44+00:00\" \/>\n<meta property=\"og:image\" content=\"https:\/\/blog.urbanitae.com\/wp-content\/uploads\/2025\/08\/viviendas-unifamiliares.webp\" \/>\n\t<meta property=\"og:image:width\" content=\"1400\" \/>\n\t<meta property=\"og:image:height\" content=\"735\" \/>\n\t<meta property=\"og:image:type\" content=\"image\/webp\" \/>\n<meta name=\"author\" content=\"Equipo Urbanitae\" \/>\n<meta name=\"twitter:card\" content=\"summary_large_image\" \/>\n<meta name=\"twitter:creator\" content=\"@urbanitae\" \/>\n<meta name=\"twitter:site\" content=\"@urbanitae\" \/>\n<meta name=\"twitter:label1\" content=\"\u00c9crit par\" \/>\n\t<meta name=\"twitter:data1\" content=\"Equipo Urbanitae\" \/>\n\t<meta name=\"twitter:label2\" content=\"Dur\u00e9e de lecture estim\u00e9e\" \/>\n\t<meta name=\"twitter:data2\" content=\"4 minutes\" \/>\n<script type=\"application\/ld+json\" class=\"yoast-schema-graph\">{\"@context\":\"https:\\\/\\\/schema.org\",\"@graph\":[{\"@type\":[\"Article\",\"BlogPosting\"],\"@id\":\"https:\\\/\\\/blog.urbanitae.com\\\/fr\\\/2025\\\/08\\\/20\\\/nouveau-projet-investissez-dans-52-maisons-individuelles-sur-la-costa-del-sol\\\/#article\",\"isPartOf\":{\"@id\":\"https:\\\/\\\/blog.urbanitae.com\\\/fr\\\/2025\\\/08\\\/20\\\/nouveau-projet-investissez-dans-52-maisons-individuelles-sur-la-costa-del-sol\\\/\"},\"author\":{\"name\":\"Equipo Urbanitae\",\"@id\":\"https:\\\/\\\/blog.urbanitae.com\\\/fr\\\/#\\\/schema\\\/person\\\/e7b2d152f5654066832c53f5aa04fbf7\"},\"headline\":\"Investissez dans 52 maisons individuelles sur la Costa del Sol\",\"datePublished\":\"2025-08-20T08:38:55+00:00\",\"dateModified\":\"2025-08-28T11:13:44+00:00\",\"mainEntityOfPage\":{\"@id\":\"https:\\\/\\\/blog.urbanitae.com\\\/fr\\\/2025\\\/08\\\/20\\\/nouveau-projet-investissez-dans-52-maisons-individuelles-sur-la-costa-del-sol\\\/\"},\"wordCount\":863,\"commentCount\":0,\"publisher\":{\"@id\":\"https:\\\/\\\/blog.urbanitae.com\\\/fr\\\/#organization\"},\"image\":{\"@id\":\"https:\\\/\\\/blog.urbanitae.com\\\/fr\\\/2025\\\/08\\\/20\\\/nouveau-projet-investissez-dans-52-maisons-individuelles-sur-la-costa-del-sol\\\/#primaryimage\"},\"thumbnailUrl\":\"https:\\\/\\\/blog.urbanitae.com\\\/wp-content\\\/uploads\\\/2025\\\/08\\\/viviendas-unifamiliares.webp\",\"keywords\":[\"Andalousie\",\"Andaluc\u00eda\",\"crowdfunding immobilier\",\"inversi\u00f3n inmobiliaria\",\"residencial prime\"],\"articleSection\":[\"Equity\",\"Projets\"],\"inLanguage\":\"fr-FR\",\"potentialAction\":[{\"@type\":\"CommentAction\",\"name\":\"Comment\",\"target\":[\"https:\\\/\\\/blog.urbanitae.com\\\/fr\\\/2025\\\/08\\\/20\\\/nouveau-projet-investissez-dans-52-maisons-individuelles-sur-la-costa-del-sol\\\/#respond\"]}]},{\"@type\":[\"WebPage\",\"ItemPage\"],\"@id\":\"https:\\\/\\\/blog.urbanitae.com\\\/fr\\\/2025\\\/08\\\/20\\\/nouveau-projet-investissez-dans-52-maisons-individuelles-sur-la-costa-del-sol\\\/\",\"url\":\"https:\\\/\\\/blog.urbanitae.com\\\/fr\\\/2025\\\/08\\\/20\\\/nouveau-projet-investissez-dans-52-maisons-individuelles-sur-la-costa-del-sol\\\/\",\"name\":\"Investissez dans 52 maisons individuelles sur la Costa del Sol\",\"isPartOf\":{\"@id\":\"https:\\\/\\\/blog.urbanitae.com\\\/fr\\\/#website\"},\"primaryImageOfPage\":{\"@id\":\"https:\\\/\\\/blog.urbanitae.com\\\/fr\\\/2025\\\/08\\\/20\\\/nouveau-projet-investissez-dans-52-maisons-individuelles-sur-la-costa-del-sol\\\/#primaryimage\"},\"image\":{\"@id\":\"https:\\\/\\\/blog.urbanitae.com\\\/fr\\\/2025\\\/08\\\/20\\\/nouveau-projet-investissez-dans-52-maisons-individuelles-sur-la-costa-del-sol\\\/#primaryimage\"},\"thumbnailUrl\":\"https:\\\/\\\/blog.urbanitae.com\\\/wp-content\\\/uploads\\\/2025\\\/08\\\/viviendas-unifamiliares.webp\",\"datePublished\":\"2025-08-20T08:38:55+00:00\",\"dateModified\":\"2025-08-28T11:13:44+00:00\",\"description\":\"Investissez dans des maisons individuelles sur la Costa del Sol \u00e0 partir de 500 \u20ac avec Urbanitae. D\u00e9couvrez les d\u00e9tails de l\u2019investissement ici.\",\"breadcrumb\":{\"@id\":\"https:\\\/\\\/blog.urbanitae.com\\\/fr\\\/2025\\\/08\\\/20\\\/nouveau-projet-investissez-dans-52-maisons-individuelles-sur-la-costa-del-sol\\\/#breadcrumb\"},\"inLanguage\":\"fr-FR\",\"potentialAction\":[{\"@type\":\"ReadAction\",\"target\":[\"https:\\\/\\\/blog.urbanitae.com\\\/fr\\\/2025\\\/08\\\/20\\\/nouveau-projet-investissez-dans-52-maisons-individuelles-sur-la-costa-del-sol\\\/\"]}]},{\"@type\":\"ImageObject\",\"inLanguage\":\"fr-FR\",\"@id\":\"https:\\\/\\\/blog.urbanitae.com\\\/fr\\\/2025\\\/08\\\/20\\\/nouveau-projet-investissez-dans-52-maisons-individuelles-sur-la-costa-del-sol\\\/#primaryimage\",\"url\":\"https:\\\/\\\/blog.urbanitae.com\\\/wp-content\\\/uploads\\\/2025\\\/08\\\/viviendas-unifamiliares.webp\",\"contentUrl\":\"https:\\\/\\\/blog.urbanitae.com\\\/wp-content\\\/uploads\\\/2025\\\/08\\\/viviendas-unifamiliares.webp\",\"width\":1400,\"height\":735,\"caption\":\"\u00a1Nuevo proyecto! Invierte en 52 viviendas unifamiliares en la Costa del Sol. New Project! Invest in 52 Single-Family Homes on the Costa del Sol. Nouveau projet ! Investissez dans 52 maisons individuelles sur la Costa del Sol. Nuovo progetto! Investi in 52 villette unifamiliari sulla Costa del Sol.\"},{\"@type\":\"BreadcrumbList\",\"@id\":\"https:\\\/\\\/blog.urbanitae.com\\\/fr\\\/2025\\\/08\\\/20\\\/nouveau-projet-investissez-dans-52-maisons-individuelles-sur-la-costa-del-sol\\\/#breadcrumb\",\"itemListElement\":[{\"@type\":\"ListItem\",\"position\":1,\"name\":\"Portada\",\"item\":\"https:\\\/\\\/blog.urbanitae.com\\\/fr\\\/\"},{\"@type\":\"ListItem\",\"position\":2,\"name\":\"Investissez dans 52 maisons individuelles sur la Costa del Sol\"}]},{\"@type\":\"WebSite\",\"@id\":\"https:\\\/\\\/blog.urbanitae.com\\\/fr\\\/#website\",\"url\":\"https:\\\/\\\/blog.urbanitae.com\\\/fr\\\/\",\"name\":\"Urbanitae Blog | Las mejores noticias sobre inversi\u00f3n inmobiliaria\",\"description\":\"L'investissement immobilier \u00e0 la port\u00e9e de tous\",\"publisher\":{\"@id\":\"https:\\\/\\\/blog.urbanitae.com\\\/fr\\\/#organization\"},\"potentialAction\":[{\"@type\":\"SearchAction\",\"target\":{\"@type\":\"EntryPoint\",\"urlTemplate\":\"https:\\\/\\\/blog.urbanitae.com\\\/fr\\\/?s={search_term_string}\"},\"query-input\":{\"@type\":\"PropertyValueSpecification\",\"valueRequired\":true,\"valueName\":\"search_term_string\"}}],\"inLanguage\":\"fr-FR\"},{\"@type\":\"Organization\",\"@id\":\"https:\\\/\\\/blog.urbanitae.com\\\/fr\\\/#organization\",\"name\":\"Urbanitae\",\"url\":\"https:\\\/\\\/blog.urbanitae.com\\\/fr\\\/\",\"logo\":{\"@type\":\"ImageObject\",\"inLanguage\":\"fr-FR\",\"@id\":\"https:\\\/\\\/blog.urbanitae.com\\\/fr\\\/#\\\/schema\\\/logo\\\/image\\\/\",\"url\":\"https:\\\/\\\/blog.urbanitae.com\\\/wp-content\\\/uploads\\\/2020\\\/04\\\/logo-verde_350x100.svg\",\"contentUrl\":\"https:\\\/\\\/blog.urbanitae.com\\\/wp-content\\\/uploads\\\/2020\\\/04\\\/logo-verde_350x100.svg\",\"width\":350,\"height\":100,\"caption\":\"Urbanitae\"},\"image\":{\"@id\":\"https:\\\/\\\/blog.urbanitae.com\\\/fr\\\/#\\\/schema\\\/logo\\\/image\\\/\"},\"sameAs\":[\"https:\\\/\\\/www.facebook.com\\\/urbanitae\",\"https:\\\/\\\/x.com\\\/urbanitae\",\"https:\\\/\\\/www.instagram.com\\\/urbanitae\",\"https:\\\/\\\/www.linkedin.com\\\/company\\\/urbanitae\",\"https:\\\/\\\/www.pinterest.es\\\/UrbanitaeSL\\\/_created\\\/\",\"https:\\\/\\\/www.youtube.com\\\/c\\\/Urbanitae_RE\"]},{\"@type\":\"Person\",\"@id\":\"https:\\\/\\\/blog.urbanitae.com\\\/fr\\\/#\\\/schema\\\/person\\\/e7b2d152f5654066832c53f5aa04fbf7\",\"name\":\"Equipo Urbanitae\",\"image\":{\"@type\":\"ImageObject\",\"inLanguage\":\"fr-FR\",\"@id\":\"https:\\\/\\\/secure.gravatar.com\\\/avatar\\\/e75782c6aa253c8ac75c13b1ec97172bb2d67437baa4354ba4b0650a97f565f2?s=96&d=mm&r=g\",\"url\":\"https:\\\/\\\/secure.gravatar.com\\\/avatar\\\/e75782c6aa253c8ac75c13b1ec97172bb2d67437baa4354ba4b0650a97f565f2?s=96&d=mm&r=g\",\"contentUrl\":\"https:\\\/\\\/secure.gravatar.com\\\/avatar\\\/e75782c6aa253c8ac75c13b1ec97172bb2d67437baa4354ba4b0650a97f565f2?s=96&d=mm&r=g\",\"caption\":\"Equipo Urbanitae\"},\"sameAs\":[\"https:\\\/\\\/urbanitae.com\"],\"url\":\"https:\\\/\\\/blog.urbanitae.com\\\/fr\\\/author\\\/urbanitae\\\/\"}]}<\/script>\n<!-- \/ Yoast SEO plugin. -->","yoast_head_json":{"title":"Investissez dans 52 maisons individuelles sur la Costa del Sol","description":"Investissez dans des maisons individuelles sur la Costa del Sol \u00e0 partir de 500 \u20ac avec Urbanitae. D\u00e9couvrez les d\u00e9tails de l\u2019investissement ici.","robots":{"index":"index","follow":"follow","max-snippet":"max-snippet:-1","max-image-preview":"max-image-preview:large","max-video-preview":"max-video-preview:-1"},"canonical":"https:\/\/blog.urbanitae.com\/fr\/2025\/08\/20\/nouveau-projet-investissez-dans-52-maisons-individuelles-sur-la-costa-del-sol\/","og_locale":"fr_FR","og_type":"article","og_title":"Investissez dans un programme neuf \u00e0 El Higuer\u00f3n","og_description":"Investissez dans des maisons individuelles sur la Costa del Sol \u00e0 partir de 500 \u20ac avec Urbanitae. D\u00e9couvrez tous les d\u00e9tails de l\u2019investissement ici.","og_url":"https:\/\/blog.urbanitae.com\/fr\/2025\/08\/20\/nouveau-projet-investissez-dans-52-maisons-individuelles-sur-la-costa-del-sol\/","og_site_name":"Urbanitae Blog | Les meilleures nouvelles sur l'investissement immobilier","article_publisher":"https:\/\/www.facebook.com\/urbanitae","article_published_time":"2025-08-20T08:38:55+00:00","article_modified_time":"2025-08-28T11:13:44+00:00","og_image":[{"width":1400,"height":735,"url":"https:\/\/blog.urbanitae.com\/wp-content\/uploads\/2025\/08\/viviendas-unifamiliares.webp","type":"image\/webp"}],"author":"Equipo Urbanitae","twitter_card":"summary_large_image","twitter_creator":"@urbanitae","twitter_site":"@urbanitae","twitter_misc":{"\u00c9crit par":"Equipo Urbanitae","Dur\u00e9e de lecture estim\u00e9e":"4 minutes"},"schema":{"@context":"https:\/\/schema.org","@graph":[{"@type":["Article","BlogPosting"],"@id":"https:\/\/blog.urbanitae.com\/fr\/2025\/08\/20\/nouveau-projet-investissez-dans-52-maisons-individuelles-sur-la-costa-del-sol\/#article","isPartOf":{"@id":"https:\/\/blog.urbanitae.com\/fr\/2025\/08\/20\/nouveau-projet-investissez-dans-52-maisons-individuelles-sur-la-costa-del-sol\/"},"author":{"name":"Equipo Urbanitae","@id":"https:\/\/blog.urbanitae.com\/fr\/#\/schema\/person\/e7b2d152f5654066832c53f5aa04fbf7"},"headline":"Investissez dans 52 maisons individuelles sur la Costa del Sol","datePublished":"2025-08-20T08:38:55+00:00","dateModified":"2025-08-28T11:13:44+00:00","mainEntityOfPage":{"@id":"https:\/\/blog.urbanitae.com\/fr\/2025\/08\/20\/nouveau-projet-investissez-dans-52-maisons-individuelles-sur-la-costa-del-sol\/"},"wordCount":863,"commentCount":0,"publisher":{"@id":"https:\/\/blog.urbanitae.com\/fr\/#organization"},"image":{"@id":"https:\/\/blog.urbanitae.com\/fr\/2025\/08\/20\/nouveau-projet-investissez-dans-52-maisons-individuelles-sur-la-costa-del-sol\/#primaryimage"},"thumbnailUrl":"https:\/\/blog.urbanitae.com\/wp-content\/uploads\/2025\/08\/viviendas-unifamiliares.webp","keywords":["Andalousie","Andaluc\u00eda","crowdfunding immobilier","inversi\u00f3n inmobiliaria","residencial prime"],"articleSection":["Equity","Projets"],"inLanguage":"fr-FR","potentialAction":[{"@type":"CommentAction","name":"Comment","target":["https:\/\/blog.urbanitae.com\/fr\/2025\/08\/20\/nouveau-projet-investissez-dans-52-maisons-individuelles-sur-la-costa-del-sol\/#respond"]}]},{"@type":["WebPage","ItemPage"],"@id":"https:\/\/blog.urbanitae.com\/fr\/2025\/08\/20\/nouveau-projet-investissez-dans-52-maisons-individuelles-sur-la-costa-del-sol\/","url":"https:\/\/blog.urbanitae.com\/fr\/2025\/08\/20\/nouveau-projet-investissez-dans-52-maisons-individuelles-sur-la-costa-del-sol\/","name":"Investissez dans 52 maisons individuelles sur la Costa del Sol","isPartOf":{"@id":"https:\/\/blog.urbanitae.com\/fr\/#website"},"primaryImageOfPage":{"@id":"https:\/\/blog.urbanitae.com\/fr\/2025\/08\/20\/nouveau-projet-investissez-dans-52-maisons-individuelles-sur-la-costa-del-sol\/#primaryimage"},"image":{"@id":"https:\/\/blog.urbanitae.com\/fr\/2025\/08\/20\/nouveau-projet-investissez-dans-52-maisons-individuelles-sur-la-costa-del-sol\/#primaryimage"},"thumbnailUrl":"https:\/\/blog.urbanitae.com\/wp-content\/uploads\/2025\/08\/viviendas-unifamiliares.webp","datePublished":"2025-08-20T08:38:55+00:00","dateModified":"2025-08-28T11:13:44+00:00","description":"Investissez dans des maisons individuelles sur la Costa del Sol \u00e0 partir de 500 \u20ac avec Urbanitae. D\u00e9couvrez les d\u00e9tails de l\u2019investissement ici.","breadcrumb":{"@id":"https:\/\/blog.urbanitae.com\/fr\/2025\/08\/20\/nouveau-projet-investissez-dans-52-maisons-individuelles-sur-la-costa-del-sol\/#breadcrumb"},"inLanguage":"fr-FR","potentialAction":[{"@type":"ReadAction","target":["https:\/\/blog.urbanitae.com\/fr\/2025\/08\/20\/nouveau-projet-investissez-dans-52-maisons-individuelles-sur-la-costa-del-sol\/"]}]},{"@type":"ImageObject","inLanguage":"fr-FR","@id":"https:\/\/blog.urbanitae.com\/fr\/2025\/08\/20\/nouveau-projet-investissez-dans-52-maisons-individuelles-sur-la-costa-del-sol\/#primaryimage","url":"https:\/\/blog.urbanitae.com\/wp-content\/uploads\/2025\/08\/viviendas-unifamiliares.webp","contentUrl":"https:\/\/blog.urbanitae.com\/wp-content\/uploads\/2025\/08\/viviendas-unifamiliares.webp","width":1400,"height":735,"caption":"\u00a1Nuevo proyecto! Invierte en 52 viviendas unifamiliares en la Costa del Sol. New Project! Invest in 52 Single-Family Homes on the Costa del Sol. Nouveau projet ! Investissez dans 52 maisons individuelles sur la Costa del Sol. Nuovo progetto! Investi in 52 villette unifamiliari sulla Costa del Sol."},{"@type":"BreadcrumbList","@id":"https:\/\/blog.urbanitae.com\/fr\/2025\/08\/20\/nouveau-projet-investissez-dans-52-maisons-individuelles-sur-la-costa-del-sol\/#breadcrumb","itemListElement":[{"@type":"ListItem","position":1,"name":"Portada","item":"https:\/\/blog.urbanitae.com\/fr\/"},{"@type":"ListItem","position":2,"name":"Investissez dans 52 maisons individuelles sur la Costa del Sol"}]},{"@type":"WebSite","@id":"https:\/\/blog.urbanitae.com\/fr\/#website","url":"https:\/\/blog.urbanitae.com\/fr\/","name":"Urbanitae Blog | Las mejores noticias sobre inversi\u00f3n inmobiliaria","description":"L'investissement immobilier \u00e0 la port\u00e9e de tous","publisher":{"@id":"https:\/\/blog.urbanitae.com\/fr\/#organization"},"potentialAction":[{"@type":"SearchAction","target":{"@type":"EntryPoint","urlTemplate":"https:\/\/blog.urbanitae.com\/fr\/?s={search_term_string}"},"query-input":{"@type":"PropertyValueSpecification","valueRequired":true,"valueName":"search_term_string"}}],"inLanguage":"fr-FR"},{"@type":"Organization","@id":"https:\/\/blog.urbanitae.com\/fr\/#organization","name":"Urbanitae","url":"https:\/\/blog.urbanitae.com\/fr\/","logo":{"@type":"ImageObject","inLanguage":"fr-FR","@id":"https:\/\/blog.urbanitae.com\/fr\/#\/schema\/logo\/image\/","url":"https:\/\/blog.urbanitae.com\/wp-content\/uploads\/2020\/04\/logo-verde_350x100.svg","contentUrl":"https:\/\/blog.urbanitae.com\/wp-content\/uploads\/2020\/04\/logo-verde_350x100.svg","width":350,"height":100,"caption":"Urbanitae"},"image":{"@id":"https:\/\/blog.urbanitae.com\/fr\/#\/schema\/logo\/image\/"},"sameAs":["https:\/\/www.facebook.com\/urbanitae","https:\/\/x.com\/urbanitae","https:\/\/www.instagram.com\/urbanitae","https:\/\/www.linkedin.com\/company\/urbanitae","https:\/\/www.pinterest.es\/UrbanitaeSL\/_created\/","https:\/\/www.youtube.com\/c\/Urbanitae_RE"]},{"@type":"Person","@id":"https:\/\/blog.urbanitae.com\/fr\/#\/schema\/person\/e7b2d152f5654066832c53f5aa04fbf7","name":"Equipo Urbanitae","image":{"@type":"ImageObject","inLanguage":"fr-FR","@id":"https:\/\/secure.gravatar.com\/avatar\/e75782c6aa253c8ac75c13b1ec97172bb2d67437baa4354ba4b0650a97f565f2?s=96&d=mm&r=g","url":"https:\/\/secure.gravatar.com\/avatar\/e75782c6aa253c8ac75c13b1ec97172bb2d67437baa4354ba4b0650a97f565f2?s=96&d=mm&r=g","contentUrl":"https:\/\/secure.gravatar.com\/avatar\/e75782c6aa253c8ac75c13b1ec97172bb2d67437baa4354ba4b0650a97f565f2?s=96&d=mm&r=g","caption":"Equipo Urbanitae"},"sameAs":["https:\/\/urbanitae.com"],"url":"https:\/\/blog.urbanitae.com\/fr\/author\/urbanitae\/"}]}},"_links":{"self":[{"href":"https:\/\/blog.urbanitae.com\/fr\/wp-json\/wp\/v2\/posts\/68039","targetHints":{"allow":["GET"]}}],"collection":[{"href":"https:\/\/blog.urbanitae.com\/fr\/wp-json\/wp\/v2\/posts"}],"about":[{"href":"https:\/\/blog.urbanitae.com\/fr\/wp-json\/wp\/v2\/types\/post"}],"author":[{"embeddable":true,"href":"https:\/\/blog.urbanitae.com\/fr\/wp-json\/wp\/v2\/users\/1"}],"replies":[{"embeddable":true,"href":"https:\/\/blog.urbanitae.com\/fr\/wp-json\/wp\/v2\/comments?post=68039"}],"version-history":[{"count":0,"href":"https:\/\/blog.urbanitae.com\/fr\/wp-json\/wp\/v2\/posts\/68039\/revisions"}],"wp:featuredmedia":[{"embeddable":true,"href":"https:\/\/blog.urbanitae.com\/fr\/wp-json\/wp\/v2\/media\/68054"}],"wp:attachment":[{"href":"https:\/\/blog.urbanitae.com\/fr\/wp-json\/wp\/v2\/media?parent=68039"}],"wp:term":[{"taxonomy":"category","embeddable":true,"href":"https:\/\/blog.urbanitae.com\/fr\/wp-json\/wp\/v2\/categories?post=68039"},{"taxonomy":"post_tag","embeddable":true,"href":"https:\/\/blog.urbanitae.com\/fr\/wp-json\/wp\/v2\/tags?post=68039"}],"curies":[{"name":"wp","href":"https:\/\/api.w.org\/{rel}","templated":true}]}}