{"id":60736,"date":"2025-04-16T21:52:14","date_gmt":"2025-04-16T19:52:14","guid":{"rendered":"https:\/\/blog.urbanitae.com\/?p=60736"},"modified":"2025-09-22T19:16:32","modified_gmt":"2025-09-22T17:16:32","slug":"nouveau-projet-investissez-dans-un-parc-commercial-100-loue-a-burgos","status":"publish","type":"post","link":"https:\/\/blog.urbanitae.com\/fr\/2025\/04\/16\/nouveau-projet-investissez-dans-un-parc-commercial-100-loue-a-burgos\/","title":{"rendered":"Investissez dans un parc commercial 100 % lou\u00e9 \u00e0 Burgos"},"content":{"rendered":"\t\t<div data-elementor-type=\"wp-post\" data-elementor-id=\"60736\" class=\"elementor elementor-60736 elementor-60710\">\n\t\t\t\t\t\t<section class=\"elementor-section elementor-top-section elementor-element elementor-element-f8ad495 elementor-section-boxed elementor-section-height-default elementor-section-height-default\" data-id=\"f8ad495\" data-element_type=\"section\" data-e-type=\"section\">\n\t\t\t\t\t\t<div class=\"elementor-container elementor-column-gap-default\">\n\t\t\t\t\t<div class=\"elementor-column elementor-col-100 elementor-top-column elementor-element elementor-element-d6d1d52\" data-id=\"d6d1d52\" data-element_type=\"column\" data-e-type=\"column\">\n\t\t\t<div class=\"elementor-widget-wrap elementor-element-populated\">\n\t\t\t\t\t\t<div class=\"elementor-element elementor-element-61355e9 elementor-widget elementor-widget-text-editor\" data-id=\"61355e9\" data-element_type=\"widget\" data-e-type=\"widget\" data-widget_type=\"text-editor.default\">\n\t\t\t\t<div class=\"elementor-widget-container\">\n\t\t\t\t\t\t\t\t\t<p><strong>MISE \u00c0 JOUR 22\/09\/2025 : Le mercredi 24 septembre \u00e0 12h00 (UTC+2), nous ouvrirons le financement du projet <a href=\"https:\/\/urbanitae.com\/fr\/projet\/P000404?utm_source=blog_fr&amp;utm_medium=organic&amp;utm_campaign=urbanitae_blog_0925&amp;utm_term=parque_comercial_arlanzon_ii_1&amp;utm_content=fr_proyecto_parque_comercial_arlanzon_ii\" target=\"_blank\" rel=\"noopener\">Parque Comercial Arlanz\u00f3n II<\/a>.<\/strong><\/p><p><strong>Apr\u00e8s la cl\u00f4ture de la <a href=\"https:\/\/urbanitae.com\/fr\/projet\/P000347?utm_source=blog_fr&amp;utm_medium=organic&amp;utm_campaign=urbanitae_blog_0925&amp;utm_term=premiere_tranche&amp;utm_content=fr_proyecto_parque_comercial_arlanzon_ii\" target=\"_blank\" rel=\"noopener\">premi\u00e8re tranche<\/a>, nous lan\u00e7ons la suite du projet, qui consiste en l\u2019octroi de la deuxi\u00e8me tranche d\u2019un pr\u00eat destin\u00e9 au financement partiel du d\u00e9veloppement d\u2019un parc commercial d\u00e9j\u00e0 lou\u00e9 \u00e0 100 % dans la ville de Burgos. \u00c0 l\u2019origine, la tranche B devait \u00eatre financ\u00e9e par des investisseurs institutionnels, mais finalement ce seront les investisseurs Urbanitae qui participeront. L\u2019avancement actuel des travaux est de 20 %.<\/strong><\/p><p><strong>Ainsi, le projet <a href=\"https:\/\/urbanitae.com\/fr\/projet\/P000404?utm_source=blog_fr&amp;utm_medium=organic&amp;utm_campaign=urbanitae_blog_0925&amp;utm_term=parque_comercial_arlanzon_ii_2&amp;utm_content=fr_proyecto_parque_comercial_arlanzon_ii\" target=\"_blank\" rel=\"noopener\">Parque Comercial Arlanz\u00f3n II<\/a> pr\u00e9sente un ticket de 440 000 euros et une dur\u00e9e de 15 mois, avec une option de prolongation de 6 mois au 15e mois. Les investisseurs de cette tranche obtiendront un rendement total de 13,43 % \u2014soit 10,75 % par an\u2014, avec un retour minimum \u00e9quivalent \u00e0 4 mois d\u2019int\u00e9r\u00eats. Vous trouverez tous les d\u00e9tails du projet ci-dessous. Toutefois, si vous avez des questions, vous pouvez revoir le <a href=\"https:\/\/www.youtube.com\/watch?v=eoaAJPpZnUg&amp;utm_source=blog_fr&amp;utm_medium=organic&amp;utm_campaign=urbanitae_blog_0925&amp;utm_term=webinaire&amp;utm_content=fr_proyecto_parque_comercial_arlanzon_ii\">webinaire<\/a> que nous avons organis\u00e9 avec le promoteur en avril dernier.<\/strong><\/p>\t\t\t\t\t\t\t\t<\/div>\n\t\t\t\t<\/div>\n\t\t\t\t\t<\/div>\n\t\t<\/div>\n\t\t\t\t\t<\/div>\n\t\t<\/section>\n\t\t\t\t<section class=\"elementor-section elementor-top-section elementor-element elementor-element-1499d6b elementor-section-boxed elementor-section-height-default elementor-section-height-default\" data-id=\"1499d6b\" data-element_type=\"section\" data-e-type=\"section\">\n\t\t\t\t\t\t<div class=\"elementor-container elementor-column-gap-default\">\n\t\t\t\t\t<div class=\"elementor-column elementor-col-100 elementor-top-column elementor-element elementor-element-f3e66f9\" data-id=\"f3e66f9\" data-element_type=\"column\" data-e-type=\"column\">\n\t\t\t<div class=\"elementor-widget-wrap elementor-element-populated\">\n\t\t\t\t\t\t<div class=\"elementor-element elementor-element-df81c4b elementor-widget elementor-widget-video\" data-id=\"df81c4b\" data-element_type=\"widget\" data-e-type=\"widget\" data-settings=\"{&quot;youtube_url&quot;:&quot;https:\\\/\\\/www.youtube.com\\\/watch?v=xgyGNfhR9kM&quot;,&quot;video_type&quot;:&quot;youtube&quot;,&quot;controls&quot;:&quot;yes&quot;}\" data-widget_type=\"video.default\">\n\t\t\t\t<div class=\"elementor-widget-container\">\n\t\t\t\t\t\t\t<div class=\"elementor-wrapper elementor-open-inline\">\n\t\t\t<div class=\"elementor-video\"><\/div>\t\t<\/div>\n\t\t\t\t\t\t<\/div>\n\t\t\t\t<\/div>\n\t\t\t\t\t<\/div>\n\t\t<\/div>\n\t\t\t\t\t<\/div>\n\t\t<\/section>\n\t\t\t\t<section class=\"elementor-section elementor-top-section elementor-element elementor-element-3c927c1a elementor-section-boxed elementor-section-height-default elementor-section-height-default\" data-id=\"3c927c1a\" data-element_type=\"section\" data-e-type=\"section\">\n\t\t\t\t\t\t<div class=\"elementor-container elementor-column-gap-default\">\n\t\t\t\t\t<div class=\"elementor-column elementor-col-100 elementor-top-column elementor-element elementor-element-2ceb5be8\" data-id=\"2ceb5be8\" data-element_type=\"column\" data-e-type=\"column\">\n\t\t\t<div class=\"elementor-widget-wrap elementor-element-populated\">\n\t\t\t\t\t\t<div class=\"elementor-element elementor-element-62f0df69 elementor-widget elementor-widget-text-editor\" data-id=\"62f0df69\" data-element_type=\"widget\" data-e-type=\"widget\" data-widget_type=\"text-editor.default\">\n\t\t\t\t<div class=\"elementor-widget-container\">\n\t\t\t\t\t\t\t\t\t<p><\/p>\n<p>Urbanitae vous propose une nouvelle opportunit\u00e9 d\u2019investissement. Cette fois-ci, nous nous rendons en Castille-et-Le\u00f3n pour participer au d\u00e9veloppement du <strong><a href=\"https:\/\/urbanitae.com\/fr\/projet\/P000347?utm_source=blog_fr&amp;utm_medium=organic&amp;utm_campaign=urbanitae_blog_0425&amp;utm_term=parque_comercial_arlanzon_1&amp;utm_content=fr_proyecto_parque_arlanzon\" target=\"_blank\" rel=\"noreferrer noopener\">Parque Comercial Arlanz\u00f3n<\/a><\/strong>, un parc de moyennes surfaces commerciales modernes situ\u00e9 \u00e0 l\u2019une des principales entr\u00e9es de la ville de Burgos. Le financement sera disponible sur la plateforme le <strong>mardi 22 avril \u00e0 16h (UTC+2).<\/strong><\/p>\n<p> <\/p>\n<p>Le projet consiste en l\u2019octroi d\u2019un pr\u00eat pour financer une partie de l\u2019achat du terrain ainsi que les co\u00fbts de construction du parc. Il s\u2019agit d\u2019une opportunit\u00e9 d\u2019investissement avec un <strong>rendement annuel de 11,25 %<\/strong> et une dur\u00e9e estim\u00e9e de <strong>18 mois<\/strong>, avec possibilit\u00e9 de prolongation de six mois suppl\u00e9mentaires.<\/p>\n<p> <\/p>\n<h2 class=\"wp-block-heading\">Un emplacement privil\u00e9gi\u00e9 avec un taux d\u2019occupation garanti<\/h2>\n<p> <\/p>\n<p>Le <a href=\"https:\/\/urbanitae.com\/fr\/projet\/P000347?utm_source=blog_fr&amp;utm_medium=organic&amp;utm_campaign=urbanitae_blog_0425&amp;utm_term=parque_comercial_arlanzon_2&amp;utm_content=fr_proyecto_parque_arlanzon\" target=\"_blank\" rel=\"noreferrer noopener\">Parque Comercial Arlanz\u00f3n<\/a> sera implant\u00e9 sur un terrain de 17 497 m\u00b2, dont le permis de construire est en cours d\u2019instruction. Il comprendra une surface locative brute (SLB) de 8 946 m\u00b2 r\u00e9partie en <strong>8 moyennes surfaces commerciales<\/strong>, ainsi qu\u2019une <strong>installation photovolta\u00efque et huit bornes de recharge rapide pour v\u00e9hicules \u00e9lectriques<\/strong>.<\/p>\n<p> <\/p>\n<p>Le parc est d\u00e9j\u00e0 <strong>100 % lou\u00e9 \u00e0 des enseignes reconnues<\/strong> telles que Lupa, Guaw, JYSK, Maxcolchon, Tiendas MGI, TEDi, Fitness Park, Popeyes, Iberdrola et BP Pulse. Tous les baux incluent des clauses d\u2019engagement ferme d\u2019une dur\u00e9e de 3 \u00e0 7 ans, ce qui garantit un <strong>revenu locatif net annuel de 1 080 000 euros<\/strong> d\u00e8s sa mise en service.<\/p>\n<p> <\/p>\n<p>L\u2019actif sera situ\u00e9 sur la <strong>route Madrid-Ir\u00fan (A-1)<\/strong>, dans la m\u00eame zone commerciale que El Corte Ingl\u00e9s, Decathlon, McDonald\u2019s et Burger King, ce qui renforce son attractivit\u00e9 <a href=\"https:\/\/blog.urbanitae.com\/fr\/2025\/03\/04\/reprise-prometteuse-de-linvestissement-retail-en-espagne-en-2025\/?utm_source=blog_fr&amp;utm_medium=organic&amp;utm_campaign=urbanitae_blog_0425&amp;utm_term=commerciale&amp;utm_content=fr_proyecto_parque_arlanzon\" target=\"_blank\" rel=\"noreferrer noopener\">commerciale<\/a>.<\/p>\n<p> <\/p>\n<h2 class=\"wp-block-heading\">Un promoteur exp\u00e9riment\u00e9 pour un projet solide<\/h2>\n<p> <\/p>\n<p>Le promoteur du <a href=\"https:\/\/urbanitae.com\/fr\/projet\/P000347?utm_source=blog_fr&amp;utm_medium=organic&amp;utm_campaign=urbanitae_blog_0425&amp;utm_term=parque_comercial_arlanzon_3&amp;utm_content=fr_proyecto_parque_arlanzon\" target=\"_blank\" rel=\"noreferrer noopener\">Parque Comercial Arlanz\u00f3n<\/a> est <strong>Grupo SIMO<\/strong>, une soci\u00e9t\u00e9 de promotion et de construction forte de plus de 40 ans d\u2019exp\u00e9rience. Depuis sa cr\u00e9ation en 1982, Grupo SIMO a d\u00e9velopp\u00e9 plus de <strong>3 600 logements<\/strong>, des parcs commerciaux de moyennes surfaces et des installations industrielles. Parmi ses r\u00e9f\u00e9rences figurent une surface commerciale pour Leroy Merlin, un KFC \u00e0 C\u00e1ceres, des projets industriels \u00e0 Badajoz et un h\u00f4tel quatre \u00e9toiles.<\/p>\n<p> <\/p>\n<p>La commercialisation du bien commencera avec le lancement des travaux, dont la dur\u00e9e est estim\u00e9e \u00e0 9 mois. Une fois la construction termin\u00e9e, la vente de l\u2019actif est pr\u00e9vue dans les 9 mois suivants. La <strong>valeur de vente estim\u00e9e du parc est de 15 millions d\u2019euros<\/strong>, tandis que la <strong>valeur ECO de l\u2019actif achev\u00e9 s\u2019\u00e9l\u00e8ve \u00e0 18,9 millions d\u2019euros<\/strong>.<\/p>\n<p> <\/p>\n<p>Dans cette vid\u00e9o, nous vous expliquons les d\u00e9tails du projet.<\/p>\t\t\t\t\t\t\t\t<\/div>\n\t\t\t\t<\/div>\n\t\t\t\t\t<\/div>\n\t\t<\/div>\n\t\t\t\t\t<\/div>\n\t\t<\/section>\n\t\t\t\t<section class=\"elementor-section elementor-top-section elementor-element elementor-element-3f0dd94 elementor-section-boxed elementor-section-height-default elementor-section-height-default\" data-id=\"3f0dd94\" data-element_type=\"section\" data-e-type=\"section\">\n\t\t\t\t\t\t<div class=\"elementor-container elementor-column-gap-default\">\n\t\t\t\t\t<div class=\"elementor-column elementor-col-100 elementor-top-column elementor-element elementor-element-971481e\" data-id=\"971481e\" data-element_type=\"column\" data-e-type=\"column\">\n\t\t\t<div class=\"elementor-widget-wrap elementor-element-populated\">\n\t\t\t\t\t\t<div class=\"elementor-element elementor-element-6ee6b78 elementor-widget elementor-widget-video\" data-id=\"6ee6b78\" data-element_type=\"widget\" data-e-type=\"widget\" data-settings=\"{&quot;youtube_url&quot;:&quot;https:\\\/\\\/youtu.be\\\/dq9fg8B5GBQ&quot;,&quot;video_type&quot;:&quot;youtube&quot;,&quot;controls&quot;:&quot;yes&quot;}\" data-widget_type=\"video.default\">\n\t\t\t\t<div class=\"elementor-widget-container\">\n\t\t\t\t\t\t\t<div class=\"elementor-wrapper elementor-open-inline\">\n\t\t\t<div class=\"elementor-video\"><\/div>\t\t<\/div>\n\t\t\t\t\t\t<\/div>\n\t\t\t\t<\/div>\n\t\t\t\t\t<\/div>\n\t\t<\/div>\n\t\t\t\t\t<\/div>\n\t\t<\/section>\n\t\t\t\t<section class=\"elementor-section elementor-top-section elementor-element elementor-element-bada19e elementor-section-boxed elementor-section-height-default elementor-section-height-default\" data-id=\"bada19e\" data-element_type=\"section\" data-e-type=\"section\">\n\t\t\t\t\t\t<div class=\"elementor-container elementor-column-gap-default\">\n\t\t\t\t\t<div class=\"elementor-column elementor-col-100 elementor-top-column elementor-element elementor-element-55b497f\" data-id=\"55b497f\" data-element_type=\"column\" data-e-type=\"column\">\n\t\t\t<div class=\"elementor-widget-wrap elementor-element-populated\">\n\t\t\t\t\t\t<div class=\"elementor-element elementor-element-6ab69fb elementor-widget elementor-widget-text-editor\" data-id=\"6ab69fb\" data-element_type=\"widget\" data-e-type=\"widget\" data-widget_type=\"text-editor.default\">\n\t\t\t\t<div class=\"elementor-widget-container\">\n\t\t\t\t\t\t\t\t\t<h2 class=\"wp-block-heading\">Conditions du pr\u00eat<\/h2>\n<p> <\/p>\n<p>Les investisseurs d\u2019Urbanitae et les co-investisseurs participeront au projet via <strong>un pr\u00eat structur\u00e9 en trois tranches.<\/strong> La tranche A offrira un taux d\u2019int\u00e9r\u00eat fixe annuel de 11,25 % pour financer une partie du prix du terrain, une partie de la TVA (r\u00e9cup\u00e9rable) li\u00e9e \u00e0 l\u2019achat, les premiers co\u00fbts de construction et les frais li\u00e9s \u00e0 la mise en place de la dette.<\/p>\n<p> <\/p>\n<p>Le montant total du pr\u00eat est de <strong>8 785 000 euros<\/strong>, r\u00e9parti comme suit :<\/p>\n<p> <\/p>\n<ul class=\"wp-block-list\">\n<li><strong>Tranche A<\/strong> : 4 560 000 \u20ac sur 18 mois, avec un <strong>taux fixe annuel de 11,25 %<\/strong>, financ\u00e9e par les investisseurs d\u2019Urbanitae.<\/li>\n \n<li><strong>Tranche B<\/strong> : 3 050 000 \u20ac sur 15 mois, avec un taux fixe annuel de 10,75 %, financ\u00e9e par des investisseurs institutionnels.<\/li>\n \n<li><strong>Tranche C<\/strong> : 1 175 000 \u20ac sur 6 mois, avec un taux fixe annuel de 10 %, \u00e9galement destin\u00e9e \u00e0 des investisseurs institutionnels.<\/li>\n<\/ul>\n<p> <\/p>\n<p>Les int\u00e9r\u00eats et le capital seront rembours\u00e9s \u00e0 l\u2019\u00e9ch\u00e9ance. <strong>Le remboursement anticip\u00e9 est autoris\u00e9<\/strong>, avec un <strong>rendement minimum garanti \u00e9quivalent \u00e0 7 mois d\u2019int\u00e9r\u00eats<\/strong> pour la Tranche A. L\u2019extension de six mois est soumise \u00e0 l\u2019avancement de 100 % des travaux.<\/p>\n<p> <\/p>\n<p>L\u2019op\u00e9ration est s\u00e9curis\u00e9e par une <strong>hypoth\u00e8que de premier rang sur le terrain<\/strong> o\u00f9 le parc sera d\u00e9velopp\u00e9, avec une garantie hypoth\u00e9caire \u00e9quivalente \u00e0 150 % du principal.<\/p>\n<p> <\/p>\n<h2 class=\"wp-block-heading\">Pourquoi investir dans ce projet<\/h2>\n<p> <\/p>\n<ul class=\"wp-block-list\">\n<li><strong>Actif 100 % lou\u00e9 \u00e0 des enseignes reconnues<\/strong>, g\u00e9n\u00e9rant un revenu locatif net de plus d\u2019un million d\u2019euros par an.<\/li>\n \n<li><strong>Emplacement strat\u00e9gique<\/strong> \u00e0 l\u2019entr\u00e9e d\u2019une capitale provinciale \u00e0 fort pouvoir d\u2019achat et une zone d\u2019influence de plus de 400 000 habitants.<\/li>\n \n<li><strong>Rendement annuel attractif de 11,25 %<\/strong>, avec un retour minimum garanti.<\/li>\n \n<li><strong>Promoteur fort de plus de 40 ans d\u2019exp\u00e9rience<\/strong>, avec un solide historique de projets r\u00e9sidentiels et commerciaux.<\/li>\n \n<li><strong>Ratio <a href=\"https:\/\/blog.urbanitae.com\/fr\/2023\/05\/07\/quest-ce-que-le-rapport-pret-valeur\/?utm_source=blog_fr&amp;utm_medium=organic&amp;utm_campaign=urbanitae_blog_0425&amp;utm_term=ltv&amp;utm_content=fr_proyecto_parque_arlanzon\" target=\"_blank\" rel=\"noreferrer noopener\">LTV<\/a> de 46,5 %<\/strong>, signe d\u2019un financement conservateur par rapport \u00e0 la valeur de l\u2019actif.<\/li>\n<\/ul>\n<p> <\/p>\n<h2 class=\"wp-block-heading\">Quand vais-je r\u00e9cup\u00e9rer mon investissement ?<\/h2>\n<p> <\/p>\n<ul class=\"wp-block-list\">\n<li><strong>Deuxi\u00e8me trimestre 2025<\/strong> : octroi du pr\u00eat et d\u00e9but des travaux.<\/li>\n \n<li><strong>Premier trimestre 2026<\/strong> : ach\u00e8vement du parc et ouverture au public.<\/li>\n \n<li><strong>T1\u2013T4 2026<\/strong> : vente de l\u2019actif et remboursement du pr\u00eat.<\/li>\n<\/ul>\n<p> <\/p>\n<p>Nous organiserons un <strong><a href=\"https:\/\/us02web.zoom.us\/j\/83504352141?pwd=7CCX0nwRBrkhLyoxU9QsBaNJEloPMM.1\" target=\"_blank\" rel=\"noreferrer noopener\">webinaire<\/a> le lundi 21 avril \u00e0 12h (UTC+2)<\/strong> pour r\u00e9pondre \u00e0 toutes vos questions. Vous pouvez \u00e9galement nous contacter \u00e0 l\u2019adresse <strong><a href=\"mailto:contacto@urbanitae.com\" target=\"_blank\" rel=\"noreferrer noopener\">contacto@urbanitae.com<\/a><\/strong> ou par t\u00e9l\u00e9phone au <strong>(+34) 911 23 25 22<\/strong>.<\/p>\n<p> <\/p>\n<p><strong>Ne manquez pas cette opportunit\u00e9 d\u2019investir dans un parc commercial consolid\u00e9 et s\u00e9curis\u00e9 \u00e0 Burgos !<\/strong><\/p>\t\t\t\t\t\t\t\t<\/div>\n\t\t\t\t<\/div>\n\t\t\t\t\t<\/div>\n\t\t<\/div>\n\t\t\t\t\t<\/div>\n\t\t<\/section>\n\t\t\t\t<\/div>\n\t\t","protected":false},"excerpt":{"rendered":"<p>Le projet Parque Comercial Arlanz\u00f3n consiste en un pr\u00eat pour d\u00e9velopper un retail park \u00e0 Burgos, avec un taux annuel de 11,25 % sur 18 mois.<\/p>\n","protected":false},"author":1,"featured_media":60756,"comment_status":"open","ping_status":"closed","sticky":false,"template":"","format":"standard","meta":{"inline_featured_image":false,"footnotes":""},"categories":[1077,1079,929,927,77],"tags":[1966,1964,1887,1952,1368,1374],"class_list":["post-60736","post","type-post","status-publish","format-standard","has-post-thumbnail","hentry","category-dette","category-divida","category-projetos","category-projets","category-proyectos","tag-crowdfunding-immobiliare","tag-crowdfunding-immobilier","tag-inversion-inmobiliaria-fr","tag-pret-participatif-immobilier","tag-sector-comercial-fr","tag-sector-comercial-it"],"blocksy_meta":[],"yoast_head":"<!-- This site is optimized with the Yoast SEO plugin v27.5 - https:\/\/yoast.com\/product\/yoast-seo-wordpress\/ -->\n<title>Investissez dans un parc commercial 100 % lou\u00e9 \u00e0 Burgos<\/title>\n<meta name=\"description\" content=\"Vous pouvez d\u00e9sormais investir dans un parc commercial \u00e0 Burgos, avec un rendement de 16,8 % en 18 mois. Lisez la suite pour tous les d\u00e9tails.\" \/>\n<meta name=\"robots\" content=\"index, follow, max-snippet:-1, max-image-preview:large, max-video-preview:-1\" \/>\n<link rel=\"canonical\" href=\"https:\/\/blog.urbanitae.com\/fr\/2025\/04\/16\/nouveau-projet-investissez-dans-un-parc-commercial-100-loue-a-burgos\/\" \/>\n<meta property=\"og:locale\" content=\"fr_FR\" \/>\n<meta property=\"og:type\" content=\"article\" \/>\n<meta property=\"og:title\" content=\"Investissez dans le secteur commercial \u00e0 partir de 500\u00a0\u20ac\" \/>\n<meta property=\"og:description\" content=\"Vous pouvez d\u00e9sormais investir dans un parc commercial \u00e0 Burgos, avec un rendement de 16,8 % en 18 mois. Lisez la suite pour tous les d\u00e9tails.\" \/>\n<meta property=\"og:url\" content=\"https:\/\/blog.urbanitae.com\/fr\/2025\/04\/16\/nouveau-projet-investissez-dans-un-parc-commercial-100-loue-a-burgos\/\" \/>\n<meta property=\"og:site_name\" content=\"Urbanitae Blog | Les meilleures nouvelles sur l&#039;investissement immobilier\" \/>\n<meta property=\"article:publisher\" content=\"https:\/\/www.facebook.com\/urbanitae\" \/>\n<meta property=\"article:published_time\" content=\"2025-04-16T19:52:14+00:00\" \/>\n<meta property=\"article:modified_time\" content=\"2025-09-22T17:16:32+00:00\" \/>\n<meta property=\"og:image\" content=\"https:\/\/blog.urbanitae.com\/wp-content\/uploads\/2025\/04\/invertir-parque-comercial.webp\" \/>\n\t<meta property=\"og:image:width\" content=\"1400\" \/>\n\t<meta property=\"og:image:height\" content=\"735\" \/>\n\t<meta property=\"og:image:type\" content=\"image\/webp\" \/>\n<meta name=\"author\" content=\"Equipo Urbanitae\" \/>\n<meta name=\"twitter:card\" content=\"summary_large_image\" \/>\n<meta name=\"twitter:creator\" content=\"@urbanitae\" \/>\n<meta name=\"twitter:site\" content=\"@urbanitae\" \/>\n<meta name=\"twitter:label1\" content=\"\u00c9crit par\" \/>\n\t<meta name=\"twitter:data1\" content=\"Equipo Urbanitae\" \/>\n\t<meta name=\"twitter:label2\" content=\"Dur\u00e9e de lecture estim\u00e9e\" \/>\n\t<meta name=\"twitter:data2\" content=\"5 minutes\" \/>\n<script type=\"application\/ld+json\" class=\"yoast-schema-graph\">{\"@context\":\"https:\\\/\\\/schema.org\",\"@graph\":[{\"@type\":[\"Article\",\"BlogPosting\"],\"@id\":\"https:\\\/\\\/blog.urbanitae.com\\\/fr\\\/2025\\\/04\\\/16\\\/nouveau-projet-investissez-dans-un-parc-commercial-100-loue-a-burgos\\\/#article\",\"isPartOf\":{\"@id\":\"https:\\\/\\\/blog.urbanitae.com\\\/fr\\\/2025\\\/04\\\/16\\\/nouveau-projet-investissez-dans-un-parc-commercial-100-loue-a-burgos\\\/\"},\"author\":{\"name\":\"Equipo Urbanitae\",\"@id\":\"https:\\\/\\\/blog.urbanitae.com\\\/fr\\\/#\\\/schema\\\/person\\\/e7b2d152f5654066832c53f5aa04fbf7\"},\"headline\":\"Investissez dans un parc commercial 100 % lou\u00e9 \u00e0 Burgos\",\"datePublished\":\"2025-04-16T19:52:14+00:00\",\"dateModified\":\"2025-09-22T17:16:32+00:00\",\"mainEntityOfPage\":{\"@id\":\"https:\\\/\\\/blog.urbanitae.com\\\/fr\\\/2025\\\/04\\\/16\\\/nouveau-projet-investissez-dans-un-parc-commercial-100-loue-a-burgos\\\/\"},\"wordCount\":1017,\"commentCount\":0,\"publisher\":{\"@id\":\"https:\\\/\\\/blog.urbanitae.com\\\/fr\\\/#organization\"},\"image\":{\"@id\":\"https:\\\/\\\/blog.urbanitae.com\\\/fr\\\/2025\\\/04\\\/16\\\/nouveau-projet-investissez-dans-un-parc-commercial-100-loue-a-burgos\\\/#primaryimage\"},\"thumbnailUrl\":\"https:\\\/\\\/blog.urbanitae.com\\\/wp-content\\\/uploads\\\/2025\\\/04\\\/invertir-parque-comercial.webp\",\"keywords\":[\"crowdfunding immobiliare\",\"crowdfunding immobilier\",\"inversi\u00f3n inmobiliaria\",\"pr\u00eat participatif immobilier\",\"sector comercial\",\"sector comercial\"],\"articleSection\":[\"Dette\",\"D\u00edvida\",\"Projetos\",\"Projets\",\"Proyectos\"],\"inLanguage\":\"fr-FR\",\"potentialAction\":[{\"@type\":\"CommentAction\",\"name\":\"Comment\",\"target\":[\"https:\\\/\\\/blog.urbanitae.com\\\/fr\\\/2025\\\/04\\\/16\\\/nouveau-projet-investissez-dans-un-parc-commercial-100-loue-a-burgos\\\/#respond\"]}]},{\"@type\":[\"WebPage\",\"ItemPage\"],\"@id\":\"https:\\\/\\\/blog.urbanitae.com\\\/fr\\\/2025\\\/04\\\/16\\\/nouveau-projet-investissez-dans-un-parc-commercial-100-loue-a-burgos\\\/\",\"url\":\"https:\\\/\\\/blog.urbanitae.com\\\/fr\\\/2025\\\/04\\\/16\\\/nouveau-projet-investissez-dans-un-parc-commercial-100-loue-a-burgos\\\/\",\"name\":\"Investissez dans un parc commercial 100 % lou\u00e9 \u00e0 Burgos\",\"isPartOf\":{\"@id\":\"https:\\\/\\\/blog.urbanitae.com\\\/fr\\\/#website\"},\"primaryImageOfPage\":{\"@id\":\"https:\\\/\\\/blog.urbanitae.com\\\/fr\\\/2025\\\/04\\\/16\\\/nouveau-projet-investissez-dans-un-parc-commercial-100-loue-a-burgos\\\/#primaryimage\"},\"image\":{\"@id\":\"https:\\\/\\\/blog.urbanitae.com\\\/fr\\\/2025\\\/04\\\/16\\\/nouveau-projet-investissez-dans-un-parc-commercial-100-loue-a-burgos\\\/#primaryimage\"},\"thumbnailUrl\":\"https:\\\/\\\/blog.urbanitae.com\\\/wp-content\\\/uploads\\\/2025\\\/04\\\/invertir-parque-comercial.webp\",\"datePublished\":\"2025-04-16T19:52:14+00:00\",\"dateModified\":\"2025-09-22T17:16:32+00:00\",\"description\":\"Vous pouvez d\u00e9sormais investir dans un parc commercial \u00e0 Burgos, avec un rendement de 16,8 % en 18 mois. Lisez la suite pour tous les d\u00e9tails.\",\"breadcrumb\":{\"@id\":\"https:\\\/\\\/blog.urbanitae.com\\\/fr\\\/2025\\\/04\\\/16\\\/nouveau-projet-investissez-dans-un-parc-commercial-100-loue-a-burgos\\\/#breadcrumb\"},\"inLanguage\":\"fr-FR\",\"potentialAction\":[{\"@type\":\"ReadAction\",\"target\":[\"https:\\\/\\\/blog.urbanitae.com\\\/fr\\\/2025\\\/04\\\/16\\\/nouveau-projet-investissez-dans-un-parc-commercial-100-loue-a-burgos\\\/\"]}]},{\"@type\":\"ImageObject\",\"inLanguage\":\"fr-FR\",\"@id\":\"https:\\\/\\\/blog.urbanitae.com\\\/fr\\\/2025\\\/04\\\/16\\\/nouveau-projet-investissez-dans-un-parc-commercial-100-loue-a-burgos\\\/#primaryimage\",\"url\":\"https:\\\/\\\/blog.urbanitae.com\\\/wp-content\\\/uploads\\\/2025\\\/04\\\/invertir-parque-comercial.webp\",\"contentUrl\":\"https:\\\/\\\/blog.urbanitae.com\\\/wp-content\\\/uploads\\\/2025\\\/04\\\/invertir-parque-comercial.webp\",\"width\":1400,\"height\":735,\"caption\":\"\u00a1Nuevo proyecto! Invierte en un parque comercial 100% alquilado en Burgos. New project! Invest in a fully leased retail park in Burgos. Nouveau projet ! Investissez dans un parc commercial 100 % lou\u00e9 \u00e0 Burgos. Nuovo progetto! Investi in un parco commerciale affittato al 100% a Burgos. Novo projeto! Investe num parque comercial 100% arrendado em Burgos. Neues Projekt! Investiere in einen voll vermieteten Fachmarktpark in Burgos.\"},{\"@type\":\"BreadcrumbList\",\"@id\":\"https:\\\/\\\/blog.urbanitae.com\\\/fr\\\/2025\\\/04\\\/16\\\/nouveau-projet-investissez-dans-un-parc-commercial-100-loue-a-burgos\\\/#breadcrumb\",\"itemListElement\":[{\"@type\":\"ListItem\",\"position\":1,\"name\":\"Portada\",\"item\":\"https:\\\/\\\/blog.urbanitae.com\\\/fr\\\/\"},{\"@type\":\"ListItem\",\"position\":2,\"name\":\"Investissez dans un parc commercial 100 % lou\u00e9 \u00e0 Burgos\"}]},{\"@type\":\"WebSite\",\"@id\":\"https:\\\/\\\/blog.urbanitae.com\\\/fr\\\/#website\",\"url\":\"https:\\\/\\\/blog.urbanitae.com\\\/fr\\\/\",\"name\":\"Urbanitae Blog | Las mejores noticias sobre inversi\u00f3n inmobiliaria\",\"description\":\"L'investissement immobilier \u00e0 la port\u00e9e de tous\",\"publisher\":{\"@id\":\"https:\\\/\\\/blog.urbanitae.com\\\/fr\\\/#organization\"},\"potentialAction\":[{\"@type\":\"SearchAction\",\"target\":{\"@type\":\"EntryPoint\",\"urlTemplate\":\"https:\\\/\\\/blog.urbanitae.com\\\/fr\\\/?s={search_term_string}\"},\"query-input\":{\"@type\":\"PropertyValueSpecification\",\"valueRequired\":true,\"valueName\":\"search_term_string\"}}],\"inLanguage\":\"fr-FR\"},{\"@type\":\"Organization\",\"@id\":\"https:\\\/\\\/blog.urbanitae.com\\\/fr\\\/#organization\",\"name\":\"Urbanitae\",\"url\":\"https:\\\/\\\/blog.urbanitae.com\\\/fr\\\/\",\"logo\":{\"@type\":\"ImageObject\",\"inLanguage\":\"fr-FR\",\"@id\":\"https:\\\/\\\/blog.urbanitae.com\\\/fr\\\/#\\\/schema\\\/logo\\\/image\\\/\",\"url\":\"https:\\\/\\\/blog.urbanitae.com\\\/wp-content\\\/uploads\\\/2020\\\/04\\\/logo-verde_350x100.svg\",\"contentUrl\":\"https:\\\/\\\/blog.urbanitae.com\\\/wp-content\\\/uploads\\\/2020\\\/04\\\/logo-verde_350x100.svg\",\"width\":350,\"height\":100,\"caption\":\"Urbanitae\"},\"image\":{\"@id\":\"https:\\\/\\\/blog.urbanitae.com\\\/fr\\\/#\\\/schema\\\/logo\\\/image\\\/\"},\"sameAs\":[\"https:\\\/\\\/www.facebook.com\\\/urbanitae\",\"https:\\\/\\\/x.com\\\/urbanitae\",\"https:\\\/\\\/www.instagram.com\\\/urbanitae\",\"https:\\\/\\\/www.linkedin.com\\\/company\\\/urbanitae\",\"https:\\\/\\\/www.pinterest.es\\\/UrbanitaeSL\\\/_created\\\/\",\"https:\\\/\\\/www.youtube.com\\\/c\\\/Urbanitae_RE\"]},{\"@type\":\"Person\",\"@id\":\"https:\\\/\\\/blog.urbanitae.com\\\/fr\\\/#\\\/schema\\\/person\\\/e7b2d152f5654066832c53f5aa04fbf7\",\"name\":\"Equipo Urbanitae\",\"image\":{\"@type\":\"ImageObject\",\"inLanguage\":\"fr-FR\",\"@id\":\"https:\\\/\\\/secure.gravatar.com\\\/avatar\\\/e75782c6aa253c8ac75c13b1ec97172bb2d67437baa4354ba4b0650a97f565f2?s=96&d=mm&r=g\",\"url\":\"https:\\\/\\\/secure.gravatar.com\\\/avatar\\\/e75782c6aa253c8ac75c13b1ec97172bb2d67437baa4354ba4b0650a97f565f2?s=96&d=mm&r=g\",\"contentUrl\":\"https:\\\/\\\/secure.gravatar.com\\\/avatar\\\/e75782c6aa253c8ac75c13b1ec97172bb2d67437baa4354ba4b0650a97f565f2?s=96&d=mm&r=g\",\"caption\":\"Equipo Urbanitae\"},\"sameAs\":[\"https:\\\/\\\/urbanitae.com\"],\"url\":\"https:\\\/\\\/blog.urbanitae.com\\\/fr\\\/author\\\/urbanitae\\\/\"}]}<\/script>\n<!-- \/ Yoast SEO plugin. -->","yoast_head_json":{"title":"Investissez dans un parc commercial 100 % lou\u00e9 \u00e0 Burgos","description":"Vous pouvez d\u00e9sormais investir dans un parc commercial \u00e0 Burgos, avec un rendement de 16,8 % en 18 mois. Lisez la suite pour tous les d\u00e9tails.","robots":{"index":"index","follow":"follow","max-snippet":"max-snippet:-1","max-image-preview":"max-image-preview:large","max-video-preview":"max-video-preview:-1"},"canonical":"https:\/\/blog.urbanitae.com\/fr\/2025\/04\/16\/nouveau-projet-investissez-dans-un-parc-commercial-100-loue-a-burgos\/","og_locale":"fr_FR","og_type":"article","og_title":"Investissez dans le secteur commercial \u00e0 partir de 500\u00a0\u20ac","og_description":"Vous pouvez d\u00e9sormais investir dans un parc commercial \u00e0 Burgos, avec un rendement de 16,8 % en 18 mois. Lisez la suite pour tous les d\u00e9tails.","og_url":"https:\/\/blog.urbanitae.com\/fr\/2025\/04\/16\/nouveau-projet-investissez-dans-un-parc-commercial-100-loue-a-burgos\/","og_site_name":"Urbanitae Blog | Les meilleures nouvelles sur l'investissement immobilier","article_publisher":"https:\/\/www.facebook.com\/urbanitae","article_published_time":"2025-04-16T19:52:14+00:00","article_modified_time":"2025-09-22T17:16:32+00:00","og_image":[{"width":1400,"height":735,"url":"https:\/\/blog.urbanitae.com\/wp-content\/uploads\/2025\/04\/invertir-parque-comercial.webp","type":"image\/webp"}],"author":"Equipo Urbanitae","twitter_card":"summary_large_image","twitter_creator":"@urbanitae","twitter_site":"@urbanitae","twitter_misc":{"\u00c9crit par":"Equipo Urbanitae","Dur\u00e9e de lecture estim\u00e9e":"5 minutes"},"schema":{"@context":"https:\/\/schema.org","@graph":[{"@type":["Article","BlogPosting"],"@id":"https:\/\/blog.urbanitae.com\/fr\/2025\/04\/16\/nouveau-projet-investissez-dans-un-parc-commercial-100-loue-a-burgos\/#article","isPartOf":{"@id":"https:\/\/blog.urbanitae.com\/fr\/2025\/04\/16\/nouveau-projet-investissez-dans-un-parc-commercial-100-loue-a-burgos\/"},"author":{"name":"Equipo Urbanitae","@id":"https:\/\/blog.urbanitae.com\/fr\/#\/schema\/person\/e7b2d152f5654066832c53f5aa04fbf7"},"headline":"Investissez dans un parc commercial 100 % lou\u00e9 \u00e0 Burgos","datePublished":"2025-04-16T19:52:14+00:00","dateModified":"2025-09-22T17:16:32+00:00","mainEntityOfPage":{"@id":"https:\/\/blog.urbanitae.com\/fr\/2025\/04\/16\/nouveau-projet-investissez-dans-un-parc-commercial-100-loue-a-burgos\/"},"wordCount":1017,"commentCount":0,"publisher":{"@id":"https:\/\/blog.urbanitae.com\/fr\/#organization"},"image":{"@id":"https:\/\/blog.urbanitae.com\/fr\/2025\/04\/16\/nouveau-projet-investissez-dans-un-parc-commercial-100-loue-a-burgos\/#primaryimage"},"thumbnailUrl":"https:\/\/blog.urbanitae.com\/wp-content\/uploads\/2025\/04\/invertir-parque-comercial.webp","keywords":["crowdfunding immobiliare","crowdfunding immobilier","inversi\u00f3n inmobiliaria","pr\u00eat participatif immobilier","sector comercial","sector comercial"],"articleSection":["Dette","D\u00edvida","Projetos","Projets","Proyectos"],"inLanguage":"fr-FR","potentialAction":[{"@type":"CommentAction","name":"Comment","target":["https:\/\/blog.urbanitae.com\/fr\/2025\/04\/16\/nouveau-projet-investissez-dans-un-parc-commercial-100-loue-a-burgos\/#respond"]}]},{"@type":["WebPage","ItemPage"],"@id":"https:\/\/blog.urbanitae.com\/fr\/2025\/04\/16\/nouveau-projet-investissez-dans-un-parc-commercial-100-loue-a-burgos\/","url":"https:\/\/blog.urbanitae.com\/fr\/2025\/04\/16\/nouveau-projet-investissez-dans-un-parc-commercial-100-loue-a-burgos\/","name":"Investissez dans un parc commercial 100 % lou\u00e9 \u00e0 Burgos","isPartOf":{"@id":"https:\/\/blog.urbanitae.com\/fr\/#website"},"primaryImageOfPage":{"@id":"https:\/\/blog.urbanitae.com\/fr\/2025\/04\/16\/nouveau-projet-investissez-dans-un-parc-commercial-100-loue-a-burgos\/#primaryimage"},"image":{"@id":"https:\/\/blog.urbanitae.com\/fr\/2025\/04\/16\/nouveau-projet-investissez-dans-un-parc-commercial-100-loue-a-burgos\/#primaryimage"},"thumbnailUrl":"https:\/\/blog.urbanitae.com\/wp-content\/uploads\/2025\/04\/invertir-parque-comercial.webp","datePublished":"2025-04-16T19:52:14+00:00","dateModified":"2025-09-22T17:16:32+00:00","description":"Vous pouvez d\u00e9sormais investir dans un parc commercial \u00e0 Burgos, avec un rendement de 16,8 % en 18 mois. Lisez la suite pour tous les d\u00e9tails.","breadcrumb":{"@id":"https:\/\/blog.urbanitae.com\/fr\/2025\/04\/16\/nouveau-projet-investissez-dans-un-parc-commercial-100-loue-a-burgos\/#breadcrumb"},"inLanguage":"fr-FR","potentialAction":[{"@type":"ReadAction","target":["https:\/\/blog.urbanitae.com\/fr\/2025\/04\/16\/nouveau-projet-investissez-dans-un-parc-commercial-100-loue-a-burgos\/"]}]},{"@type":"ImageObject","inLanguage":"fr-FR","@id":"https:\/\/blog.urbanitae.com\/fr\/2025\/04\/16\/nouveau-projet-investissez-dans-un-parc-commercial-100-loue-a-burgos\/#primaryimage","url":"https:\/\/blog.urbanitae.com\/wp-content\/uploads\/2025\/04\/invertir-parque-comercial.webp","contentUrl":"https:\/\/blog.urbanitae.com\/wp-content\/uploads\/2025\/04\/invertir-parque-comercial.webp","width":1400,"height":735,"caption":"\u00a1Nuevo proyecto! Invierte en un parque comercial 100% alquilado en Burgos. New project! Invest in a fully leased retail park in Burgos. Nouveau projet ! Investissez dans un parc commercial 100 % lou\u00e9 \u00e0 Burgos. Nuovo progetto! Investi in un parco commerciale affittato al 100% a Burgos. Novo projeto! Investe num parque comercial 100% arrendado em Burgos. Neues Projekt! Investiere in einen voll vermieteten Fachmarktpark in Burgos."},{"@type":"BreadcrumbList","@id":"https:\/\/blog.urbanitae.com\/fr\/2025\/04\/16\/nouveau-projet-investissez-dans-un-parc-commercial-100-loue-a-burgos\/#breadcrumb","itemListElement":[{"@type":"ListItem","position":1,"name":"Portada","item":"https:\/\/blog.urbanitae.com\/fr\/"},{"@type":"ListItem","position":2,"name":"Investissez dans un parc commercial 100 % lou\u00e9 \u00e0 Burgos"}]},{"@type":"WebSite","@id":"https:\/\/blog.urbanitae.com\/fr\/#website","url":"https:\/\/blog.urbanitae.com\/fr\/","name":"Urbanitae Blog | Las mejores noticias sobre inversi\u00f3n inmobiliaria","description":"L'investissement immobilier \u00e0 la port\u00e9e de tous","publisher":{"@id":"https:\/\/blog.urbanitae.com\/fr\/#organization"},"potentialAction":[{"@type":"SearchAction","target":{"@type":"EntryPoint","urlTemplate":"https:\/\/blog.urbanitae.com\/fr\/?s={search_term_string}"},"query-input":{"@type":"PropertyValueSpecification","valueRequired":true,"valueName":"search_term_string"}}],"inLanguage":"fr-FR"},{"@type":"Organization","@id":"https:\/\/blog.urbanitae.com\/fr\/#organization","name":"Urbanitae","url":"https:\/\/blog.urbanitae.com\/fr\/","logo":{"@type":"ImageObject","inLanguage":"fr-FR","@id":"https:\/\/blog.urbanitae.com\/fr\/#\/schema\/logo\/image\/","url":"https:\/\/blog.urbanitae.com\/wp-content\/uploads\/2020\/04\/logo-verde_350x100.svg","contentUrl":"https:\/\/blog.urbanitae.com\/wp-content\/uploads\/2020\/04\/logo-verde_350x100.svg","width":350,"height":100,"caption":"Urbanitae"},"image":{"@id":"https:\/\/blog.urbanitae.com\/fr\/#\/schema\/logo\/image\/"},"sameAs":["https:\/\/www.facebook.com\/urbanitae","https:\/\/x.com\/urbanitae","https:\/\/www.instagram.com\/urbanitae","https:\/\/www.linkedin.com\/company\/urbanitae","https:\/\/www.pinterest.es\/UrbanitaeSL\/_created\/","https:\/\/www.youtube.com\/c\/Urbanitae_RE"]},{"@type":"Person","@id":"https:\/\/blog.urbanitae.com\/fr\/#\/schema\/person\/e7b2d152f5654066832c53f5aa04fbf7","name":"Equipo Urbanitae","image":{"@type":"ImageObject","inLanguage":"fr-FR","@id":"https:\/\/secure.gravatar.com\/avatar\/e75782c6aa253c8ac75c13b1ec97172bb2d67437baa4354ba4b0650a97f565f2?s=96&d=mm&r=g","url":"https:\/\/secure.gravatar.com\/avatar\/e75782c6aa253c8ac75c13b1ec97172bb2d67437baa4354ba4b0650a97f565f2?s=96&d=mm&r=g","contentUrl":"https:\/\/secure.gravatar.com\/avatar\/e75782c6aa253c8ac75c13b1ec97172bb2d67437baa4354ba4b0650a97f565f2?s=96&d=mm&r=g","caption":"Equipo Urbanitae"},"sameAs":["https:\/\/urbanitae.com"],"url":"https:\/\/blog.urbanitae.com\/fr\/author\/urbanitae\/"}]}},"_links":{"self":[{"href":"https:\/\/blog.urbanitae.com\/fr\/wp-json\/wp\/v2\/posts\/60736","targetHints":{"allow":["GET"]}}],"collection":[{"href":"https:\/\/blog.urbanitae.com\/fr\/wp-json\/wp\/v2\/posts"}],"about":[{"href":"https:\/\/blog.urbanitae.com\/fr\/wp-json\/wp\/v2\/types\/post"}],"author":[{"embeddable":true,"href":"https:\/\/blog.urbanitae.com\/fr\/wp-json\/wp\/v2\/users\/1"}],"replies":[{"embeddable":true,"href":"https:\/\/blog.urbanitae.com\/fr\/wp-json\/wp\/v2\/comments?post=60736"}],"version-history":[{"count":0,"href":"https:\/\/blog.urbanitae.com\/fr\/wp-json\/wp\/v2\/posts\/60736\/revisions"}],"wp:featuredmedia":[{"embeddable":true,"href":"https:\/\/blog.urbanitae.com\/fr\/wp-json\/wp\/v2\/media\/60756"}],"wp:attachment":[{"href":"https:\/\/blog.urbanitae.com\/fr\/wp-json\/wp\/v2\/media?parent=60736"}],"wp:term":[{"taxonomy":"category","embeddable":true,"href":"https:\/\/blog.urbanitae.com\/fr\/wp-json\/wp\/v2\/categories?post=60736"},{"taxonomy":"post_tag","embeddable":true,"href":"https:\/\/blog.urbanitae.com\/fr\/wp-json\/wp\/v2\/tags?post=60736"}],"curies":[{"name":"wp","href":"https:\/\/api.w.org\/{rel}","templated":true}]}}