{"id":55799,"date":"2025-02-05T08:45:36","date_gmt":"2025-02-05T07:45:36","guid":{"rendered":"https:\/\/blog.urbanitae.com\/?p=55799"},"modified":"2025-02-04T10:53:52","modified_gmt":"2025-02-04T09:53:52","slug":"la-rarete-du-foncier-en-espagne-un-obstacle-cle-a-lacces-au-logement","status":"publish","type":"post","link":"https:\/\/blog.urbanitae.com\/fr\/2025\/02\/05\/la-rarete-du-foncier-en-espagne-un-obstacle-cle-a-lacces-au-logement\/","title":{"rendered":"La raret\u00e9 du foncier en Espagne : un obstacle cl\u00e9 \u00e0 l&rsquo;acc\u00e8s au logement"},"content":{"rendered":"\n<p>La p\u00e9nurie de logements en Espagne est un probl\u00e8me de plus en plus aigu, affectant \u00e0 la fois les acheteurs et les locataires. Dans ce contexte, un rapport r\u00e9cent de Colliers et APCEspa\u00f1a met en lumi\u00e8re l&rsquo;un des principaux facteurs responsables : <strong><a href=\"https:\/\/www.colliers.com\/es-es\/news\/se-tarda-una-media-de-10-a-15-anhos-en-transformar-y-gestionar-un-suelo-para-construir-vivienda\" target=\"_blank\" rel=\"noreferrer noopener\">le manque de terrains constructibles disponibles<\/a><\/strong>. Cette \u00e9tude souligne que les longs d\u00e9lais n\u00e9cessaires pour transformer des terrains agricoles en terrains constructibles ne compliquent pas seulement la construction de nouveaux logements, mais contribuent \u00e9galement \u00e0 la hausse des prix sur le march\u00e9 immobilier. De plus, la complexit\u00e9 bureaucratique, le manque de coordination entre les administrations et les difficult\u00e9s juridiques aggravent encore cette situation.<\/p>\n\n\n\n<p>Le d\u00e9ficit de logements accumul\u00e9 en Espagne atteint des chiffres alarmants. En 2023, <strong>l&rsquo;\u00e9cart entre la demande de logements et l&rsquo;offre disponible a d\u00e9pass\u00e9 les 408 000 unit\u00e9s<\/strong>, un chiffre qui, si aucune mesure n&rsquo;est prise, <strong>pourrait atteindre 2,74 millions en 2039<\/strong>. Ce d\u00e9s\u00e9quilibre affecte particuli\u00e8rement les grandes villes comme Madrid, Barcelone et Valence, o\u00f9 le rythme de cr\u00e9ation de logements est entre 3,4 et 5 fois sup\u00e9rieur au nombre de logements construits, ainsi que dans les r\u00e9gions touristiques comme les Canaries, o\u00f9 l&rsquo;\u00e9cart est jusqu&rsquo;\u00e0 sept fois plus grand.<\/p>\n\n\n\n<h2 class=\"wp-block-heading\"><strong>La complexit\u00e9 du d\u00e9veloppement foncier<\/strong><\/h2>\n\n\n\n<p>Le processus de conversion d\u2019un terrain rural en terrain urbanisable est long et complexe en Espagne. Selon le rapport de Colliers, les d\u00e9marches administratives et urbanistiques n\u00e9cessaires prennent g\u00e9n\u00e9ralement entre 10 et 15 ans, <a href=\"https:\/\/www.colliers.com\/es-es\/news\/se-tarda-una-media-de-10-a-15-anhos-en-transformar-y-gestionar-un-suelo-para-construir-vivienda\" target=\"_blank\" rel=\"noreferrer noopener\">et dans certains cas, d\u00e9passent m\u00eame les 20 ans<\/a>. Ces d\u00e9lais rendent difficile une r\u00e9ponse efficace \u00e0 la demande croissante de logements, en particulier dans les zones o\u00f9 le besoin est le plus urgent. Par ailleurs, l&rsquo;ins\u00e9curit\u00e9 juridique et le manque de clart\u00e9 des r\u00e9glementations constituent des obstacles suppl\u00e9mentaires pour les promoteurs et les constructeurs.<\/p>\n\n\n\n<p>La lenteur du processus s\u2019explique par plusieurs facteurs : <strong>des r\u00e9glementations urbanistiques obsol\u00e8tes, des changements fr\u00e9quents dans les politiques locales et nationales, des recours juridiques et des structures de propri\u00e9t\u00e9 complexes<\/strong>. Cette situation ne se contente pas de retarder la cr\u00e9ation de terrains constructibles, elle entra\u00eene \u00e9galement une flamb\u00e9e des prix en raison de la raret\u00e9 du foncier, ce qui, combin\u00e9 \u00e0 la hausse des co\u00fbts de construction, limite encore davantage la production de logements abordables.<\/p>\n\n\n\n<h2 class=\"wp-block-heading\"><strong>Cons\u00e9quences \u00e9conomiques et sociales de la raret\u00e9 du foncier<\/strong> en Espagne <\/h2>\n\n\n\n<p>Le manque de terrains pr\u00eats \u00e0 b\u00e2tir a des r\u00e9percussions majeures sur l&rsquo;\u00e9conomie et la soci\u00e9t\u00e9. Sur le plan \u00e9conomique, l\u2019augmentation des prix du foncier et des logements r\u00e9duit les marges b\u00e9n\u00e9ficiaires des promoteurs, ce qui d\u00e9courage la construction de nouveaux logements. Cela cr\u00e9e un cercle vicieux o\u00f9 <strong>l\u2019offre limit\u00e9e ne parvient pas \u00e0 r\u00e9pondre \u00e0 une demande toujours croissante<\/strong>, ce qui pousse encore davantage les prix \u00e0 la hausse.<\/p>\n\n\n\n<p>Sur le plan social, cette situation impacte particuli\u00e8rement les populations les plus vuln\u00e9rables, qui rencontrent de plus en plus de difficult\u00e9s pour acc\u00e9der \u00e0 un logement. Dans les zones \u00e0 forte demande, de nombreuses personnes doivent consacrer une part importante de leurs revenus au loyer ou \u00e0 l\u2019achat d\u2019un bien, ce qui accro\u00eet les in\u00e9galit\u00e9s et limite la mobilit\u00e9 g\u00e9ographique. Par ailleurs, le d\u00e9ficit de logements se concentre dans les r\u00e9gions o\u00f9 les besoins sont les plus pressants, laissant de c\u00f4t\u00e9 des zones o\u00f9 la pression d\u00e9mographique est moindre et o\u00f9 les logements restent invendus. Cette situation engendre un probl\u00e8me social majeur : par exemple, l\u2019autonomie des jeunes devient de plus en plus difficile, avec <strong><a href=\"https:\/\/www.idealista.com\/news\/opinion\/luis-corral\/2024\/10\/15\/820470-por-que-los-jovenes-lo-tienen-mas-dificil-para-acceder-a-una-vivienda\" target=\"_blank\" rel=\"noreferrer noopener\">deux tiers des 18-34 ans vivant encore chez leurs parents<\/a> et d\u00e9pendant financi\u00e8rement d\u2019eux<\/strong>, selon les donn\u00e9es pr\u00e9sent\u00e9es par Idealista.<\/p>\n\n\n\n<p>En outre, selon les donn\u00e9es de la <a href=\"https:\/\/www.bde.es\/wbe\/es\/inicio\/noticias\/evolucion-reciente-del-mercado-de-la-vivienda-residencial-en-espana.html\" target=\"_blank\" rel=\"noreferrer noopener\">Banque d\u2019Espagne<\/a>, <strong>55 000 nouveaux foyers ont \u00e9t\u00e9 cr\u00e9\u00e9s au premier trimestre 2024, et ce chiffre devrait atteindre 360 000 d\u2019ici la fin de l\u2019ann\u00e9e<\/strong>. Parall\u00e8lement, depuis 2022, l\u2019Espagne a accueilli environ <strong>1,5 million de nouveaux r\u00e9sidents<\/strong>, portant la part de la population \u00e9trang\u00e8re de 9,5 % en 2015 \u00e0 13,6 % au deuxi\u00e8me trimestre 2024. Cette croissance d\u00e9mographique exerce une pression consid\u00e9rable sur des villes comme Madrid et Barcelone, qui concentrent \u00e0 elles seules un tiers du d\u00e9ficit de logements, ainsi que sur Valence, Alicante et Malaga, <a href=\"https:\/\/blog.urbanitae.com\/fr\/2024\/11\/09\/banque-despagne-et-logement-ce-quil-faut-faire\/?utm_source=blog_fr&amp;utm_medium=organic&amp;utm_campaign=urbanitae_blog_0225&amp;utm_term=offre&amp;utm_content=fr_escasez_suelo_espana\" target=\"_blank\" rel=\"noreferrer noopener\">o\u00f9 l\u2019\u00e9cart entre l\u2019offre et la demande continue de se creuser.<\/a><\/p>\n\n\n\n<h2 class=\"wp-block-heading\"><strong>Des solutions pour att\u00e9nuer le probl\u00e8me<\/strong><\/h2>\n\n\n\n<p>Pour faire face \u00e0 cette crise, le rapport de Colliers propose l\u2019\u00e9laboration d\u2019un plan global visant \u00e0 acc\u00e9l\u00e9rer les proc\u00e9dures administratives et \u00e0 am\u00e9liorer la coordination entre les diff\u00e9rentes administrations publiques impliqu\u00e9es dans la gestion du foncier. Parmi les solutions possibles, l&rsquo;adoption d&rsquo;outils comme <strong>la d\u00e9claration responsable et la licence num\u00e9rique<\/strong> pourrait r\u00e9duire consid\u00e9rablement les d\u00e9lais d\u2019approbation. Il est \u00e9galement recommand\u00e9 de promouvoir des plans territoriaux int\u00e9grant plusieurs municipalit\u00e9s afin d\u2019\u00e9viter les contradictions entre r\u00e9glementations locales et r\u00e9gionales.<\/p>\n\n\n\n<p>\u00c0 court terme, certaines mesures pourraient inclure <strong>des incitations \u00e0 la r\u00e9novation des logements existants<\/strong>, une plus grande flexibilit\u00e9 dans le changement d\u2019usage des terrains pour permettre davantage de d\u00e9veloppements r\u00e9sidentiels, ainsi que la finalisation des projets de construction interrompus. Bien que ces initiatives ne r\u00e9soudraient pas le probl\u00e8me structurel, elles pourraient contribuer \u00e0 att\u00e9nuer la pression actuelle.<\/p>\n\n\n\n<h2 class=\"wp-block-heading\"><strong>Un avenir incertain en l&rsquo;absence d\u2019actions concr\u00e8tes<\/strong><\/h2>\n\n\n\n<p>Le d\u00e9ficit de terrains urbanisables et son impact sur l\u2019offre de logements n\u00e9cessitent <strong>une r\u00e9ponse urgente et coordonn\u00e9e<\/strong>. Sans les r\u00e9formes n\u00e9cessaires, l\u2019Espagne risque de voir son d\u00e9ficit de logements exploser dans les d\u00e9cennies \u00e0 venir, <strong>aggravant encore davantage la crise<\/strong> de l\u2019accessibilit\u00e9 au logement. Ce d\u00e9fi repr\u00e9sente une opportunit\u00e9 de repenser la gestion du foncier et de rechercher des solutions b\u00e9n\u00e9fiques \u00e0 la fois pour le march\u00e9 immobilier et pour les citoyens.<\/p>\n","protected":false},"excerpt":{"rendered":"<p>Le processus de conversion d\u2019un terrain rural en terrain constructible disponible pour la construction est lent et compliqu\u00e9 en Espagne.<\/p>\n","protected":false},"author":1,"featured_media":55921,"comment_status":"open","ping_status":"closed","sticky":false,"template":"","format":"standard","meta":{"inline_featured_image":false,"footnotes":""},"categories":[1026],"tags":[],"class_list":["post-55799","post","type-post","status-publish","format-standard","has-post-thumbnail","hentry","category-investissement-immobilier-fr"],"blocksy_meta":[],"yoast_head":"<!-- This site is optimized with the Yoast SEO plugin v27.5 - https:\/\/yoast.com\/product\/yoast-seo-wordpress\/ -->\n<title>La raret\u00e9 du foncier en Espagne : un obstacle cl\u00e9 \u00e0 l&#039;acc\u00e8s au logement - Urbanitae Blog<\/title>\n<meta name=\"description\" content=\"La p\u00e9nurie de terrain en Espagne est un probl\u00e8me qui s\u2019intensifie de plus en plus, affectant aussi bien les acheteurs que les locataires.\" \/>\n<meta name=\"robots\" content=\"index, follow, max-snippet:-1, max-image-preview:large, max-video-preview:-1\" \/>\n<link rel=\"canonical\" href=\"https:\/\/blog.urbanitae.com\/fr\/2025\/02\/05\/la-rarete-du-foncier-en-espagne-un-obstacle-cle-a-lacces-au-logement\/\" \/>\n<meta property=\"og:locale\" content=\"fr_FR\" \/>\n<meta property=\"og:type\" content=\"article\" \/>\n<meta property=\"og:title\" content=\"Terrain rare, logements inaccessibles : le grand d\u00e9fi de l\u2019Espagne\" \/>\n<meta property=\"og:description\" content=\"Le manque de terrain constructible ne se contente pas d\u2019augmenter le prix du logement, il limite aussi la croissance des villes et les opportunit\u00e9s pour les citoyens.\" \/>\n<meta property=\"og:url\" content=\"https:\/\/blog.urbanitae.com\/fr\/2025\/02\/05\/la-rarete-du-foncier-en-espagne-un-obstacle-cle-a-lacces-au-logement\/\" \/>\n<meta property=\"og:site_name\" content=\"Urbanitae Blog | Les meilleures nouvelles sur l&#039;investissement immobilier\" \/>\n<meta property=\"article:publisher\" content=\"https:\/\/www.facebook.com\/urbanitae\" \/>\n<meta property=\"article:published_time\" content=\"2025-02-05T07:45:36+00:00\" \/>\n<meta property=\"og:image\" content=\"https:\/\/blog.urbanitae.com\/wp-content\/uploads\/2025\/02\/escasez-de-suelo-en-espana.webp\" \/>\n\t<meta property=\"og:image:width\" content=\"1400\" \/>\n\t<meta property=\"og:image:height\" content=\"735\" \/>\n\t<meta property=\"og:image:type\" content=\"image\/webp\" \/>\n<meta name=\"author\" content=\"Equipo Urbanitae\" \/>\n<meta name=\"twitter:card\" content=\"summary_large_image\" \/>\n<meta name=\"twitter:creator\" content=\"@urbanitae\" \/>\n<meta name=\"twitter:site\" content=\"@urbanitae\" \/>\n<meta name=\"twitter:label1\" content=\"\u00c9crit par\" \/>\n\t<meta name=\"twitter:data1\" content=\"Equipo Urbanitae\" \/>\n\t<meta name=\"twitter:label2\" content=\"Dur\u00e9e de lecture estim\u00e9e\" \/>\n\t<meta name=\"twitter:data2\" content=\"5 minutes\" \/>\n<script type=\"application\/ld+json\" class=\"yoast-schema-graph\">{\"@context\":\"https:\\\/\\\/schema.org\",\"@graph\":[{\"@type\":[\"Article\",\"BlogPosting\"],\"@id\":\"https:\\\/\\\/blog.urbanitae.com\\\/fr\\\/2025\\\/02\\\/05\\\/la-rarete-du-foncier-en-espagne-un-obstacle-cle-a-lacces-au-logement\\\/#article\",\"isPartOf\":{\"@id\":\"https:\\\/\\\/blog.urbanitae.com\\\/fr\\\/2025\\\/02\\\/05\\\/la-rarete-du-foncier-en-espagne-un-obstacle-cle-a-lacces-au-logement\\\/\"},\"author\":{\"name\":\"Equipo Urbanitae\",\"@id\":\"https:\\\/\\\/blog.urbanitae.com\\\/fr\\\/#\\\/schema\\\/person\\\/e7b2d152f5654066832c53f5aa04fbf7\"},\"headline\":\"La raret\u00e9 du foncier en Espagne : un obstacle cl\u00e9 \u00e0 l&rsquo;acc\u00e8s au logement\",\"datePublished\":\"2025-02-05T07:45:36+00:00\",\"mainEntityOfPage\":{\"@id\":\"https:\\\/\\\/blog.urbanitae.com\\\/fr\\\/2025\\\/02\\\/05\\\/la-rarete-du-foncier-en-espagne-un-obstacle-cle-a-lacces-au-logement\\\/\"},\"wordCount\":1022,\"commentCount\":0,\"publisher\":{\"@id\":\"https:\\\/\\\/blog.urbanitae.com\\\/fr\\\/#organization\"},\"image\":{\"@id\":\"https:\\\/\\\/blog.urbanitae.com\\\/fr\\\/2025\\\/02\\\/05\\\/la-rarete-du-foncier-en-espagne-un-obstacle-cle-a-lacces-au-logement\\\/#primaryimage\"},\"thumbnailUrl\":\"https:\\\/\\\/blog.urbanitae.com\\\/wp-content\\\/uploads\\\/2025\\\/02\\\/escasez-de-suelo-en-espana.webp\",\"articleSection\":[\"Investissement immobilier\"],\"inLanguage\":\"fr-FR\",\"potentialAction\":[{\"@type\":\"CommentAction\",\"name\":\"Comment\",\"target\":[\"https:\\\/\\\/blog.urbanitae.com\\\/fr\\\/2025\\\/02\\\/05\\\/la-rarete-du-foncier-en-espagne-un-obstacle-cle-a-lacces-au-logement\\\/#respond\"]}]},{\"@type\":[\"WebPage\",\"ItemPage\"],\"@id\":\"https:\\\/\\\/blog.urbanitae.com\\\/fr\\\/2025\\\/02\\\/05\\\/la-rarete-du-foncier-en-espagne-un-obstacle-cle-a-lacces-au-logement\\\/\",\"url\":\"https:\\\/\\\/blog.urbanitae.com\\\/fr\\\/2025\\\/02\\\/05\\\/la-rarete-du-foncier-en-espagne-un-obstacle-cle-a-lacces-au-logement\\\/\",\"name\":\"La raret\u00e9 du foncier en Espagne : un obstacle cl\u00e9 \u00e0 l'acc\u00e8s au logement - Urbanitae Blog\",\"isPartOf\":{\"@id\":\"https:\\\/\\\/blog.urbanitae.com\\\/fr\\\/#website\"},\"primaryImageOfPage\":{\"@id\":\"https:\\\/\\\/blog.urbanitae.com\\\/fr\\\/2025\\\/02\\\/05\\\/la-rarete-du-foncier-en-espagne-un-obstacle-cle-a-lacces-au-logement\\\/#primaryimage\"},\"image\":{\"@id\":\"https:\\\/\\\/blog.urbanitae.com\\\/fr\\\/2025\\\/02\\\/05\\\/la-rarete-du-foncier-en-espagne-un-obstacle-cle-a-lacces-au-logement\\\/#primaryimage\"},\"thumbnailUrl\":\"https:\\\/\\\/blog.urbanitae.com\\\/wp-content\\\/uploads\\\/2025\\\/02\\\/escasez-de-suelo-en-espana.webp\",\"datePublished\":\"2025-02-05T07:45:36+00:00\",\"description\":\"La p\u00e9nurie de terrain en Espagne est un probl\u00e8me qui s\u2019intensifie de plus en plus, affectant aussi bien les acheteurs que les locataires.\",\"breadcrumb\":{\"@id\":\"https:\\\/\\\/blog.urbanitae.com\\\/fr\\\/2025\\\/02\\\/05\\\/la-rarete-du-foncier-en-espagne-un-obstacle-cle-a-lacces-au-logement\\\/#breadcrumb\"},\"inLanguage\":\"fr-FR\",\"potentialAction\":[{\"@type\":\"ReadAction\",\"target\":[\"https:\\\/\\\/blog.urbanitae.com\\\/fr\\\/2025\\\/02\\\/05\\\/la-rarete-du-foncier-en-espagne-un-obstacle-cle-a-lacces-au-logement\\\/\"]}]},{\"@type\":\"ImageObject\",\"inLanguage\":\"fr-FR\",\"@id\":\"https:\\\/\\\/blog.urbanitae.com\\\/fr\\\/2025\\\/02\\\/05\\\/la-rarete-du-foncier-en-espagne-un-obstacle-cle-a-lacces-au-logement\\\/#primaryimage\",\"url\":\"https:\\\/\\\/blog.urbanitae.com\\\/wp-content\\\/uploads\\\/2025\\\/02\\\/escasez-de-suelo-en-espana.webp\",\"contentUrl\":\"https:\\\/\\\/blog.urbanitae.com\\\/wp-content\\\/uploads\\\/2025\\\/02\\\/escasez-de-suelo-en-espana.webp\",\"width\":1400,\"height\":735,\"caption\":\"La escasez de suelo en Espa\u00f1a: un obst\u00e1culo clave para el acceso a la vivienda. Land scarcity in spain: a key obstacle to housing access. La raret\u00e9 du foncier en Espagne : un obstacle cl\u00e9 \u00e0 l'acc\u00e8s au logement. La carenza di terreni in Spagna: un ostacolo fondamentale per l'accesso alla casa. A escassez de solo em Espanha: um obst\u00e1culo chave para o acesso \u00e0 habita\u00e7\u00e3o. Der Mangel an Bauland in Spanien: Ein entscheidendes Hindernis f\u00fcr den Zugang zu Wohnraum. Der Mangel an Bauland in Spanien: Ein entscheidendes Hindernis f\u00fcr den Zugang zu Wohnraum.\"},{\"@type\":\"BreadcrumbList\",\"@id\":\"https:\\\/\\\/blog.urbanitae.com\\\/fr\\\/2025\\\/02\\\/05\\\/la-rarete-du-foncier-en-espagne-un-obstacle-cle-a-lacces-au-logement\\\/#breadcrumb\",\"itemListElement\":[{\"@type\":\"ListItem\",\"position\":1,\"name\":\"Portada\",\"item\":\"https:\\\/\\\/blog.urbanitae.com\\\/fr\\\/\"},{\"@type\":\"ListItem\",\"position\":2,\"name\":\"La raret\u00e9 du foncier en Espagne : un obstacle cl\u00e9 \u00e0 l&#8217;acc\u00e8s au logement\"}]},{\"@type\":\"WebSite\",\"@id\":\"https:\\\/\\\/blog.urbanitae.com\\\/fr\\\/#website\",\"url\":\"https:\\\/\\\/blog.urbanitae.com\\\/fr\\\/\",\"name\":\"Urbanitae Blog | Las mejores noticias sobre inversi\u00f3n inmobiliaria\",\"description\":\"L'investissement immobilier \u00e0 la port\u00e9e de tous\",\"publisher\":{\"@id\":\"https:\\\/\\\/blog.urbanitae.com\\\/fr\\\/#organization\"},\"potentialAction\":[{\"@type\":\"SearchAction\",\"target\":{\"@type\":\"EntryPoint\",\"urlTemplate\":\"https:\\\/\\\/blog.urbanitae.com\\\/fr\\\/?s={search_term_string}\"},\"query-input\":{\"@type\":\"PropertyValueSpecification\",\"valueRequired\":true,\"valueName\":\"search_term_string\"}}],\"inLanguage\":\"fr-FR\"},{\"@type\":\"Organization\",\"@id\":\"https:\\\/\\\/blog.urbanitae.com\\\/fr\\\/#organization\",\"name\":\"Urbanitae\",\"url\":\"https:\\\/\\\/blog.urbanitae.com\\\/fr\\\/\",\"logo\":{\"@type\":\"ImageObject\",\"inLanguage\":\"fr-FR\",\"@id\":\"https:\\\/\\\/blog.urbanitae.com\\\/fr\\\/#\\\/schema\\\/logo\\\/image\\\/\",\"url\":\"https:\\\/\\\/blog.urbanitae.com\\\/wp-content\\\/uploads\\\/2020\\\/04\\\/logo-verde_350x100.svg\",\"contentUrl\":\"https:\\\/\\\/blog.urbanitae.com\\\/wp-content\\\/uploads\\\/2020\\\/04\\\/logo-verde_350x100.svg\",\"width\":350,\"height\":100,\"caption\":\"Urbanitae\"},\"image\":{\"@id\":\"https:\\\/\\\/blog.urbanitae.com\\\/fr\\\/#\\\/schema\\\/logo\\\/image\\\/\"},\"sameAs\":[\"https:\\\/\\\/www.facebook.com\\\/urbanitae\",\"https:\\\/\\\/x.com\\\/urbanitae\",\"https:\\\/\\\/www.instagram.com\\\/urbanitae\",\"https:\\\/\\\/www.linkedin.com\\\/company\\\/urbanitae\",\"https:\\\/\\\/www.pinterest.es\\\/UrbanitaeSL\\\/_created\\\/\",\"https:\\\/\\\/www.youtube.com\\\/c\\\/Urbanitae_RE\"]},{\"@type\":\"Person\",\"@id\":\"https:\\\/\\\/blog.urbanitae.com\\\/fr\\\/#\\\/schema\\\/person\\\/e7b2d152f5654066832c53f5aa04fbf7\",\"name\":\"Equipo Urbanitae\",\"image\":{\"@type\":\"ImageObject\",\"inLanguage\":\"fr-FR\",\"@id\":\"https:\\\/\\\/secure.gravatar.com\\\/avatar\\\/e75782c6aa253c8ac75c13b1ec97172bb2d67437baa4354ba4b0650a97f565f2?s=96&d=mm&r=g\",\"url\":\"https:\\\/\\\/secure.gravatar.com\\\/avatar\\\/e75782c6aa253c8ac75c13b1ec97172bb2d67437baa4354ba4b0650a97f565f2?s=96&d=mm&r=g\",\"contentUrl\":\"https:\\\/\\\/secure.gravatar.com\\\/avatar\\\/e75782c6aa253c8ac75c13b1ec97172bb2d67437baa4354ba4b0650a97f565f2?s=96&d=mm&r=g\",\"caption\":\"Equipo Urbanitae\"},\"sameAs\":[\"https:\\\/\\\/urbanitae.com\"],\"url\":\"https:\\\/\\\/blog.urbanitae.com\\\/fr\\\/author\\\/urbanitae\\\/\"}]}<\/script>\n<!-- \/ Yoast SEO plugin. -->","yoast_head_json":{"title":"La raret\u00e9 du foncier en Espagne : un obstacle cl\u00e9 \u00e0 l'acc\u00e8s au logement - Urbanitae Blog","description":"La p\u00e9nurie de terrain en Espagne est un probl\u00e8me qui s\u2019intensifie de plus en plus, affectant aussi bien les acheteurs que les locataires.","robots":{"index":"index","follow":"follow","max-snippet":"max-snippet:-1","max-image-preview":"max-image-preview:large","max-video-preview":"max-video-preview:-1"},"canonical":"https:\/\/blog.urbanitae.com\/fr\/2025\/02\/05\/la-rarete-du-foncier-en-espagne-un-obstacle-cle-a-lacces-au-logement\/","og_locale":"fr_FR","og_type":"article","og_title":"Terrain rare, logements inaccessibles : le grand d\u00e9fi de l\u2019Espagne","og_description":"Le manque de terrain constructible ne se contente pas d\u2019augmenter le prix du logement, il limite aussi la croissance des villes et les opportunit\u00e9s pour les citoyens.","og_url":"https:\/\/blog.urbanitae.com\/fr\/2025\/02\/05\/la-rarete-du-foncier-en-espagne-un-obstacle-cle-a-lacces-au-logement\/","og_site_name":"Urbanitae Blog | Les meilleures nouvelles sur l'investissement immobilier","article_publisher":"https:\/\/www.facebook.com\/urbanitae","article_published_time":"2025-02-05T07:45:36+00:00","og_image":[{"width":1400,"height":735,"url":"https:\/\/blog.urbanitae.com\/wp-content\/uploads\/2025\/02\/escasez-de-suelo-en-espana.webp","type":"image\/webp"}],"author":"Equipo Urbanitae","twitter_card":"summary_large_image","twitter_creator":"@urbanitae","twitter_site":"@urbanitae","twitter_misc":{"\u00c9crit par":"Equipo Urbanitae","Dur\u00e9e de lecture estim\u00e9e":"5 minutes"},"schema":{"@context":"https:\/\/schema.org","@graph":[{"@type":["Article","BlogPosting"],"@id":"https:\/\/blog.urbanitae.com\/fr\/2025\/02\/05\/la-rarete-du-foncier-en-espagne-un-obstacle-cle-a-lacces-au-logement\/#article","isPartOf":{"@id":"https:\/\/blog.urbanitae.com\/fr\/2025\/02\/05\/la-rarete-du-foncier-en-espagne-un-obstacle-cle-a-lacces-au-logement\/"},"author":{"name":"Equipo Urbanitae","@id":"https:\/\/blog.urbanitae.com\/fr\/#\/schema\/person\/e7b2d152f5654066832c53f5aa04fbf7"},"headline":"La raret\u00e9 du foncier en Espagne : un obstacle cl\u00e9 \u00e0 l&rsquo;acc\u00e8s au logement","datePublished":"2025-02-05T07:45:36+00:00","mainEntityOfPage":{"@id":"https:\/\/blog.urbanitae.com\/fr\/2025\/02\/05\/la-rarete-du-foncier-en-espagne-un-obstacle-cle-a-lacces-au-logement\/"},"wordCount":1022,"commentCount":0,"publisher":{"@id":"https:\/\/blog.urbanitae.com\/fr\/#organization"},"image":{"@id":"https:\/\/blog.urbanitae.com\/fr\/2025\/02\/05\/la-rarete-du-foncier-en-espagne-un-obstacle-cle-a-lacces-au-logement\/#primaryimage"},"thumbnailUrl":"https:\/\/blog.urbanitae.com\/wp-content\/uploads\/2025\/02\/escasez-de-suelo-en-espana.webp","articleSection":["Investissement immobilier"],"inLanguage":"fr-FR","potentialAction":[{"@type":"CommentAction","name":"Comment","target":["https:\/\/blog.urbanitae.com\/fr\/2025\/02\/05\/la-rarete-du-foncier-en-espagne-un-obstacle-cle-a-lacces-au-logement\/#respond"]}]},{"@type":["WebPage","ItemPage"],"@id":"https:\/\/blog.urbanitae.com\/fr\/2025\/02\/05\/la-rarete-du-foncier-en-espagne-un-obstacle-cle-a-lacces-au-logement\/","url":"https:\/\/blog.urbanitae.com\/fr\/2025\/02\/05\/la-rarete-du-foncier-en-espagne-un-obstacle-cle-a-lacces-au-logement\/","name":"La raret\u00e9 du foncier en Espagne : un obstacle cl\u00e9 \u00e0 l'acc\u00e8s au logement - Urbanitae Blog","isPartOf":{"@id":"https:\/\/blog.urbanitae.com\/fr\/#website"},"primaryImageOfPage":{"@id":"https:\/\/blog.urbanitae.com\/fr\/2025\/02\/05\/la-rarete-du-foncier-en-espagne-un-obstacle-cle-a-lacces-au-logement\/#primaryimage"},"image":{"@id":"https:\/\/blog.urbanitae.com\/fr\/2025\/02\/05\/la-rarete-du-foncier-en-espagne-un-obstacle-cle-a-lacces-au-logement\/#primaryimage"},"thumbnailUrl":"https:\/\/blog.urbanitae.com\/wp-content\/uploads\/2025\/02\/escasez-de-suelo-en-espana.webp","datePublished":"2025-02-05T07:45:36+00:00","description":"La p\u00e9nurie de terrain en Espagne est un probl\u00e8me qui s\u2019intensifie de plus en plus, affectant aussi bien les acheteurs que les locataires.","breadcrumb":{"@id":"https:\/\/blog.urbanitae.com\/fr\/2025\/02\/05\/la-rarete-du-foncier-en-espagne-un-obstacle-cle-a-lacces-au-logement\/#breadcrumb"},"inLanguage":"fr-FR","potentialAction":[{"@type":"ReadAction","target":["https:\/\/blog.urbanitae.com\/fr\/2025\/02\/05\/la-rarete-du-foncier-en-espagne-un-obstacle-cle-a-lacces-au-logement\/"]}]},{"@type":"ImageObject","inLanguage":"fr-FR","@id":"https:\/\/blog.urbanitae.com\/fr\/2025\/02\/05\/la-rarete-du-foncier-en-espagne-un-obstacle-cle-a-lacces-au-logement\/#primaryimage","url":"https:\/\/blog.urbanitae.com\/wp-content\/uploads\/2025\/02\/escasez-de-suelo-en-espana.webp","contentUrl":"https:\/\/blog.urbanitae.com\/wp-content\/uploads\/2025\/02\/escasez-de-suelo-en-espana.webp","width":1400,"height":735,"caption":"La escasez de suelo en Espa\u00f1a: un obst\u00e1culo clave para el acceso a la vivienda. Land scarcity in spain: a key obstacle to housing access. La raret\u00e9 du foncier en Espagne : un obstacle cl\u00e9 \u00e0 l'acc\u00e8s au logement. La carenza di terreni in Spagna: un ostacolo fondamentale per l'accesso alla casa. A escassez de solo em Espanha: um obst\u00e1culo chave para o acesso \u00e0 habita\u00e7\u00e3o. Der Mangel an Bauland in Spanien: Ein entscheidendes Hindernis f\u00fcr den Zugang zu Wohnraum. Der Mangel an Bauland in Spanien: Ein entscheidendes Hindernis f\u00fcr den Zugang zu Wohnraum."},{"@type":"BreadcrumbList","@id":"https:\/\/blog.urbanitae.com\/fr\/2025\/02\/05\/la-rarete-du-foncier-en-espagne-un-obstacle-cle-a-lacces-au-logement\/#breadcrumb","itemListElement":[{"@type":"ListItem","position":1,"name":"Portada","item":"https:\/\/blog.urbanitae.com\/fr\/"},{"@type":"ListItem","position":2,"name":"La raret\u00e9 du foncier en Espagne : un obstacle cl\u00e9 \u00e0 l&#8217;acc\u00e8s au logement"}]},{"@type":"WebSite","@id":"https:\/\/blog.urbanitae.com\/fr\/#website","url":"https:\/\/blog.urbanitae.com\/fr\/","name":"Urbanitae Blog | Las mejores noticias sobre inversi\u00f3n inmobiliaria","description":"L'investissement immobilier \u00e0 la port\u00e9e de tous","publisher":{"@id":"https:\/\/blog.urbanitae.com\/fr\/#organization"},"potentialAction":[{"@type":"SearchAction","target":{"@type":"EntryPoint","urlTemplate":"https:\/\/blog.urbanitae.com\/fr\/?s={search_term_string}"},"query-input":{"@type":"PropertyValueSpecification","valueRequired":true,"valueName":"search_term_string"}}],"inLanguage":"fr-FR"},{"@type":"Organization","@id":"https:\/\/blog.urbanitae.com\/fr\/#organization","name":"Urbanitae","url":"https:\/\/blog.urbanitae.com\/fr\/","logo":{"@type":"ImageObject","inLanguage":"fr-FR","@id":"https:\/\/blog.urbanitae.com\/fr\/#\/schema\/logo\/image\/","url":"https:\/\/blog.urbanitae.com\/wp-content\/uploads\/2020\/04\/logo-verde_350x100.svg","contentUrl":"https:\/\/blog.urbanitae.com\/wp-content\/uploads\/2020\/04\/logo-verde_350x100.svg","width":350,"height":100,"caption":"Urbanitae"},"image":{"@id":"https:\/\/blog.urbanitae.com\/fr\/#\/schema\/logo\/image\/"},"sameAs":["https:\/\/www.facebook.com\/urbanitae","https:\/\/x.com\/urbanitae","https:\/\/www.instagram.com\/urbanitae","https:\/\/www.linkedin.com\/company\/urbanitae","https:\/\/www.pinterest.es\/UrbanitaeSL\/_created\/","https:\/\/www.youtube.com\/c\/Urbanitae_RE"]},{"@type":"Person","@id":"https:\/\/blog.urbanitae.com\/fr\/#\/schema\/person\/e7b2d152f5654066832c53f5aa04fbf7","name":"Equipo Urbanitae","image":{"@type":"ImageObject","inLanguage":"fr-FR","@id":"https:\/\/secure.gravatar.com\/avatar\/e75782c6aa253c8ac75c13b1ec97172bb2d67437baa4354ba4b0650a97f565f2?s=96&d=mm&r=g","url":"https:\/\/secure.gravatar.com\/avatar\/e75782c6aa253c8ac75c13b1ec97172bb2d67437baa4354ba4b0650a97f565f2?s=96&d=mm&r=g","contentUrl":"https:\/\/secure.gravatar.com\/avatar\/e75782c6aa253c8ac75c13b1ec97172bb2d67437baa4354ba4b0650a97f565f2?s=96&d=mm&r=g","caption":"Equipo Urbanitae"},"sameAs":["https:\/\/urbanitae.com"],"url":"https:\/\/blog.urbanitae.com\/fr\/author\/urbanitae\/"}]}},"_links":{"self":[{"href":"https:\/\/blog.urbanitae.com\/fr\/wp-json\/wp\/v2\/posts\/55799","targetHints":{"allow":["GET"]}}],"collection":[{"href":"https:\/\/blog.urbanitae.com\/fr\/wp-json\/wp\/v2\/posts"}],"about":[{"href":"https:\/\/blog.urbanitae.com\/fr\/wp-json\/wp\/v2\/types\/post"}],"author":[{"embeddable":true,"href":"https:\/\/blog.urbanitae.com\/fr\/wp-json\/wp\/v2\/users\/1"}],"replies":[{"embeddable":true,"href":"https:\/\/blog.urbanitae.com\/fr\/wp-json\/wp\/v2\/comments?post=55799"}],"version-history":[{"count":0,"href":"https:\/\/blog.urbanitae.com\/fr\/wp-json\/wp\/v2\/posts\/55799\/revisions"}],"wp:featuredmedia":[{"embeddable":true,"href":"https:\/\/blog.urbanitae.com\/fr\/wp-json\/wp\/v2\/media\/55921"}],"wp:attachment":[{"href":"https:\/\/blog.urbanitae.com\/fr\/wp-json\/wp\/v2\/media?parent=55799"}],"wp:term":[{"taxonomy":"category","embeddable":true,"href":"https:\/\/blog.urbanitae.com\/fr\/wp-json\/wp\/v2\/categories?post=55799"},{"taxonomy":"post_tag","embeddable":true,"href":"https:\/\/blog.urbanitae.com\/fr\/wp-json\/wp\/v2\/tags?post=55799"}],"curies":[{"name":"wp","href":"https:\/\/api.w.org\/{rel}","templated":true}]}}