{"id":53661,"date":"2024-12-14T13:02:00","date_gmt":"2024-12-14T12:02:00","guid":{"rendered":"https:\/\/blog.urbanitae.com\/?p=53661"},"modified":"2024-12-17T10:15:23","modified_gmt":"2024-12-17T09:15:23","slug":"enso-co-living-un-logement-flexible-pour-lavenir","status":"publish","type":"post","link":"https:\/\/blog.urbanitae.com\/fr\/2024\/12\/14\/enso-co-living-un-logement-flexible-pour-lavenir\/","title":{"rendered":"Enso Co-living : Un logement flexible pour l\u2019avenir"},"content":{"rendered":"\n<p><strong>Lorsque Michael Erd a cofond\u00e9 Enso Co-living, il avait une mission claire : offrir une exp\u00e9rience de vie unique alliant flexibilit\u00e9, design et une communaut\u00e9 dynamique pour les jeunes professionnels et les nomades digitaux. Aujourd\u2019hui, avec plus de 600 chambres dans des villes comme <a href=\"https:\/\/blog.urbanitae.com\/fr\/2024\/06\/10\/madrid-et-barcelone-stimulent-linvestissement-hotelier\/?utm_source=blog_fr&amp;utm_medium=organic&amp;utm_campaign=urbanitae_blog_1224&amp;utm_term=barcelone&amp;utm_content=fr_entrevista_enso_co_living\">Barcelone<\/a>, Madrid, Valence et Mexico, l\u2019entreprise red\u00e9finit non seulement le concept de coliving, mais m\u00e8ne \u00e9galement une expansion mondiale, port\u00e9e par l\u2019innovation technologique, la durabilit\u00e9 et un engagement ferme envers la qualit\u00e9. Dans cet entretien, nous explorons la vision, les d\u00e9fis et les projets futurs de l\u2019un des pionniers de ce secteur.<\/strong><\/p>\n\n\n\n<p><strong>Qu&rsquo;est-ce qui a inspir\u00e9 la cr\u00e9ation d&rsquo;Enso Co-living et quelle est sa mission principale ?<\/strong><\/p>\n\n\n\n<p>L\u2019inspiration est n\u00e9e d\u2019un besoin personnel de son cofondateur, Michael Erd, qui recherchait un espace offrant confort, services et une exp\u00e9rience communautaire de grande qualit\u00e9 lors de son d\u00e9m\u00e9nagement \u00e0 Barcelone. La mission principale de l\u2019entreprise est de fournir une exp\u00e9rience de vie compl\u00e8te et sans souci, o\u00f9 les r\u00e9sidents peuvent se sentir chez eux et \u00e9voluer en tant qu\u2019individus.<\/p>\n\n\n\n<p><strong>Combien de chambres proposez-vous actuellement ?<\/strong><\/p>\n\n\n\n<p><a href=\"https:\/\/ensocoliving.com\/\" target=\"_blank\" rel=\"noreferrer noopener nofollow\">Enso Co-living<\/a> offre plus de 600 chambres dans des villes telles que Barcelone, Madrid, Valence et Mexico.<\/p>\n\n\n\n<p><strong>Qu\u2019est-ce qui diff\u00e9rencie votre entreprise des autres mod\u00e8les de coliving ?<\/strong><\/p>\n\n\n\n<p>Enso Co-living se distingue par une exp\u00e9rience premium ax\u00e9e sur la communaut\u00e9, avec un design de haute qualit\u00e9, des services tout compris et une attention m\u00e9ticuleuse \u00e0 l\u2019exp\u00e9rience client. De plus, l\u2019entreprise explore des strat\u00e9gies de revenus compl\u00e9mentaires, telles que l\u2019int\u00e9gration technologique et la mon\u00e9tisation des communaut\u00e9s.<\/p>\n\n\n\n<p><strong>Quel r\u00f4le joue l\u2019innovation technologique dans votre offre ?<\/strong><\/p>\n\n\n\n<p>La technologie est un pilier cl\u00e9 pour Enso Co-living. Nous d\u00e9veloppons des plateformes num\u00e9riques pour am\u00e9liorer l\u2019exp\u00e9rience des r\u00e9sidents et des propri\u00e9taires, en automatisant des processus tels que la facturation et la g\u00e9n\u00e9ration de prospects. En outre, nous explorons l\u2019utilisation de l\u2019intelligence artificielle pour optimiser la gestion et am\u00e9liorer la scalabilit\u00e9.<\/p>\n\n\n\n<blockquote class=\"wp-block-quote is-layout-flow wp-block-quote-is-layout-flow\">\n<p>\u201cLe march\u00e9 du coliving est en plein essor gr\u00e2ce \u00e0 des tendances comme le t\u00e9l\u00e9travail et la pr\u00e9f\u00e9rence pour des mod\u00e8les de vie flexibles.\u201d<\/p>\n<\/blockquote>\n\n\n\n<p><strong>Quel est le profil type des utilisateurs qui optent pour le coliving ?<\/strong><\/p>\n\n\n\n<p>Nos utilisateurs typiques sont des jeunes professionnels et des nomades digitaux, \u00e2g\u00e9s de 25 \u00e0 40 ans. Ils recherchent des espaces urbains bien situ\u00e9s, avec des services tout compris et une communaut\u00e9 dynamique leur permettant de tisser des liens personnels et professionnels \u00e0 travers des \u00e9v\u00e9nements et des activit\u00e9s.<\/p>\n\n\n\n<p><strong>Comment percevez-vous l\u2019\u00e9volution du march\u00e9 en Espagne et quels sont vos plans pour continuer \u00e0 cro\u00eetre dans ce pays ?<\/strong><\/p>\n\n\n\n<p>Le march\u00e9 du coliving est en plein essor gr\u00e2ce \u00e0 des tendances comme le t\u00e9l\u00e9travail et la pr\u00e9f\u00e9rence pour des mod\u00e8les de vie <a href=\"https:\/\/blog.urbanitae.com\/fr\/2024\/08\/05\/le-flex-living-emerge-avec-force-en-espagne\/?utm_source=blog_fr&amp;utm_medium=organic&amp;utm_campaign=urbanitae_blog_1224&amp;utm_term=flexibles&amp;utm_content=fr_entrevista_enso_co_living\" target=\"_blank\" rel=\"noreferrer noopener\">flexibles<\/a>. Nous pr\u00e9voyons d\u2019\u00e9largir notre r\u00e9seau en Espagne avec davantage de chambres, tout en nous concentrant sur une expansion internationale, tout en maintenant notre engagement envers la communaut\u00e9, la qualit\u00e9 et la durabilit\u00e9.<\/p>\n\n\n\n<p><strong>Aux \u00c9tats-Unis et au Mexique, vous vous d\u00e9veloppez apr\u00e8s avoir re\u00e7u une injection de 8,2 millions d\u2019euros du fonds d\u2019investissement priv\u00e9 am\u00e9ricain XY Booster. O\u00f9 en sont ces march\u00e9s ?<\/strong><\/p>\n\n\n\n<p>Enso Co-living est au stade initial de son expansion sur ces march\u00e9s. \u00c0 Mexico, par exemple, nous explorons des opportunit\u00e9s immobili\u00e8res dans des zones cl\u00e9s comme Polanco et Roma, en priorisant des strat\u00e9gies de prix comp\u00e9titifs et d\u2019occupation pour garantir le succ\u00e8s initial. Par ailleurs, nous envisageons de nous implanter dans d\u2019autres lieux tels que Miami, New York, Londres, <a href=\"https:\/\/urbanitae.com\/fr\/projet\/P000336?utm_source=blog_fr&amp;utm_medium=organic&amp;utm_campaign=urbanitae_blog_1224&amp;utm_term=lisbonne&amp;utm_content=fr_entrevista_enso_co_living\" target=\"_blank\" rel=\"noreferrer noopener\">Lisbonne<\/a> et Milan.<\/p>\n\n\n\n<blockquote class=\"wp-block-quote is-layout-flow wp-block-quote-is-layout-flow\">\n<p>\u201cNous pr\u00e9voyons d\u2019\u00e9largir notre r\u00e9seau de chambres et d\u2019entrer sur de nouveaux march\u00e9s comme les \u00c9tats-Unis, l\u2019Asie et le Mexique.\u201d<\/p>\n<\/blockquote>\n\n\n\n<p><strong>Comment choisissez-vous l\u2019emplacement des nouveaux projets de coliving dans chaque pays ?<\/strong><\/p>\n\n\n\n<p>Enso Co-living s\u00e9lectionne les emplacements en se basant sur des crit\u00e8res tels que la demande locale, la qualit\u00e9 des biens disponibles et la viabilit\u00e9 \u00e9conomique. Nous privil\u00e9gions \u00e9galement les zones offrant une bonne accessibilit\u00e9 et un potentiel de d\u00e9veloppement de communaut\u00e9s actives et dynamiques.<\/p>\n\n\n\n<p><strong>Comment envisagez-vous le march\u00e9 dans les cinq prochaines ann\u00e9es, et quel sera le r\u00f4le de votre entreprise dans ce panorama ?<\/strong><\/p>\n\n\n\n<p>En tant que leader actuel de ce segment en Espagne, Enso Co-living aspire \u00e0 diriger le march\u00e9 mondial dans les cinq prochaines ann\u00e9es. Nous pr\u00e9voyons d\u2019\u00e9largir notre r\u00e9seau de chambres, d\u2019entrer sur de nouveaux march\u00e9s comme les \u00c9tats-Unis, l\u2019Asie et le Mexique, et de diversifier nos sources de revenus. Avec un mod\u00e8le qui combine design de qualit\u00e9, innovation technologique et durabilit\u00e9, nous nous \u00e9tablirons comme l\u2019option premium en mati\u00e8re de coliving \u00e0 l\u2019\u00e9chelle mondiale, offrant ainsi la meilleure exp\u00e9rience \u00e0 nos utilisateurs.<\/p>\n","protected":false},"excerpt":{"rendered":"<p>Avec plus de 600 chambres \u00e0 Barcelone, Madrid, Valence et Mexico, cette entreprise vise \u00e0 offrir une exp\u00e9rience de vie unique aux jeunes professionnels.<\/p>\n","protected":false},"author":1,"featured_media":53773,"comment_status":"open","ping_status":"closed","sticky":false,"template":"","format":"standard","meta":{"inline_featured_image":false,"footnotes":""},"categories":[939],"tags":[1260,1888,1937,1263],"class_list":["post-53661","post","type-post","status-publish","format-standard","has-post-thumbnail","hentry","category-interviews-fr","tag-coliving-fr","tag-residencial-prime-fr","tag-sector-residencial-fr","tag-vie-flexible"],"blocksy_meta":[],"yoast_head":"<!-- This site is optimized with the Yoast SEO plugin v27.5 - https:\/\/yoast.com\/product\/yoast-seo-wordpress\/ -->\n<title>Enso Co-living : Un logement flexible pour l\u2019avenir - Urbanitae Blog<\/title>\n<meta name=\"description\" content=\"Pour Enso Co-living, le logement flexible est un espace de haute qualit\u00e9, avec services inclus et une exp\u00e9rience client optimis\u00e9e. Lisez-en plus.\" \/>\n<meta name=\"robots\" content=\"index, follow, max-snippet:-1, max-image-preview:large, max-video-preview:-1\" \/>\n<link rel=\"canonical\" href=\"https:\/\/blog.urbanitae.com\/fr\/2024\/12\/14\/enso-co-living-un-logement-flexible-pour-lavenir\/\" \/>\n<meta property=\"og:locale\" content=\"fr_FR\" \/>\n<meta property=\"og:type\" content=\"article\" \/>\n<meta property=\"og:title\" content=\"Qu\u2019est-ce que le flex living premium ?\" \/>\n<meta property=\"og:description\" content=\"Pour Enso Co-living, le logement flexible est un espace de haute qualit\u00e9, avec services inclus et une exp\u00e9rience client optimis\u00e9e. Lisez-en plus.\" \/>\n<meta property=\"og:url\" content=\"https:\/\/blog.urbanitae.com\/fr\/2024\/12\/14\/enso-co-living-un-logement-flexible-pour-lavenir\/\" \/>\n<meta property=\"og:site_name\" content=\"Urbanitae Blog | Les meilleures nouvelles sur l&#039;investissement immobilier\" \/>\n<meta property=\"article:publisher\" content=\"https:\/\/www.facebook.com\/urbanitae\" \/>\n<meta property=\"article:published_time\" content=\"2024-12-14T12:02:00+00:00\" \/>\n<meta property=\"article:modified_time\" content=\"2024-12-17T09:15:23+00:00\" \/>\n<meta property=\"og:image\" content=\"https:\/\/blog.urbanitae.com\/wp-content\/uploads\/2024\/12\/enso-co-living-vivienda-flexible-1.jpg\" \/>\n\t<meta property=\"og:image:width\" content=\"1400\" \/>\n\t<meta property=\"og:image:height\" content=\"735\" \/>\n\t<meta property=\"og:image:type\" content=\"image\/jpeg\" \/>\n<meta name=\"author\" content=\"Equipo Urbanitae\" \/>\n<meta name=\"twitter:card\" content=\"summary_large_image\" \/>\n<meta name=\"twitter:creator\" content=\"@urbanitae\" \/>\n<meta name=\"twitter:site\" content=\"@urbanitae\" \/>\n<meta name=\"twitter:label1\" content=\"\u00c9crit par\" \/>\n\t<meta name=\"twitter:data1\" content=\"Equipo Urbanitae\" \/>\n\t<meta name=\"twitter:label2\" content=\"Dur\u00e9e de lecture estim\u00e9e\" \/>\n\t<meta name=\"twitter:data2\" content=\"4 minutes\" \/>\n<script type=\"application\/ld+json\" class=\"yoast-schema-graph\">{\"@context\":\"https:\\\/\\\/schema.org\",\"@graph\":[{\"@type\":[\"Article\",\"BlogPosting\"],\"@id\":\"https:\\\/\\\/blog.urbanitae.com\\\/fr\\\/2024\\\/12\\\/14\\\/enso-co-living-un-logement-flexible-pour-lavenir\\\/#article\",\"isPartOf\":{\"@id\":\"https:\\\/\\\/blog.urbanitae.com\\\/fr\\\/2024\\\/12\\\/14\\\/enso-co-living-un-logement-flexible-pour-lavenir\\\/\"},\"author\":{\"name\":\"Equipo Urbanitae\",\"@id\":\"https:\\\/\\\/blog.urbanitae.com\\\/fr\\\/#\\\/schema\\\/person\\\/e7b2d152f5654066832c53f5aa04fbf7\"},\"headline\":\"Enso Co-living : Un logement flexible pour l\u2019avenir\",\"datePublished\":\"2024-12-14T12:02:00+00:00\",\"dateModified\":\"2024-12-17T09:15:23+00:00\",\"mainEntityOfPage\":{\"@id\":\"https:\\\/\\\/blog.urbanitae.com\\\/fr\\\/2024\\\/12\\\/14\\\/enso-co-living-un-logement-flexible-pour-lavenir\\\/\"},\"wordCount\":842,\"commentCount\":0,\"publisher\":{\"@id\":\"https:\\\/\\\/blog.urbanitae.com\\\/fr\\\/#organization\"},\"image\":{\"@id\":\"https:\\\/\\\/blog.urbanitae.com\\\/fr\\\/2024\\\/12\\\/14\\\/enso-co-living-un-logement-flexible-pour-lavenir\\\/#primaryimage\"},\"thumbnailUrl\":\"https:\\\/\\\/blog.urbanitae.com\\\/wp-content\\\/uploads\\\/2024\\\/12\\\/enso-co-living-vivienda-flexible-1.jpg\",\"keywords\":[\"Coliving\",\"residencial prime\",\"sector residencial\",\"Vie flexible\"],\"articleSection\":[\"Interviews\"],\"inLanguage\":\"fr-FR\",\"potentialAction\":[{\"@type\":\"CommentAction\",\"name\":\"Comment\",\"target\":[\"https:\\\/\\\/blog.urbanitae.com\\\/fr\\\/2024\\\/12\\\/14\\\/enso-co-living-un-logement-flexible-pour-lavenir\\\/#respond\"]}]},{\"@type\":[\"WebPage\",\"ItemPage\"],\"@id\":\"https:\\\/\\\/blog.urbanitae.com\\\/fr\\\/2024\\\/12\\\/14\\\/enso-co-living-un-logement-flexible-pour-lavenir\\\/\",\"url\":\"https:\\\/\\\/blog.urbanitae.com\\\/fr\\\/2024\\\/12\\\/14\\\/enso-co-living-un-logement-flexible-pour-lavenir\\\/\",\"name\":\"Enso Co-living : Un logement flexible pour l\u2019avenir - Urbanitae Blog\",\"isPartOf\":{\"@id\":\"https:\\\/\\\/blog.urbanitae.com\\\/fr\\\/#website\"},\"primaryImageOfPage\":{\"@id\":\"https:\\\/\\\/blog.urbanitae.com\\\/fr\\\/2024\\\/12\\\/14\\\/enso-co-living-un-logement-flexible-pour-lavenir\\\/#primaryimage\"},\"image\":{\"@id\":\"https:\\\/\\\/blog.urbanitae.com\\\/fr\\\/2024\\\/12\\\/14\\\/enso-co-living-un-logement-flexible-pour-lavenir\\\/#primaryimage\"},\"thumbnailUrl\":\"https:\\\/\\\/blog.urbanitae.com\\\/wp-content\\\/uploads\\\/2024\\\/12\\\/enso-co-living-vivienda-flexible-1.jpg\",\"datePublished\":\"2024-12-14T12:02:00+00:00\",\"dateModified\":\"2024-12-17T09:15:23+00:00\",\"description\":\"Pour Enso Co-living, le logement flexible est un espace de haute qualit\u00e9, avec services inclus et une exp\u00e9rience client optimis\u00e9e. Lisez-en plus.\",\"breadcrumb\":{\"@id\":\"https:\\\/\\\/blog.urbanitae.com\\\/fr\\\/2024\\\/12\\\/14\\\/enso-co-living-un-logement-flexible-pour-lavenir\\\/#breadcrumb\"},\"inLanguage\":\"fr-FR\",\"potentialAction\":[{\"@type\":\"ReadAction\",\"target\":[\"https:\\\/\\\/blog.urbanitae.com\\\/fr\\\/2024\\\/12\\\/14\\\/enso-co-living-un-logement-flexible-pour-lavenir\\\/\"]}]},{\"@type\":\"ImageObject\",\"inLanguage\":\"fr-FR\",\"@id\":\"https:\\\/\\\/blog.urbanitae.com\\\/fr\\\/2024\\\/12\\\/14\\\/enso-co-living-un-logement-flexible-pour-lavenir\\\/#primaryimage\",\"url\":\"https:\\\/\\\/blog.urbanitae.com\\\/wp-content\\\/uploads\\\/2024\\\/12\\\/enso-co-living-vivienda-flexible-1.jpg\",\"contentUrl\":\"https:\\\/\\\/blog.urbanitae.com\\\/wp-content\\\/uploads\\\/2024\\\/12\\\/enso-co-living-vivienda-flexible-1.jpg\",\"width\":1400,\"height\":735,\"caption\":\"Enso Co-living: vivienda flexible para el futuro. Enso Co-living: Flexible housing for the future. Enso Co-living : Un logement flexible pour l\u2019avenir. Enso Co-living: Abitazioni flessibili per il futuro. Enso Co-living: Habita\u00e7\u00e3o flex\u00edvel para o futuro. Enso Co-living: Flexibles Wohnen f\u00fcr die Zukunft.\"},{\"@type\":\"BreadcrumbList\",\"@id\":\"https:\\\/\\\/blog.urbanitae.com\\\/fr\\\/2024\\\/12\\\/14\\\/enso-co-living-un-logement-flexible-pour-lavenir\\\/#breadcrumb\",\"itemListElement\":[{\"@type\":\"ListItem\",\"position\":1,\"name\":\"Portada\",\"item\":\"https:\\\/\\\/blog.urbanitae.com\\\/fr\\\/\"},{\"@type\":\"ListItem\",\"position\":2,\"name\":\"Enso Co-living : Un logement flexible pour l\u2019avenir\"}]},{\"@type\":\"WebSite\",\"@id\":\"https:\\\/\\\/blog.urbanitae.com\\\/fr\\\/#website\",\"url\":\"https:\\\/\\\/blog.urbanitae.com\\\/fr\\\/\",\"name\":\"Urbanitae Blog | Las mejores noticias sobre inversi\u00f3n inmobiliaria\",\"description\":\"L'investissement immobilier \u00e0 la port\u00e9e de tous\",\"publisher\":{\"@id\":\"https:\\\/\\\/blog.urbanitae.com\\\/fr\\\/#organization\"},\"potentialAction\":[{\"@type\":\"SearchAction\",\"target\":{\"@type\":\"EntryPoint\",\"urlTemplate\":\"https:\\\/\\\/blog.urbanitae.com\\\/fr\\\/?s={search_term_string}\"},\"query-input\":{\"@type\":\"PropertyValueSpecification\",\"valueRequired\":true,\"valueName\":\"search_term_string\"}}],\"inLanguage\":\"fr-FR\"},{\"@type\":\"Organization\",\"@id\":\"https:\\\/\\\/blog.urbanitae.com\\\/fr\\\/#organization\",\"name\":\"Urbanitae\",\"url\":\"https:\\\/\\\/blog.urbanitae.com\\\/fr\\\/\",\"logo\":{\"@type\":\"ImageObject\",\"inLanguage\":\"fr-FR\",\"@id\":\"https:\\\/\\\/blog.urbanitae.com\\\/fr\\\/#\\\/schema\\\/logo\\\/image\\\/\",\"url\":\"https:\\\/\\\/blog.urbanitae.com\\\/wp-content\\\/uploads\\\/2020\\\/04\\\/logo-verde_350x100.svg\",\"contentUrl\":\"https:\\\/\\\/blog.urbanitae.com\\\/wp-content\\\/uploads\\\/2020\\\/04\\\/logo-verde_350x100.svg\",\"width\":350,\"height\":100,\"caption\":\"Urbanitae\"},\"image\":{\"@id\":\"https:\\\/\\\/blog.urbanitae.com\\\/fr\\\/#\\\/schema\\\/logo\\\/image\\\/\"},\"sameAs\":[\"https:\\\/\\\/www.facebook.com\\\/urbanitae\",\"https:\\\/\\\/x.com\\\/urbanitae\",\"https:\\\/\\\/www.instagram.com\\\/urbanitae\",\"https:\\\/\\\/www.linkedin.com\\\/company\\\/urbanitae\",\"https:\\\/\\\/www.pinterest.es\\\/UrbanitaeSL\\\/_created\\\/\",\"https:\\\/\\\/www.youtube.com\\\/c\\\/Urbanitae_RE\"]},{\"@type\":\"Person\",\"@id\":\"https:\\\/\\\/blog.urbanitae.com\\\/fr\\\/#\\\/schema\\\/person\\\/e7b2d152f5654066832c53f5aa04fbf7\",\"name\":\"Equipo Urbanitae\",\"image\":{\"@type\":\"ImageObject\",\"inLanguage\":\"fr-FR\",\"@id\":\"https:\\\/\\\/secure.gravatar.com\\\/avatar\\\/e75782c6aa253c8ac75c13b1ec97172bb2d67437baa4354ba4b0650a97f565f2?s=96&d=mm&r=g\",\"url\":\"https:\\\/\\\/secure.gravatar.com\\\/avatar\\\/e75782c6aa253c8ac75c13b1ec97172bb2d67437baa4354ba4b0650a97f565f2?s=96&d=mm&r=g\",\"contentUrl\":\"https:\\\/\\\/secure.gravatar.com\\\/avatar\\\/e75782c6aa253c8ac75c13b1ec97172bb2d67437baa4354ba4b0650a97f565f2?s=96&d=mm&r=g\",\"caption\":\"Equipo Urbanitae\"},\"sameAs\":[\"https:\\\/\\\/urbanitae.com\"],\"url\":\"https:\\\/\\\/blog.urbanitae.com\\\/fr\\\/author\\\/urbanitae\\\/\"}]}<\/script>\n<!-- \/ Yoast SEO plugin. -->","yoast_head_json":{"title":"Enso Co-living : Un logement flexible pour l\u2019avenir - Urbanitae Blog","description":"Pour Enso Co-living, le logement flexible est un espace de haute qualit\u00e9, avec services inclus et une exp\u00e9rience client optimis\u00e9e. Lisez-en plus.","robots":{"index":"index","follow":"follow","max-snippet":"max-snippet:-1","max-image-preview":"max-image-preview:large","max-video-preview":"max-video-preview:-1"},"canonical":"https:\/\/blog.urbanitae.com\/fr\/2024\/12\/14\/enso-co-living-un-logement-flexible-pour-lavenir\/","og_locale":"fr_FR","og_type":"article","og_title":"Qu\u2019est-ce que le flex living premium ?","og_description":"Pour Enso Co-living, le logement flexible est un espace de haute qualit\u00e9, avec services inclus et une exp\u00e9rience client optimis\u00e9e. Lisez-en plus.","og_url":"https:\/\/blog.urbanitae.com\/fr\/2024\/12\/14\/enso-co-living-un-logement-flexible-pour-lavenir\/","og_site_name":"Urbanitae Blog | Les meilleures nouvelles sur l'investissement immobilier","article_publisher":"https:\/\/www.facebook.com\/urbanitae","article_published_time":"2024-12-14T12:02:00+00:00","article_modified_time":"2024-12-17T09:15:23+00:00","og_image":[{"width":1400,"height":735,"url":"https:\/\/blog.urbanitae.com\/wp-content\/uploads\/2024\/12\/enso-co-living-vivienda-flexible-1.jpg","type":"image\/jpeg"}],"author":"Equipo Urbanitae","twitter_card":"summary_large_image","twitter_creator":"@urbanitae","twitter_site":"@urbanitae","twitter_misc":{"\u00c9crit par":"Equipo Urbanitae","Dur\u00e9e de lecture estim\u00e9e":"4 minutes"},"schema":{"@context":"https:\/\/schema.org","@graph":[{"@type":["Article","BlogPosting"],"@id":"https:\/\/blog.urbanitae.com\/fr\/2024\/12\/14\/enso-co-living-un-logement-flexible-pour-lavenir\/#article","isPartOf":{"@id":"https:\/\/blog.urbanitae.com\/fr\/2024\/12\/14\/enso-co-living-un-logement-flexible-pour-lavenir\/"},"author":{"name":"Equipo Urbanitae","@id":"https:\/\/blog.urbanitae.com\/fr\/#\/schema\/person\/e7b2d152f5654066832c53f5aa04fbf7"},"headline":"Enso Co-living : Un logement flexible pour l\u2019avenir","datePublished":"2024-12-14T12:02:00+00:00","dateModified":"2024-12-17T09:15:23+00:00","mainEntityOfPage":{"@id":"https:\/\/blog.urbanitae.com\/fr\/2024\/12\/14\/enso-co-living-un-logement-flexible-pour-lavenir\/"},"wordCount":842,"commentCount":0,"publisher":{"@id":"https:\/\/blog.urbanitae.com\/fr\/#organization"},"image":{"@id":"https:\/\/blog.urbanitae.com\/fr\/2024\/12\/14\/enso-co-living-un-logement-flexible-pour-lavenir\/#primaryimage"},"thumbnailUrl":"https:\/\/blog.urbanitae.com\/wp-content\/uploads\/2024\/12\/enso-co-living-vivienda-flexible-1.jpg","keywords":["Coliving","residencial prime","sector residencial","Vie flexible"],"articleSection":["Interviews"],"inLanguage":"fr-FR","potentialAction":[{"@type":"CommentAction","name":"Comment","target":["https:\/\/blog.urbanitae.com\/fr\/2024\/12\/14\/enso-co-living-un-logement-flexible-pour-lavenir\/#respond"]}]},{"@type":["WebPage","ItemPage"],"@id":"https:\/\/blog.urbanitae.com\/fr\/2024\/12\/14\/enso-co-living-un-logement-flexible-pour-lavenir\/","url":"https:\/\/blog.urbanitae.com\/fr\/2024\/12\/14\/enso-co-living-un-logement-flexible-pour-lavenir\/","name":"Enso Co-living : Un logement flexible pour l\u2019avenir - Urbanitae Blog","isPartOf":{"@id":"https:\/\/blog.urbanitae.com\/fr\/#website"},"primaryImageOfPage":{"@id":"https:\/\/blog.urbanitae.com\/fr\/2024\/12\/14\/enso-co-living-un-logement-flexible-pour-lavenir\/#primaryimage"},"image":{"@id":"https:\/\/blog.urbanitae.com\/fr\/2024\/12\/14\/enso-co-living-un-logement-flexible-pour-lavenir\/#primaryimage"},"thumbnailUrl":"https:\/\/blog.urbanitae.com\/wp-content\/uploads\/2024\/12\/enso-co-living-vivienda-flexible-1.jpg","datePublished":"2024-12-14T12:02:00+00:00","dateModified":"2024-12-17T09:15:23+00:00","description":"Pour Enso Co-living, le logement flexible est un espace de haute qualit\u00e9, avec services inclus et une exp\u00e9rience client optimis\u00e9e. Lisez-en plus.","breadcrumb":{"@id":"https:\/\/blog.urbanitae.com\/fr\/2024\/12\/14\/enso-co-living-un-logement-flexible-pour-lavenir\/#breadcrumb"},"inLanguage":"fr-FR","potentialAction":[{"@type":"ReadAction","target":["https:\/\/blog.urbanitae.com\/fr\/2024\/12\/14\/enso-co-living-un-logement-flexible-pour-lavenir\/"]}]},{"@type":"ImageObject","inLanguage":"fr-FR","@id":"https:\/\/blog.urbanitae.com\/fr\/2024\/12\/14\/enso-co-living-un-logement-flexible-pour-lavenir\/#primaryimage","url":"https:\/\/blog.urbanitae.com\/wp-content\/uploads\/2024\/12\/enso-co-living-vivienda-flexible-1.jpg","contentUrl":"https:\/\/blog.urbanitae.com\/wp-content\/uploads\/2024\/12\/enso-co-living-vivienda-flexible-1.jpg","width":1400,"height":735,"caption":"Enso Co-living: vivienda flexible para el futuro. Enso Co-living: Flexible housing for the future. Enso Co-living : Un logement flexible pour l\u2019avenir. Enso Co-living: Abitazioni flessibili per il futuro. Enso Co-living: Habita\u00e7\u00e3o flex\u00edvel para o futuro. Enso Co-living: Flexibles Wohnen f\u00fcr die Zukunft."},{"@type":"BreadcrumbList","@id":"https:\/\/blog.urbanitae.com\/fr\/2024\/12\/14\/enso-co-living-un-logement-flexible-pour-lavenir\/#breadcrumb","itemListElement":[{"@type":"ListItem","position":1,"name":"Portada","item":"https:\/\/blog.urbanitae.com\/fr\/"},{"@type":"ListItem","position":2,"name":"Enso Co-living : Un logement flexible pour l\u2019avenir"}]},{"@type":"WebSite","@id":"https:\/\/blog.urbanitae.com\/fr\/#website","url":"https:\/\/blog.urbanitae.com\/fr\/","name":"Urbanitae Blog | Las mejores noticias sobre inversi\u00f3n inmobiliaria","description":"L'investissement immobilier \u00e0 la port\u00e9e de tous","publisher":{"@id":"https:\/\/blog.urbanitae.com\/fr\/#organization"},"potentialAction":[{"@type":"SearchAction","target":{"@type":"EntryPoint","urlTemplate":"https:\/\/blog.urbanitae.com\/fr\/?s={search_term_string}"},"query-input":{"@type":"PropertyValueSpecification","valueRequired":true,"valueName":"search_term_string"}}],"inLanguage":"fr-FR"},{"@type":"Organization","@id":"https:\/\/blog.urbanitae.com\/fr\/#organization","name":"Urbanitae","url":"https:\/\/blog.urbanitae.com\/fr\/","logo":{"@type":"ImageObject","inLanguage":"fr-FR","@id":"https:\/\/blog.urbanitae.com\/fr\/#\/schema\/logo\/image\/","url":"https:\/\/blog.urbanitae.com\/wp-content\/uploads\/2020\/04\/logo-verde_350x100.svg","contentUrl":"https:\/\/blog.urbanitae.com\/wp-content\/uploads\/2020\/04\/logo-verde_350x100.svg","width":350,"height":100,"caption":"Urbanitae"},"image":{"@id":"https:\/\/blog.urbanitae.com\/fr\/#\/schema\/logo\/image\/"},"sameAs":["https:\/\/www.facebook.com\/urbanitae","https:\/\/x.com\/urbanitae","https:\/\/www.instagram.com\/urbanitae","https:\/\/www.linkedin.com\/company\/urbanitae","https:\/\/www.pinterest.es\/UrbanitaeSL\/_created\/","https:\/\/www.youtube.com\/c\/Urbanitae_RE"]},{"@type":"Person","@id":"https:\/\/blog.urbanitae.com\/fr\/#\/schema\/person\/e7b2d152f5654066832c53f5aa04fbf7","name":"Equipo Urbanitae","image":{"@type":"ImageObject","inLanguage":"fr-FR","@id":"https:\/\/secure.gravatar.com\/avatar\/e75782c6aa253c8ac75c13b1ec97172bb2d67437baa4354ba4b0650a97f565f2?s=96&d=mm&r=g","url":"https:\/\/secure.gravatar.com\/avatar\/e75782c6aa253c8ac75c13b1ec97172bb2d67437baa4354ba4b0650a97f565f2?s=96&d=mm&r=g","contentUrl":"https:\/\/secure.gravatar.com\/avatar\/e75782c6aa253c8ac75c13b1ec97172bb2d67437baa4354ba4b0650a97f565f2?s=96&d=mm&r=g","caption":"Equipo Urbanitae"},"sameAs":["https:\/\/urbanitae.com"],"url":"https:\/\/blog.urbanitae.com\/fr\/author\/urbanitae\/"}]}},"_links":{"self":[{"href":"https:\/\/blog.urbanitae.com\/fr\/wp-json\/wp\/v2\/posts\/53661","targetHints":{"allow":["GET"]}}],"collection":[{"href":"https:\/\/blog.urbanitae.com\/fr\/wp-json\/wp\/v2\/posts"}],"about":[{"href":"https:\/\/blog.urbanitae.com\/fr\/wp-json\/wp\/v2\/types\/post"}],"author":[{"embeddable":true,"href":"https:\/\/blog.urbanitae.com\/fr\/wp-json\/wp\/v2\/users\/1"}],"replies":[{"embeddable":true,"href":"https:\/\/blog.urbanitae.com\/fr\/wp-json\/wp\/v2\/comments?post=53661"}],"version-history":[{"count":0,"href":"https:\/\/blog.urbanitae.com\/fr\/wp-json\/wp\/v2\/posts\/53661\/revisions"}],"wp:featuredmedia":[{"embeddable":true,"href":"https:\/\/blog.urbanitae.com\/fr\/wp-json\/wp\/v2\/media\/53773"}],"wp:attachment":[{"href":"https:\/\/blog.urbanitae.com\/fr\/wp-json\/wp\/v2\/media?parent=53661"}],"wp:term":[{"taxonomy":"category","embeddable":true,"href":"https:\/\/blog.urbanitae.com\/fr\/wp-json\/wp\/v2\/categories?post=53661"},{"taxonomy":"post_tag","embeddable":true,"href":"https:\/\/blog.urbanitae.com\/fr\/wp-json\/wp\/v2\/tags?post=53661"}],"curies":[{"name":"wp","href":"https:\/\/api.w.org\/{rel}","templated":true}]}}