{"id":40558,"date":"2024-04-04T15:51:47","date_gmt":"2024-04-04T13:51:47","guid":{"rendered":"https:\/\/blog.urbanitae.com\/?p=40558"},"modified":"2024-04-04T16:29:12","modified_gmt":"2024-04-04T14:29:12","slug":"bureaux-ou-espaces-flexibles-malaga-seville-et-madrid-menent-loccupation","status":"publish","type":"post","link":"https:\/\/blog.urbanitae.com\/fr\/2024\/04\/04\/bureaux-ou-espaces-flexibles-malaga-seville-et-madrid-menent-loccupation\/","title":{"rendered":"Bureaux ou espaces flexibles : M\u00e1laga, S\u00e9ville et Madrid m\u00e8nent l&rsquo;occupation."},"content":{"rendered":"\n<p>Dans un monde du travail en constante transformation, le bien-\u00eatre et la flexibilit\u00e9 sont des aspects de plus en plus importants pour la r\u00e9tention des talents. Et c&rsquo;est quelque chose que les entreprises savent bien. C&rsquo;est pourquoi de nombreuses soci\u00e9t\u00e9s ont choisi de reformuler leurs espaces de travail vers des mod\u00e8les d&rsquo;espace flexible ou agile, offrant aux employ\u00e9s diff\u00e9rents lieux et fa\u00e7ons de travailler.<\/p>\n\n\n\n<p>Avec une moyenne de 2,4 jours de t\u00e9l\u00e9travail par semaine en Espagne, lors du dernier exercice, plus de 50% des espaces d\u00e9di\u00e9s aux bureaux et 40% des salles de r\u00e9union traditionnelles ont \u00e9t\u00e9 r\u00e9duits. Ce sont des chiffres issus du <strong>Rapport sur l&rsquo;Occupation des Bureaux de 2023<\/strong>, publi\u00e9 par CBRE, qui indique \u00e9galement un changement de tendance vers les nouveaux environnements r\u00e9sultant du t\u00e9l\u00e9travail.<\/p>\n\n\n\n<p>Le travail flexible pr\u00e9sente sans aucun doute de nombreux avantages, tant pour les entreprises en r\u00e9duisant les co\u00fbts et en optimisant les espaces disponibles, que pour les \u00e9quipes qui les composent. Peu importe la taille ou le nombre d&#8217;employ\u00e9s, c&rsquo;est une formule de plus en plus appr\u00e9ci\u00e9e, comme en t\u00e9moigne la croissance de la location d&rsquo;espaces flexibles. Et pour preuve. IWG, le plus grand gestionnaire d&rsquo;espaces de travail flexibles au monde, vient d&rsquo;annoncer l&rsquo;ouverture de sept nouveaux espaces \u00e0 Madrid en 2024. La soci\u00e9t\u00e9 compte d\u00e9j\u00e0 plus de 60 centres r\u00e9partis dans toute la g\u00e9ographie, de villes comme Barcelone, Madrid, Saragosse, Logro\u00f1o, Pampelune et Valence, entre autres.<\/p>\n\n\n\n<h2 class=\"wp-block-heading\">Le secteur flexible se consolide en Espagne <\/h2>\n\n\n\n<p>Selon les donn\u00e9es de CBRE, la location de postes de travail flexibles a augment\u00e9 dans toute l&rsquo;Espagne en 2023, avec une dynamique particuli\u00e8re au dernier trimestre. Cela refl\u00e8te \u00ab\u00a0l&rsquo;int\u00e9r\u00eat continu pour le secteur et t\u00e9moigne de la demande d&rsquo;espaces non satisfaite au niveau national\u00a0\u00bb, comme le souligne <strong>le responsable du Flex Office en Espagne chez CBRE, Salvador Aguilar.<\/strong><\/p>\n\n\n\n<p>Le secteur flexible consolide ainsi sa position en Espagne avec des chiffres d&rsquo;occupation importants dans les grandes villes, mais en accordant une attention particuli\u00e8re \u00e0 sa croissance dans d&rsquo;autres r\u00e9gions g\u00e9ographiques, notamment dans des villes comme Malaga, S\u00e9ville et Valence.<\/p>\n\n\n\n<p>Le <strong>march\u00e9 r\u00e9gional<\/strong> affiche un taux d&rsquo;occupation moyen de 87% (en hausse de 5% par rapport au trimestre pr\u00e9c\u00e9dent). Des villes comme <strong>Malaga (93%) et S\u00e9ville (92%)<\/strong> se distinguent par leur taux d&rsquo;occupation \u00e9lev\u00e9. Plus pr\u00e9cis\u00e9ment, CBRE place Malaga comme l&rsquo;un des principaux centres d&rsquo;expansion pour les plus grands op\u00e9rateurs du march\u00e9. Au total, la ville compte 854 postes de travail flexibles et une offre de 8 536 m2. Elle est actuellement \u00e0 son maximum d&rsquo;occupation et il existe une demande d&rsquo;espace non satisfaite en raison du manque de disponibilit\u00e9 dans la ville.<\/p>\n\n\n\n<p><strong>S\u00e9ville <\/strong>passe \u00e0 la<strong> deuxi\u00e8me place en termes de volume d&rsquo;occupation (92%) <\/strong>et dispose d&rsquo;une offre de 10 500 m2, ce qui se traduit par 1 050 postes de travail flexibles. Selon CBRE, le march\u00e9 est limit\u00e9 par le manque d&rsquo;offre r\u00e9pondant aux exigences sp\u00e9cifiques des op\u00e9rateurs : une superficie minimale de 1 000 m2, de la lumi\u00e8re naturelle et un emplacement embl\u00e9matique. Face \u00e0 la difficult\u00e9 de trouver des espaces en centre-ville disponibles, la zone de La Cartuja, \u00e0 quelques kilom\u00e8tres du centre-ville, se profile comme une bonne alternative pour l&rsquo;implantation de ces espaces.<\/p>\n\n\n\n<p><strong>Madrid<\/strong>, quant \u00e0 elle, se classe comme la troisi\u00e8me ville d&rsquo;Espagne avec le taux d&rsquo;occupation le plus \u00e9lev\u00e9, \u00e0 86% et avec 2 945 postes de travail conclus au quatri\u00e8me trimestre de l&rsquo;ann\u00e9e. La capitale totalise 245 000 m2 d\u00e9di\u00e9s aux bureaux flexibles, repr\u00e9sentant ainsi 1,9% du stock total de bureaux. L&rsquo;occupation \u00e9lev\u00e9e a entra\u00een\u00e9 des plans d&rsquo;expansion pour de nombreux op\u00e9rateurs, et de nouvelles ouvertures sont pr\u00e9vues dans les mois \u00e0 venir.<\/p>\n\n\n\n<p>Dans des villes comme <strong>Valence, le taux d&rsquo;occupation atteint 83%<\/strong>, avec 1 310 postes de travail flexibles et une offre de 13 100 m2. On note \u00e9galement une augmentation de l&rsquo;occupation \u00e0 Alicante, jusqu&rsquo;\u00e0 80%.<\/p>\n\n\n\n<p><strong>Barcelone atteint un taux d&rsquo;occupation de 79,3%<\/strong>, ce qui repr\u00e9sente une augmentation par rapport aux 74% du premier semestre. La ville rassemble 223 000 m2 d\u00e9di\u00e9s aux espaces flexibles, soit 3,5% du total des bureaux.<\/p>\n\n\n\n<h2 class=\"wp-block-heading\">Croissance de la rentabilit\u00e9 des bureaux flexibles \u00e0 l&rsquo;\u00e9chelle mondiale <\/h2>\n\n\n\n<p>D&rsquo;autre part, le rapport annuel de Savills et Workthere sur l&rsquo;\u00e9volution des espaces de bureaux flexibles \u00e0 l&rsquo;\u00e9chelle mondiale indique que plus de 33% des espaces flexibles \u00e0 l&rsquo;\u00e9chelle mondiale ont enregistr\u00e9 des marges sup\u00e9rieures \u00e0 26% en 2023.<\/p>\n\n\n\n<p>Selon cette analyse, la taille moyenne d&rsquo;un centre de bureaux flexibles dans le monde \u00e9tait de 2 814 m2 et le nombre moyen de postes de travail est pass\u00e9 \u00e0 265 par rapport aux 255 enregistr\u00e9s en 2022. De plus, les grandes capitales (62%) sont les emplacements pr\u00e9f\u00e9r\u00e9s pour installer des espaces de travail flexibles \u00e0 l&rsquo;\u00e9chelle mondiale, suivies par les capitales de province (18%), d&rsquo;autres villes de province (10%) et les pays \u00e9mergents (10%).<\/p>\n\n\n\n<h2 class=\"wp-block-heading\">Urbanitae et son engagement envers le secteur Flex <\/h2>\n\n\n\n<p>Urbanitae, quant \u00e0 elle, a \u00e9galement mis l&rsquo;accent sur les espaces flexibles. Avec Psquared &#8211; une soci\u00e9t\u00e9 pionni\u00e8re dans l&rsquo;acquisition d&rsquo;actifs immobiliers \u00e0 reconvertir en espaces de travail &#8211; nous avons lanc\u00e9 en 2021 le projet The Haus. Une op\u00e9ration consistant \u00e0 acqu\u00e9rir un espace de bureaux pour l&rsquo;adapter et le r\u00e9former. D&rsquo;une ancienne imprimerie, situ\u00e9e dans le quartier de l&rsquo;Eixample \u00e0 Barcelone, elle est devenue une maison-studio au style contemporain et au design avant-gardiste. La collaboration entre Urbanitae et Psquared est un exemple suppl\u00e9mentaire de l&rsquo;essor du financement participatif dans un secteur, tel que l&rsquo;immobilier, en constante \u00e9volution et attentif aux nouvelles tendances du march\u00e9.<\/p>\n","protected":false},"excerpt":{"rendered":"<p>Les bureaux ou espaces flexibles consolident leur position en Espagne.<\/p>\n","protected":false},"author":1,"featured_media":40552,"comment_status":"open","ping_status":"open","sticky":false,"template":"","format":"standard","meta":{"inline_featured_image":false,"footnotes":""},"categories":[1026],"tags":[],"class_list":["post-40558","post","type-post","status-publish","format-standard","has-post-thumbnail","hentry","category-investissement-immobilier-fr"],"blocksy_meta":[],"yoast_head":"<!-- This site is optimized with the Yoast SEO plugin v27.5 - https:\/\/yoast.com\/product\/yoast-seo-wordpress\/ -->\n<title>Bureaux ou espaces flexibles : M\u00e1laga, S\u00e9ville et Madrid m\u00e8nent l&#039;occupation. - Urbanitae Blog<\/title>\n<meta name=\"description\" content=\"Les bureaux ou espaces flexibles consolident leur position avec des chiffres d&#039;occupation dans les grandes villes telles que M\u00e1laga, S\u00e9ville et Valence.\" \/>\n<meta name=\"robots\" content=\"index, follow, max-snippet:-1, max-image-preview:large, max-video-preview:-1\" \/>\n<link rel=\"canonical\" href=\"https:\/\/blog.urbanitae.com\/fr\/2024\/04\/04\/bureaux-ou-espaces-flexibles-malaga-seville-et-madrid-menent-loccupation\/\" \/>\n<meta property=\"og:locale\" content=\"fr_FR\" \/>\n<meta property=\"og:type\" content=\"article\" \/>\n<meta property=\"og:title\" content=\"Bureaux ou espaces flexibles\" \/>\n<meta property=\"og:description\" content=\"Les bureaux ou espaces flexibles consolident leur position avec des chiffres d&#039;occupation dans les grandes villes telles que M\u00e1laga, S\u00e9ville et Valence.\" \/>\n<meta property=\"og:url\" content=\"https:\/\/blog.urbanitae.com\/fr\/2024\/04\/04\/bureaux-ou-espaces-flexibles-malaga-seville-et-madrid-menent-loccupation\/\" \/>\n<meta property=\"og:site_name\" content=\"Urbanitae Blog | Les meilleures nouvelles sur l&#039;investissement immobilier\" \/>\n<meta property=\"article:publisher\" content=\"https:\/\/www.facebook.com\/urbanitae\" \/>\n<meta property=\"article:published_time\" content=\"2024-04-04T13:51:47+00:00\" \/>\n<meta property=\"article:modified_time\" content=\"2024-04-04T14:29:12+00:00\" \/>\n<meta property=\"og:image\" content=\"https:\/\/blog.urbanitae.com\/wp-content\/uploads\/2024\/04\/Oficinas-o-espacios-flexibles.webp\" \/>\n\t<meta property=\"og:image:width\" content=\"1400\" \/>\n\t<meta property=\"og:image:height\" content=\"735\" \/>\n\t<meta property=\"og:image:type\" content=\"image\/webp\" \/>\n<meta name=\"author\" content=\"Equipo Urbanitae\" \/>\n<meta name=\"twitter:card\" content=\"summary_large_image\" \/>\n<meta name=\"twitter:creator\" content=\"@urbanitae\" \/>\n<meta name=\"twitter:site\" content=\"@urbanitae\" \/>\n<meta name=\"twitter:label1\" content=\"\u00c9crit par\" \/>\n\t<meta name=\"twitter:data1\" content=\"Equipo Urbanitae\" \/>\n\t<meta name=\"twitter:label2\" content=\"Dur\u00e9e de lecture estim\u00e9e\" \/>\n\t<meta name=\"twitter:data2\" content=\"5 minutes\" \/>\n<script type=\"application\/ld+json\" class=\"yoast-schema-graph\">{\"@context\":\"https:\\\/\\\/schema.org\",\"@graph\":[{\"@type\":[\"Article\",\"BlogPosting\"],\"@id\":\"https:\\\/\\\/blog.urbanitae.com\\\/fr\\\/2024\\\/04\\\/04\\\/bureaux-ou-espaces-flexibles-malaga-seville-et-madrid-menent-loccupation\\\/#article\",\"isPartOf\":{\"@id\":\"https:\\\/\\\/blog.urbanitae.com\\\/fr\\\/2024\\\/04\\\/04\\\/bureaux-ou-espaces-flexibles-malaga-seville-et-madrid-menent-loccupation\\\/\"},\"author\":{\"name\":\"Equipo Urbanitae\",\"@id\":\"https:\\\/\\\/blog.urbanitae.com\\\/fr\\\/#\\\/schema\\\/person\\\/e7b2d152f5654066832c53f5aa04fbf7\"},\"headline\":\"Bureaux ou espaces flexibles : M\u00e1laga, S\u00e9ville et Madrid m\u00e8nent l&rsquo;occupation.\",\"datePublished\":\"2024-04-04T13:51:47+00:00\",\"dateModified\":\"2024-04-04T14:29:12+00:00\",\"mainEntityOfPage\":{\"@id\":\"https:\\\/\\\/blog.urbanitae.com\\\/fr\\\/2024\\\/04\\\/04\\\/bureaux-ou-espaces-flexibles-malaga-seville-et-madrid-menent-loccupation\\\/\"},\"wordCount\":979,\"commentCount\":0,\"publisher\":{\"@id\":\"https:\\\/\\\/blog.urbanitae.com\\\/fr\\\/#organization\"},\"image\":{\"@id\":\"https:\\\/\\\/blog.urbanitae.com\\\/fr\\\/2024\\\/04\\\/04\\\/bureaux-ou-espaces-flexibles-malaga-seville-et-madrid-menent-loccupation\\\/#primaryimage\"},\"thumbnailUrl\":\"https:\\\/\\\/blog.urbanitae.com\\\/wp-content\\\/uploads\\\/2024\\\/04\\\/Oficinas-o-espacios-flexibles.webp\",\"articleSection\":[\"Investissement immobilier\"],\"inLanguage\":\"fr-FR\",\"potentialAction\":[{\"@type\":\"CommentAction\",\"name\":\"Comment\",\"target\":[\"https:\\\/\\\/blog.urbanitae.com\\\/fr\\\/2024\\\/04\\\/04\\\/bureaux-ou-espaces-flexibles-malaga-seville-et-madrid-menent-loccupation\\\/#respond\"]}]},{\"@type\":[\"WebPage\",\"ItemPage\"],\"@id\":\"https:\\\/\\\/blog.urbanitae.com\\\/fr\\\/2024\\\/04\\\/04\\\/bureaux-ou-espaces-flexibles-malaga-seville-et-madrid-menent-loccupation\\\/\",\"url\":\"https:\\\/\\\/blog.urbanitae.com\\\/fr\\\/2024\\\/04\\\/04\\\/bureaux-ou-espaces-flexibles-malaga-seville-et-madrid-menent-loccupation\\\/\",\"name\":\"Bureaux ou espaces flexibles : M\u00e1laga, S\u00e9ville et Madrid m\u00e8nent l'occupation. - Urbanitae Blog\",\"isPartOf\":{\"@id\":\"https:\\\/\\\/blog.urbanitae.com\\\/fr\\\/#website\"},\"primaryImageOfPage\":{\"@id\":\"https:\\\/\\\/blog.urbanitae.com\\\/fr\\\/2024\\\/04\\\/04\\\/bureaux-ou-espaces-flexibles-malaga-seville-et-madrid-menent-loccupation\\\/#primaryimage\"},\"image\":{\"@id\":\"https:\\\/\\\/blog.urbanitae.com\\\/fr\\\/2024\\\/04\\\/04\\\/bureaux-ou-espaces-flexibles-malaga-seville-et-madrid-menent-loccupation\\\/#primaryimage\"},\"thumbnailUrl\":\"https:\\\/\\\/blog.urbanitae.com\\\/wp-content\\\/uploads\\\/2024\\\/04\\\/Oficinas-o-espacios-flexibles.webp\",\"datePublished\":\"2024-04-04T13:51:47+00:00\",\"dateModified\":\"2024-04-04T14:29:12+00:00\",\"description\":\"Les bureaux ou espaces flexibles consolident leur position avec des chiffres d'occupation dans les grandes villes telles que M\u00e1laga, S\u00e9ville et Valence.\",\"breadcrumb\":{\"@id\":\"https:\\\/\\\/blog.urbanitae.com\\\/fr\\\/2024\\\/04\\\/04\\\/bureaux-ou-espaces-flexibles-malaga-seville-et-madrid-menent-loccupation\\\/#breadcrumb\"},\"inLanguage\":\"fr-FR\",\"potentialAction\":[{\"@type\":\"ReadAction\",\"target\":[\"https:\\\/\\\/blog.urbanitae.com\\\/fr\\\/2024\\\/04\\\/04\\\/bureaux-ou-espaces-flexibles-malaga-seville-et-madrid-menent-loccupation\\\/\"]}]},{\"@type\":\"ImageObject\",\"inLanguage\":\"fr-FR\",\"@id\":\"https:\\\/\\\/blog.urbanitae.com\\\/fr\\\/2024\\\/04\\\/04\\\/bureaux-ou-espaces-flexibles-malaga-seville-et-madrid-menent-loccupation\\\/#primaryimage\",\"url\":\"https:\\\/\\\/blog.urbanitae.com\\\/wp-content\\\/uploads\\\/2024\\\/04\\\/Oficinas-o-espacios-flexibles.webp\",\"contentUrl\":\"https:\\\/\\\/blog.urbanitae.com\\\/wp-content\\\/uploads\\\/2024\\\/04\\\/Oficinas-o-espacios-flexibles.webp\",\"width\":1400,\"height\":735,\"caption\":\"Oficinas o espacios flexibles\"},{\"@type\":\"BreadcrumbList\",\"@id\":\"https:\\\/\\\/blog.urbanitae.com\\\/fr\\\/2024\\\/04\\\/04\\\/bureaux-ou-espaces-flexibles-malaga-seville-et-madrid-menent-loccupation\\\/#breadcrumb\",\"itemListElement\":[{\"@type\":\"ListItem\",\"position\":1,\"name\":\"Portada\",\"item\":\"https:\\\/\\\/blog.urbanitae.com\\\/fr\\\/\"},{\"@type\":\"ListItem\",\"position\":2,\"name\":\"Bureaux ou espaces flexibles : M\u00e1laga, S\u00e9ville et Madrid m\u00e8nent l&#8217;occupation.\"}]},{\"@type\":\"WebSite\",\"@id\":\"https:\\\/\\\/blog.urbanitae.com\\\/fr\\\/#website\",\"url\":\"https:\\\/\\\/blog.urbanitae.com\\\/fr\\\/\",\"name\":\"Urbanitae Blog | Las mejores noticias sobre inversi\u00f3n inmobiliaria\",\"description\":\"L'investissement immobilier \u00e0 la port\u00e9e de tous\",\"publisher\":{\"@id\":\"https:\\\/\\\/blog.urbanitae.com\\\/fr\\\/#organization\"},\"potentialAction\":[{\"@type\":\"SearchAction\",\"target\":{\"@type\":\"EntryPoint\",\"urlTemplate\":\"https:\\\/\\\/blog.urbanitae.com\\\/fr\\\/?s={search_term_string}\"},\"query-input\":{\"@type\":\"PropertyValueSpecification\",\"valueRequired\":true,\"valueName\":\"search_term_string\"}}],\"inLanguage\":\"fr-FR\"},{\"@type\":\"Organization\",\"@id\":\"https:\\\/\\\/blog.urbanitae.com\\\/fr\\\/#organization\",\"name\":\"Urbanitae\",\"url\":\"https:\\\/\\\/blog.urbanitae.com\\\/fr\\\/\",\"logo\":{\"@type\":\"ImageObject\",\"inLanguage\":\"fr-FR\",\"@id\":\"https:\\\/\\\/blog.urbanitae.com\\\/fr\\\/#\\\/schema\\\/logo\\\/image\\\/\",\"url\":\"https:\\\/\\\/blog.urbanitae.com\\\/wp-content\\\/uploads\\\/2020\\\/04\\\/logo-verde_350x100.svg\",\"contentUrl\":\"https:\\\/\\\/blog.urbanitae.com\\\/wp-content\\\/uploads\\\/2020\\\/04\\\/logo-verde_350x100.svg\",\"width\":350,\"height\":100,\"caption\":\"Urbanitae\"},\"image\":{\"@id\":\"https:\\\/\\\/blog.urbanitae.com\\\/fr\\\/#\\\/schema\\\/logo\\\/image\\\/\"},\"sameAs\":[\"https:\\\/\\\/www.facebook.com\\\/urbanitae\",\"https:\\\/\\\/x.com\\\/urbanitae\",\"https:\\\/\\\/www.instagram.com\\\/urbanitae\",\"https:\\\/\\\/www.linkedin.com\\\/company\\\/urbanitae\",\"https:\\\/\\\/www.pinterest.es\\\/UrbanitaeSL\\\/_created\\\/\",\"https:\\\/\\\/www.youtube.com\\\/c\\\/Urbanitae_RE\"]},{\"@type\":\"Person\",\"@id\":\"https:\\\/\\\/blog.urbanitae.com\\\/fr\\\/#\\\/schema\\\/person\\\/e7b2d152f5654066832c53f5aa04fbf7\",\"name\":\"Equipo Urbanitae\",\"image\":{\"@type\":\"ImageObject\",\"inLanguage\":\"fr-FR\",\"@id\":\"https:\\\/\\\/secure.gravatar.com\\\/avatar\\\/e75782c6aa253c8ac75c13b1ec97172bb2d67437baa4354ba4b0650a97f565f2?s=96&d=mm&r=g\",\"url\":\"https:\\\/\\\/secure.gravatar.com\\\/avatar\\\/e75782c6aa253c8ac75c13b1ec97172bb2d67437baa4354ba4b0650a97f565f2?s=96&d=mm&r=g\",\"contentUrl\":\"https:\\\/\\\/secure.gravatar.com\\\/avatar\\\/e75782c6aa253c8ac75c13b1ec97172bb2d67437baa4354ba4b0650a97f565f2?s=96&d=mm&r=g\",\"caption\":\"Equipo Urbanitae\"},\"sameAs\":[\"https:\\\/\\\/urbanitae.com\"],\"url\":\"https:\\\/\\\/blog.urbanitae.com\\\/fr\\\/author\\\/urbanitae\\\/\"}]}<\/script>\n<!-- \/ Yoast SEO plugin. -->","yoast_head_json":{"title":"Bureaux ou espaces flexibles : M\u00e1laga, S\u00e9ville et Madrid m\u00e8nent l'occupation. - Urbanitae Blog","description":"Les bureaux ou espaces flexibles consolident leur position avec des chiffres d'occupation dans les grandes villes telles que M\u00e1laga, S\u00e9ville et Valence.","robots":{"index":"index","follow":"follow","max-snippet":"max-snippet:-1","max-image-preview":"max-image-preview:large","max-video-preview":"max-video-preview:-1"},"canonical":"https:\/\/blog.urbanitae.com\/fr\/2024\/04\/04\/bureaux-ou-espaces-flexibles-malaga-seville-et-madrid-menent-loccupation\/","og_locale":"fr_FR","og_type":"article","og_title":"Bureaux ou espaces flexibles","og_description":"Les bureaux ou espaces flexibles consolident leur position avec des chiffres d'occupation dans les grandes villes telles que M\u00e1laga, S\u00e9ville et Valence.","og_url":"https:\/\/blog.urbanitae.com\/fr\/2024\/04\/04\/bureaux-ou-espaces-flexibles-malaga-seville-et-madrid-menent-loccupation\/","og_site_name":"Urbanitae Blog | Les meilleures nouvelles sur l'investissement immobilier","article_publisher":"https:\/\/www.facebook.com\/urbanitae","article_published_time":"2024-04-04T13:51:47+00:00","article_modified_time":"2024-04-04T14:29:12+00:00","og_image":[{"width":1400,"height":735,"url":"https:\/\/blog.urbanitae.com\/wp-content\/uploads\/2024\/04\/Oficinas-o-espacios-flexibles.webp","type":"image\/webp"}],"author":"Equipo Urbanitae","twitter_card":"summary_large_image","twitter_creator":"@urbanitae","twitter_site":"@urbanitae","twitter_misc":{"\u00c9crit par":"Equipo Urbanitae","Dur\u00e9e de lecture estim\u00e9e":"5 minutes"},"schema":{"@context":"https:\/\/schema.org","@graph":[{"@type":["Article","BlogPosting"],"@id":"https:\/\/blog.urbanitae.com\/fr\/2024\/04\/04\/bureaux-ou-espaces-flexibles-malaga-seville-et-madrid-menent-loccupation\/#article","isPartOf":{"@id":"https:\/\/blog.urbanitae.com\/fr\/2024\/04\/04\/bureaux-ou-espaces-flexibles-malaga-seville-et-madrid-menent-loccupation\/"},"author":{"name":"Equipo Urbanitae","@id":"https:\/\/blog.urbanitae.com\/fr\/#\/schema\/person\/e7b2d152f5654066832c53f5aa04fbf7"},"headline":"Bureaux ou espaces flexibles : M\u00e1laga, S\u00e9ville et Madrid m\u00e8nent l&rsquo;occupation.","datePublished":"2024-04-04T13:51:47+00:00","dateModified":"2024-04-04T14:29:12+00:00","mainEntityOfPage":{"@id":"https:\/\/blog.urbanitae.com\/fr\/2024\/04\/04\/bureaux-ou-espaces-flexibles-malaga-seville-et-madrid-menent-loccupation\/"},"wordCount":979,"commentCount":0,"publisher":{"@id":"https:\/\/blog.urbanitae.com\/fr\/#organization"},"image":{"@id":"https:\/\/blog.urbanitae.com\/fr\/2024\/04\/04\/bureaux-ou-espaces-flexibles-malaga-seville-et-madrid-menent-loccupation\/#primaryimage"},"thumbnailUrl":"https:\/\/blog.urbanitae.com\/wp-content\/uploads\/2024\/04\/Oficinas-o-espacios-flexibles.webp","articleSection":["Investissement immobilier"],"inLanguage":"fr-FR","potentialAction":[{"@type":"CommentAction","name":"Comment","target":["https:\/\/blog.urbanitae.com\/fr\/2024\/04\/04\/bureaux-ou-espaces-flexibles-malaga-seville-et-madrid-menent-loccupation\/#respond"]}]},{"@type":["WebPage","ItemPage"],"@id":"https:\/\/blog.urbanitae.com\/fr\/2024\/04\/04\/bureaux-ou-espaces-flexibles-malaga-seville-et-madrid-menent-loccupation\/","url":"https:\/\/blog.urbanitae.com\/fr\/2024\/04\/04\/bureaux-ou-espaces-flexibles-malaga-seville-et-madrid-menent-loccupation\/","name":"Bureaux ou espaces flexibles : M\u00e1laga, S\u00e9ville et Madrid m\u00e8nent l'occupation. - Urbanitae Blog","isPartOf":{"@id":"https:\/\/blog.urbanitae.com\/fr\/#website"},"primaryImageOfPage":{"@id":"https:\/\/blog.urbanitae.com\/fr\/2024\/04\/04\/bureaux-ou-espaces-flexibles-malaga-seville-et-madrid-menent-loccupation\/#primaryimage"},"image":{"@id":"https:\/\/blog.urbanitae.com\/fr\/2024\/04\/04\/bureaux-ou-espaces-flexibles-malaga-seville-et-madrid-menent-loccupation\/#primaryimage"},"thumbnailUrl":"https:\/\/blog.urbanitae.com\/wp-content\/uploads\/2024\/04\/Oficinas-o-espacios-flexibles.webp","datePublished":"2024-04-04T13:51:47+00:00","dateModified":"2024-04-04T14:29:12+00:00","description":"Les bureaux ou espaces flexibles consolident leur position avec des chiffres d'occupation dans les grandes villes telles que M\u00e1laga, S\u00e9ville et Valence.","breadcrumb":{"@id":"https:\/\/blog.urbanitae.com\/fr\/2024\/04\/04\/bureaux-ou-espaces-flexibles-malaga-seville-et-madrid-menent-loccupation\/#breadcrumb"},"inLanguage":"fr-FR","potentialAction":[{"@type":"ReadAction","target":["https:\/\/blog.urbanitae.com\/fr\/2024\/04\/04\/bureaux-ou-espaces-flexibles-malaga-seville-et-madrid-menent-loccupation\/"]}]},{"@type":"ImageObject","inLanguage":"fr-FR","@id":"https:\/\/blog.urbanitae.com\/fr\/2024\/04\/04\/bureaux-ou-espaces-flexibles-malaga-seville-et-madrid-menent-loccupation\/#primaryimage","url":"https:\/\/blog.urbanitae.com\/wp-content\/uploads\/2024\/04\/Oficinas-o-espacios-flexibles.webp","contentUrl":"https:\/\/blog.urbanitae.com\/wp-content\/uploads\/2024\/04\/Oficinas-o-espacios-flexibles.webp","width":1400,"height":735,"caption":"Oficinas o espacios flexibles"},{"@type":"BreadcrumbList","@id":"https:\/\/blog.urbanitae.com\/fr\/2024\/04\/04\/bureaux-ou-espaces-flexibles-malaga-seville-et-madrid-menent-loccupation\/#breadcrumb","itemListElement":[{"@type":"ListItem","position":1,"name":"Portada","item":"https:\/\/blog.urbanitae.com\/fr\/"},{"@type":"ListItem","position":2,"name":"Bureaux ou espaces flexibles : M\u00e1laga, S\u00e9ville et Madrid m\u00e8nent l&#8217;occupation."}]},{"@type":"WebSite","@id":"https:\/\/blog.urbanitae.com\/fr\/#website","url":"https:\/\/blog.urbanitae.com\/fr\/","name":"Urbanitae Blog | Las mejores noticias sobre inversi\u00f3n inmobiliaria","description":"L'investissement immobilier \u00e0 la port\u00e9e de tous","publisher":{"@id":"https:\/\/blog.urbanitae.com\/fr\/#organization"},"potentialAction":[{"@type":"SearchAction","target":{"@type":"EntryPoint","urlTemplate":"https:\/\/blog.urbanitae.com\/fr\/?s={search_term_string}"},"query-input":{"@type":"PropertyValueSpecification","valueRequired":true,"valueName":"search_term_string"}}],"inLanguage":"fr-FR"},{"@type":"Organization","@id":"https:\/\/blog.urbanitae.com\/fr\/#organization","name":"Urbanitae","url":"https:\/\/blog.urbanitae.com\/fr\/","logo":{"@type":"ImageObject","inLanguage":"fr-FR","@id":"https:\/\/blog.urbanitae.com\/fr\/#\/schema\/logo\/image\/","url":"https:\/\/blog.urbanitae.com\/wp-content\/uploads\/2020\/04\/logo-verde_350x100.svg","contentUrl":"https:\/\/blog.urbanitae.com\/wp-content\/uploads\/2020\/04\/logo-verde_350x100.svg","width":350,"height":100,"caption":"Urbanitae"},"image":{"@id":"https:\/\/blog.urbanitae.com\/fr\/#\/schema\/logo\/image\/"},"sameAs":["https:\/\/www.facebook.com\/urbanitae","https:\/\/x.com\/urbanitae","https:\/\/www.instagram.com\/urbanitae","https:\/\/www.linkedin.com\/company\/urbanitae","https:\/\/www.pinterest.es\/UrbanitaeSL\/_created\/","https:\/\/www.youtube.com\/c\/Urbanitae_RE"]},{"@type":"Person","@id":"https:\/\/blog.urbanitae.com\/fr\/#\/schema\/person\/e7b2d152f5654066832c53f5aa04fbf7","name":"Equipo Urbanitae","image":{"@type":"ImageObject","inLanguage":"fr-FR","@id":"https:\/\/secure.gravatar.com\/avatar\/e75782c6aa253c8ac75c13b1ec97172bb2d67437baa4354ba4b0650a97f565f2?s=96&d=mm&r=g","url":"https:\/\/secure.gravatar.com\/avatar\/e75782c6aa253c8ac75c13b1ec97172bb2d67437baa4354ba4b0650a97f565f2?s=96&d=mm&r=g","contentUrl":"https:\/\/secure.gravatar.com\/avatar\/e75782c6aa253c8ac75c13b1ec97172bb2d67437baa4354ba4b0650a97f565f2?s=96&d=mm&r=g","caption":"Equipo Urbanitae"},"sameAs":["https:\/\/urbanitae.com"],"url":"https:\/\/blog.urbanitae.com\/fr\/author\/urbanitae\/"}]}},"_links":{"self":[{"href":"https:\/\/blog.urbanitae.com\/fr\/wp-json\/wp\/v2\/posts\/40558","targetHints":{"allow":["GET"]}}],"collection":[{"href":"https:\/\/blog.urbanitae.com\/fr\/wp-json\/wp\/v2\/posts"}],"about":[{"href":"https:\/\/blog.urbanitae.com\/fr\/wp-json\/wp\/v2\/types\/post"}],"author":[{"embeddable":true,"href":"https:\/\/blog.urbanitae.com\/fr\/wp-json\/wp\/v2\/users\/1"}],"replies":[{"embeddable":true,"href":"https:\/\/blog.urbanitae.com\/fr\/wp-json\/wp\/v2\/comments?post=40558"}],"version-history":[{"count":0,"href":"https:\/\/blog.urbanitae.com\/fr\/wp-json\/wp\/v2\/posts\/40558\/revisions"}],"wp:featuredmedia":[{"embeddable":true,"href":"https:\/\/blog.urbanitae.com\/fr\/wp-json\/wp\/v2\/media\/40552"}],"wp:attachment":[{"href":"https:\/\/blog.urbanitae.com\/fr\/wp-json\/wp\/v2\/media?parent=40558"}],"wp:term":[{"taxonomy":"category","embeddable":true,"href":"https:\/\/blog.urbanitae.com\/fr\/wp-json\/wp\/v2\/categories?post=40558"},{"taxonomy":"post_tag","embeddable":true,"href":"https:\/\/blog.urbanitae.com\/fr\/wp-json\/wp\/v2\/tags?post=40558"}],"curies":[{"name":"wp","href":"https:\/\/api.w.org\/{rel}","templated":true}]}}