{"id":40292,"date":"2024-04-05T18:07:41","date_gmt":"2024-04-05T16:07:41","guid":{"rendered":"https:\/\/blog.urbanitae.com\/?p=40292"},"modified":"2024-04-06T10:17:57","modified_gmt":"2024-04-06T08:17:57","slug":"investissez-dans-le-projet-vista-alegre-a-ibiza","status":"publish","type":"post","link":"https:\/\/blog.urbanitae.com\/fr\/2024\/04\/05\/investissez-dans-le-projet-vista-alegre-a-ibiza\/","title":{"rendered":"Investissez dans le projet Vista Alegre \u00e0 Ibiza !"},"content":{"rendered":"\t\t<div data-elementor-type=\"wp-post\" data-elementor-id=\"40292\" class=\"elementor elementor-40292 elementor-40289\">\n\t\t\t\t\t\t<section class=\"elementor-section elementor-top-section elementor-element elementor-element-99b848b elementor-section-boxed elementor-section-height-default elementor-section-height-default\" data-id=\"99b848b\" data-element_type=\"section\" data-e-type=\"section\">\n\t\t\t\t\t\t<div class=\"elementor-container elementor-column-gap-default\">\n\t\t\t\t\t<div class=\"elementor-column elementor-col-100 elementor-top-column elementor-element elementor-element-7ea7536e\" data-id=\"7ea7536e\" data-element_type=\"column\" data-e-type=\"column\">\n\t\t\t<div class=\"elementor-widget-wrap elementor-element-populated\">\n\t\t\t\t\t\t<div class=\"elementor-element elementor-element-349db199 elementor-widget elementor-widget-text-editor\" data-id=\"349db199\" data-element_type=\"widget\" data-e-type=\"widget\" data-widget_type=\"text-editor.default\">\n\t\t\t\t<div class=\"elementor-widget-container\">\n\t\t\t\t\t\t\t\t\t<p>Nous vous pr\u00e9sentons notre premier projet \u00e0 Ibiza, qui ouvrira \u00e0 l&rsquo;investissement <strong>le mercredi 10 avril prochain \u00e0 16h (UTC+1).<\/strong><\/p><p>Le <strong>projet Vista Alegre<\/strong> consiste en la commercialisation d&rsquo;un immeuble compos\u00e9 de <strong>39 appartements d&rsquo;une chambre situ\u00e9s dans le d\u00e9veloppement exclusif Vista Alegre (Ibiza).<\/strong><\/p><p>Le projet en question est situ\u00e9 au c\u0153ur du <strong>d\u00e9veloppement de Vista Alegre<\/strong>, l&rsquo;un des d\u00e9veloppements les plus renomm\u00e9s de l&rsquo;\u00eele d&rsquo;Ibiza, aux c\u00f4t\u00e9s de Roca Llisa ou Can Rimbau.<\/p><p>Cette fois-ci, nous faisons \u00e0 nouveau confiance \u00e0 <strong>RTV Grupo Inmobiliario<\/strong>, avec qui nous avons financ\u00e9 de nombreux projets.<\/p><h2>Le promoteur investit son propre capital.<\/h2><p>L&rsquo;op\u00e9ration sera structur\u00e9e par le biais d&rsquo;une <strong>augmentation de capital<\/strong>, o\u00f9 les investisseurs d&rsquo;Urbanitae contribueront au capital de la soci\u00e9t\u00e9 v\u00e9hicule de l&rsquo;op\u00e9ration.<\/p><p>Le gestionnaire sera charg\u00e9 de la gestion globale du d\u00e9veloppement et <strong>contribuera \u00e0 hauteur de 20 % du capital total de l&rsquo;investissement.<\/strong><\/p><p>Il est important de noter que le projet <strong>ne comporte aucun risque de licence ou de co\u00fbt de construction car la propri\u00e9t\u00e9 est d\u00e9j\u00e0 construite.<\/strong><\/p><p><strong>Dans cette vid\u00e9o, le promoteur et notre PDG, Diego Bestard, expliquent les d\u00e9tails du projet Vista Alegre.<\/strong><\/p>\t\t\t\t\t\t\t\t<\/div>\n\t\t\t\t<\/div>\n\t\t\t\t\t<\/div>\n\t\t<\/div>\n\t\t\t\t\t<\/div>\n\t\t<\/section>\n\t\t\t\t<section class=\"elementor-section elementor-top-section elementor-element elementor-element-704eb80 elementor-section-boxed elementor-section-height-default elementor-section-height-default\" data-id=\"704eb80\" data-element_type=\"section\" data-e-type=\"section\">\n\t\t\t\t\t\t<div class=\"elementor-container elementor-column-gap-default\">\n\t\t\t\t\t<div class=\"elementor-column elementor-col-100 elementor-top-column elementor-element elementor-element-6fb9548\" data-id=\"6fb9548\" data-element_type=\"column\" data-e-type=\"column\">\n\t\t\t<div class=\"elementor-widget-wrap elementor-element-populated\">\n\t\t\t\t\t\t<div class=\"elementor-element elementor-element-4cf587d elementor-widget elementor-widget-video\" data-id=\"4cf587d\" data-element_type=\"widget\" data-e-type=\"widget\" data-settings=\"{&quot;youtube_url&quot;:&quot;https:\\\/\\\/youtu.be\\\/FkafQAGkb6Y&quot;,&quot;video_type&quot;:&quot;youtube&quot;,&quot;controls&quot;:&quot;yes&quot;}\" data-widget_type=\"video.default\">\n\t\t\t\t<div class=\"elementor-widget-container\">\n\t\t\t\t\t\t\t<div class=\"elementor-wrapper elementor-open-inline\">\n\t\t\t<div class=\"elementor-video\"><\/div>\t\t<\/div>\n\t\t\t\t\t\t<\/div>\n\t\t\t\t<\/div>\n\t\t\t\t\t<\/div>\n\t\t<\/div>\n\t\t\t\t\t<\/div>\n\t\t<\/section>\n\t\t\t\t<section class=\"elementor-section elementor-top-section elementor-element elementor-element-ea5071a elementor-section-boxed elementor-section-height-default elementor-section-height-default\" data-id=\"ea5071a\" data-element_type=\"section\" data-e-type=\"section\">\n\t\t\t\t\t\t<div class=\"elementor-container elementor-column-gap-default\">\n\t\t\t\t\t<div class=\"elementor-column elementor-col-100 elementor-top-column elementor-element elementor-element-41008da\" data-id=\"41008da\" data-element_type=\"column\" data-e-type=\"column\">\n\t\t\t<div class=\"elementor-widget-wrap elementor-element-populated\">\n\t\t\t\t\t\t<div class=\"elementor-element elementor-element-9485fb7 elementor-widget elementor-widget-text-editor\" data-id=\"9485fb7\" data-element_type=\"widget\" data-e-type=\"widget\" data-widget_type=\"text-editor.default\">\n\t\t\t\t<div class=\"elementor-widget-container\">\n\t\t\t\t\t\t\t\t\t<h2 class=\"wp-block-heading\">Rentabilit\u00e9 en 22-26 mois<\/h2><p>La dur\u00e9e estim\u00e9e de ce projet est de 18 \u00e0 22 mois. En ce qui concerne la <strong>rentabilit\u00e9<\/strong>, nous ne pouvons pas avancer de chiffres, mais elle peut \u00eatre facilement calcul\u00e9e \u00e0 partir des informations de l&rsquo;URL du projet. Tout comme dans le reste, dans le <strong>sc\u00e9nario favorable<\/strong>, qui est celui sur lequel nous nous basons chez Urbanitae et que nous comparons avec des tiers, <strong>la rentabilit\u00e9 est calcul\u00e9e avec la formule : (Pr\u00e9vision des revenus &#8211; Estimation des co\u00fbts) \/ Total des capitaux propres.<\/strong><\/p><p>La signature des contrats d&rsquo;op\u00e9ration est pr\u00e9vue au <strong>deuxi\u00e8me trimestre de 2024.<\/strong><\/p><p>Le d\u00e9but de la commercialisation est estim\u00e9 au <strong>troisi\u00e8me trimestre de 2024.<\/strong><\/p><p>Entre le <strong>quatri\u00e8me trimestre de 2025 et le premier trimestre de 2026<\/strong>, la fin de la commercialisation et la livraison des logements sont pr\u00e9vues.<\/p><p>Enfin,<strong> entre le premier et le deuxi\u00e8me trimestre de 2026<\/strong>, la dissolution de la soci\u00e9t\u00e9 et la distribution des b\u00e9n\u00e9fices aux investisseurs sont estim\u00e9es.<\/p><p>Comme toujours, vous pouvez nous contacter \u00e0 contacto@urrbanitae.com ou par t\u00e9l\u00e9phone au 911 23 25 22. Renseignez-vous et ne manquez pas l&rsquo;occasion d&rsquo;obtenir des revenus locatifs p\u00e9riodiques de 5,4% par an.<\/p>\t\t\t\t\t\t\t\t<\/div>\n\t\t\t\t<\/div>\n\t\t\t\t\t<\/div>\n\t\t<\/div>\n\t\t\t\t\t<\/div>\n\t\t<\/section>\n\t\t\t\t<\/div>\n\t\t","protected":false},"excerpt":{"rendered":"<p>Nouveau projet de plus-values \u00e0 Ibiza<\/p>\n","protected":false},"author":1,"featured_media":40297,"comment_status":"open","ping_status":"open","sticky":false,"template":"","format":"standard","meta":{"inline_featured_image":false,"footnotes":""},"categories":[794,1056,1057,926,927,77],"tags":[1738],"class_list":["post-40292","post","type-post","status-publish","format-standard","has-post-thumbnail","hentry","category-equity-es","category-equity-en","category-projets-fr","category-projects","category-projets","category-proyectos","tag-immobilien-crowdinvesting"],"blocksy_meta":[],"yoast_head":"<!-- This site is optimized with the Yoast SEO plugin v27.5 - https:\/\/yoast.com\/product\/yoast-seo-wordpress\/ -->\n<title>Investissez dans le projet Vista Alegre \u00e0 Ibiza ! - Urbanitae Blog<\/title>\n<meta name=\"description\" content=\"Nous lan\u00e7ons un nouveau projet de plus-values \u00e0 Ibiza. D\u00e9couvrez les d\u00e9tails du projet Vista Alegre dans ce post.\" \/>\n<meta name=\"robots\" content=\"index, follow, max-snippet:-1, max-image-preview:large, max-video-preview:-1\" \/>\n<link rel=\"canonical\" href=\"https:\/\/blog.urbanitae.com\/fr\/2024\/04\/05\/investissez-dans-le-projet-vista-alegre-a-ibiza\/\" \/>\n<meta property=\"og:locale\" content=\"fr_FR\" \/>\n<meta property=\"og:type\" content=\"article\" \/>\n<meta property=\"og:title\" content=\"Opportunit\u00e9s d&#039;investissement au Portugal\" \/>\n<meta property=\"og:description\" content=\"Nous lan\u00e7ons notre premi\u00e8re opportunit\u00e9 d&#039;investissement au Portugal. D\u00e9couvrez le projet d&#039;appr\u00e9ciation du capital de Paulo Duque aux c\u00f4t\u00e9s de Vogue Homes ici.\" \/>\n<meta property=\"og:url\" content=\"https:\/\/blog.urbanitae.com\/fr\/2024\/04\/05\/investissez-dans-le-projet-vista-alegre-a-ibiza\/\" \/>\n<meta property=\"og:site_name\" content=\"Urbanitae Blog | Les meilleures nouvelles sur l&#039;investissement immobilier\" \/>\n<meta property=\"article:publisher\" content=\"https:\/\/www.facebook.com\/urbanitae\" \/>\n<meta property=\"article:published_time\" content=\"2024-04-05T16:07:41+00:00\" \/>\n<meta property=\"article:modified_time\" content=\"2024-04-06T08:17:57+00:00\" \/>\n<meta property=\"og:image\" content=\"https:\/\/blog.urbanitae.com\/wp-content\/uploads\/2024\/03\/Invierte-en-el-proyecto-Vista-Alegre-en-Ibiza.webp\" \/>\n\t<meta property=\"og:image:width\" content=\"1400\" \/>\n\t<meta property=\"og:image:height\" content=\"735\" \/>\n\t<meta property=\"og:image:type\" content=\"image\/webp\" \/>\n<meta name=\"author\" content=\"Equipo Urbanitae\" \/>\n<meta name=\"twitter:card\" content=\"summary_large_image\" \/>\n<meta name=\"twitter:creator\" content=\"@urbanitae\" \/>\n<meta name=\"twitter:site\" content=\"@urbanitae\" \/>\n<meta name=\"twitter:label1\" content=\"\u00c9crit par\" \/>\n\t<meta name=\"twitter:data1\" content=\"Equipo Urbanitae\" \/>\n\t<meta name=\"twitter:label2\" content=\"Dur\u00e9e de lecture estim\u00e9e\" \/>\n\t<meta name=\"twitter:data2\" content=\"2 minutes\" \/>\n<script type=\"application\/ld+json\" class=\"yoast-schema-graph\">{\"@context\":\"https:\\\/\\\/schema.org\",\"@graph\":[{\"@type\":[\"Article\",\"BlogPosting\"],\"@id\":\"https:\\\/\\\/blog.urbanitae.com\\\/fr\\\/2024\\\/04\\\/05\\\/investissez-dans-le-projet-vista-alegre-a-ibiza\\\/#article\",\"isPartOf\":{\"@id\":\"https:\\\/\\\/blog.urbanitae.com\\\/fr\\\/2024\\\/04\\\/05\\\/investissez-dans-le-projet-vista-alegre-a-ibiza\\\/\"},\"author\":{\"name\":\"Equipo Urbanitae\",\"@id\":\"https:\\\/\\\/blog.urbanitae.com\\\/fr\\\/#\\\/schema\\\/person\\\/e7b2d152f5654066832c53f5aa04fbf7\"},\"headline\":\"Investissez dans le projet Vista Alegre \u00e0 Ibiza !\",\"datePublished\":\"2024-04-05T16:07:41+00:00\",\"dateModified\":\"2024-04-06T08:17:57+00:00\",\"mainEntityOfPage\":{\"@id\":\"https:\\\/\\\/blog.urbanitae.com\\\/fr\\\/2024\\\/04\\\/05\\\/investissez-dans-le-projet-vista-alegre-a-ibiza\\\/\"},\"wordCount\":421,\"commentCount\":0,\"publisher\":{\"@id\":\"https:\\\/\\\/blog.urbanitae.com\\\/fr\\\/#organization\"},\"image\":{\"@id\":\"https:\\\/\\\/blog.urbanitae.com\\\/fr\\\/2024\\\/04\\\/05\\\/investissez-dans-le-projet-vista-alegre-a-ibiza\\\/#primaryimage\"},\"thumbnailUrl\":\"https:\\\/\\\/blog.urbanitae.com\\\/wp-content\\\/uploads\\\/2024\\\/03\\\/Invierte-en-el-proyecto-Vista-Alegre-en-Ibiza.webp\",\"keywords\":[\"Immobilien-Crowdinvesting\"],\"articleSection\":[\"Equity\",\"Equity\",\"Equity\",\"Projects\",\"Projets\",\"Proyectos\"],\"inLanguage\":\"fr-FR\",\"potentialAction\":[{\"@type\":\"CommentAction\",\"name\":\"Comment\",\"target\":[\"https:\\\/\\\/blog.urbanitae.com\\\/fr\\\/2024\\\/04\\\/05\\\/investissez-dans-le-projet-vista-alegre-a-ibiza\\\/#respond\"]}]},{\"@type\":[\"WebPage\",\"ItemPage\"],\"@id\":\"https:\\\/\\\/blog.urbanitae.com\\\/fr\\\/2024\\\/04\\\/05\\\/investissez-dans-le-projet-vista-alegre-a-ibiza\\\/\",\"url\":\"https:\\\/\\\/blog.urbanitae.com\\\/fr\\\/2024\\\/04\\\/05\\\/investissez-dans-le-projet-vista-alegre-a-ibiza\\\/\",\"name\":\"Investissez dans le projet Vista Alegre \u00e0 Ibiza ! - Urbanitae Blog\",\"isPartOf\":{\"@id\":\"https:\\\/\\\/blog.urbanitae.com\\\/fr\\\/#website\"},\"primaryImageOfPage\":{\"@id\":\"https:\\\/\\\/blog.urbanitae.com\\\/fr\\\/2024\\\/04\\\/05\\\/investissez-dans-le-projet-vista-alegre-a-ibiza\\\/#primaryimage\"},\"image\":{\"@id\":\"https:\\\/\\\/blog.urbanitae.com\\\/fr\\\/2024\\\/04\\\/05\\\/investissez-dans-le-projet-vista-alegre-a-ibiza\\\/#primaryimage\"},\"thumbnailUrl\":\"https:\\\/\\\/blog.urbanitae.com\\\/wp-content\\\/uploads\\\/2024\\\/03\\\/Invierte-en-el-proyecto-Vista-Alegre-en-Ibiza.webp\",\"datePublished\":\"2024-04-05T16:07:41+00:00\",\"dateModified\":\"2024-04-06T08:17:57+00:00\",\"description\":\"Nous lan\u00e7ons un nouveau projet de plus-values \u00e0 Ibiza. D\u00e9couvrez les d\u00e9tails du projet Vista Alegre dans ce post.\",\"breadcrumb\":{\"@id\":\"https:\\\/\\\/blog.urbanitae.com\\\/fr\\\/2024\\\/04\\\/05\\\/investissez-dans-le-projet-vista-alegre-a-ibiza\\\/#breadcrumb\"},\"inLanguage\":\"fr-FR\",\"potentialAction\":[{\"@type\":\"ReadAction\",\"target\":[\"https:\\\/\\\/blog.urbanitae.com\\\/fr\\\/2024\\\/04\\\/05\\\/investissez-dans-le-projet-vista-alegre-a-ibiza\\\/\"]}]},{\"@type\":\"ImageObject\",\"inLanguage\":\"fr-FR\",\"@id\":\"https:\\\/\\\/blog.urbanitae.com\\\/fr\\\/2024\\\/04\\\/05\\\/investissez-dans-le-projet-vista-alegre-a-ibiza\\\/#primaryimage\",\"url\":\"https:\\\/\\\/blog.urbanitae.com\\\/wp-content\\\/uploads\\\/2024\\\/03\\\/Invierte-en-el-proyecto-Vista-Alegre-en-Ibiza.webp\",\"contentUrl\":\"https:\\\/\\\/blog.urbanitae.com\\\/wp-content\\\/uploads\\\/2024\\\/03\\\/Invierte-en-el-proyecto-Vista-Alegre-en-Ibiza.webp\",\"width\":1400,\"height\":735,\"caption\":\"Invierte en el proyecto Vista Alegre en Ibiza\"},{\"@type\":\"BreadcrumbList\",\"@id\":\"https:\\\/\\\/blog.urbanitae.com\\\/fr\\\/2024\\\/04\\\/05\\\/investissez-dans-le-projet-vista-alegre-a-ibiza\\\/#breadcrumb\",\"itemListElement\":[{\"@type\":\"ListItem\",\"position\":1,\"name\":\"Portada\",\"item\":\"https:\\\/\\\/blog.urbanitae.com\\\/fr\\\/\"},{\"@type\":\"ListItem\",\"position\":2,\"name\":\"Investissez dans le projet Vista Alegre \u00e0 Ibiza !\"}]},{\"@type\":\"WebSite\",\"@id\":\"https:\\\/\\\/blog.urbanitae.com\\\/fr\\\/#website\",\"url\":\"https:\\\/\\\/blog.urbanitae.com\\\/fr\\\/\",\"name\":\"Urbanitae Blog | Las mejores noticias sobre inversi\u00f3n inmobiliaria\",\"description\":\"L'investissement immobilier \u00e0 la port\u00e9e de tous\",\"publisher\":{\"@id\":\"https:\\\/\\\/blog.urbanitae.com\\\/fr\\\/#organization\"},\"potentialAction\":[{\"@type\":\"SearchAction\",\"target\":{\"@type\":\"EntryPoint\",\"urlTemplate\":\"https:\\\/\\\/blog.urbanitae.com\\\/fr\\\/?s={search_term_string}\"},\"query-input\":{\"@type\":\"PropertyValueSpecification\",\"valueRequired\":true,\"valueName\":\"search_term_string\"}}],\"inLanguage\":\"fr-FR\"},{\"@type\":\"Organization\",\"@id\":\"https:\\\/\\\/blog.urbanitae.com\\\/fr\\\/#organization\",\"name\":\"Urbanitae\",\"url\":\"https:\\\/\\\/blog.urbanitae.com\\\/fr\\\/\",\"logo\":{\"@type\":\"ImageObject\",\"inLanguage\":\"fr-FR\",\"@id\":\"https:\\\/\\\/blog.urbanitae.com\\\/fr\\\/#\\\/schema\\\/logo\\\/image\\\/\",\"url\":\"https:\\\/\\\/blog.urbanitae.com\\\/wp-content\\\/uploads\\\/2020\\\/04\\\/logo-verde_350x100.svg\",\"contentUrl\":\"https:\\\/\\\/blog.urbanitae.com\\\/wp-content\\\/uploads\\\/2020\\\/04\\\/logo-verde_350x100.svg\",\"width\":350,\"height\":100,\"caption\":\"Urbanitae\"},\"image\":{\"@id\":\"https:\\\/\\\/blog.urbanitae.com\\\/fr\\\/#\\\/schema\\\/logo\\\/image\\\/\"},\"sameAs\":[\"https:\\\/\\\/www.facebook.com\\\/urbanitae\",\"https:\\\/\\\/x.com\\\/urbanitae\",\"https:\\\/\\\/www.instagram.com\\\/urbanitae\",\"https:\\\/\\\/www.linkedin.com\\\/company\\\/urbanitae\",\"https:\\\/\\\/www.pinterest.es\\\/UrbanitaeSL\\\/_created\\\/\",\"https:\\\/\\\/www.youtube.com\\\/c\\\/Urbanitae_RE\"]},{\"@type\":\"Person\",\"@id\":\"https:\\\/\\\/blog.urbanitae.com\\\/fr\\\/#\\\/schema\\\/person\\\/e7b2d152f5654066832c53f5aa04fbf7\",\"name\":\"Equipo Urbanitae\",\"image\":{\"@type\":\"ImageObject\",\"inLanguage\":\"fr-FR\",\"@id\":\"https:\\\/\\\/secure.gravatar.com\\\/avatar\\\/e75782c6aa253c8ac75c13b1ec97172bb2d67437baa4354ba4b0650a97f565f2?s=96&d=mm&r=g\",\"url\":\"https:\\\/\\\/secure.gravatar.com\\\/avatar\\\/e75782c6aa253c8ac75c13b1ec97172bb2d67437baa4354ba4b0650a97f565f2?s=96&d=mm&r=g\",\"contentUrl\":\"https:\\\/\\\/secure.gravatar.com\\\/avatar\\\/e75782c6aa253c8ac75c13b1ec97172bb2d67437baa4354ba4b0650a97f565f2?s=96&d=mm&r=g\",\"caption\":\"Equipo Urbanitae\"},\"sameAs\":[\"https:\\\/\\\/urbanitae.com\"],\"url\":\"https:\\\/\\\/blog.urbanitae.com\\\/fr\\\/author\\\/urbanitae\\\/\"}]}<\/script>\n<!-- \/ Yoast SEO plugin. -->","yoast_head_json":{"title":"Investissez dans le projet Vista Alegre \u00e0 Ibiza ! - Urbanitae Blog","description":"Nous lan\u00e7ons un nouveau projet de plus-values \u00e0 Ibiza. D\u00e9couvrez les d\u00e9tails du projet Vista Alegre dans ce post.","robots":{"index":"index","follow":"follow","max-snippet":"max-snippet:-1","max-image-preview":"max-image-preview:large","max-video-preview":"max-video-preview:-1"},"canonical":"https:\/\/blog.urbanitae.com\/fr\/2024\/04\/05\/investissez-dans-le-projet-vista-alegre-a-ibiza\/","og_locale":"fr_FR","og_type":"article","og_title":"Opportunit\u00e9s d'investissement au Portugal","og_description":"Nous lan\u00e7ons notre premi\u00e8re opportunit\u00e9 d'investissement au Portugal. D\u00e9couvrez le projet d'appr\u00e9ciation du capital de Paulo Duque aux c\u00f4t\u00e9s de Vogue Homes ici.","og_url":"https:\/\/blog.urbanitae.com\/fr\/2024\/04\/05\/investissez-dans-le-projet-vista-alegre-a-ibiza\/","og_site_name":"Urbanitae Blog | Les meilleures nouvelles sur l'investissement immobilier","article_publisher":"https:\/\/www.facebook.com\/urbanitae","article_published_time":"2024-04-05T16:07:41+00:00","article_modified_time":"2024-04-06T08:17:57+00:00","og_image":[{"width":1400,"height":735,"url":"https:\/\/blog.urbanitae.com\/wp-content\/uploads\/2024\/03\/Invierte-en-el-proyecto-Vista-Alegre-en-Ibiza.webp","type":"image\/webp"}],"author":"Equipo Urbanitae","twitter_card":"summary_large_image","twitter_creator":"@urbanitae","twitter_site":"@urbanitae","twitter_misc":{"\u00c9crit par":"Equipo Urbanitae","Dur\u00e9e de lecture estim\u00e9e":"2 minutes"},"schema":{"@context":"https:\/\/schema.org","@graph":[{"@type":["Article","BlogPosting"],"@id":"https:\/\/blog.urbanitae.com\/fr\/2024\/04\/05\/investissez-dans-le-projet-vista-alegre-a-ibiza\/#article","isPartOf":{"@id":"https:\/\/blog.urbanitae.com\/fr\/2024\/04\/05\/investissez-dans-le-projet-vista-alegre-a-ibiza\/"},"author":{"name":"Equipo Urbanitae","@id":"https:\/\/blog.urbanitae.com\/fr\/#\/schema\/person\/e7b2d152f5654066832c53f5aa04fbf7"},"headline":"Investissez dans le projet Vista Alegre \u00e0 Ibiza !","datePublished":"2024-04-05T16:07:41+00:00","dateModified":"2024-04-06T08:17:57+00:00","mainEntityOfPage":{"@id":"https:\/\/blog.urbanitae.com\/fr\/2024\/04\/05\/investissez-dans-le-projet-vista-alegre-a-ibiza\/"},"wordCount":421,"commentCount":0,"publisher":{"@id":"https:\/\/blog.urbanitae.com\/fr\/#organization"},"image":{"@id":"https:\/\/blog.urbanitae.com\/fr\/2024\/04\/05\/investissez-dans-le-projet-vista-alegre-a-ibiza\/#primaryimage"},"thumbnailUrl":"https:\/\/blog.urbanitae.com\/wp-content\/uploads\/2024\/03\/Invierte-en-el-proyecto-Vista-Alegre-en-Ibiza.webp","keywords":["Immobilien-Crowdinvesting"],"articleSection":["Equity","Equity","Equity","Projects","Projets","Proyectos"],"inLanguage":"fr-FR","potentialAction":[{"@type":"CommentAction","name":"Comment","target":["https:\/\/blog.urbanitae.com\/fr\/2024\/04\/05\/investissez-dans-le-projet-vista-alegre-a-ibiza\/#respond"]}]},{"@type":["WebPage","ItemPage"],"@id":"https:\/\/blog.urbanitae.com\/fr\/2024\/04\/05\/investissez-dans-le-projet-vista-alegre-a-ibiza\/","url":"https:\/\/blog.urbanitae.com\/fr\/2024\/04\/05\/investissez-dans-le-projet-vista-alegre-a-ibiza\/","name":"Investissez dans le projet Vista Alegre \u00e0 Ibiza ! - Urbanitae Blog","isPartOf":{"@id":"https:\/\/blog.urbanitae.com\/fr\/#website"},"primaryImageOfPage":{"@id":"https:\/\/blog.urbanitae.com\/fr\/2024\/04\/05\/investissez-dans-le-projet-vista-alegre-a-ibiza\/#primaryimage"},"image":{"@id":"https:\/\/blog.urbanitae.com\/fr\/2024\/04\/05\/investissez-dans-le-projet-vista-alegre-a-ibiza\/#primaryimage"},"thumbnailUrl":"https:\/\/blog.urbanitae.com\/wp-content\/uploads\/2024\/03\/Invierte-en-el-proyecto-Vista-Alegre-en-Ibiza.webp","datePublished":"2024-04-05T16:07:41+00:00","dateModified":"2024-04-06T08:17:57+00:00","description":"Nous lan\u00e7ons un nouveau projet de plus-values \u00e0 Ibiza. D\u00e9couvrez les d\u00e9tails du projet Vista Alegre dans ce post.","breadcrumb":{"@id":"https:\/\/blog.urbanitae.com\/fr\/2024\/04\/05\/investissez-dans-le-projet-vista-alegre-a-ibiza\/#breadcrumb"},"inLanguage":"fr-FR","potentialAction":[{"@type":"ReadAction","target":["https:\/\/blog.urbanitae.com\/fr\/2024\/04\/05\/investissez-dans-le-projet-vista-alegre-a-ibiza\/"]}]},{"@type":"ImageObject","inLanguage":"fr-FR","@id":"https:\/\/blog.urbanitae.com\/fr\/2024\/04\/05\/investissez-dans-le-projet-vista-alegre-a-ibiza\/#primaryimage","url":"https:\/\/blog.urbanitae.com\/wp-content\/uploads\/2024\/03\/Invierte-en-el-proyecto-Vista-Alegre-en-Ibiza.webp","contentUrl":"https:\/\/blog.urbanitae.com\/wp-content\/uploads\/2024\/03\/Invierte-en-el-proyecto-Vista-Alegre-en-Ibiza.webp","width":1400,"height":735,"caption":"Invierte en el proyecto Vista Alegre en Ibiza"},{"@type":"BreadcrumbList","@id":"https:\/\/blog.urbanitae.com\/fr\/2024\/04\/05\/investissez-dans-le-projet-vista-alegre-a-ibiza\/#breadcrumb","itemListElement":[{"@type":"ListItem","position":1,"name":"Portada","item":"https:\/\/blog.urbanitae.com\/fr\/"},{"@type":"ListItem","position":2,"name":"Investissez dans le projet Vista Alegre \u00e0 Ibiza !"}]},{"@type":"WebSite","@id":"https:\/\/blog.urbanitae.com\/fr\/#website","url":"https:\/\/blog.urbanitae.com\/fr\/","name":"Urbanitae Blog | Las mejores noticias sobre inversi\u00f3n inmobiliaria","description":"L'investissement immobilier \u00e0 la port\u00e9e de tous","publisher":{"@id":"https:\/\/blog.urbanitae.com\/fr\/#organization"},"potentialAction":[{"@type":"SearchAction","target":{"@type":"EntryPoint","urlTemplate":"https:\/\/blog.urbanitae.com\/fr\/?s={search_term_string}"},"query-input":{"@type":"PropertyValueSpecification","valueRequired":true,"valueName":"search_term_string"}}],"inLanguage":"fr-FR"},{"@type":"Organization","@id":"https:\/\/blog.urbanitae.com\/fr\/#organization","name":"Urbanitae","url":"https:\/\/blog.urbanitae.com\/fr\/","logo":{"@type":"ImageObject","inLanguage":"fr-FR","@id":"https:\/\/blog.urbanitae.com\/fr\/#\/schema\/logo\/image\/","url":"https:\/\/blog.urbanitae.com\/wp-content\/uploads\/2020\/04\/logo-verde_350x100.svg","contentUrl":"https:\/\/blog.urbanitae.com\/wp-content\/uploads\/2020\/04\/logo-verde_350x100.svg","width":350,"height":100,"caption":"Urbanitae"},"image":{"@id":"https:\/\/blog.urbanitae.com\/fr\/#\/schema\/logo\/image\/"},"sameAs":["https:\/\/www.facebook.com\/urbanitae","https:\/\/x.com\/urbanitae","https:\/\/www.instagram.com\/urbanitae","https:\/\/www.linkedin.com\/company\/urbanitae","https:\/\/www.pinterest.es\/UrbanitaeSL\/_created\/","https:\/\/www.youtube.com\/c\/Urbanitae_RE"]},{"@type":"Person","@id":"https:\/\/blog.urbanitae.com\/fr\/#\/schema\/person\/e7b2d152f5654066832c53f5aa04fbf7","name":"Equipo Urbanitae","image":{"@type":"ImageObject","inLanguage":"fr-FR","@id":"https:\/\/secure.gravatar.com\/avatar\/e75782c6aa253c8ac75c13b1ec97172bb2d67437baa4354ba4b0650a97f565f2?s=96&d=mm&r=g","url":"https:\/\/secure.gravatar.com\/avatar\/e75782c6aa253c8ac75c13b1ec97172bb2d67437baa4354ba4b0650a97f565f2?s=96&d=mm&r=g","contentUrl":"https:\/\/secure.gravatar.com\/avatar\/e75782c6aa253c8ac75c13b1ec97172bb2d67437baa4354ba4b0650a97f565f2?s=96&d=mm&r=g","caption":"Equipo Urbanitae"},"sameAs":["https:\/\/urbanitae.com"],"url":"https:\/\/blog.urbanitae.com\/fr\/author\/urbanitae\/"}]}},"_links":{"self":[{"href":"https:\/\/blog.urbanitae.com\/fr\/wp-json\/wp\/v2\/posts\/40292","targetHints":{"allow":["GET"]}}],"collection":[{"href":"https:\/\/blog.urbanitae.com\/fr\/wp-json\/wp\/v2\/posts"}],"about":[{"href":"https:\/\/blog.urbanitae.com\/fr\/wp-json\/wp\/v2\/types\/post"}],"author":[{"embeddable":true,"href":"https:\/\/blog.urbanitae.com\/fr\/wp-json\/wp\/v2\/users\/1"}],"replies":[{"embeddable":true,"href":"https:\/\/blog.urbanitae.com\/fr\/wp-json\/wp\/v2\/comments?post=40292"}],"version-history":[{"count":0,"href":"https:\/\/blog.urbanitae.com\/fr\/wp-json\/wp\/v2\/posts\/40292\/revisions"}],"wp:featuredmedia":[{"embeddable":true,"href":"https:\/\/blog.urbanitae.com\/fr\/wp-json\/wp\/v2\/media\/40297"}],"wp:attachment":[{"href":"https:\/\/blog.urbanitae.com\/fr\/wp-json\/wp\/v2\/media?parent=40292"}],"wp:term":[{"taxonomy":"category","embeddable":true,"href":"https:\/\/blog.urbanitae.com\/fr\/wp-json\/wp\/v2\/categories?post=40292"},{"taxonomy":"post_tag","embeddable":true,"href":"https:\/\/blog.urbanitae.com\/fr\/wp-json\/wp\/v2\/tags?post=40292"}],"curies":[{"name":"wp","href":"https:\/\/api.w.org\/{rel}","templated":true}]}}