{"id":32075,"date":"2023-11-29T09:45:46","date_gmt":"2023-11-29T08:45:46","guid":{"rendered":"https:\/\/blog.urbanitae.com\/?p=32075"},"modified":"2023-11-29T11:54:08","modified_gmt":"2023-11-29T10:54:08","slug":"voici-comment-les-cabinets-de-conseil-voient-le-marche-immobilier-en-2024","status":"publish","type":"post","link":"https:\/\/blog.urbanitae.com\/fr\/2023\/11\/29\/voici-comment-les-cabinets-de-conseil-voient-le-marche-immobilier-en-2024\/","title":{"rendered":"Voici comment les cabinets de conseil voient le march\u00e9 immobilier en 2024"},"content":{"rendered":"\n<p>D\u00e9j\u00e0 \u00e0 la fin de l&rsquo;ann\u00e9e, le secteur immobilier a les yeux tourn\u00e9s vers 2024. Apr\u00e8s une ann\u00e9e pleine de hauts et de bas, et avec un comportement in\u00e9gal dans chaque segment, en g\u00e9n\u00e9ral, les pr\u00e9visions les plus pessimistes ne se sont pas concr\u00e9tis\u00e9es. En envisageant l&rsquo;avenir, le taux d&rsquo;inflation \u00e9lev\u00e9 et l&rsquo;incertitude quant \u00e0 la poursuite de la croissance des taux d&rsquo;int\u00e9r\u00eat imposent la prudence parmi les experts. En gros, tous s&rsquo;accordent sur une premi\u00e8re phase d&rsquo;ajustement et d&rsquo;adaptation \u00e0 l&rsquo;environnement macro\u00e9conomique, suivie d&rsquo;une deuxi\u00e8me \u00e9tape o\u00f9 les premiers signes de reprise seront perceptibles. Un sc\u00e9nario mondial interpr\u00e9t\u00e9 diff\u00e9remment par les cabinets de conseil. Voici leurs pr\u00e9visions pour le march\u00e9 immobilier en 2024:<\/p>\n\n\n\n<h2 class=\"wp-block-heading\">CBRE <\/h2>\n\n\n\n<p>\u00ab\u00a0Nous sommes aux deux tiers du chemin de la correction des prix. Les douze prochains mois seront un moment fantastique pour l&rsquo;investissement\u00a0\u00bb, affirmait le pr\u00e9sident de <strong>CBRE Espagne et Latam, Adolfo Ram\u00edrez-Escudero<\/strong>, en septembre dernier lors du congr\u00e8s <a href=\"https:\/\/www.thedistrictshow.com\/congress\/\" target=\"_blank\" rel=\"noreferrer noopener nofollow\"><strong>The District<\/strong><\/a>.<\/p>\n\n\n\n<p>La soci\u00e9t\u00e9 de conseil mise sur la reprise du march\u00e9 immobilier en 2024, tant en termes de volume de transactions que d&rsquo;ajustement des prix, et indique que de <strong>bonnes opportunit\u00e9s d&rsquo;investissement \u00e9mergeront dans les mois \u00e0 venir<\/strong>. Parmi ces opportunit\u00e9s, elle souligne particuli\u00e8rement des segments non traditionnels tels que le r\u00e9sidentiel, l&rsquo;h\u00f4tellerie ou les soins de sant\u00e9.<\/p>\n\n\n\n<h2 class=\"wp-block-heading\">SAVILLS <\/h2>\n\n\n\n<p>Savills pr\u00e9voit une reprise de <strong>l&rsquo;investissement immobilier en Europe l&rsquo;ann\u00e9e prochaine \u00e0 mesure que l&rsquo;\u00e9conomie du continent<\/strong> se redresse, <strong>estimant un volume total de transactions de 220 milliards d&rsquo;euros en 2024<\/strong>, soit 35 % de plus que les 163 milliards d&rsquo;euros pr\u00e9vus pour 2023.<\/p>\n\n\n\n<p>Sur le march\u00e9 des bureaux, la soci\u00e9t\u00e9 estime que de plus en plus d&rsquo;investisseurs profiteront de la valeur \u00e0 la hausse de ces actifs, avec des initiatives ax\u00e9es sur la durabilit\u00e9 et des op\u00e9rations d&rsquo;achat-vente. Elle souligne \u00e9galement que le commerce de<strong> d\u00e9tail pourrait offrir plus d&rsquo;options que d&rsquo;autres segments<\/strong>, ce qui suscitera un int\u00e9r\u00eat renouvel\u00e9 de la part des investisseurs.<\/p>\n\n\n\n<h2 class=\"wp-block-heading\">JLL <\/h2>\n\n\n\n<p>Ce cabinet estime que <strong>l&rsquo;incertitude \u00e9conomique continuera d&rsquo;influencer les niveaux d&rsquo;investissement jusqu&rsquo;\u00e0 mi-2024<\/strong>. Ce sera \u00e0 ce moment-l\u00e0, et si la fin de la hausse des taux d&rsquo;int\u00e9r\u00eat est confirm\u00e9e d&rsquo;ici l\u00e0, que la reprise s&rsquo;activera, s&rsquo;intensifiant dans la seconde moiti\u00e9 de l&rsquo;ann\u00e9e.<\/p>\n\n\n\n<h2 class=\"wp-block-heading\">COLLIERS<\/h2>\n\n\n\n<p>Le rapport de pr\u00e9vision des rendements \u00e9labor\u00e9 par Colliers estime <strong>qu&rsquo;apr\u00e8s le premier trimestre de l&rsquo;ann\u00e9e, un point de basculement se produira marquant le d\u00e9but de la reprise<\/strong>. La soci\u00e9t\u00e9 de conseil est confiante que les taux atteindront leur apog\u00e9e pendant cette p\u00e9riode, apportant plus de certitude aux march\u00e9s. La possibilit\u00e9 de r\u00e9ductions dans ces taux peut \u00e9galement \u00eatre un facteur que certains investisseurs exploiteront pour r\u00e9aliser des op\u00e9rations \u00e0 rendement \u00e9lev\u00e9.<\/p>\n\n\n\n<p>D&rsquo;autre part, elle indique que certains propri\u00e9taires, contraints par les \u00e9ch\u00e9ances de la dette et les besoins de liquidit\u00e9s, s&rsquo;adapteront au nouveau sc\u00e9nario. Cela favorisera une approche des acheteurs, r\u00e9activant ainsi l&rsquo;activit\u00e9 d&rsquo;investissement.<\/p>\n\n\n\n<h2 class=\"wp-block-heading\">FORCADELL <\/h2>\n\n\n\n<p><strong>Le cabinet catalan et l&rsquo;Universit\u00e9 de Barcelone (UB) ont \u00e9labor\u00e9 le \u00ab\u00a0Rapport sur le march\u00e9 immobilier, actualit\u00e9 et perspectives 2023\u00a0\u00bb <\/strong>dans lequel ils pr\u00e9voient un <strong>ralentissement du march\u00e9 immobilier r\u00e9sidentiel \u00e0 la vente<\/strong>, en m\u00eame temps qu&rsquo;une hausse des prix de la location en raison de la p\u00e9nurie d&rsquo;offre. Ils soulignent \u00e9galement la forte impulsion de nouvelles formules telles que le coliving. Pour les secteurs tertiaire, logistique et de d\u00e9tail, ils pr\u00e9voient une certaine dynamique, tandis que les bureaux continueront \u00e0 ne pas remonter.<\/p>\n","protected":false},"excerpt":{"rendered":"<p>D\u00e9couvrez les pr\u00e9visions des cabinets de conseil de notre pays pour 2024.<\/p>\n","protected":false},"author":1,"featured_media":32076,"comment_status":"open","ping_status":"open","sticky":false,"template":"","format":"standard","meta":{"inline_featured_image":false,"footnotes":""},"categories":[1026],"tags":[989,1887,951,1539],"class_list":["post-32075","post","type-post","status-publish","format-standard","has-post-thumbnail","hentry","category-investissement-immobilier-fr","tag-immobilier","tag-inversion-inmobiliaria-fr","tag-investissement-immobilier","tag-marche-immobilier"],"blocksy_meta":[],"yoast_head":"<!-- This site is optimized with the Yoast SEO plugin v27.5 - https:\/\/yoast.com\/product\/yoast-seo-wordpress\/ -->\n<title>Voici comment les cabinets de conseil voient le march\u00e9 immobilier en 2024 - Urbanitae Blog<\/title>\n<meta name=\"description\" content=\"Comment les cabinets de conseil voient-ils le march\u00e9 immobilier en 2024 ? D\u00e9couvrez les pr\u00e9visions des cabinets de conseil de notre pays dans cet article.\" \/>\n<meta name=\"robots\" content=\"index, follow, max-snippet:-1, max-image-preview:large, max-video-preview:-1\" \/>\n<link rel=\"canonical\" href=\"https:\/\/blog.urbanitae.com\/fr\/2023\/11\/29\/voici-comment-les-cabinets-de-conseil-voient-le-marche-immobilier-en-2024\/\" \/>\n<meta property=\"og:locale\" content=\"fr_FR\" \/>\n<meta property=\"og:type\" content=\"article\" \/>\n<meta property=\"og:title\" content=\"Voici comment les cabinets de conseil voient le march\u00e9 immobilier en 2024 - Urbanitae Blog\" \/>\n<meta property=\"og:description\" content=\"Comment les cabinets de conseil voient-ils le march\u00e9 immobilier en 2024 ? D\u00e9couvrez les pr\u00e9visions des cabinets de conseil de notre pays dans cet article.\" \/>\n<meta property=\"og:url\" content=\"https:\/\/blog.urbanitae.com\/fr\/2023\/11\/29\/voici-comment-les-cabinets-de-conseil-voient-le-marche-immobilier-en-2024\/\" \/>\n<meta property=\"og:site_name\" content=\"Urbanitae Blog | Les meilleures nouvelles sur l&#039;investissement immobilier\" \/>\n<meta property=\"article:publisher\" content=\"https:\/\/www.facebook.com\/urbanitae\" \/>\n<meta property=\"article:published_time\" content=\"2023-11-29T08:45:46+00:00\" \/>\n<meta property=\"article:modified_time\" content=\"2023-11-29T10:54:08+00:00\" \/>\n<meta property=\"og:image\" content=\"https:\/\/blog.urbanitae.com\/wp-content\/uploads\/2023\/11\/Voici-comment-les-cabinets-de-conseil-voient-le-marche-immobilier-en-2024.webp\" \/>\n\t<meta property=\"og:image:width\" content=\"1400\" \/>\n\t<meta property=\"og:image:height\" content=\"735\" \/>\n\t<meta property=\"og:image:type\" content=\"image\/webp\" \/>\n<meta name=\"author\" content=\"Equipo Urbanitae\" \/>\n<meta name=\"twitter:card\" content=\"summary_large_image\" \/>\n<meta name=\"twitter:creator\" content=\"@urbanitae\" \/>\n<meta name=\"twitter:site\" content=\"@urbanitae\" \/>\n<meta name=\"twitter:label1\" content=\"\u00c9crit par\" \/>\n\t<meta name=\"twitter:data1\" content=\"Equipo Urbanitae\" \/>\n\t<meta name=\"twitter:label2\" content=\"Dur\u00e9e de lecture estim\u00e9e\" \/>\n\t<meta name=\"twitter:data2\" content=\"3 minutes\" \/>\n<script type=\"application\/ld+json\" class=\"yoast-schema-graph\">{\"@context\":\"https:\\\/\\\/schema.org\",\"@graph\":[{\"@type\":[\"Article\",\"BlogPosting\"],\"@id\":\"https:\\\/\\\/blog.urbanitae.com\\\/fr\\\/2023\\\/11\\\/29\\\/voici-comment-les-cabinets-de-conseil-voient-le-marche-immobilier-en-2024\\\/#article\",\"isPartOf\":{\"@id\":\"https:\\\/\\\/blog.urbanitae.com\\\/fr\\\/2023\\\/11\\\/29\\\/voici-comment-les-cabinets-de-conseil-voient-le-marche-immobilier-en-2024\\\/\"},\"author\":{\"name\":\"Equipo Urbanitae\",\"@id\":\"https:\\\/\\\/blog.urbanitae.com\\\/fr\\\/#\\\/schema\\\/person\\\/e7b2d152f5654066832c53f5aa04fbf7\"},\"headline\":\"Voici comment les cabinets de conseil voient le march\u00e9 immobilier en 2024\",\"datePublished\":\"2023-11-29T08:45:46+00:00\",\"dateModified\":\"2023-11-29T10:54:08+00:00\",\"mainEntityOfPage\":{\"@id\":\"https:\\\/\\\/blog.urbanitae.com\\\/fr\\\/2023\\\/11\\\/29\\\/voici-comment-les-cabinets-de-conseil-voient-le-marche-immobilier-en-2024\\\/\"},\"wordCount\":648,\"commentCount\":0,\"publisher\":{\"@id\":\"https:\\\/\\\/blog.urbanitae.com\\\/fr\\\/#organization\"},\"image\":{\"@id\":\"https:\\\/\\\/blog.urbanitae.com\\\/fr\\\/2023\\\/11\\\/29\\\/voici-comment-les-cabinets-de-conseil-voient-le-marche-immobilier-en-2024\\\/#primaryimage\"},\"thumbnailUrl\":\"https:\\\/\\\/blog.urbanitae.com\\\/wp-content\\\/uploads\\\/2023\\\/11\\\/Voici-comment-les-cabinets-de-conseil-voient-le-marche-immobilier-en-2024.webp\",\"keywords\":[\"Immobilier\",\"inversi\u00f3n inmobiliaria\",\"investissement immobilier\",\"march\u00e9 immobilier\"],\"articleSection\":[\"Investissement immobilier\"],\"inLanguage\":\"fr-FR\",\"potentialAction\":[{\"@type\":\"CommentAction\",\"name\":\"Comment\",\"target\":[\"https:\\\/\\\/blog.urbanitae.com\\\/fr\\\/2023\\\/11\\\/29\\\/voici-comment-les-cabinets-de-conseil-voient-le-marche-immobilier-en-2024\\\/#respond\"]}]},{\"@type\":[\"WebPage\",\"ItemPage\"],\"@id\":\"https:\\\/\\\/blog.urbanitae.com\\\/fr\\\/2023\\\/11\\\/29\\\/voici-comment-les-cabinets-de-conseil-voient-le-marche-immobilier-en-2024\\\/\",\"url\":\"https:\\\/\\\/blog.urbanitae.com\\\/fr\\\/2023\\\/11\\\/29\\\/voici-comment-les-cabinets-de-conseil-voient-le-marche-immobilier-en-2024\\\/\",\"name\":\"Voici comment les cabinets de conseil voient le march\u00e9 immobilier en 2024 - Urbanitae Blog\",\"isPartOf\":{\"@id\":\"https:\\\/\\\/blog.urbanitae.com\\\/fr\\\/#website\"},\"primaryImageOfPage\":{\"@id\":\"https:\\\/\\\/blog.urbanitae.com\\\/fr\\\/2023\\\/11\\\/29\\\/voici-comment-les-cabinets-de-conseil-voient-le-marche-immobilier-en-2024\\\/#primaryimage\"},\"image\":{\"@id\":\"https:\\\/\\\/blog.urbanitae.com\\\/fr\\\/2023\\\/11\\\/29\\\/voici-comment-les-cabinets-de-conseil-voient-le-marche-immobilier-en-2024\\\/#primaryimage\"},\"thumbnailUrl\":\"https:\\\/\\\/blog.urbanitae.com\\\/wp-content\\\/uploads\\\/2023\\\/11\\\/Voici-comment-les-cabinets-de-conseil-voient-le-marche-immobilier-en-2024.webp\",\"datePublished\":\"2023-11-29T08:45:46+00:00\",\"dateModified\":\"2023-11-29T10:54:08+00:00\",\"description\":\"Comment les cabinets de conseil voient-ils le march\u00e9 immobilier en 2024 ? D\u00e9couvrez les pr\u00e9visions des cabinets de conseil de notre pays dans cet article.\",\"breadcrumb\":{\"@id\":\"https:\\\/\\\/blog.urbanitae.com\\\/fr\\\/2023\\\/11\\\/29\\\/voici-comment-les-cabinets-de-conseil-voient-le-marche-immobilier-en-2024\\\/#breadcrumb\"},\"inLanguage\":\"fr-FR\",\"potentialAction\":[{\"@type\":\"ReadAction\",\"target\":[\"https:\\\/\\\/blog.urbanitae.com\\\/fr\\\/2023\\\/11\\\/29\\\/voici-comment-les-cabinets-de-conseil-voient-le-marche-immobilier-en-2024\\\/\"]}]},{\"@type\":\"ImageObject\",\"inLanguage\":\"fr-FR\",\"@id\":\"https:\\\/\\\/blog.urbanitae.com\\\/fr\\\/2023\\\/11\\\/29\\\/voici-comment-les-cabinets-de-conseil-voient-le-marche-immobilier-en-2024\\\/#primaryimage\",\"url\":\"https:\\\/\\\/blog.urbanitae.com\\\/wp-content\\\/uploads\\\/2023\\\/11\\\/Voici-comment-les-cabinets-de-conseil-voient-le-marche-immobilier-en-2024.webp\",\"contentUrl\":\"https:\\\/\\\/blog.urbanitae.com\\\/wp-content\\\/uploads\\\/2023\\\/11\\\/Voici-comment-les-cabinets-de-conseil-voient-le-marche-immobilier-en-2024.webp\",\"width\":1400,\"height\":735,\"caption\":\"Voici comment les cabinets de conseil voient le march\u00e9 immobilier en 2024\"},{\"@type\":\"BreadcrumbList\",\"@id\":\"https:\\\/\\\/blog.urbanitae.com\\\/fr\\\/2023\\\/11\\\/29\\\/voici-comment-les-cabinets-de-conseil-voient-le-marche-immobilier-en-2024\\\/#breadcrumb\",\"itemListElement\":[{\"@type\":\"ListItem\",\"position\":1,\"name\":\"Portada\",\"item\":\"https:\\\/\\\/blog.urbanitae.com\\\/fr\\\/\"},{\"@type\":\"ListItem\",\"position\":2,\"name\":\"Voici comment les cabinets de conseil voient le march\u00e9 immobilier en 2024\"}]},{\"@type\":\"WebSite\",\"@id\":\"https:\\\/\\\/blog.urbanitae.com\\\/fr\\\/#website\",\"url\":\"https:\\\/\\\/blog.urbanitae.com\\\/fr\\\/\",\"name\":\"Urbanitae Blog | Las mejores noticias sobre inversi\u00f3n inmobiliaria\",\"description\":\"L'investissement immobilier \u00e0 la port\u00e9e de tous\",\"publisher\":{\"@id\":\"https:\\\/\\\/blog.urbanitae.com\\\/fr\\\/#organization\"},\"potentialAction\":[{\"@type\":\"SearchAction\",\"target\":{\"@type\":\"EntryPoint\",\"urlTemplate\":\"https:\\\/\\\/blog.urbanitae.com\\\/fr\\\/?s={search_term_string}\"},\"query-input\":{\"@type\":\"PropertyValueSpecification\",\"valueRequired\":true,\"valueName\":\"search_term_string\"}}],\"inLanguage\":\"fr-FR\"},{\"@type\":\"Organization\",\"@id\":\"https:\\\/\\\/blog.urbanitae.com\\\/fr\\\/#organization\",\"name\":\"Urbanitae\",\"url\":\"https:\\\/\\\/blog.urbanitae.com\\\/fr\\\/\",\"logo\":{\"@type\":\"ImageObject\",\"inLanguage\":\"fr-FR\",\"@id\":\"https:\\\/\\\/blog.urbanitae.com\\\/fr\\\/#\\\/schema\\\/logo\\\/image\\\/\",\"url\":\"https:\\\/\\\/blog.urbanitae.com\\\/wp-content\\\/uploads\\\/2020\\\/04\\\/logo-verde_350x100.svg\",\"contentUrl\":\"https:\\\/\\\/blog.urbanitae.com\\\/wp-content\\\/uploads\\\/2020\\\/04\\\/logo-verde_350x100.svg\",\"width\":350,\"height\":100,\"caption\":\"Urbanitae\"},\"image\":{\"@id\":\"https:\\\/\\\/blog.urbanitae.com\\\/fr\\\/#\\\/schema\\\/logo\\\/image\\\/\"},\"sameAs\":[\"https:\\\/\\\/www.facebook.com\\\/urbanitae\",\"https:\\\/\\\/x.com\\\/urbanitae\",\"https:\\\/\\\/www.instagram.com\\\/urbanitae\",\"https:\\\/\\\/www.linkedin.com\\\/company\\\/urbanitae\",\"https:\\\/\\\/www.pinterest.es\\\/UrbanitaeSL\\\/_created\\\/\",\"https:\\\/\\\/www.youtube.com\\\/c\\\/Urbanitae_RE\"]},{\"@type\":\"Person\",\"@id\":\"https:\\\/\\\/blog.urbanitae.com\\\/fr\\\/#\\\/schema\\\/person\\\/e7b2d152f5654066832c53f5aa04fbf7\",\"name\":\"Equipo Urbanitae\",\"image\":{\"@type\":\"ImageObject\",\"inLanguage\":\"fr-FR\",\"@id\":\"https:\\\/\\\/secure.gravatar.com\\\/avatar\\\/e75782c6aa253c8ac75c13b1ec97172bb2d67437baa4354ba4b0650a97f565f2?s=96&d=mm&r=g\",\"url\":\"https:\\\/\\\/secure.gravatar.com\\\/avatar\\\/e75782c6aa253c8ac75c13b1ec97172bb2d67437baa4354ba4b0650a97f565f2?s=96&d=mm&r=g\",\"contentUrl\":\"https:\\\/\\\/secure.gravatar.com\\\/avatar\\\/e75782c6aa253c8ac75c13b1ec97172bb2d67437baa4354ba4b0650a97f565f2?s=96&d=mm&r=g\",\"caption\":\"Equipo Urbanitae\"},\"sameAs\":[\"https:\\\/\\\/urbanitae.com\"],\"url\":\"https:\\\/\\\/blog.urbanitae.com\\\/fr\\\/author\\\/urbanitae\\\/\"}]}<\/script>\n<!-- \/ Yoast SEO plugin. -->","yoast_head_json":{"title":"Voici comment les cabinets de conseil voient le march\u00e9 immobilier en 2024 - Urbanitae Blog","description":"Comment les cabinets de conseil voient-ils le march\u00e9 immobilier en 2024 ? D\u00e9couvrez les pr\u00e9visions des cabinets de conseil de notre pays dans cet article.","robots":{"index":"index","follow":"follow","max-snippet":"max-snippet:-1","max-image-preview":"max-image-preview:large","max-video-preview":"max-video-preview:-1"},"canonical":"https:\/\/blog.urbanitae.com\/fr\/2023\/11\/29\/voici-comment-les-cabinets-de-conseil-voient-le-marche-immobilier-en-2024\/","og_locale":"fr_FR","og_type":"article","og_title":"Voici comment les cabinets de conseil voient le march\u00e9 immobilier en 2024 - Urbanitae Blog","og_description":"Comment les cabinets de conseil voient-ils le march\u00e9 immobilier en 2024 ? D\u00e9couvrez les pr\u00e9visions des cabinets de conseil de notre pays dans cet article.","og_url":"https:\/\/blog.urbanitae.com\/fr\/2023\/11\/29\/voici-comment-les-cabinets-de-conseil-voient-le-marche-immobilier-en-2024\/","og_site_name":"Urbanitae Blog | Les meilleures nouvelles sur l'investissement immobilier","article_publisher":"https:\/\/www.facebook.com\/urbanitae","article_published_time":"2023-11-29T08:45:46+00:00","article_modified_time":"2023-11-29T10:54:08+00:00","og_image":[{"width":1400,"height":735,"url":"https:\/\/blog.urbanitae.com\/wp-content\/uploads\/2023\/11\/Voici-comment-les-cabinets-de-conseil-voient-le-marche-immobilier-en-2024.webp","type":"image\/webp"}],"author":"Equipo Urbanitae","twitter_card":"summary_large_image","twitter_creator":"@urbanitae","twitter_site":"@urbanitae","twitter_misc":{"\u00c9crit par":"Equipo Urbanitae","Dur\u00e9e de lecture estim\u00e9e":"3 minutes"},"schema":{"@context":"https:\/\/schema.org","@graph":[{"@type":["Article","BlogPosting"],"@id":"https:\/\/blog.urbanitae.com\/fr\/2023\/11\/29\/voici-comment-les-cabinets-de-conseil-voient-le-marche-immobilier-en-2024\/#article","isPartOf":{"@id":"https:\/\/blog.urbanitae.com\/fr\/2023\/11\/29\/voici-comment-les-cabinets-de-conseil-voient-le-marche-immobilier-en-2024\/"},"author":{"name":"Equipo Urbanitae","@id":"https:\/\/blog.urbanitae.com\/fr\/#\/schema\/person\/e7b2d152f5654066832c53f5aa04fbf7"},"headline":"Voici comment les cabinets de conseil voient le march\u00e9 immobilier en 2024","datePublished":"2023-11-29T08:45:46+00:00","dateModified":"2023-11-29T10:54:08+00:00","mainEntityOfPage":{"@id":"https:\/\/blog.urbanitae.com\/fr\/2023\/11\/29\/voici-comment-les-cabinets-de-conseil-voient-le-marche-immobilier-en-2024\/"},"wordCount":648,"commentCount":0,"publisher":{"@id":"https:\/\/blog.urbanitae.com\/fr\/#organization"},"image":{"@id":"https:\/\/blog.urbanitae.com\/fr\/2023\/11\/29\/voici-comment-les-cabinets-de-conseil-voient-le-marche-immobilier-en-2024\/#primaryimage"},"thumbnailUrl":"https:\/\/blog.urbanitae.com\/wp-content\/uploads\/2023\/11\/Voici-comment-les-cabinets-de-conseil-voient-le-marche-immobilier-en-2024.webp","keywords":["Immobilier","inversi\u00f3n inmobiliaria","investissement immobilier","march\u00e9 immobilier"],"articleSection":["Investissement immobilier"],"inLanguage":"fr-FR","potentialAction":[{"@type":"CommentAction","name":"Comment","target":["https:\/\/blog.urbanitae.com\/fr\/2023\/11\/29\/voici-comment-les-cabinets-de-conseil-voient-le-marche-immobilier-en-2024\/#respond"]}]},{"@type":["WebPage","ItemPage"],"@id":"https:\/\/blog.urbanitae.com\/fr\/2023\/11\/29\/voici-comment-les-cabinets-de-conseil-voient-le-marche-immobilier-en-2024\/","url":"https:\/\/blog.urbanitae.com\/fr\/2023\/11\/29\/voici-comment-les-cabinets-de-conseil-voient-le-marche-immobilier-en-2024\/","name":"Voici comment les cabinets de conseil voient le march\u00e9 immobilier en 2024 - Urbanitae Blog","isPartOf":{"@id":"https:\/\/blog.urbanitae.com\/fr\/#website"},"primaryImageOfPage":{"@id":"https:\/\/blog.urbanitae.com\/fr\/2023\/11\/29\/voici-comment-les-cabinets-de-conseil-voient-le-marche-immobilier-en-2024\/#primaryimage"},"image":{"@id":"https:\/\/blog.urbanitae.com\/fr\/2023\/11\/29\/voici-comment-les-cabinets-de-conseil-voient-le-marche-immobilier-en-2024\/#primaryimage"},"thumbnailUrl":"https:\/\/blog.urbanitae.com\/wp-content\/uploads\/2023\/11\/Voici-comment-les-cabinets-de-conseil-voient-le-marche-immobilier-en-2024.webp","datePublished":"2023-11-29T08:45:46+00:00","dateModified":"2023-11-29T10:54:08+00:00","description":"Comment les cabinets de conseil voient-ils le march\u00e9 immobilier en 2024 ? D\u00e9couvrez les pr\u00e9visions des cabinets de conseil de notre pays dans cet article.","breadcrumb":{"@id":"https:\/\/blog.urbanitae.com\/fr\/2023\/11\/29\/voici-comment-les-cabinets-de-conseil-voient-le-marche-immobilier-en-2024\/#breadcrumb"},"inLanguage":"fr-FR","potentialAction":[{"@type":"ReadAction","target":["https:\/\/blog.urbanitae.com\/fr\/2023\/11\/29\/voici-comment-les-cabinets-de-conseil-voient-le-marche-immobilier-en-2024\/"]}]},{"@type":"ImageObject","inLanguage":"fr-FR","@id":"https:\/\/blog.urbanitae.com\/fr\/2023\/11\/29\/voici-comment-les-cabinets-de-conseil-voient-le-marche-immobilier-en-2024\/#primaryimage","url":"https:\/\/blog.urbanitae.com\/wp-content\/uploads\/2023\/11\/Voici-comment-les-cabinets-de-conseil-voient-le-marche-immobilier-en-2024.webp","contentUrl":"https:\/\/blog.urbanitae.com\/wp-content\/uploads\/2023\/11\/Voici-comment-les-cabinets-de-conseil-voient-le-marche-immobilier-en-2024.webp","width":1400,"height":735,"caption":"Voici comment les cabinets de conseil voient le march\u00e9 immobilier en 2024"},{"@type":"BreadcrumbList","@id":"https:\/\/blog.urbanitae.com\/fr\/2023\/11\/29\/voici-comment-les-cabinets-de-conseil-voient-le-marche-immobilier-en-2024\/#breadcrumb","itemListElement":[{"@type":"ListItem","position":1,"name":"Portada","item":"https:\/\/blog.urbanitae.com\/fr\/"},{"@type":"ListItem","position":2,"name":"Voici comment les cabinets de conseil voient le march\u00e9 immobilier en 2024"}]},{"@type":"WebSite","@id":"https:\/\/blog.urbanitae.com\/fr\/#website","url":"https:\/\/blog.urbanitae.com\/fr\/","name":"Urbanitae Blog | Las mejores noticias sobre inversi\u00f3n inmobiliaria","description":"L'investissement immobilier \u00e0 la port\u00e9e de tous","publisher":{"@id":"https:\/\/blog.urbanitae.com\/fr\/#organization"},"potentialAction":[{"@type":"SearchAction","target":{"@type":"EntryPoint","urlTemplate":"https:\/\/blog.urbanitae.com\/fr\/?s={search_term_string}"},"query-input":{"@type":"PropertyValueSpecification","valueRequired":true,"valueName":"search_term_string"}}],"inLanguage":"fr-FR"},{"@type":"Organization","@id":"https:\/\/blog.urbanitae.com\/fr\/#organization","name":"Urbanitae","url":"https:\/\/blog.urbanitae.com\/fr\/","logo":{"@type":"ImageObject","inLanguage":"fr-FR","@id":"https:\/\/blog.urbanitae.com\/fr\/#\/schema\/logo\/image\/","url":"https:\/\/blog.urbanitae.com\/wp-content\/uploads\/2020\/04\/logo-verde_350x100.svg","contentUrl":"https:\/\/blog.urbanitae.com\/wp-content\/uploads\/2020\/04\/logo-verde_350x100.svg","width":350,"height":100,"caption":"Urbanitae"},"image":{"@id":"https:\/\/blog.urbanitae.com\/fr\/#\/schema\/logo\/image\/"},"sameAs":["https:\/\/www.facebook.com\/urbanitae","https:\/\/x.com\/urbanitae","https:\/\/www.instagram.com\/urbanitae","https:\/\/www.linkedin.com\/company\/urbanitae","https:\/\/www.pinterest.es\/UrbanitaeSL\/_created\/","https:\/\/www.youtube.com\/c\/Urbanitae_RE"]},{"@type":"Person","@id":"https:\/\/blog.urbanitae.com\/fr\/#\/schema\/person\/e7b2d152f5654066832c53f5aa04fbf7","name":"Equipo Urbanitae","image":{"@type":"ImageObject","inLanguage":"fr-FR","@id":"https:\/\/secure.gravatar.com\/avatar\/e75782c6aa253c8ac75c13b1ec97172bb2d67437baa4354ba4b0650a97f565f2?s=96&d=mm&r=g","url":"https:\/\/secure.gravatar.com\/avatar\/e75782c6aa253c8ac75c13b1ec97172bb2d67437baa4354ba4b0650a97f565f2?s=96&d=mm&r=g","contentUrl":"https:\/\/secure.gravatar.com\/avatar\/e75782c6aa253c8ac75c13b1ec97172bb2d67437baa4354ba4b0650a97f565f2?s=96&d=mm&r=g","caption":"Equipo Urbanitae"},"sameAs":["https:\/\/urbanitae.com"],"url":"https:\/\/blog.urbanitae.com\/fr\/author\/urbanitae\/"}]}},"_links":{"self":[{"href":"https:\/\/blog.urbanitae.com\/fr\/wp-json\/wp\/v2\/posts\/32075","targetHints":{"allow":["GET"]}}],"collection":[{"href":"https:\/\/blog.urbanitae.com\/fr\/wp-json\/wp\/v2\/posts"}],"about":[{"href":"https:\/\/blog.urbanitae.com\/fr\/wp-json\/wp\/v2\/types\/post"}],"author":[{"embeddable":true,"href":"https:\/\/blog.urbanitae.com\/fr\/wp-json\/wp\/v2\/users\/1"}],"replies":[{"embeddable":true,"href":"https:\/\/blog.urbanitae.com\/fr\/wp-json\/wp\/v2\/comments?post=32075"}],"version-history":[{"count":0,"href":"https:\/\/blog.urbanitae.com\/fr\/wp-json\/wp\/v2\/posts\/32075\/revisions"}],"wp:featuredmedia":[{"embeddable":true,"href":"https:\/\/blog.urbanitae.com\/fr\/wp-json\/wp\/v2\/media\/32076"}],"wp:attachment":[{"href":"https:\/\/blog.urbanitae.com\/fr\/wp-json\/wp\/v2\/media?parent=32075"}],"wp:term":[{"taxonomy":"category","embeddable":true,"href":"https:\/\/blog.urbanitae.com\/fr\/wp-json\/wp\/v2\/categories?post=32075"},{"taxonomy":"post_tag","embeddable":true,"href":"https:\/\/blog.urbanitae.com\/fr\/wp-json\/wp\/v2\/tags?post=32075"}],"curies":[{"name":"wp","href":"https:\/\/api.w.org\/{rel}","templated":true}]}}