{"id":85265,"date":"2026-04-30T19:26:23","date_gmt":"2026-04-30T17:26:23","guid":{"rendered":"https:\/\/blog.urbanitae.com\/?p=85265"},"modified":"2026-04-30T19:27:43","modified_gmt":"2026-04-30T17:27:43","slug":"neues-projekt-21-doppelhaushaelften-in-alhaurin-de-la-torre","status":"publish","type":"post","link":"https:\/\/blog.urbanitae.com\/de\/2026\/04\/30\/neues-projekt-21-doppelhaushaelften-in-alhaurin-de-la-torre\/","title":{"rendered":"Neues Projekt: 21 Doppelhaush\u00e4lften in Alhaur\u00edn de la Torre"},"content":{"rendered":"\t\t<div data-elementor-type=\"wp-post\" data-elementor-id=\"85265\" class=\"elementor elementor-85265 elementor-85245\">\n\t\t\t\t\t\t<section class=\"elementor-section elementor-top-section elementor-element elementor-element-5ff0f49e elementor-section-boxed elementor-section-height-default elementor-section-height-default\" data-id=\"5ff0f49e\" data-element_type=\"section\" data-e-type=\"section\">\n\t\t\t\t\t\t<div class=\"elementor-container elementor-column-gap-default\">\n\t\t\t\t\t<div class=\"elementor-column elementor-col-100 elementor-top-column elementor-element elementor-element-41007b0f\" data-id=\"41007b0f\" data-element_type=\"column\" data-e-type=\"column\">\n\t\t\t<div class=\"elementor-widget-wrap elementor-element-populated\">\n\t\t\t\t\t\t<div class=\"elementor-element elementor-element-5191bdf1 elementor-widget elementor-widget-text-editor\" data-id=\"5191bdf1\" data-element_type=\"widget\" data-e-type=\"widget\" data-widget_type=\"text-editor.default\">\n\t\t\t\t<div class=\"elementor-widget-container\">\n\t\t\t\t\t\t\t\t\t<p><\/p>\n<p>Am <strong>Mittwoch, den 6. Mai um 16:00 Uhr (UTC+2)<\/strong> \u00f6ffnen wir die Investitionsrunde f\u00fcr das <strong>Projekt Alhaur\u00edn de la Torre<\/strong>, eine neue <strong>Value-Add-Immobilieninvestition<\/strong> in M\u00e1laga.<\/p>\n<p> <\/p>\n<ul class=\"wp-block-list\">\n<li>\ud83d\udcc5 <strong>Investitionsstart:<\/strong> Mittwoch, 6. Mai um 16:00 Uhr (UTC+2)<\/li>\n \n<li>\ud83c\udf99 <strong>Projekt-<a href=\"https:\/\/us02web.zoom.us\/webinar\/register\/WN_gmkYK8iBSIax-3dqWSBfKg\" target=\"_blank\" rel=\"noreferrer noopener\">Webinar<\/a>:<\/strong> Dienstag, 5. Mai um 12:00 Uhr (UTC+2)<\/li>\n<\/ul>\n<p> <\/p>\n<p>In diesem Webinar erl\u00e4utern wir alle Details des Projekts und beantworten die Fragen der Investoren.<\/p>\n<p> <\/p>\n<h2 class=\"wp-block-heading\">Ein Wohnprojekt im Gro\u00dfraum M\u00e1laga<\/h2>\n<p> <\/p>\n<p>Das <a id=\"https:\/\/urbanitae.com\/en\/project\/P000474\/?utm_source=blog_de&amp;utm_medium=organic&amp;utm_campaign=urbanitae_blog_0426&amp;utm_term=projekt&amp;utm_content=de_proyecto_alhaurin_de_la_torre\" href=\"https:\/\/urbanitae.com\/en\/project\/P000474\/?utm_source=blog_de&amp;utm_medium=organic&amp;utm_campaign=urbanitae_blog_0426&amp;utm_term=projekt&amp;utm_content=de_proyecto_alhaurin_de_la_torre\" target=\"_blank\" rel=\"noreferrer noopener\" type=\"link\">Projekt<\/a> umfasst den Erwerb eines Grundst\u00fccks in <strong>Alhaur\u00edn de la Torre<\/strong> an der Costa del Sol zur Entwicklung einer Wohnanlage mit <strong>21 Doppelhaush\u00e4lften<\/strong> mit Stellpl\u00e4tzen und der Option auf einen privaten Pool. Die H\u00e4user verf\u00fcgen \u00fcber <strong>3 Schlafzimmer<\/strong>, eine durchschnittliche bebaute Innenfl\u00e4che von rund <strong>200 m\u00b2<\/strong> sowie \u00fcber Veranda, Terrasse und Garten.<\/p>\n<p> <\/p>\n<p>Die Wohnanlage wird in der <strong>Calle Albor\u00e1n<\/strong> in einem etablierten, ruhigen und gut angebundenen Wohngebiet errichtet.<\/p>\n<p> <\/p>\n<h2 class=\"wp-block-heading\">Alhaur\u00edn de la Torre: Lebensqualit\u00e4t nahe M\u00e1laga<\/h2>\n<p> <\/p>\n<p>Alhaur\u00edn de la Torre geh\u00f6rt zum Gro\u00dfraum M\u00e1laga und hat sich als attraktiver Standort f\u00fcr alle etabliert, die ein hochwertiges Wohnumfeld suchen, ohne sich weit von der Stadt zu entfernen.<\/p>\n<p> <\/p>\n<p>Die Gegend kombiniert die N\u00e4he zu M\u00e1laga und zur <a id=\"https:\/\/blog.urbanitae.com\/de\/2024\/05\/14\/20-immobilienrendite-an-der-costa-del-sol\/?utm_source=blog_de&amp;utm_medium=organic&amp;utm_campaign=urbanitae_blog_0426&amp;utm_term=costa_del_sol&amp;utm_content=de_proyecto_alhaurin_de_la_torre\" href=\"https:\/\/blog.urbanitae.com\/de\/2024\/05\/14\/20-immobilienrendite-an-der-costa-del-sol\/?utm_source=blog_de&amp;utm_medium=organic&amp;utm_campaign=urbanitae_blog_0426&amp;utm_term=costa_del_sol&amp;utm_content=de_proyecto_alhaurin_de_la_torre\" target=\"_blank\" rel=\"noreferrer noopener\" type=\"link\">Costa del Sol<\/a> mit einer privilegierten nat\u00fcrlichen Umgebung dank der N\u00e4he zur <strong>Sierra de Mijas<\/strong>. Dar\u00fcber hinaus bietet sie Parks, Schulen, Superm\u00e4rkte und Nahversorgungsangebote.<\/p>\n<p> <\/p>\n<p>Die gute Stra\u00dfenanbindung erm\u00f6glicht einen einfachen Zugang zu M\u00e1laga, zum Flughafen und zu anderen Gemeinden der Provinz, was die Attraktivit\u00e4t sowohl f\u00fcr den Hauptwohnsitz als auch f\u00fcr die familienorientierte Nachfrage im Gro\u00dfraum erh\u00f6ht.<\/p>\n<p> <\/p>\n<h2 class=\"wp-block-heading\">F\u00fcnftes Projekt mit Nyland<\/h2>\n<p> <\/p>\n<p><a id=\"https:\/\/urbanitae.com\/en\/project\/P000474\/?utm_source=blog_de&amp;utm_medium=organic&amp;utm_campaign=urbanitae_blog_0426&amp;utm_term=projektentwickler&amp;utm_content=de_proyecto_alhaurin_de_la_torre\" href=\"https:\/\/urbanitae.com\/en\/project\/P000474\/?utm_source=blog_de&amp;utm_medium=organic&amp;utm_campaign=urbanitae_blog_0426&amp;utm_term=projektentwickler&amp;utm_content=de_proyecto_alhaurin_de_la_torre\" target=\"_blank\" rel=\"noreferrer noopener\" type=\"link\">Projektentwickler<\/a> ist <strong>Nyland (lokale Marke von Iniciativas Inmobiliarias)<\/strong>, ein in M\u00e1laga ans\u00e4ssiger Bautr\u00e4ger mit Erfahrung in der Entwicklung von Wohnprojekten in der Region.<\/p>\n<p> <\/p>\n<p>Urbanitae hat bereits beim Projekt <strong>Las Mesas<\/strong> mit diesem Entwickler zusammengearbeitet. Dies ist das <strong>f\u00fcnfte Projekt des Entwicklers auf der Plattform<\/strong>.<\/p>\n<p> <\/p>\n<p>Nyland verf\u00fcgt \u00fcber ein multidisziplin\u00e4res Team, das auf Planung, Management und vollst\u00e4ndige Umsetzung von Immobilienprojekten spezialisiert ist. Der Schwerpunkt liegt auf M\u00e1laga und der Costa del Sol, wo das Unternehmen umfassende Erfahrung in strategischen Wohnlagen gesammelt hat.<\/p>\n<p> <\/p>\n<h2 class=\"wp-block-heading\">Beantragung der Baugenehmigung<\/h2>\n<p> <\/p>\n<p>Der Entwickler hat einen Reservierungsvertrag (<em>arras<\/em>) f\u00fcr das Grundst\u00fcck unterzeichnet und bereits <strong>130.000 Euro<\/strong> des Kaufpreises gezahlt.<\/p>\n<p> <\/p>\n<p>Die Beteiligung der Urbanitae-Investoren erm\u00f6glicht den Abschluss des Grundst\u00fcckserwerbs sowie die Finanzierung der anf\u00e4nglichen Projektkosten, die nicht durch externe Mittel gedeckt sind.<\/p>\n<p> <\/p>\n<p>Das Projekt plant, <strong>die Baugenehmigung im Juni zu beantragen<\/strong>, wobei ein zus\u00e4tzlicher Zeitpuffer f\u00fcr m\u00f6gliche Verz\u00f6gerungen eingeplant wurde.<\/p>\n<p> <\/p>\n<p>Aus kommerzieller Sicht befindet sich das Projekt in einem Gebiet mit aktuell begrenztem Neubauangebot. Zus\u00e4tzlich wurde ein externes Marktgutachten erstellt, das die gesch\u00e4tzten Verkaufspreise validiert.<\/p>\n<p> <\/p>\n<h2 class=\"wp-block-heading\">Struktur der Transaktion<\/h2>\n<p> <\/p>\n<p>Die <a id=\"https:\/\/urbanitae.com\/en\/project\/P000474\/?utm_source=blog_de&amp;utm_medium=organic&amp;utm_campaign=urbanitae_blog_0426&amp;utm_term=transaktion&amp;utm_content=de_proyecto_alhaurin_de_la_torre\" href=\"https:\/\/urbanitae.com\/en\/project\/P000474\/?utm_source=blog_de&amp;utm_medium=organic&amp;utm_campaign=urbanitae_blog_0426&amp;utm_term=transaktion&amp;utm_content=de_proyecto_alhaurin_de_la_torre\" target=\"_blank\" rel=\"noreferrer noopener\" type=\"link\">Transaktion<\/a> wird \u00fcber eine <strong>Kapitalerh\u00f6hung<\/strong> strukturiert, bei der Urbanitae-Investoren \u00fcber eine Zweckgesellschaft (SPV) einsteigen.<\/p>\n<p> <\/p>\n<p>Wichtige Eckdaten:<\/p>\n<p> <\/p>\n<ul class=\"wp-block-list\">\n<li><strong>Urbanitae-Ticket:<\/strong> 923.000 \u20ac<\/li>\n \n<li><strong>Effektiver Beitrag zum Projekt:<\/strong> 920.000 \u20ac<\/li>\n \n<li><strong>Verwaltungs- und Managementkosten (SPV):<\/strong> 3.000 \u20ac<\/li>\n \n<li><strong>Gesamtkapital des Projekts:<\/strong> 2.725.000 \u20ac<\/li>\n \n<li><strong>Eigenanteil des Entwicklers:<\/strong> 20 % der Gesamtinvestition<\/li>\n \n<li><strong>Gesch\u00e4tzte Laufzeit:<\/strong> 34\u201338 Monate<\/li>\n<\/ul>\n<p> <\/p>\n<p>Der Entwickler \u00fcbernimmt das vollst\u00e4ndige Projektmanagement und beh\u00e4lt eine signifikante Beteiligung, wodurch die Interessen mit denen der Investoren ausgerichtet werden.<\/p>\n<p><\/p>\t\t\t\t\t\t\t\t<\/div>\n\t\t\t\t<\/div>\n\t\t\t\t\t<\/div>\n\t\t<\/div>\n\t\t\t\t\t<\/div>\n\t\t<\/section>\n\t\t\t\t<section class=\"elementor-section elementor-top-section elementor-element elementor-element-975c42a elementor-section-boxed elementor-section-height-default elementor-section-height-default\" data-id=\"975c42a\" data-element_type=\"section\" data-e-type=\"section\">\n\t\t\t\t\t\t<div class=\"elementor-container elementor-column-gap-default\">\n\t\t\t\t\t<div class=\"elementor-column elementor-col-100 elementor-top-column elementor-element elementor-element-c92c03d\" data-id=\"c92c03d\" data-element_type=\"column\" data-e-type=\"column\">\n\t\t\t<div class=\"elementor-widget-wrap elementor-element-populated\">\n\t\t\t\t\t\t<div class=\"elementor-element elementor-element-9743067 elementor-widget elementor-widget-video\" data-id=\"9743067\" data-element_type=\"widget\" data-e-type=\"widget\" data-settings=\"{&quot;youtube_url&quot;:&quot;https:\\\/\\\/youtu.be\\\/dkHlfzZEtE8?si=rBDPu5gW_HCVScVT&quot;,&quot;video_type&quot;:&quot;youtube&quot;,&quot;controls&quot;:&quot;yes&quot;}\" data-widget_type=\"video.default\">\n\t\t\t\t<div class=\"elementor-widget-container\">\n\t\t\t\t\t\t\t<div class=\"elementor-wrapper elementor-open-inline\">\n\t\t\t<div class=\"elementor-video\"><\/div>\t\t<\/div>\n\t\t\t\t\t\t<\/div>\n\t\t\t\t<\/div>\n\t\t\t\t\t<\/div>\n\t\t<\/div>\n\t\t\t\t\t<\/div>\n\t\t<\/section>\n\t\t\t\t<section class=\"elementor-section elementor-top-section elementor-element elementor-element-f46ecf2 elementor-section-boxed elementor-section-height-default elementor-section-height-default\" data-id=\"f46ecf2\" data-element_type=\"section\" data-e-type=\"section\">\n\t\t\t\t\t\t<div class=\"elementor-container elementor-column-gap-default\">\n\t\t\t\t\t<div class=\"elementor-column elementor-col-100 elementor-top-column elementor-element elementor-element-2cba4a0\" data-id=\"2cba4a0\" data-element_type=\"column\" data-e-type=\"column\">\n\t\t\t<div class=\"elementor-widget-wrap elementor-element-populated\">\n\t\t\t\t\t\t<div class=\"elementor-element elementor-element-71d9f61 elementor-widget elementor-widget-text-editor\" data-id=\"71d9f61\" data-element_type=\"widget\" data-e-type=\"widget\" data-widget_type=\"text-editor.default\">\n\t\t\t\t<div class=\"elementor-widget-container\">\n\t\t\t\t\t\t\t\t\t<h2 class=\"wp-block-heading\">Warum in Alhaur\u00edn de la Torre investieren<\/h2>\n<p> <\/p>\n<p>Wesentliche St\u00e4rken des Projekts:<\/p>\n<p> <\/p>\n<ul class=\"wp-block-list\">\n<li><strong>Neubauprojekt<\/strong> im Gro\u00dfraum M\u00e1laga<\/li>\n \n<li><strong>Familienorientiertes Wohnprodukt<\/strong> mit Doppelhaush\u00e4lften, Garten, Terrasse und optionalem Privatpool<\/li>\n \n<li><strong>Etablierter Standort<\/strong> mit guter Anbindung an M\u00e1laga, den Flughafen und die Costa del Sol<\/li>\n \n<li><strong>Erfahrener Entwickler<\/strong>, mit dem Urbanitae bereits zusammengearbeitet hat<\/li>\n \n<li><strong>F\u00fcnftes Projekt des Entwicklers auf der Plattform<\/strong><\/li>\n \n<li><strong>20 % Eigenkapitalanteil des Entwicklers<\/strong>, was die Interessengleichheit st\u00e4rkt<\/li>\n \n<li><strong>Begrenztes Neubauangebot<\/strong> im unmittelbaren Umfeld<\/li>\n<\/ul>\n<p> <\/p>\n<h2 class=\"wp-block-heading\">Wirtschaftliche Informationen zum Projekt<\/h2>\n<p> <\/p>\n<p>Bei <a id=\"https:\/\/blog.urbanitae.com\/de\/2024\/09\/06\/welche-arten-von-equity-projekten-gibt-es-bei-urbanitae\/?utm_source=blog_de&amp;utm_medium=organic&amp;utm_campaign=urbanitae_blog_0426&amp;utm_term=equity_projekten&amp;utm_content=de_proyecto_alhaurin_de_la_torre\" href=\"https:\/\/blog.urbanitae.com\/de\/2024\/09\/06\/welche-arten-von-equity-projekten-gibt-es-bei-urbanitae\/?utm_source=blog_de&amp;utm_medium=organic&amp;utm_campaign=urbanitae_blog_0426&amp;utm_term=equity_projekten&amp;utm_content=de_proyecto_alhaurin_de_la_torre\" target=\"_blank\" rel=\"noreferrer noopener\" type=\"link\">Equity-Projekten<\/a> erlaubt die geltende Regulierung den Crowdfunding-Plattformen nicht, eine konkrete erwartete Rendite zu kommunizieren. Daher ver\u00f6ffentlicht Urbanitae drei Szenarien auf der Projektseite \u2013 optimistisch, moderat und negativ \u2013 mit unterschiedlichen Annahmen zu Einnahmen und Kosten.<\/p>\n<p> <\/p>\n<p>In allen F\u00e4llen wird die Rendite nach derselben Formel berechnet:<\/p>\n<p> <\/p>\n<p><strong>(Prognostizierte Einnahmen \u2013 Gesch\u00e4tzte Kosten) \/ Gesamtes Eigenkapital<\/strong><\/p>\n<p> <\/p>\n<p>Alle wirtschaftlichen Informationen sowie Projektdokumentation, Vergleichsdaten und der von ON3 erstellte Marktbericht werden auf der Projektseite verf\u00fcgbar sein.<\/p>\n<p> <\/p>\n<h2 class=\"wp-block-heading\">Gesch\u00e4tzter Zeitplan<\/h2>\n<p> <\/p>\n<p>Die gesch\u00e4tzte Projektlaufzeit betr\u00e4gt <strong>34 bis 38 Monate<\/strong>.<\/p>\n<p> <\/p>\n<p>Wichtige Meilensteine:<\/p>\n<p> <\/p>\n<ul class=\"wp-block-list\">\n<li><strong>Q2 2026:<\/strong> Kapitalzufluss<\/li>\n \n<li><strong>Q2 2026:<\/strong> Antrag auf Baugenehmigung<\/li>\n \n<li><strong>Q2 2026:<\/strong> Beginn der Vermarktung<\/li>\n \n<li><strong>Q2 2027:<\/strong> Baubeginn<\/li>\n \n<li><strong>Q4 2028:<\/strong> Fertigstellung der Bauarbeiten<\/li>\n \n<li><strong>Q1 2029:<\/strong> formelle Fertigstellungserkl\u00e4rung und \u00dcbergabe der Wohnungen<\/li>\n \n<li><strong>Q2 2029:<\/strong> Gewinnaussch\u00fcttung an die Investoren<\/li>\n<\/ul>\n<p> <\/p>\n<h2 class=\"wp-block-heading\">Eine Wohninvestition im Raum M\u00e1laga<\/h2>\n<p> <\/p>\n<p>Das Projekt Alhaur\u00edn de la Torre bietet die M\u00f6glichkeit, in ein Neubauprojekt in einer der etabliertesten Gemeinden im Gro\u00dfraum M\u00e1laga zu investieren, mit einem auf Familien ausgerichteten Produkt und einer Lage mit guter Anbindung an die Stadt, den Flughafen und die Costa del Sol.<\/p>\n<p> <\/p>\n<p>Die Kombination aus Lage, Erfahrung des Entwicklers, Eigenkapitalbeteiligung und begrenztem Neubauangebot macht diese Transaktion zu einer attraktiven Gelegenheit innerhalb der Value-Add-Projekte von Urbanitae.<\/p>\n<p> <\/p>\n<p>Denken Sie daran: Das <strong>Projekt <a id=\"https:\/\/urbanitae.com\/en\/project\/P000474\/?utm_source=blog_de&amp;utm_medium=organic&amp;utm_campaign=urbanitae_blog_0426&amp;utm_term=alhaurin_de_la_torre&amp;utm_content=de_proyecto_alhaurin_de_la_torre\" href=\"https:\/\/urbanitae.com\/en\/project\/P000474\/?utm_source=blog_de&amp;utm_medium=organic&amp;utm_campaign=urbanitae_blog_0426&amp;utm_term=alhaurin_de_la_torre&amp;utm_content=de_proyecto_alhaurin_de_la_torre\" target=\"_blank\" rel=\"noreferrer noopener\" type=\"link\">Alhaur\u00edn de la Torre<\/a> \u00f6ffnet am Mittwoch, den 6. Mai um 16:00 Uhr (UTC+2)<\/strong> f\u00fcr Investitionen.<\/p>\n<p> <\/p>\n<h2 class=\"wp-block-heading\">Haben Sie Fragen zum Projekt?<\/h2>\n<p> <\/p>\n<p>Wenn Sie mehr erfahren m\u00f6chten, k\u00f6nnen Sie Ihre Fragen im <strong><a href=\"https:\/\/us02web.zoom.us\/webinar\/register\/WN_gmkYK8iBSIax-3dqWSBfKg\" target=\"_blank\" rel=\"noreferrer noopener\">Webinar<\/a> am Dienstag, den 5. Mai um 12:00 Uhr (UTC+2)<\/strong> stellen.<\/p>\n<p> <\/p>\n<p>Alternativ erreichen Sie uns per E-Mail unter <strong><a href=\"mailto:contacto@urbanitae.com\" target=\"_blank\" rel=\"noreferrer noopener\">contacto@urbanitae.com<\/a><\/strong> oder telefonisch unter <strong>(+34) 911 23 25 22<\/strong>.<\/p>\t\t\t\t\t\t\t\t<\/div>\n\t\t\t\t<\/div>\n\t\t\t\t\t<\/div>\n\t\t<\/div>\n\t\t\t\t\t<\/div>\n\t\t<\/section>\n\t\t\t\t<\/div>\n\t\t","protected":false},"excerpt":{"rendered":"<p>Projekt mit 21 Einfamilienh\u00e4usern im Gro\u00dfraum M\u00e1laga, mit erfahrenem Projekttr\u00e4ger und begrenztem Neubauangebot.<\/p>\n","protected":false},"author":1,"featured_media":85264,"comment_status":"open","ping_status":"closed","sticky":false,"template":"","format":"standard","meta":{"inline_featured_image":false,"footnotes":""},"categories":[1702,1699],"tags":[1965],"class_list":["post-85265","post","type-post","status-publish","format-standard","has-post-thumbnail","hentry","category-eigenkapitalprojekte","category-projekte","tag-immobilien-crowdfunding"],"blocksy_meta":[],"yoast_head":"<!-- This site is optimized with the Yoast SEO plugin v27.5 - https:\/\/yoast.com\/product\/yoast-seo-wordpress\/ -->\n<title>In Alhaur\u00edn de la Torre investieren: 21 H\u00e4user in M\u00e1laga<\/title>\n<meta name=\"description\" content=\"Investieren Sie in Alhaur\u00edn de la Torre (M\u00e1laga): 21 Einfamilienh\u00e4user in einer etablierten, gut angebundenen Wohnlage.\" \/>\n<meta name=\"robots\" content=\"index, follow, max-snippet:-1, max-image-preview:large, max-video-preview:-1\" \/>\n<link rel=\"canonical\" href=\"https:\/\/blog.urbanitae.com\/de\/2026\/04\/30\/neues-projekt-21-doppelhaushaelften-in-alhaurin-de-la-torre\/\" \/>\n<meta property=\"og:locale\" content=\"de_DE\" \/>\n<meta property=\"og:type\" content=\"article\" \/>\n<meta property=\"og:title\" content=\"Neues Projekt in M\u00e1laga: H\u00e4user in Alhaur\u00edn de la Torre\" \/>\n<meta property=\"og:description\" content=\"Investieren Sie in ein Projekt mit 21 Einfamilienh\u00e4usern in Alhaur\u00edn de la Torre, einer der gefragtesten Wohnlagen in M\u00e1laga.\" \/>\n<meta property=\"og:url\" content=\"https:\/\/blog.urbanitae.com\/de\/2026\/04\/30\/neues-projekt-21-doppelhaushaelften-in-alhaurin-de-la-torre\/\" \/>\n<meta property=\"og:site_name\" content=\"Urbanitae Blog | Las mejores noticias sobre inversi\u00f3n inmobiliaria\" \/>\n<meta property=\"article:publisher\" content=\"https:\/\/www.facebook.com\/urbanitae\" \/>\n<meta property=\"article:published_time\" content=\"2026-04-30T17:26:23+00:00\" \/>\n<meta property=\"article:modified_time\" content=\"2026-04-30T17:27:43+00:00\" \/>\n<meta property=\"og:image\" content=\"https:\/\/blog.urbanitae.com\/wp-content\/uploads\/2026\/04\/invertir-en-alhaurin-de-la-torre.webp\" \/>\n\t<meta property=\"og:image:width\" content=\"1400\" \/>\n\t<meta property=\"og:image:height\" content=\"735\" \/>\n\t<meta property=\"og:image:type\" content=\"image\/webp\" \/>\n<meta name=\"author\" content=\"Equipo Urbanitae\" \/>\n<meta name=\"twitter:card\" content=\"summary_large_image\" \/>\n<meta name=\"twitter:creator\" content=\"@urbanitae\" \/>\n<meta name=\"twitter:site\" content=\"@urbanitae\" \/>\n<meta name=\"twitter:label1\" content=\"Verfasst von\" \/>\n\t<meta name=\"twitter:data1\" content=\"Equipo Urbanitae\" \/>\n\t<meta name=\"twitter:label2\" content=\"Gesch\u00e4tzte Lesezeit\" \/>\n\t<meta name=\"twitter:data2\" content=\"4\u00a0Minuten\" \/>\n<script type=\"application\/ld+json\" class=\"yoast-schema-graph\">{\"@context\":\"https:\\\/\\\/schema.org\",\"@graph\":[{\"@type\":[\"Article\",\"BlogPosting\"],\"@id\":\"https:\\\/\\\/blog.urbanitae.com\\\/de\\\/2026\\\/04\\\/30\\\/neues-projekt-21-doppelhaushaelften-in-alhaurin-de-la-torre\\\/#article\",\"isPartOf\":{\"@id\":\"https:\\\/\\\/blog.urbanitae.com\\\/de\\\/2026\\\/04\\\/30\\\/neues-projekt-21-doppelhaushaelften-in-alhaurin-de-la-torre\\\/\"},\"author\":{\"name\":\"Equipo Urbanitae\",\"@id\":\"https:\\\/\\\/blog.urbanitae.com\\\/de\\\/#\\\/schema\\\/person\\\/e7b2d152f5654066832c53f5aa04fbf7\"},\"headline\":\"Neues Projekt: 21 Doppelhaush\u00e4lften in Alhaur\u00edn de la Torre\",\"datePublished\":\"2026-04-30T17:26:23+00:00\",\"dateModified\":\"2026-04-30T17:27:43+00:00\",\"mainEntityOfPage\":{\"@id\":\"https:\\\/\\\/blog.urbanitae.com\\\/de\\\/2026\\\/04\\\/30\\\/neues-projekt-21-doppelhaushaelften-in-alhaurin-de-la-torre\\\/\"},\"wordCount\":859,\"commentCount\":0,\"publisher\":{\"@id\":\"https:\\\/\\\/blog.urbanitae.com\\\/de\\\/#organization\"},\"image\":{\"@id\":\"https:\\\/\\\/blog.urbanitae.com\\\/de\\\/2026\\\/04\\\/30\\\/neues-projekt-21-doppelhaushaelften-in-alhaurin-de-la-torre\\\/#primaryimage\"},\"thumbnailUrl\":\"https:\\\/\\\/blog.urbanitae.com\\\/wp-content\\\/uploads\\\/2026\\\/04\\\/invertir-en-alhaurin-de-la-torre.webp\",\"keywords\":[\"Immobilien Crowdfunding\"],\"articleSection\":[\"Eigenkapitalprojekte\",\"Projekte\"],\"inLanguage\":\"de\",\"potentialAction\":[{\"@type\":\"CommentAction\",\"name\":\"Comment\",\"target\":[\"https:\\\/\\\/blog.urbanitae.com\\\/de\\\/2026\\\/04\\\/30\\\/neues-projekt-21-doppelhaushaelften-in-alhaurin-de-la-torre\\\/#respond\"]}]},{\"@type\":[\"WebPage\",\"ItemPage\"],\"@id\":\"https:\\\/\\\/blog.urbanitae.com\\\/de\\\/2026\\\/04\\\/30\\\/neues-projekt-21-doppelhaushaelften-in-alhaurin-de-la-torre\\\/\",\"url\":\"https:\\\/\\\/blog.urbanitae.com\\\/de\\\/2026\\\/04\\\/30\\\/neues-projekt-21-doppelhaushaelften-in-alhaurin-de-la-torre\\\/\",\"name\":\"In Alhaur\u00edn de la Torre investieren: 21 H\u00e4user in M\u00e1laga\",\"isPartOf\":{\"@id\":\"https:\\\/\\\/blog.urbanitae.com\\\/de\\\/#website\"},\"primaryImageOfPage\":{\"@id\":\"https:\\\/\\\/blog.urbanitae.com\\\/de\\\/2026\\\/04\\\/30\\\/neues-projekt-21-doppelhaushaelften-in-alhaurin-de-la-torre\\\/#primaryimage\"},\"image\":{\"@id\":\"https:\\\/\\\/blog.urbanitae.com\\\/de\\\/2026\\\/04\\\/30\\\/neues-projekt-21-doppelhaushaelften-in-alhaurin-de-la-torre\\\/#primaryimage\"},\"thumbnailUrl\":\"https:\\\/\\\/blog.urbanitae.com\\\/wp-content\\\/uploads\\\/2026\\\/04\\\/invertir-en-alhaurin-de-la-torre.webp\",\"datePublished\":\"2026-04-30T17:26:23+00:00\",\"dateModified\":\"2026-04-30T17:27:43+00:00\",\"description\":\"Investieren Sie in Alhaur\u00edn de la Torre (M\u00e1laga): 21 Einfamilienh\u00e4user in einer etablierten, gut angebundenen Wohnlage.\",\"breadcrumb\":{\"@id\":\"https:\\\/\\\/blog.urbanitae.com\\\/de\\\/2026\\\/04\\\/30\\\/neues-projekt-21-doppelhaushaelften-in-alhaurin-de-la-torre\\\/#breadcrumb\"},\"inLanguage\":\"de\",\"potentialAction\":[{\"@type\":\"ReadAction\",\"target\":[\"https:\\\/\\\/blog.urbanitae.com\\\/de\\\/2026\\\/04\\\/30\\\/neues-projekt-21-doppelhaushaelften-in-alhaurin-de-la-torre\\\/\"]}]},{\"@type\":\"ImageObject\",\"inLanguage\":\"de\",\"@id\":\"https:\\\/\\\/blog.urbanitae.com\\\/de\\\/2026\\\/04\\\/30\\\/neues-projekt-21-doppelhaushaelften-in-alhaurin-de-la-torre\\\/#primaryimage\",\"url\":\"https:\\\/\\\/blog.urbanitae.com\\\/wp-content\\\/uploads\\\/2026\\\/04\\\/invertir-en-alhaurin-de-la-torre.webp\",\"contentUrl\":\"https:\\\/\\\/blog.urbanitae.com\\\/wp-content\\\/uploads\\\/2026\\\/04\\\/invertir-en-alhaurin-de-la-torre.webp\",\"width\":1400,\"height\":735,\"caption\":\"Invertir en Alhaur\u00edn de la Torre: 21 viviendas en M\u00e1laga. Invest in Alhaur\u00edn de la Torre: 21 homes in M\u00e1laga. Investir \u00e0 Alhaur\u00edn de la Torre : 21 logements \u00e0 M\u00e1laga. Investire ad Alhaur\u00edn de la Torre: 21 abitazioni a M\u00e1laga. Investir em Alhaur\u00edn de la Torre: 21 habita\u00e7\u00f5es em M\u00e1laga. In Alhaur\u00edn de la Torre investieren: 21 H\u00e4user in M\u00e1laga.\"},{\"@type\":\"BreadcrumbList\",\"@id\":\"https:\\\/\\\/blog.urbanitae.com\\\/de\\\/2026\\\/04\\\/30\\\/neues-projekt-21-doppelhaushaelften-in-alhaurin-de-la-torre\\\/#breadcrumb\",\"itemListElement\":[{\"@type\":\"ListItem\",\"position\":1,\"name\":\"Portada\",\"item\":\"https:\\\/\\\/blog.urbanitae.com\\\/de\\\/\"},{\"@type\":\"ListItem\",\"position\":2,\"name\":\"Neues Projekt: 21 Doppelhaush\u00e4lften in Alhaur\u00edn de la Torre\"}]},{\"@type\":\"WebSite\",\"@id\":\"https:\\\/\\\/blog.urbanitae.com\\\/de\\\/#website\",\"url\":\"https:\\\/\\\/blog.urbanitae.com\\\/de\\\/\",\"name\":\"Urbanitae Blog | Las mejores noticias sobre inversi\u00f3n inmobiliaria\",\"description\":\"Inversi\u00f3n inmobiliaria al alcance de todos\",\"publisher\":{\"@id\":\"https:\\\/\\\/blog.urbanitae.com\\\/de\\\/#organization\"},\"potentialAction\":[{\"@type\":\"SearchAction\",\"target\":{\"@type\":\"EntryPoint\",\"urlTemplate\":\"https:\\\/\\\/blog.urbanitae.com\\\/de\\\/?s={search_term_string}\"},\"query-input\":{\"@type\":\"PropertyValueSpecification\",\"valueRequired\":true,\"valueName\":\"search_term_string\"}}],\"inLanguage\":\"de\"},{\"@type\":\"Organization\",\"@id\":\"https:\\\/\\\/blog.urbanitae.com\\\/de\\\/#organization\",\"name\":\"Urbanitae\",\"url\":\"https:\\\/\\\/blog.urbanitae.com\\\/de\\\/\",\"logo\":{\"@type\":\"ImageObject\",\"inLanguage\":\"de\",\"@id\":\"https:\\\/\\\/blog.urbanitae.com\\\/de\\\/#\\\/schema\\\/logo\\\/image\\\/\",\"url\":\"https:\\\/\\\/blog.urbanitae.com\\\/wp-content\\\/uploads\\\/2020\\\/04\\\/logo-verde_350x100.svg\",\"contentUrl\":\"https:\\\/\\\/blog.urbanitae.com\\\/wp-content\\\/uploads\\\/2020\\\/04\\\/logo-verde_350x100.svg\",\"width\":350,\"height\":100,\"caption\":\"Urbanitae\"},\"image\":{\"@id\":\"https:\\\/\\\/blog.urbanitae.com\\\/de\\\/#\\\/schema\\\/logo\\\/image\\\/\"},\"sameAs\":[\"https:\\\/\\\/www.facebook.com\\\/urbanitae\",\"https:\\\/\\\/x.com\\\/urbanitae\",\"https:\\\/\\\/www.instagram.com\\\/urbanitae\",\"https:\\\/\\\/www.linkedin.com\\\/company\\\/urbanitae\",\"https:\\\/\\\/www.pinterest.es\\\/UrbanitaeSL\\\/_created\\\/\",\"https:\\\/\\\/www.youtube.com\\\/c\\\/Urbanitae_RE\"]},{\"@type\":\"Person\",\"@id\":\"https:\\\/\\\/blog.urbanitae.com\\\/de\\\/#\\\/schema\\\/person\\\/e7b2d152f5654066832c53f5aa04fbf7\",\"name\":\"Equipo Urbanitae\",\"image\":{\"@type\":\"ImageObject\",\"inLanguage\":\"de\",\"@id\":\"https:\\\/\\\/secure.gravatar.com\\\/avatar\\\/e75782c6aa253c8ac75c13b1ec97172bb2d67437baa4354ba4b0650a97f565f2?s=96&d=mm&r=g\",\"url\":\"https:\\\/\\\/secure.gravatar.com\\\/avatar\\\/e75782c6aa253c8ac75c13b1ec97172bb2d67437baa4354ba4b0650a97f565f2?s=96&d=mm&r=g\",\"contentUrl\":\"https:\\\/\\\/secure.gravatar.com\\\/avatar\\\/e75782c6aa253c8ac75c13b1ec97172bb2d67437baa4354ba4b0650a97f565f2?s=96&d=mm&r=g\",\"caption\":\"Equipo Urbanitae\"},\"sameAs\":[\"https:\\\/\\\/urbanitae.com\"],\"url\":\"https:\\\/\\\/blog.urbanitae.com\\\/de\\\/author\\\/urbanitae\\\/\"}]}<\/script>\n<!-- \/ Yoast SEO plugin. -->","yoast_head_json":{"title":"In Alhaur\u00edn de la Torre investieren: 21 H\u00e4user in M\u00e1laga","description":"Investieren Sie in Alhaur\u00edn de la Torre (M\u00e1laga): 21 Einfamilienh\u00e4user in einer etablierten, gut angebundenen Wohnlage.","robots":{"index":"index","follow":"follow","max-snippet":"max-snippet:-1","max-image-preview":"max-image-preview:large","max-video-preview":"max-video-preview:-1"},"canonical":"https:\/\/blog.urbanitae.com\/de\/2026\/04\/30\/neues-projekt-21-doppelhaushaelften-in-alhaurin-de-la-torre\/","og_locale":"de_DE","og_type":"article","og_title":"Neues Projekt in M\u00e1laga: H\u00e4user in Alhaur\u00edn de la Torre","og_description":"Investieren Sie in ein Projekt mit 21 Einfamilienh\u00e4usern in Alhaur\u00edn de la Torre, einer der gefragtesten Wohnlagen in M\u00e1laga.","og_url":"https:\/\/blog.urbanitae.com\/de\/2026\/04\/30\/neues-projekt-21-doppelhaushaelften-in-alhaurin-de-la-torre\/","og_site_name":"Urbanitae Blog | Las mejores noticias sobre inversi\u00f3n inmobiliaria","article_publisher":"https:\/\/www.facebook.com\/urbanitae","article_published_time":"2026-04-30T17:26:23+00:00","article_modified_time":"2026-04-30T17:27:43+00:00","og_image":[{"width":1400,"height":735,"url":"https:\/\/blog.urbanitae.com\/wp-content\/uploads\/2026\/04\/invertir-en-alhaurin-de-la-torre.webp","type":"image\/webp"}],"author":"Equipo Urbanitae","twitter_card":"summary_large_image","twitter_creator":"@urbanitae","twitter_site":"@urbanitae","twitter_misc":{"Verfasst von":"Equipo Urbanitae","Gesch\u00e4tzte Lesezeit":"4\u00a0Minuten"},"schema":{"@context":"https:\/\/schema.org","@graph":[{"@type":["Article","BlogPosting"],"@id":"https:\/\/blog.urbanitae.com\/de\/2026\/04\/30\/neues-projekt-21-doppelhaushaelften-in-alhaurin-de-la-torre\/#article","isPartOf":{"@id":"https:\/\/blog.urbanitae.com\/de\/2026\/04\/30\/neues-projekt-21-doppelhaushaelften-in-alhaurin-de-la-torre\/"},"author":{"name":"Equipo Urbanitae","@id":"https:\/\/blog.urbanitae.com\/de\/#\/schema\/person\/e7b2d152f5654066832c53f5aa04fbf7"},"headline":"Neues Projekt: 21 Doppelhaush\u00e4lften in Alhaur\u00edn de la Torre","datePublished":"2026-04-30T17:26:23+00:00","dateModified":"2026-04-30T17:27:43+00:00","mainEntityOfPage":{"@id":"https:\/\/blog.urbanitae.com\/de\/2026\/04\/30\/neues-projekt-21-doppelhaushaelften-in-alhaurin-de-la-torre\/"},"wordCount":859,"commentCount":0,"publisher":{"@id":"https:\/\/blog.urbanitae.com\/de\/#organization"},"image":{"@id":"https:\/\/blog.urbanitae.com\/de\/2026\/04\/30\/neues-projekt-21-doppelhaushaelften-in-alhaurin-de-la-torre\/#primaryimage"},"thumbnailUrl":"https:\/\/blog.urbanitae.com\/wp-content\/uploads\/2026\/04\/invertir-en-alhaurin-de-la-torre.webp","keywords":["Immobilien Crowdfunding"],"articleSection":["Eigenkapitalprojekte","Projekte"],"inLanguage":"de","potentialAction":[{"@type":"CommentAction","name":"Comment","target":["https:\/\/blog.urbanitae.com\/de\/2026\/04\/30\/neues-projekt-21-doppelhaushaelften-in-alhaurin-de-la-torre\/#respond"]}]},{"@type":["WebPage","ItemPage"],"@id":"https:\/\/blog.urbanitae.com\/de\/2026\/04\/30\/neues-projekt-21-doppelhaushaelften-in-alhaurin-de-la-torre\/","url":"https:\/\/blog.urbanitae.com\/de\/2026\/04\/30\/neues-projekt-21-doppelhaushaelften-in-alhaurin-de-la-torre\/","name":"In Alhaur\u00edn de la Torre investieren: 21 H\u00e4user in M\u00e1laga","isPartOf":{"@id":"https:\/\/blog.urbanitae.com\/de\/#website"},"primaryImageOfPage":{"@id":"https:\/\/blog.urbanitae.com\/de\/2026\/04\/30\/neues-projekt-21-doppelhaushaelften-in-alhaurin-de-la-torre\/#primaryimage"},"image":{"@id":"https:\/\/blog.urbanitae.com\/de\/2026\/04\/30\/neues-projekt-21-doppelhaushaelften-in-alhaurin-de-la-torre\/#primaryimage"},"thumbnailUrl":"https:\/\/blog.urbanitae.com\/wp-content\/uploads\/2026\/04\/invertir-en-alhaurin-de-la-torre.webp","datePublished":"2026-04-30T17:26:23+00:00","dateModified":"2026-04-30T17:27:43+00:00","description":"Investieren Sie in Alhaur\u00edn de la Torre (M\u00e1laga): 21 Einfamilienh\u00e4user in einer etablierten, gut angebundenen Wohnlage.","breadcrumb":{"@id":"https:\/\/blog.urbanitae.com\/de\/2026\/04\/30\/neues-projekt-21-doppelhaushaelften-in-alhaurin-de-la-torre\/#breadcrumb"},"inLanguage":"de","potentialAction":[{"@type":"ReadAction","target":["https:\/\/blog.urbanitae.com\/de\/2026\/04\/30\/neues-projekt-21-doppelhaushaelften-in-alhaurin-de-la-torre\/"]}]},{"@type":"ImageObject","inLanguage":"de","@id":"https:\/\/blog.urbanitae.com\/de\/2026\/04\/30\/neues-projekt-21-doppelhaushaelften-in-alhaurin-de-la-torre\/#primaryimage","url":"https:\/\/blog.urbanitae.com\/wp-content\/uploads\/2026\/04\/invertir-en-alhaurin-de-la-torre.webp","contentUrl":"https:\/\/blog.urbanitae.com\/wp-content\/uploads\/2026\/04\/invertir-en-alhaurin-de-la-torre.webp","width":1400,"height":735,"caption":"Invertir en Alhaur\u00edn de la Torre: 21 viviendas en M\u00e1laga. Invest in Alhaur\u00edn de la Torre: 21 homes in M\u00e1laga. Investir \u00e0 Alhaur\u00edn de la Torre : 21 logements \u00e0 M\u00e1laga. Investire ad Alhaur\u00edn de la Torre: 21 abitazioni a M\u00e1laga. Investir em Alhaur\u00edn de la Torre: 21 habita\u00e7\u00f5es em M\u00e1laga. In Alhaur\u00edn de la Torre investieren: 21 H\u00e4user in M\u00e1laga."},{"@type":"BreadcrumbList","@id":"https:\/\/blog.urbanitae.com\/de\/2026\/04\/30\/neues-projekt-21-doppelhaushaelften-in-alhaurin-de-la-torre\/#breadcrumb","itemListElement":[{"@type":"ListItem","position":1,"name":"Portada","item":"https:\/\/blog.urbanitae.com\/de\/"},{"@type":"ListItem","position":2,"name":"Neues Projekt: 21 Doppelhaush\u00e4lften in Alhaur\u00edn de la Torre"}]},{"@type":"WebSite","@id":"https:\/\/blog.urbanitae.com\/de\/#website","url":"https:\/\/blog.urbanitae.com\/de\/","name":"Urbanitae Blog | Las mejores noticias sobre inversi\u00f3n inmobiliaria","description":"Inversi\u00f3n inmobiliaria al alcance de todos","publisher":{"@id":"https:\/\/blog.urbanitae.com\/de\/#organization"},"potentialAction":[{"@type":"SearchAction","target":{"@type":"EntryPoint","urlTemplate":"https:\/\/blog.urbanitae.com\/de\/?s={search_term_string}"},"query-input":{"@type":"PropertyValueSpecification","valueRequired":true,"valueName":"search_term_string"}}],"inLanguage":"de"},{"@type":"Organization","@id":"https:\/\/blog.urbanitae.com\/de\/#organization","name":"Urbanitae","url":"https:\/\/blog.urbanitae.com\/de\/","logo":{"@type":"ImageObject","inLanguage":"de","@id":"https:\/\/blog.urbanitae.com\/de\/#\/schema\/logo\/image\/","url":"https:\/\/blog.urbanitae.com\/wp-content\/uploads\/2020\/04\/logo-verde_350x100.svg","contentUrl":"https:\/\/blog.urbanitae.com\/wp-content\/uploads\/2020\/04\/logo-verde_350x100.svg","width":350,"height":100,"caption":"Urbanitae"},"image":{"@id":"https:\/\/blog.urbanitae.com\/de\/#\/schema\/logo\/image\/"},"sameAs":["https:\/\/www.facebook.com\/urbanitae","https:\/\/x.com\/urbanitae","https:\/\/www.instagram.com\/urbanitae","https:\/\/www.linkedin.com\/company\/urbanitae","https:\/\/www.pinterest.es\/UrbanitaeSL\/_created\/","https:\/\/www.youtube.com\/c\/Urbanitae_RE"]},{"@type":"Person","@id":"https:\/\/blog.urbanitae.com\/de\/#\/schema\/person\/e7b2d152f5654066832c53f5aa04fbf7","name":"Equipo Urbanitae","image":{"@type":"ImageObject","inLanguage":"de","@id":"https:\/\/secure.gravatar.com\/avatar\/e75782c6aa253c8ac75c13b1ec97172bb2d67437baa4354ba4b0650a97f565f2?s=96&d=mm&r=g","url":"https:\/\/secure.gravatar.com\/avatar\/e75782c6aa253c8ac75c13b1ec97172bb2d67437baa4354ba4b0650a97f565f2?s=96&d=mm&r=g","contentUrl":"https:\/\/secure.gravatar.com\/avatar\/e75782c6aa253c8ac75c13b1ec97172bb2d67437baa4354ba4b0650a97f565f2?s=96&d=mm&r=g","caption":"Equipo Urbanitae"},"sameAs":["https:\/\/urbanitae.com"],"url":"https:\/\/blog.urbanitae.com\/de\/author\/urbanitae\/"}]}},"_links":{"self":[{"href":"https:\/\/blog.urbanitae.com\/de\/wp-json\/wp\/v2\/posts\/85265","targetHints":{"allow":["GET"]}}],"collection":[{"href":"https:\/\/blog.urbanitae.com\/de\/wp-json\/wp\/v2\/posts"}],"about":[{"href":"https:\/\/blog.urbanitae.com\/de\/wp-json\/wp\/v2\/types\/post"}],"author":[{"embeddable":true,"href":"https:\/\/blog.urbanitae.com\/de\/wp-json\/wp\/v2\/users\/1"}],"replies":[{"embeddable":true,"href":"https:\/\/blog.urbanitae.com\/de\/wp-json\/wp\/v2\/comments?post=85265"}],"version-history":[{"count":6,"href":"https:\/\/blog.urbanitae.com\/de\/wp-json\/wp\/v2\/posts\/85265\/revisions"}],"predecessor-version":[{"id":85384,"href":"https:\/\/blog.urbanitae.com\/de\/wp-json\/wp\/v2\/posts\/85265\/revisions\/85384"}],"wp:featuredmedia":[{"embeddable":true,"href":"https:\/\/blog.urbanitae.com\/de\/wp-json\/wp\/v2\/media\/85264"}],"wp:attachment":[{"href":"https:\/\/blog.urbanitae.com\/de\/wp-json\/wp\/v2\/media?parent=85265"}],"wp:term":[{"taxonomy":"category","embeddable":true,"href":"https:\/\/blog.urbanitae.com\/de\/wp-json\/wp\/v2\/categories?post=85265"},{"taxonomy":"post_tag","embeddable":true,"href":"https:\/\/blog.urbanitae.com\/de\/wp-json\/wp\/v2\/tags?post=85265"}],"curies":[{"name":"wp","href":"https:\/\/api.w.org\/{rel}","templated":true}]}}