{"id":73675,"date":"2025-11-11T10:25:57","date_gmt":"2025-11-11T09:25:57","guid":{"rendered":"https:\/\/blog.urbanitae.com\/?p=73675"},"modified":"2025-11-12T14:42:41","modified_gmt":"2025-11-12T13:42:41","slug":"der-spanische-immobiliensektor-schluesselfaktoren-des-dritten-quartals-2025","status":"publish","type":"post","link":"https:\/\/blog.urbanitae.com\/de\/2025\/11\/11\/der-spanische-immobiliensektor-schluesselfaktoren-des-dritten-quartals-2025\/","title":{"rendered":"Der spanische Immobiliensektor: Schl\u00fcsselfaktoren des dritten Quartals 2025"},"content":{"rendered":"\n<p>Zum Beginn des letzten Quartals des Jahres zeigt sich der <strong>spanische Immobiliensektor 2025<\/strong> weiterhin robust, auch wenn erste Anzeichen einer Stabilisierung sichtbar werden. Dies ist eines der zentralen Ergebnisse des <em>Urbanitae-Berichts f\u00fcr das dritte Quartal 2025<\/em>, der die Entwicklung von Preisen, Verk\u00e4ufen, Mieten und Baut\u00e4tigkeit im ganzen Land analysiert.<\/p>\n\n\n\n<p>Nach mehr als zwei Jahren geldpolitischer Straffung hat die <strong>schrittweise Zinssenkung der Europ\u00e4ischen Zentralbank<\/strong> begonnen, den finanziellen Druck auf die Haushalte zu verringern. <strong>Der durchschnittliche Zinssatz f\u00fcr neue Hypotheken lag im Juli bei 2,94 %<\/strong>, was die Kreditvergabe ankurbelte und die Nachfrage nach Wohnraum st\u00fctzte \u2013 trotz einer leichten Abk\u00fchlung der Gesamtaktivit\u00e4t.<\/p>\n\n\n\n<p>Allerdings <a href=\"https:\/\/blog.urbanitae.com\/de\/2025\/07\/23\/wohnungsdefizit-in-spanien-der-iwf-fordert-eine-beschleunigung-des-wohnungsbaus\/?utm_source=blog_de&#038;utm_medium=organic&#038;utm_campaign=urbanitae_blog_1125&#038;utm_term=besteht_ungleichgewicht_angebot_nachfrage&#038;utm_content=de_mercado_inmobiliario_tercer_trimestre_2025\" target=\"_blank\" rel=\"noreferrer noopener\">besteht das Ungleichgewicht zwischen Angebot und Nachfrage weiter<\/a>. Die Bank von Spanien sch\u00e4tzt ein <strong>Defizit von rund 700 000 Wohnungen<\/strong>, das der Markt derzeit nicht decken kann. Begrenzte Verf\u00fcgbarkeit von Bauland, hohe Baukosten und komplexe Verwaltungsverfahren hemmen weiterhin die Reaktionsf\u00e4higkeit des Sektors, insbesondere in den gro\u00dfen St\u00e4dten.<\/p>\n\n\n\n<h2 class=\"wp-block-heading\"><strong>Preise auf Rekordniveau und strukturelles Ungleichgewicht<\/strong><\/h2>\n\n\n\n<p>Die Immobilienpreise steigen weiter. Laut Tinsa <strong>erh\u00f6hte sich der durchschnittliche Wert von Neu- und Bestandswohnungen im dritten Quartal um 11,7 % gegen\u00fcber dem Vorjahr<\/strong>, was den anhaltenden Druck auf den verf\u00fcgbaren Wohnungsbestand best\u00e4tigt. Trotz eines Anstiegs der Neubaut\u00e4tigkeit \u2013 mit <strong>\u00fcber 84 000 Baugenehmigungen bis Juli<\/strong>, ein Plus von <strong>10,9 % gegen\u00fcber 2024<\/strong> \u2013 <strong>bleibt das Angebot weit hinter der Nachfrage zur\u00fcck<\/strong>, wodurch die Preise weiter angespannt bleiben.<\/p>\n\n\n\n<p>Hinzu kommt ein zunehmendes <strong>Problem der Erschwinglichkeit<\/strong>. Im Jahr <a href=\"https:\/\/blog.urbanitae.com\/de\/2024\/06\/29\/grundlegende-uebersicht-ueber-den-wohnungsmarkt-im-jahr-2024\/?utm_source=blog_de&#038;utm_medium=organic&#038;utm_campaign=urbanitae_blog_1125&#038;utm_term=2024&#038;utm_content=de_mercado_inmobiliario_tercer_trimestre_2025\" target=\"_blank\" rel=\"noreferrer noopener\">2024<\/a> stiegen die Immobilienpreise um <strong>11,3 %<\/strong>, w\u00e4hrend die L\u00f6hne nur um <strong>3,8 %<\/strong> zulegten (INE-Daten). Diese Schere zwischen Einkommen und Wohnkosten erschwert besonders jungen und mittleren Haushalten den Zugang zu Eigentum. Somit <strong>wird Wohneigentum immer unerschwinglicher und festigt seine Rolle als sicherer Anlagewert f\u00fcr Investoren.<\/strong><\/p>\n\n\n\n<h2 class=\"wp-block-heading\"><strong>Verk\u00e4ufe und Mieten: Stabilisierung bei anhaltendem Druck<\/strong><\/h2>\n\n\n\n<p>Der Kaufmarkt zeigt eine nat\u00fcrliche Anpassung nach mehreren Quartalen kontinuierlichen Wachstums. <strong>Im August gingen die Transaktionen im Jahresvergleich um 3,5 % zur\u00fcck \u2013 der erste R\u00fcckgang seit \u00fcber einem Jahr \u2013, was auf hohe Preise und begrenzte Verf\u00fcgbarkeit in stark nachgefragten Gebieten hinweist.<\/strong><\/p>\n\n\n\n<figure class=\"wp-block-image aligncenter size-full\"><img fetchpriority=\"high\" decoding=\"async\" width=\"620\" height=\"453\" src=\"https:\/\/blog.urbanitae.com\/wp-content\/uploads\/2025\/11\/precio-alquiler-vivienda-3t-2025.png\" alt=\"Precio de la vivienda en alquiler en Espa\u00f1a (euros\/metro cuadrado). Rental housing price in Spain (euros per square metre). Prix des logements en location en Espagne (euros par m\u00e8tre carr\u00e9). Prezzo delle abitazioni in affitto in Spagna (euro al metro quadrato). Pre\u00e7o da habita\u00e7\u00e3o em arrendamento em Espanha (euros por metro quadrado). Mietwohnungspreis in Spanien (Euro pro Quadratmeter).\" class=\"wp-image-74054\" srcset=\"https:\/\/blog.urbanitae.com\/wp-content\/uploads\/2025\/11\/precio-alquiler-vivienda-3t-2025.png 620w, https:\/\/blog.urbanitae.com\/wp-content\/uploads\/2025\/11\/precio-alquiler-vivienda-3t-2025-300x219.png 300w, https:\/\/blog.urbanitae.com\/wp-content\/uploads\/2025\/11\/precio-alquiler-vivienda-3t-2025-150x110.png 150w\" sizes=\"(max-width: 620px) 100vw, 620px\" \/><\/figure>\n\n\n\n<p>Der Mietmarkt bleibt dagegen auf Rekordniveau, mit <strong>durchschnittlich 13,69 \u20ac\/m\u00b2 pro Monat<\/strong>. Obwohl es eine leichte viertelj\u00e4hrliche Korrektur von <strong>\u20134,8 %<\/strong> gab, bleibt der <strong>Jahresanstieg bei rund 14 %<\/strong>, getrieben durch das knappe Angebot in gro\u00dfen St\u00e4dten.<\/p>\n\n\n\n<p>Daher <strong>ziehen immer mehr Familien und Kleinanleger in umliegende Gemeinden oder Metropolregionen<\/strong>, wo die Kaufpreise niedriger und die Renditen attraktiver sind. Diese Entwicklung ver\u00e4ndert die Wohnlandschaft Spaniens und verteilt den Nachfragedruck neu.<\/p>\n\n\n\n<h2 class=\"wp-block-heading\"><strong>Ein Markt mit mehreren Geschwindigkeiten<\/strong><\/h2>\n\n\n\n<p>Der Bericht zeigt drei unterschiedliche regionale Dynamiken:<\/p>\n\n\n\n<ul class=\"wp-block-list\">\n<li><strong>Rotes Licht:<\/strong> <em>Madrid (+19,4 %), M\u00e1laga (+15,3 %) und Alicante (+15,3 %)<\/em> f\u00fchren die Preissteigerungen an, getrieben von Investitionen und internationaler Nachfrage.<\/li>\n\n\n\n<li><strong>Gelbes Licht:<\/strong> <em>C\u00e1ceres, Palencia und Le\u00f3n<\/em> verzeichnen moderates Wachstum von etwa 2 %.<\/li>\n\n\n\n<li><strong>Gr\u00fcnes Licht:<\/strong> <em>Zamora (\u20130,9 %)<\/em> ist die einzige Provinz mit R\u00fcckg\u00e4ngen, bedingt durch geringe Nachfrage und demografische Alterung.<\/li>\n<\/ul>\n\n\n\n<h2 class=\"wp-block-heading\"><strong>Ausblick: Ein moderates, aber nachhaltiges Jahresende<\/strong><\/h2>\n\n\n\n<p><a href=\"https:\/\/blog.urbanitae.com\/de\/2025\/11\/03\/wohnungspreise-2026-in-spanien-entwicklung-und-prognosen\/?utm_source=blog_de&#038;utm_medium=organic&#038;utm_campaign=urbanitae_blog_1125&#038;utm_term=fur_das_jahresende_2025&#038;utm_content=de_mercado_inmobiliario_tercer_trimestre_2025\" target=\"_blank\" rel=\"noreferrer noopener\">F\u00fcr das Jahresende 2025<\/a> wird eine <strong>allm\u00e4hliche Verlangsamung des Preiswachstums<\/strong> erwartet, begleitet von <strong>stabilen Verkaufszahlen<\/strong> und <strong>anhaltendem Druck auf dem Mietmarkt<\/strong>. Laut <em>CaixaBank Research<\/em> sollen <strong>die Immobilienpreise 2025 um 9,6 % und 2026 um 6,3 % steigen<\/strong>, was auf eine nachhaltigere Wachstumsphase hindeutet.<\/p>\n\n\n\n<p>Mit einer <strong>prognostizierten BIP-Wachstumsrate von 2,6 %<\/strong>, einer <strong>Inflation von 2,5 %<\/strong> und einer <strong>Arbeitslosenquote von rund 10,5 %<\/strong> bleibt die spanische Wirtschaft ein stabiler Rahmen f\u00fcr die Immobilienaktivit\u00e4t. Dennoch ist <strong>eine Ausweitung des Wohnungsangebots entscheidend, um langfristig ein Gleichgewicht im spanischen Immobiliensektor 2025 und dar\u00fcber hinaus zu erreichen.<\/strong><\/p>\n\n\n\n<div data-wp-interactive=\"core\/file\" class=\"wp-block-file\"><object data-wp-bind--hidden=\"!state.hasPdfPreview\" hidden class=\"wp-block-file__embed\" data=\"https:\/\/blog.urbanitae.com\/wp-content\/uploads\/2025\/11\/informe_vivienda_urbanitae_2025_q3_en-2.pdf\" type=\"application\/pdf\" style=\"width:100%;height:600px\" aria-label=\"Einbettung von informe_vivienda_urbanitae_2025_q3_en.\"><\/object><a id=\"wp-block-file--media-d1d669b9-56cc-4dcf-9769-35d5bccbc1c1\" href=\"https:\/\/blog.urbanitae.com\/wp-content\/uploads\/2025\/11\/informe_vivienda_urbanitae_2025_q3_en-2.pdf\">informe_vivienda_urbanitae_2025_q3_en<\/a><a href=\"https:\/\/blog.urbanitae.com\/wp-content\/uploads\/2025\/11\/informe_vivienda_urbanitae_2025_q3_en-2.pdf\" class=\"wp-block-file__button wp-element-button\" download aria-describedby=\"wp-block-file--media-d1d669b9-56cc-4dcf-9769-35d5bccbc1c1\">Descarga<\/a><\/div>\n","protected":false},"excerpt":{"rendered":"<p>Im dritten Quartal 2025 zeigt sich der spanische Immobiliensektor stabil, mit starker Nachfrage und weiter steigenden Preisen.<\/p>\n","protected":false},"author":1,"featured_media":73724,"comment_status":"open","ping_status":"closed","sticky":false,"template":"","format":"standard","meta":{"inline_featured_image":false,"footnotes":""},"categories":[1686,1714],"tags":[1745],"class_list":["post-73675","post","type-post","status-publish","format-standard","has-post-thumbnail","hentry","category-immobilieninvestition-de","category-urbanitae-de","tag-urbanitae-de"],"blocksy_meta":[],"yoast_head":"<!-- This site is optimized with the Yoast SEO plugin v27.5 - https:\/\/yoast.com\/product\/yoast-seo-wordpress\/ -->\n<title>Der spanische Immobiliensektor: Schl\u00fcsselfaktoren des dritten Quartals 2025<\/title>\n<meta name=\"description\" content=\"Der spanische Immobiliensektor 2025 zeigt Stabilit\u00e4t, doch hohe Preise und ein knappes Angebot setzen den Markt weiter unter Druck.\" \/>\n<meta name=\"robots\" content=\"index, follow, max-snippet:-1, max-image-preview:large, max-video-preview:-1\" \/>\n<link rel=\"canonical\" href=\"https:\/\/blog.urbanitae.com\/de\/2025\/11\/11\/der-spanische-immobiliensektor-schluesselfaktoren-des-dritten-quartals-2025\/\" \/>\n<meta property=\"og:locale\" content=\"de_DE\" \/>\n<meta property=\"og:type\" content=\"article\" \/>\n<meta property=\"og:title\" content=\"Spanischer Immobiliensektor 2025: Stabilisierung trotz Angebotsmangel\" \/>\n<meta property=\"og:description\" content=\"Der spanische Immobiliensektor 2025 zeigt Stabilit\u00e4t, doch hohe Preise und ein knappes Angebot setzen den Markt weiter unter Druck.\" \/>\n<meta property=\"og:url\" content=\"https:\/\/blog.urbanitae.com\/de\/2025\/11\/11\/der-spanische-immobiliensektor-schluesselfaktoren-des-dritten-quartals-2025\/\" \/>\n<meta property=\"og:site_name\" content=\"Urbanitae Blog | Las mejores noticias sobre inversi\u00f3n inmobiliaria\" \/>\n<meta property=\"article:publisher\" content=\"https:\/\/www.facebook.com\/urbanitae\" \/>\n<meta property=\"article:published_time\" content=\"2025-11-11T09:25:57+00:00\" \/>\n<meta property=\"article:modified_time\" content=\"2025-11-12T13:42:41+00:00\" \/>\n<meta property=\"og:image\" content=\"https:\/\/blog.urbanitae.com\/wp-content\/uploads\/2025\/11\/Destacada-blog-37.webp\" \/>\n\t<meta property=\"og:image:width\" content=\"1400\" \/>\n\t<meta property=\"og:image:height\" content=\"735\" \/>\n\t<meta property=\"og:image:type\" content=\"image\/webp\" \/>\n<meta name=\"author\" content=\"Equipo Urbanitae\" \/>\n<meta name=\"twitter:card\" content=\"summary_large_image\" \/>\n<meta name=\"twitter:creator\" content=\"@urbanitae\" \/>\n<meta name=\"twitter:site\" content=\"@urbanitae\" \/>\n<meta name=\"twitter:label1\" content=\"Verfasst von\" \/>\n\t<meta name=\"twitter:data1\" content=\"Equipo Urbanitae\" \/>\n\t<meta name=\"twitter:label2\" content=\"Gesch\u00e4tzte Lesezeit\" \/>\n\t<meta name=\"twitter:data2\" content=\"3\u00a0Minuten\" \/>\n<script type=\"application\/ld+json\" class=\"yoast-schema-graph\">{\"@context\":\"https:\\\/\\\/schema.org\",\"@graph\":[{\"@type\":[\"Article\",\"BlogPosting\"],\"@id\":\"https:\\\/\\\/blog.urbanitae.com\\\/de\\\/2025\\\/11\\\/11\\\/der-spanische-immobiliensektor-schluesselfaktoren-des-dritten-quartals-2025\\\/#article\",\"isPartOf\":{\"@id\":\"https:\\\/\\\/blog.urbanitae.com\\\/de\\\/2025\\\/11\\\/11\\\/der-spanische-immobiliensektor-schluesselfaktoren-des-dritten-quartals-2025\\\/\"},\"author\":{\"name\":\"Equipo Urbanitae\",\"@id\":\"https:\\\/\\\/blog.urbanitae.com\\\/de\\\/#\\\/schema\\\/person\\\/e7b2d152f5654066832c53f5aa04fbf7\"},\"headline\":\"Der spanische Immobiliensektor: Schl\u00fcsselfaktoren des dritten Quartals 2025\",\"datePublished\":\"2025-11-11T09:25:57+00:00\",\"dateModified\":\"2025-11-12T13:42:41+00:00\",\"mainEntityOfPage\":{\"@id\":\"https:\\\/\\\/blog.urbanitae.com\\\/de\\\/2025\\\/11\\\/11\\\/der-spanische-immobiliensektor-schluesselfaktoren-des-dritten-quartals-2025\\\/\"},\"wordCount\":564,\"commentCount\":0,\"publisher\":{\"@id\":\"https:\\\/\\\/blog.urbanitae.com\\\/de\\\/#organization\"},\"image\":{\"@id\":\"https:\\\/\\\/blog.urbanitae.com\\\/de\\\/2025\\\/11\\\/11\\\/der-spanische-immobiliensektor-schluesselfaktoren-des-dritten-quartals-2025\\\/#primaryimage\"},\"thumbnailUrl\":\"https:\\\/\\\/blog.urbanitae.com\\\/wp-content\\\/uploads\\\/2025\\\/11\\\/Destacada-blog-37.webp\",\"keywords\":[\"Urbanitae\"],\"articleSection\":[\"Immobilieninvestition\",\"Urbanitae\"],\"inLanguage\":\"de\",\"potentialAction\":[{\"@type\":\"CommentAction\",\"name\":\"Comment\",\"target\":[\"https:\\\/\\\/blog.urbanitae.com\\\/de\\\/2025\\\/11\\\/11\\\/der-spanische-immobiliensektor-schluesselfaktoren-des-dritten-quartals-2025\\\/#respond\"]}]},{\"@type\":[\"WebPage\",\"ItemPage\"],\"@id\":\"https:\\\/\\\/blog.urbanitae.com\\\/de\\\/2025\\\/11\\\/11\\\/der-spanische-immobiliensektor-schluesselfaktoren-des-dritten-quartals-2025\\\/\",\"url\":\"https:\\\/\\\/blog.urbanitae.com\\\/de\\\/2025\\\/11\\\/11\\\/der-spanische-immobiliensektor-schluesselfaktoren-des-dritten-quartals-2025\\\/\",\"name\":\"Der spanische Immobiliensektor: Schl\u00fcsselfaktoren des dritten Quartals 2025\",\"isPartOf\":{\"@id\":\"https:\\\/\\\/blog.urbanitae.com\\\/de\\\/#website\"},\"primaryImageOfPage\":{\"@id\":\"https:\\\/\\\/blog.urbanitae.com\\\/de\\\/2025\\\/11\\\/11\\\/der-spanische-immobiliensektor-schluesselfaktoren-des-dritten-quartals-2025\\\/#primaryimage\"},\"image\":{\"@id\":\"https:\\\/\\\/blog.urbanitae.com\\\/de\\\/2025\\\/11\\\/11\\\/der-spanische-immobiliensektor-schluesselfaktoren-des-dritten-quartals-2025\\\/#primaryimage\"},\"thumbnailUrl\":\"https:\\\/\\\/blog.urbanitae.com\\\/wp-content\\\/uploads\\\/2025\\\/11\\\/Destacada-blog-37.webp\",\"datePublished\":\"2025-11-11T09:25:57+00:00\",\"dateModified\":\"2025-11-12T13:42:41+00:00\",\"description\":\"Der spanische Immobiliensektor 2025 zeigt Stabilit\u00e4t, doch hohe Preise und ein knappes Angebot setzen den Markt weiter unter Druck.\",\"breadcrumb\":{\"@id\":\"https:\\\/\\\/blog.urbanitae.com\\\/de\\\/2025\\\/11\\\/11\\\/der-spanische-immobiliensektor-schluesselfaktoren-des-dritten-quartals-2025\\\/#breadcrumb\"},\"inLanguage\":\"de\",\"potentialAction\":[{\"@type\":\"ReadAction\",\"target\":[\"https:\\\/\\\/blog.urbanitae.com\\\/de\\\/2025\\\/11\\\/11\\\/der-spanische-immobiliensektor-schluesselfaktoren-des-dritten-quartals-2025\\\/\"]}]},{\"@type\":\"ImageObject\",\"inLanguage\":\"de\",\"@id\":\"https:\\\/\\\/blog.urbanitae.com\\\/de\\\/2025\\\/11\\\/11\\\/der-spanische-immobiliensektor-schluesselfaktoren-des-dritten-quartals-2025\\\/#primaryimage\",\"url\":\"https:\\\/\\\/blog.urbanitae.com\\\/wp-content\\\/uploads\\\/2025\\\/11\\\/Destacada-blog-37.webp\",\"contentUrl\":\"https:\\\/\\\/blog.urbanitae.com\\\/wp-content\\\/uploads\\\/2025\\\/11\\\/Destacada-blog-37.webp\",\"width\":1400,\"height\":735,\"caption\":\"El sector inmobiliario espa\u00f1ol claves del tercer trimestre de 2025 The Spanish Real Estate Sector Key Insights from the Third Quarter of 2025 Le secteur immobilier espagnol principaux enseignements du troisi\u00e8me trimestre 2025 Der spanische Immobiliensektor Schl\u00fcsselfaktoren des dritten Quartals 2025 Il settore immobiliare spagnolo punti chiave del terzo trimestre 2025 O setor imobili\u00e1rio espanhol principais tend\u00eancias do terceiro trimestre de 2025\"},{\"@type\":\"BreadcrumbList\",\"@id\":\"https:\\\/\\\/blog.urbanitae.com\\\/de\\\/2025\\\/11\\\/11\\\/der-spanische-immobiliensektor-schluesselfaktoren-des-dritten-quartals-2025\\\/#breadcrumb\",\"itemListElement\":[{\"@type\":\"ListItem\",\"position\":1,\"name\":\"Portada\",\"item\":\"https:\\\/\\\/blog.urbanitae.com\\\/de\\\/\"},{\"@type\":\"ListItem\",\"position\":2,\"name\":\"Der spanische Immobiliensektor: Schl\u00fcsselfaktoren des dritten Quartals 2025\"}]},{\"@type\":\"WebSite\",\"@id\":\"https:\\\/\\\/blog.urbanitae.com\\\/de\\\/#website\",\"url\":\"https:\\\/\\\/blog.urbanitae.com\\\/de\\\/\",\"name\":\"Urbanitae Blog | Las mejores noticias sobre inversi\u00f3n inmobiliaria\",\"description\":\"Inversi\u00f3n inmobiliaria al alcance de todos\",\"publisher\":{\"@id\":\"https:\\\/\\\/blog.urbanitae.com\\\/de\\\/#organization\"},\"potentialAction\":[{\"@type\":\"SearchAction\",\"target\":{\"@type\":\"EntryPoint\",\"urlTemplate\":\"https:\\\/\\\/blog.urbanitae.com\\\/de\\\/?s={search_term_string}\"},\"query-input\":{\"@type\":\"PropertyValueSpecification\",\"valueRequired\":true,\"valueName\":\"search_term_string\"}}],\"inLanguage\":\"de\"},{\"@type\":\"Organization\",\"@id\":\"https:\\\/\\\/blog.urbanitae.com\\\/de\\\/#organization\",\"name\":\"Urbanitae\",\"url\":\"https:\\\/\\\/blog.urbanitae.com\\\/de\\\/\",\"logo\":{\"@type\":\"ImageObject\",\"inLanguage\":\"de\",\"@id\":\"https:\\\/\\\/blog.urbanitae.com\\\/de\\\/#\\\/schema\\\/logo\\\/image\\\/\",\"url\":\"https:\\\/\\\/blog.urbanitae.com\\\/wp-content\\\/uploads\\\/2020\\\/04\\\/logo-verde_350x100.svg\",\"contentUrl\":\"https:\\\/\\\/blog.urbanitae.com\\\/wp-content\\\/uploads\\\/2020\\\/04\\\/logo-verde_350x100.svg\",\"width\":350,\"height\":100,\"caption\":\"Urbanitae\"},\"image\":{\"@id\":\"https:\\\/\\\/blog.urbanitae.com\\\/de\\\/#\\\/schema\\\/logo\\\/image\\\/\"},\"sameAs\":[\"https:\\\/\\\/www.facebook.com\\\/urbanitae\",\"https:\\\/\\\/x.com\\\/urbanitae\",\"https:\\\/\\\/www.instagram.com\\\/urbanitae\",\"https:\\\/\\\/www.linkedin.com\\\/company\\\/urbanitae\",\"https:\\\/\\\/www.pinterest.es\\\/UrbanitaeSL\\\/_created\\\/\",\"https:\\\/\\\/www.youtube.com\\\/c\\\/Urbanitae_RE\"]},{\"@type\":\"Person\",\"@id\":\"https:\\\/\\\/blog.urbanitae.com\\\/de\\\/#\\\/schema\\\/person\\\/e7b2d152f5654066832c53f5aa04fbf7\",\"name\":\"Equipo Urbanitae\",\"image\":{\"@type\":\"ImageObject\",\"inLanguage\":\"de\",\"@id\":\"https:\\\/\\\/secure.gravatar.com\\\/avatar\\\/e75782c6aa253c8ac75c13b1ec97172bb2d67437baa4354ba4b0650a97f565f2?s=96&d=mm&r=g\",\"url\":\"https:\\\/\\\/secure.gravatar.com\\\/avatar\\\/e75782c6aa253c8ac75c13b1ec97172bb2d67437baa4354ba4b0650a97f565f2?s=96&d=mm&r=g\",\"contentUrl\":\"https:\\\/\\\/secure.gravatar.com\\\/avatar\\\/e75782c6aa253c8ac75c13b1ec97172bb2d67437baa4354ba4b0650a97f565f2?s=96&d=mm&r=g\",\"caption\":\"Equipo Urbanitae\"},\"sameAs\":[\"https:\\\/\\\/urbanitae.com\"],\"url\":\"https:\\\/\\\/blog.urbanitae.com\\\/de\\\/author\\\/urbanitae\\\/\"}]}<\/script>\n<!-- \/ Yoast SEO plugin. -->","yoast_head_json":{"title":"Der spanische Immobiliensektor: Schl\u00fcsselfaktoren des dritten Quartals 2025","description":"Der spanische Immobiliensektor 2025 zeigt Stabilit\u00e4t, doch hohe Preise und ein knappes Angebot setzen den Markt weiter unter Druck.","robots":{"index":"index","follow":"follow","max-snippet":"max-snippet:-1","max-image-preview":"max-image-preview:large","max-video-preview":"max-video-preview:-1"},"canonical":"https:\/\/blog.urbanitae.com\/de\/2025\/11\/11\/der-spanische-immobiliensektor-schluesselfaktoren-des-dritten-quartals-2025\/","og_locale":"de_DE","og_type":"article","og_title":"Spanischer Immobiliensektor 2025: Stabilisierung trotz Angebotsmangel","og_description":"Der spanische Immobiliensektor 2025 zeigt Stabilit\u00e4t, doch hohe Preise und ein knappes Angebot setzen den Markt weiter unter Druck.","og_url":"https:\/\/blog.urbanitae.com\/de\/2025\/11\/11\/der-spanische-immobiliensektor-schluesselfaktoren-des-dritten-quartals-2025\/","og_site_name":"Urbanitae Blog | Las mejores noticias sobre inversi\u00f3n inmobiliaria","article_publisher":"https:\/\/www.facebook.com\/urbanitae","article_published_time":"2025-11-11T09:25:57+00:00","article_modified_time":"2025-11-12T13:42:41+00:00","og_image":[{"width":1400,"height":735,"url":"https:\/\/blog.urbanitae.com\/wp-content\/uploads\/2025\/11\/Destacada-blog-37.webp","type":"image\/webp"}],"author":"Equipo Urbanitae","twitter_card":"summary_large_image","twitter_creator":"@urbanitae","twitter_site":"@urbanitae","twitter_misc":{"Verfasst von":"Equipo Urbanitae","Gesch\u00e4tzte Lesezeit":"3\u00a0Minuten"},"schema":{"@context":"https:\/\/schema.org","@graph":[{"@type":["Article","BlogPosting"],"@id":"https:\/\/blog.urbanitae.com\/de\/2025\/11\/11\/der-spanische-immobiliensektor-schluesselfaktoren-des-dritten-quartals-2025\/#article","isPartOf":{"@id":"https:\/\/blog.urbanitae.com\/de\/2025\/11\/11\/der-spanische-immobiliensektor-schluesselfaktoren-des-dritten-quartals-2025\/"},"author":{"name":"Equipo Urbanitae","@id":"https:\/\/blog.urbanitae.com\/de\/#\/schema\/person\/e7b2d152f5654066832c53f5aa04fbf7"},"headline":"Der spanische Immobiliensektor: Schl\u00fcsselfaktoren des dritten Quartals 2025","datePublished":"2025-11-11T09:25:57+00:00","dateModified":"2025-11-12T13:42:41+00:00","mainEntityOfPage":{"@id":"https:\/\/blog.urbanitae.com\/de\/2025\/11\/11\/der-spanische-immobiliensektor-schluesselfaktoren-des-dritten-quartals-2025\/"},"wordCount":564,"commentCount":0,"publisher":{"@id":"https:\/\/blog.urbanitae.com\/de\/#organization"},"image":{"@id":"https:\/\/blog.urbanitae.com\/de\/2025\/11\/11\/der-spanische-immobiliensektor-schluesselfaktoren-des-dritten-quartals-2025\/#primaryimage"},"thumbnailUrl":"https:\/\/blog.urbanitae.com\/wp-content\/uploads\/2025\/11\/Destacada-blog-37.webp","keywords":["Urbanitae"],"articleSection":["Immobilieninvestition","Urbanitae"],"inLanguage":"de","potentialAction":[{"@type":"CommentAction","name":"Comment","target":["https:\/\/blog.urbanitae.com\/de\/2025\/11\/11\/der-spanische-immobiliensektor-schluesselfaktoren-des-dritten-quartals-2025\/#respond"]}]},{"@type":["WebPage","ItemPage"],"@id":"https:\/\/blog.urbanitae.com\/de\/2025\/11\/11\/der-spanische-immobiliensektor-schluesselfaktoren-des-dritten-quartals-2025\/","url":"https:\/\/blog.urbanitae.com\/de\/2025\/11\/11\/der-spanische-immobiliensektor-schluesselfaktoren-des-dritten-quartals-2025\/","name":"Der spanische Immobiliensektor: Schl\u00fcsselfaktoren des dritten Quartals 2025","isPartOf":{"@id":"https:\/\/blog.urbanitae.com\/de\/#website"},"primaryImageOfPage":{"@id":"https:\/\/blog.urbanitae.com\/de\/2025\/11\/11\/der-spanische-immobiliensektor-schluesselfaktoren-des-dritten-quartals-2025\/#primaryimage"},"image":{"@id":"https:\/\/blog.urbanitae.com\/de\/2025\/11\/11\/der-spanische-immobiliensektor-schluesselfaktoren-des-dritten-quartals-2025\/#primaryimage"},"thumbnailUrl":"https:\/\/blog.urbanitae.com\/wp-content\/uploads\/2025\/11\/Destacada-blog-37.webp","datePublished":"2025-11-11T09:25:57+00:00","dateModified":"2025-11-12T13:42:41+00:00","description":"Der spanische Immobiliensektor 2025 zeigt Stabilit\u00e4t, doch hohe Preise und ein knappes Angebot setzen den Markt weiter unter Druck.","breadcrumb":{"@id":"https:\/\/blog.urbanitae.com\/de\/2025\/11\/11\/der-spanische-immobiliensektor-schluesselfaktoren-des-dritten-quartals-2025\/#breadcrumb"},"inLanguage":"de","potentialAction":[{"@type":"ReadAction","target":["https:\/\/blog.urbanitae.com\/de\/2025\/11\/11\/der-spanische-immobiliensektor-schluesselfaktoren-des-dritten-quartals-2025\/"]}]},{"@type":"ImageObject","inLanguage":"de","@id":"https:\/\/blog.urbanitae.com\/de\/2025\/11\/11\/der-spanische-immobiliensektor-schluesselfaktoren-des-dritten-quartals-2025\/#primaryimage","url":"https:\/\/blog.urbanitae.com\/wp-content\/uploads\/2025\/11\/Destacada-blog-37.webp","contentUrl":"https:\/\/blog.urbanitae.com\/wp-content\/uploads\/2025\/11\/Destacada-blog-37.webp","width":1400,"height":735,"caption":"El sector inmobiliario espa\u00f1ol claves del tercer trimestre de 2025 The Spanish Real Estate Sector Key Insights from the Third Quarter of 2025 Le secteur immobilier espagnol principaux enseignements du troisi\u00e8me trimestre 2025 Der spanische Immobiliensektor Schl\u00fcsselfaktoren des dritten Quartals 2025 Il settore immobiliare spagnolo punti chiave del terzo trimestre 2025 O setor imobili\u00e1rio espanhol principais tend\u00eancias do terceiro trimestre de 2025"},{"@type":"BreadcrumbList","@id":"https:\/\/blog.urbanitae.com\/de\/2025\/11\/11\/der-spanische-immobiliensektor-schluesselfaktoren-des-dritten-quartals-2025\/#breadcrumb","itemListElement":[{"@type":"ListItem","position":1,"name":"Portada","item":"https:\/\/blog.urbanitae.com\/de\/"},{"@type":"ListItem","position":2,"name":"Der spanische Immobiliensektor: Schl\u00fcsselfaktoren des dritten Quartals 2025"}]},{"@type":"WebSite","@id":"https:\/\/blog.urbanitae.com\/de\/#website","url":"https:\/\/blog.urbanitae.com\/de\/","name":"Urbanitae Blog | Las mejores noticias sobre inversi\u00f3n inmobiliaria","description":"Inversi\u00f3n inmobiliaria al alcance de todos","publisher":{"@id":"https:\/\/blog.urbanitae.com\/de\/#organization"},"potentialAction":[{"@type":"SearchAction","target":{"@type":"EntryPoint","urlTemplate":"https:\/\/blog.urbanitae.com\/de\/?s={search_term_string}"},"query-input":{"@type":"PropertyValueSpecification","valueRequired":true,"valueName":"search_term_string"}}],"inLanguage":"de"},{"@type":"Organization","@id":"https:\/\/blog.urbanitae.com\/de\/#organization","name":"Urbanitae","url":"https:\/\/blog.urbanitae.com\/de\/","logo":{"@type":"ImageObject","inLanguage":"de","@id":"https:\/\/blog.urbanitae.com\/de\/#\/schema\/logo\/image\/","url":"https:\/\/blog.urbanitae.com\/wp-content\/uploads\/2020\/04\/logo-verde_350x100.svg","contentUrl":"https:\/\/blog.urbanitae.com\/wp-content\/uploads\/2020\/04\/logo-verde_350x100.svg","width":350,"height":100,"caption":"Urbanitae"},"image":{"@id":"https:\/\/blog.urbanitae.com\/de\/#\/schema\/logo\/image\/"},"sameAs":["https:\/\/www.facebook.com\/urbanitae","https:\/\/x.com\/urbanitae","https:\/\/www.instagram.com\/urbanitae","https:\/\/www.linkedin.com\/company\/urbanitae","https:\/\/www.pinterest.es\/UrbanitaeSL\/_created\/","https:\/\/www.youtube.com\/c\/Urbanitae_RE"]},{"@type":"Person","@id":"https:\/\/blog.urbanitae.com\/de\/#\/schema\/person\/e7b2d152f5654066832c53f5aa04fbf7","name":"Equipo Urbanitae","image":{"@type":"ImageObject","inLanguage":"de","@id":"https:\/\/secure.gravatar.com\/avatar\/e75782c6aa253c8ac75c13b1ec97172bb2d67437baa4354ba4b0650a97f565f2?s=96&d=mm&r=g","url":"https:\/\/secure.gravatar.com\/avatar\/e75782c6aa253c8ac75c13b1ec97172bb2d67437baa4354ba4b0650a97f565f2?s=96&d=mm&r=g","contentUrl":"https:\/\/secure.gravatar.com\/avatar\/e75782c6aa253c8ac75c13b1ec97172bb2d67437baa4354ba4b0650a97f565f2?s=96&d=mm&r=g","caption":"Equipo Urbanitae"},"sameAs":["https:\/\/urbanitae.com"],"url":"https:\/\/blog.urbanitae.com\/de\/author\/urbanitae\/"}]}},"_links":{"self":[{"href":"https:\/\/blog.urbanitae.com\/de\/wp-json\/wp\/v2\/posts\/73675","targetHints":{"allow":["GET"]}}],"collection":[{"href":"https:\/\/blog.urbanitae.com\/de\/wp-json\/wp\/v2\/posts"}],"about":[{"href":"https:\/\/blog.urbanitae.com\/de\/wp-json\/wp\/v2\/types\/post"}],"author":[{"embeddable":true,"href":"https:\/\/blog.urbanitae.com\/de\/wp-json\/wp\/v2\/users\/1"}],"replies":[{"embeddable":true,"href":"https:\/\/blog.urbanitae.com\/de\/wp-json\/wp\/v2\/comments?post=73675"}],"version-history":[{"count":0,"href":"https:\/\/blog.urbanitae.com\/de\/wp-json\/wp\/v2\/posts\/73675\/revisions"}],"wp:featuredmedia":[{"embeddable":true,"href":"https:\/\/blog.urbanitae.com\/de\/wp-json\/wp\/v2\/media\/73724"}],"wp:attachment":[{"href":"https:\/\/blog.urbanitae.com\/de\/wp-json\/wp\/v2\/media?parent=73675"}],"wp:term":[{"taxonomy":"category","embeddable":true,"href":"https:\/\/blog.urbanitae.com\/de\/wp-json\/wp\/v2\/categories?post=73675"},{"taxonomy":"post_tag","embeddable":true,"href":"https:\/\/blog.urbanitae.com\/de\/wp-json\/wp\/v2\/tags?post=73675"}],"curies":[{"name":"wp","href":"https:\/\/api.w.org\/{rel}","templated":true}]}}