{"id":57954,"date":"2025-03-17T09:55:37","date_gmt":"2025-03-17T08:55:37","guid":{"rendered":"https:\/\/blog.urbanitae.com\/?p=57954"},"modified":"2025-03-17T10:09:51","modified_gmt":"2025-03-17T09:09:51","slug":"das-wohnungsdefizit-wie-werden-die-grossstaedte-das-zukuenftige-defizit-von-27-millionen-wohnungen-bewaeltigen","status":"publish","type":"post","link":"https:\/\/blog.urbanitae.com\/de\/2025\/03\/17\/das-wohnungsdefizit-wie-werden-die-grossstaedte-das-zukuenftige-defizit-von-27-millionen-wohnungen-bewaeltigen\/","title":{"rendered":"Das Wohnungsdefizit: Wie werden die Gro\u00dfst\u00e4dte das zuk\u00fcnftige Defizit von 2,7 Millionen Wohnungen bew\u00e4ltigen?"},"content":{"rendered":"\n<p>Das <strong>Wohnungsdefizit<\/strong> in Spanien ist eine der dringendsten Herausforderungen f\u00fcr die Zukunft der Gro\u00dfst\u00e4dte. Die Kombination aus steigenden Bodenpreisen, einem beschleunigten demografischen Wandel und \u00fcberm\u00e4\u00dfig langsamen st\u00e4dtebaulichen Prozessen hat zu einem Szenario gef\u00fchrt, in dem der Neubau von Wohnungen weit hinter der wachsenden Nachfrage zur\u00fcckbleibt.<\/p>\n\n\n\n<p><strong>Santiago Mart\u00ednez, Leiter der wirtschaftlichen und finanziellen Analyse bei Ibercaja<\/strong>, weist darauf hin, dass der Hauptgrund f\u00fcr das Wohnungsdefizit das Ungleichgewicht zwischen Angebot und Nachfrage ist: <em>\u201eDie Nachfrage ist aus demografischen Gr\u00fcnden wieder gestiegen, da die Zahl der Menschen im Alter der Haushaltsgr\u00fcndung nach f\u00fcnfzehn Jahren des R\u00fcckgangs wieder w\u00e4chst. Allerdings ist das Angebot weiterhin auf einem sehr niedrigen Niveau stagnierend. Solange der \u00fcbersch\u00fcssige Bestand aus der Immobilienblase nicht vollst\u00e4ndig absorbiert war, stellte dies kein Problem dar. Doch nun herrscht ein Wohnungsmangel, der schwer zu beheben sein wird.\u201c<\/em><\/p>\n\n\n\n<p>Auch j\u00fcngste Studien, wie die von <strong><a href=\"https:\/\/www.colliers.com\/es-es\/research\/informe-necesidad-de-suelo\" target=\"_blank\" rel=\"noreferrer noopener\">Colliers und APCE<\/a><\/strong>, warnen davor, dass das <strong>Defizit ohne strukturelle Eingriffe in den kommenden Jahrzehnten 2,7 Millionen Wohneinheiten \u00fcberschreiten k\u00f6nnte<\/strong>. Angesichts dieses Szenarios ist es unerl\u00e4sslich, die Ursachen dieses Ungleichgewichts zu analysieren, seine wirtschaftlichen und gesellschaftlichen Auswirkungen zu verstehen und ganzheitliche Strategien zu entwickeln, die regulatorische Reformen mit innovativen Finanzierungsinstrumenten f\u00fcr Neubauprojekte kombinieren, wie z. B. <strong>Immobilien-Crowdfunding \u00fcber Plattformen wie Urbanitae<\/strong>.<\/p>\n\n\n\n<h2 class=\"wp-block-heading\"><strong>Ursachen des Wohnungsdefizits<\/strong><\/h2>\n\n\n\n<p>Das Wohnungsdefizit hat vielschichtige und komplexe Ursachen, die sich in drei Hauptbereiche gliedern. Erstens hat sich <strong>der hohe Bodenpreis in stark nachgefragten Gebieten<\/strong> zu einem zentralen Hindernis f\u00fcr die Entwicklung <a href=\"https:\/\/blog.urbanitae.com\/de\/2025\/01\/09\/die-realitaet-des-neubauimmobilienmarktes-in-spanien\/?utm_source=blog_de&amp;utm_medium=organic&amp;utm_campaign=urbanitae_blog_0325&amp;utm_term=neuer_projekte&amp;utm_content=de_deficit_habitacional\" target=\"_blank\" rel=\"noreferrer noopener\">neuer Projekte<\/a> entwickelt. Dieser Faktor wird durch steigende Baukosten noch versch\u00e4rft, die auf <strong>h\u00f6here Materialpreise und einen Mangel an qualifizierten Arbeitskr\u00e4ften<\/strong> zur\u00fcckzuf\u00fchren sind. Dadurch schrumpfen die Gewinnspannen f\u00fcr Bautr\u00e4ger, was Investitionen in neue Wohnprojekte unattraktiver macht.<\/p>\n\n\n\n<p>Zweitens ist der <strong>Bodenumwandlungsprozess in Spanien \u00e4u\u00dferst komplex<\/strong>, da die <strong>Umwidmung von landwirtschaftlicher Fl\u00e4che zu Bauland eine Vielzahl von Genehmigungen<\/strong> erfordert und die Zusammenarbeit verschiedener \u00f6ffentlicher Verwaltungen (Gemeinden, autonome Regionen und der Staat) notwendig ist. Laut Mart\u00ednez: <em>\u201eDie Zeitr\u00e4ume zur Erh\u00f6hung des Wohnungsangebots sind sehr lang, da eine Stadtplanung, Genehmigungsprozesse und Bauzeit erforderlich sind. Zudem hat sich die Gr\u00f6\u00dfe des Bausektors nach der gro\u00dfen Rezession verringert, was die F\u00e4higkeit zur Reaktion auf die steigende Nachfrage erschwert.\u201c<\/em><\/p>\n\n\n\n<h2 class=\"wp-block-heading\"><strong>Auswirkungen auf Wirtschaft und Gesellschaft<\/strong><\/h2>\n\n\n\n<p>Das Ungleichgewicht zwischen Angebot und Nachfrage auf dem Wohnungsmarkt hat erhebliche wirtschaftliche und soziale Folgen. Einerseits f\u00fchrt <strong>das begrenzte Wohnungsangebot zu einem anhaltenden Anstieg der Kauf- und Mietpreise<\/strong>, die im vergangenen Jahr Rekordh\u00f6hen erreichten. Der Experte von Ibercaja erkl\u00e4rt, dass dieser Wohnungsmangel <em>\u201eeine starke Preissteigerung verursacht, die den Immobilienerwerb erschwert, insbesondere in Regionen mit wachsender Nachfrage wie Madrid, die Mittelmeerk\u00fcste und die Kanarischen Inseln.\u201c<\/em> Diese Preissteigerung erschwert vor allem einkommensschwachen Familien den Zugang zu Wohnraum, da sie einen erheblichen Teil ihres Einkommens f\u00fcr Mieten oder Hypotheken aufwenden m\u00fcssen.<\/p>\n\n\n\n<p>Dieses Ph\u00e4nomen hat auch Auswirkungen auf den Immobilienmarkt. <strong>Wenn die Boden- und Baukosten steigen, werden Projekte teurer und f\u00fcr Investoren weniger attraktiv.<\/strong> Die hohen Kosten erfordern eine gr\u00f6\u00dfere Anfangsinvestition, weshalb Banken strengere Garantien verlangen und das Risiko genauer bewerten. Dies f\u00fchrt dazu, dass <strong>der Zugang zu Krediten eingeschr\u00e4nkt wird<\/strong>, da Banken zur\u00fcckhaltend sind, Projekte mit geringen Gewinnmargen und hohem Risiko zu finanzieren. <strong>Die hohen Investitionskosten verringern zudem die erwartete Rentabilit\u00e4t, wodurch viele Entwickler Projekte verschieben oder sogar stornieren.<\/strong><\/p>\n\n\n\n<p>Diese geringere Baut\u00e4tigkeit beeinflusst wiederum die gesamtwirtschaftliche Dynamik. In diesem Zusammenhang warnt Mart\u00ednez: <em>\u201eEin steigender Anteil des Einkommens, der f\u00fcr Wohnkosten aufgewendet wird, reduziert die Konsumausgaben in anderen Bereichen und bremst das Wirtschaftswachstum. Eine Beschleunigung des Bausektors k\u00f6nnte jedoch positive Effekte auf das BIP und die Besch\u00e4ftigung haben.\u201c<\/em><\/p>\n\n\n\n<p>Parallel dazu verst\u00e4rkt die <strong>Wohnungskrise die soziale Polarisierung<\/strong>. <strong>In gro\u00dfen Metropolen und touristisch attraktiven Gebieten steigen die Preise rapide<\/strong>, was dazu f\u00fchrt, dass Menschen in Randgebiete verdr\u00e4ngt werden oder in minderwertige Wohnungen ziehen m\u00fcssen. Diese Dynamiken beg\u00fcnstigen die soziale Segregation, da die Unterschiede in der <strong>Wohnqualit\u00e4t und Erschwinglichkeit<\/strong> immer deutlicher zwischen verschiedenen sozio\u00f6konomischen Gruppen werden. Laut der <strong>Spanischen Finanzumfrage (EFF) der Banco de Espa\u00f1a<\/strong> hat sich die <strong>Generationenschere in den letzten Jahrzehnten erheblich vergr\u00f6\u00dfert<\/strong>: Personen, die zwischen 1986 und 1995 geboren wurden, haben heute f\u00fcnfmal weniger Verm\u00f6gen als ihre Vorg\u00e4nger im gleichen Alter. Dies zeigt die Auswirkungen steigender Wohnkosten und unsicherer Arbeitsverh\u00e4ltnisse.<\/p>\n\n\n\n<h2 class=\"wp-block-heading\"><strong>Strategien und gesetzliche L\u00f6sungen<\/strong><\/h2>\n\n\n\n<p>Um dieses Szenario zu bew\u00e4ltigen, m\u00fcssen dringend <strong>Ma\u00dfnahmen zur Beschleunigung des Wohnungsbaus<\/strong> und zur <strong>Freisetzung von Bauland<\/strong> ergriffen werden. Eine <strong>Priorit\u00e4t ist die Vereinfachung und Digitalisierung st\u00e4dtebaulicher Prozesse<\/strong>. Die <strong>Verk\u00fcrzung von Genehmigungsfristen durch aktualisierte Vorschriften<\/strong> und eine bessere Koordination zwischen Verwaltungen k\u00f6nnte dazu beitragen, dass mehr Bauland schneller zur Verf\u00fcgung steht. Der <strong>Colliers-APCE-Bericht<\/strong> hebt die <strong>Notwendigkeit einer digitalen Plattform hervor, um Genehmigungsverfahren zu beschleunigen, die Rechtssicherheit zu erh\u00f6hen und die Planungszeiten zu verk\u00fcrzen<\/strong>.<\/p>\n\n\n\n<p>Mart\u00ednez betont zudem die <strong>Industrialisierung von Bauprozessen<\/strong>, um <strong>modulare und vorgefertigte Bauweisen<\/strong> zu f\u00f6rdern, was angesichts des Fachkr\u00e4ftemangels die Produktionskapazit\u00e4t steigern k\u00f6nnte. Ebenso unterstreicht er die Bedeutung des \u00f6ffentlichen Sektors bei der <strong>F\u00f6rderung von Sozialwohnungen<\/strong>, sei es durch direkte Baut\u00e4tigkeit oder durch Anreize f\u00fcr den privaten Wohnungsbau.<\/p>\n\n\n\n<h2 class=\"wp-block-heading\"><strong>Die Rolle des Immobilienmarktes und des Crowdfundings<\/strong><\/h2>\n\n\n\n<p>Der <strong>Markt f\u00fcr Neubauimmobilien spielt eine entscheidende Rolle bei der Erh\u00f6hung des Wohnungsangebots<\/strong>, aber oft fehlt Bautr\u00e4gern die <strong>notwendige Finanzierung<\/strong>, um neue Projekte zu realisieren.<\/p>\n\n\n\n<p>Der Ibercaja-Experte betont: <em>\u201eEin solider Finanzsektor wie der unsere ist unerl\u00e4sslich, um die Immobilienfinanzierung zu steigern.\u201c<\/em> Er f\u00fcgt hinzu, dass <em>\u201eobwohl das Interesse an mehr Kreditvergabe besteht, fr\u00fchere Fehler vermieden werden m\u00fcssen, die zur Immobilienblase gef\u00fchrt haben.\u201c<\/em><\/p>\n\n\n\n<p>Neben traditionellen Immobilienfonds sind in den letzten Jahren <strong>neue Finanzierungsalternativen<\/strong> wie das <strong>Immobilien-Crowdfunding<\/strong> entstanden. <strong><a href=\"https:\/\/urbanitae.com\/en\/?utm_source=blog_de&amp;utm_medium=organic&amp;utm_campaign=urbanitae_blog_0325&amp;utm_term=urbanitae&amp;utm_content=de_deficit_habitacional\" target=\"_blank\" rel=\"noreferrer noopener\">Urbanitae<\/a><\/strong> finanzierte <a href=\"https:\/\/www.lavanguardia.com\/economia\/20250124\/10316104\/urbanitae-cerro-2024-volumen-financiado-promocion-inmobiliaria-213-millones-euros-agenciaslv20250124.html\" target=\"_blank\" rel=\"noreferrer noopener\">2024 <strong>rund 2.500 Wohnungen<\/strong><\/a>, davon <strong>87 % in Spanien<\/strong>, und schloss das Jahr mit einem <strong>Finanzierungsvolumen von 213 Millionen Euro ab, 60 % mehr als im Vorjahr<\/strong>.<\/p>\n\n\n\n<p>Dieser Trend zeigt nicht nur das <strong>Potenzial neuer Investitionsmodelle<\/strong>, sondern best\u00e4tigt auch, dass <strong>Crowdfunding zu einer Schl\u00fcsselstrategie f\u00fcr den Immobilienmarkt wird<\/strong>, indem es alternative Finanzierungsm\u00f6glichkeiten in einem sich wandelnden Markt bietet, der immer innovativere L\u00f6sungen erfordert.<\/p>\n","protected":false},"excerpt":{"rendered":"<p>Das Ungleichgewicht zwischen Wohnungsangebot und -nachfrage hat erhebliche Auswirkungen sowohl auf die Wirtschaft als auch auf die Gesellschaft.<\/p>\n","protected":false},"author":1,"featured_media":58090,"comment_status":"open","ping_status":"closed","sticky":false,"template":"","format":"standard","meta":{"inline_featured_image":false,"footnotes":""},"categories":[1686],"tags":[],"class_list":["post-57954","post","type-post","status-publish","format-standard","has-post-thumbnail","hentry","category-immobilieninvestition-de"],"blocksy_meta":[],"yoast_head":"<!-- This site is optimized with the Yoast SEO plugin v27.5 - https:\/\/yoast.com\/product\/yoast-seo-wordpress\/ -->\n<title>Das Wohnungsdefizit: Wie werden die Gro\u00dfst\u00e4dte das zuk\u00fcnftige Defizit von 2,7 Millionen Wohnungen bew\u00e4ltigen? - Urbanitae Blog<\/title>\n<meta name=\"description\" content=\"Das Wohnungsdefizit in Spanien ist eine der dringendsten Herausforderungen f\u00fcr die Zukunft der gro\u00dfen St\u00e4dte. Mehr lesen.\" \/>\n<meta name=\"robots\" content=\"index, follow, max-snippet:-1, max-image-preview:large, max-video-preview:-1\" \/>\n<link rel=\"canonical\" href=\"https:\/\/blog.urbanitae.com\/de\/2025\/03\/17\/das-wohnungsdefizit-wie-werden-die-grossstaedte-das-zukuenftige-defizit-von-27-millionen-wohnungen-bewaeltigen\/\" \/>\n<meta property=\"og:locale\" content=\"de_DE\" \/>\n<meta property=\"og:type\" content=\"article\" \/>\n<meta property=\"og:title\" content=\"Wie werden die St\u00e4dte den Mangel an 2,7 Millionen Wohnungen bew\u00e4ltigen?\" \/>\n<meta property=\"og:description\" content=\"Der Markt f\u00fcr Neubauimmobilien ist entscheidend, um das Angebot zu erh\u00f6hen, doch Bautr\u00e4ger haben oft keine ausreichende Finanzierung f\u00fcr neue Projekte.\" \/>\n<meta property=\"og:url\" content=\"https:\/\/blog.urbanitae.com\/de\/2025\/03\/17\/das-wohnungsdefizit-wie-werden-die-grossstaedte-das-zukuenftige-defizit-von-27-millionen-wohnungen-bewaeltigen\/\" \/>\n<meta property=\"og:site_name\" content=\"Urbanitae Blog | Las mejores noticias sobre inversi\u00f3n inmobiliaria\" \/>\n<meta property=\"article:publisher\" content=\"https:\/\/www.facebook.com\/urbanitae\" \/>\n<meta property=\"article:published_time\" content=\"2025-03-17T08:55:37+00:00\" \/>\n<meta property=\"article:modified_time\" content=\"2025-03-17T09:09:51+00:00\" \/>\n<meta property=\"og:image\" content=\"https:\/\/blog.urbanitae.com\/wp-content\/uploads\/2025\/03\/deficit-habitacional.webp\" \/>\n\t<meta property=\"og:image:width\" content=\"1400\" \/>\n\t<meta property=\"og:image:height\" content=\"735\" \/>\n\t<meta property=\"og:image:type\" content=\"image\/webp\" \/>\n<meta name=\"author\" content=\"Equipo Urbanitae\" \/>\n<meta name=\"twitter:card\" content=\"summary_large_image\" \/>\n<meta name=\"twitter:creator\" content=\"@urbanitae\" \/>\n<meta name=\"twitter:site\" content=\"@urbanitae\" \/>\n<meta name=\"twitter:label1\" content=\"Verfasst von\" \/>\n\t<meta name=\"twitter:data1\" content=\"Equipo Urbanitae\" \/>\n\t<meta name=\"twitter:label2\" content=\"Gesch\u00e4tzte Lesezeit\" \/>\n\t<meta name=\"twitter:data2\" content=\"5\u00a0Minuten\" \/>\n<script type=\"application\/ld+json\" class=\"yoast-schema-graph\">{\"@context\":\"https:\\\/\\\/schema.org\",\"@graph\":[{\"@type\":[\"Article\",\"BlogPosting\"],\"@id\":\"https:\\\/\\\/blog.urbanitae.com\\\/de\\\/2025\\\/03\\\/17\\\/das-wohnungsdefizit-wie-werden-die-grossstaedte-das-zukuenftige-defizit-von-27-millionen-wohnungen-bewaeltigen\\\/#article\",\"isPartOf\":{\"@id\":\"https:\\\/\\\/blog.urbanitae.com\\\/de\\\/2025\\\/03\\\/17\\\/das-wohnungsdefizit-wie-werden-die-grossstaedte-das-zukuenftige-defizit-von-27-millionen-wohnungen-bewaeltigen\\\/\"},\"author\":{\"name\":\"Equipo Urbanitae\",\"@id\":\"https:\\\/\\\/blog.urbanitae.com\\\/de\\\/#\\\/schema\\\/person\\\/e7b2d152f5654066832c53f5aa04fbf7\"},\"headline\":\"Das Wohnungsdefizit: Wie werden die Gro\u00dfst\u00e4dte das zuk\u00fcnftige Defizit von 2,7 Millionen Wohnungen bew\u00e4ltigen?\",\"datePublished\":\"2025-03-17T08:55:37+00:00\",\"dateModified\":\"2025-03-17T09:09:51+00:00\",\"mainEntityOfPage\":{\"@id\":\"https:\\\/\\\/blog.urbanitae.com\\\/de\\\/2025\\\/03\\\/17\\\/das-wohnungsdefizit-wie-werden-die-grossstaedte-das-zukuenftige-defizit-von-27-millionen-wohnungen-bewaeltigen\\\/\"},\"wordCount\":1045,\"commentCount\":0,\"publisher\":{\"@id\":\"https:\\\/\\\/blog.urbanitae.com\\\/de\\\/#organization\"},\"image\":{\"@id\":\"https:\\\/\\\/blog.urbanitae.com\\\/de\\\/2025\\\/03\\\/17\\\/das-wohnungsdefizit-wie-werden-die-grossstaedte-das-zukuenftige-defizit-von-27-millionen-wohnungen-bewaeltigen\\\/#primaryimage\"},\"thumbnailUrl\":\"https:\\\/\\\/blog.urbanitae.com\\\/wp-content\\\/uploads\\\/2025\\\/03\\\/deficit-habitacional.webp\",\"articleSection\":[\"Immobilieninvestition\"],\"inLanguage\":\"de\",\"potentialAction\":[{\"@type\":\"CommentAction\",\"name\":\"Comment\",\"target\":[\"https:\\\/\\\/blog.urbanitae.com\\\/de\\\/2025\\\/03\\\/17\\\/das-wohnungsdefizit-wie-werden-die-grossstaedte-das-zukuenftige-defizit-von-27-millionen-wohnungen-bewaeltigen\\\/#respond\"]}]},{\"@type\":[\"WebPage\",\"ItemPage\"],\"@id\":\"https:\\\/\\\/blog.urbanitae.com\\\/de\\\/2025\\\/03\\\/17\\\/das-wohnungsdefizit-wie-werden-die-grossstaedte-das-zukuenftige-defizit-von-27-millionen-wohnungen-bewaeltigen\\\/\",\"url\":\"https:\\\/\\\/blog.urbanitae.com\\\/de\\\/2025\\\/03\\\/17\\\/das-wohnungsdefizit-wie-werden-die-grossstaedte-das-zukuenftige-defizit-von-27-millionen-wohnungen-bewaeltigen\\\/\",\"name\":\"Das Wohnungsdefizit: Wie werden die Gro\u00dfst\u00e4dte das zuk\u00fcnftige Defizit von 2,7 Millionen Wohnungen bew\u00e4ltigen? - Urbanitae Blog\",\"isPartOf\":{\"@id\":\"https:\\\/\\\/blog.urbanitae.com\\\/de\\\/#website\"},\"primaryImageOfPage\":{\"@id\":\"https:\\\/\\\/blog.urbanitae.com\\\/de\\\/2025\\\/03\\\/17\\\/das-wohnungsdefizit-wie-werden-die-grossstaedte-das-zukuenftige-defizit-von-27-millionen-wohnungen-bewaeltigen\\\/#primaryimage\"},\"image\":{\"@id\":\"https:\\\/\\\/blog.urbanitae.com\\\/de\\\/2025\\\/03\\\/17\\\/das-wohnungsdefizit-wie-werden-die-grossstaedte-das-zukuenftige-defizit-von-27-millionen-wohnungen-bewaeltigen\\\/#primaryimage\"},\"thumbnailUrl\":\"https:\\\/\\\/blog.urbanitae.com\\\/wp-content\\\/uploads\\\/2025\\\/03\\\/deficit-habitacional.webp\",\"datePublished\":\"2025-03-17T08:55:37+00:00\",\"dateModified\":\"2025-03-17T09:09:51+00:00\",\"description\":\"Das Wohnungsdefizit in Spanien ist eine der dringendsten Herausforderungen f\u00fcr die Zukunft der gro\u00dfen St\u00e4dte. Mehr lesen.\",\"breadcrumb\":{\"@id\":\"https:\\\/\\\/blog.urbanitae.com\\\/de\\\/2025\\\/03\\\/17\\\/das-wohnungsdefizit-wie-werden-die-grossstaedte-das-zukuenftige-defizit-von-27-millionen-wohnungen-bewaeltigen\\\/#breadcrumb\"},\"inLanguage\":\"de\",\"potentialAction\":[{\"@type\":\"ReadAction\",\"target\":[\"https:\\\/\\\/blog.urbanitae.com\\\/de\\\/2025\\\/03\\\/17\\\/das-wohnungsdefizit-wie-werden-die-grossstaedte-das-zukuenftige-defizit-von-27-millionen-wohnungen-bewaeltigen\\\/\"]}]},{\"@type\":\"ImageObject\",\"inLanguage\":\"de\",\"@id\":\"https:\\\/\\\/blog.urbanitae.com\\\/de\\\/2025\\\/03\\\/17\\\/das-wohnungsdefizit-wie-werden-die-grossstaedte-das-zukuenftige-defizit-von-27-millionen-wohnungen-bewaeltigen\\\/#primaryimage\",\"url\":\"https:\\\/\\\/blog.urbanitae.com\\\/wp-content\\\/uploads\\\/2025\\\/03\\\/deficit-habitacional.webp\",\"contentUrl\":\"https:\\\/\\\/blog.urbanitae.com\\\/wp-content\\\/uploads\\\/2025\\\/03\\\/deficit-habitacional.webp\",\"width\":1400,\"height\":735,\"caption\":\"El d\u00e9ficit habitacional: \u00bfc\u00f3mo afrontar\u00e1n las grandes ciudades el futuro d\u00e9ficit de 2,7 millones de viviendas? The housing deficit: how will major cities face the future shortfall of 2.7 million homes? Le d\u00e9ficit de logement : comment les grandes villes feront-elles face \u00e0 un d\u00e9ficit futur de 2,7 millions de logements ? Il deficit abitativo: come affronteranno le grandi citt\u00e0 il futuro deficit di 2,7 milioni di abitazioni? O d\u00e9ficit habitacional: como as grandes cidades enfrentar\u00e3o o futuro d\u00e9ficit de 2,7 milh\u00f5es de habita\u00e7\u00f5es? Das Wohnungsdefizit: Wie werden die Gro\u00dfst\u00e4dte das zuk\u00fcnftige Defizit von 2,7 Millionen Wohnungen bew\u00e4ltigen?\"},{\"@type\":\"BreadcrumbList\",\"@id\":\"https:\\\/\\\/blog.urbanitae.com\\\/de\\\/2025\\\/03\\\/17\\\/das-wohnungsdefizit-wie-werden-die-grossstaedte-das-zukuenftige-defizit-von-27-millionen-wohnungen-bewaeltigen\\\/#breadcrumb\",\"itemListElement\":[{\"@type\":\"ListItem\",\"position\":1,\"name\":\"Portada\",\"item\":\"https:\\\/\\\/blog.urbanitae.com\\\/de\\\/\"},{\"@type\":\"ListItem\",\"position\":2,\"name\":\"Das Wohnungsdefizit: Wie werden die Gro\u00dfst\u00e4dte das zuk\u00fcnftige Defizit von 2,7 Millionen Wohnungen bew\u00e4ltigen?\"}]},{\"@type\":\"WebSite\",\"@id\":\"https:\\\/\\\/blog.urbanitae.com\\\/de\\\/#website\",\"url\":\"https:\\\/\\\/blog.urbanitae.com\\\/de\\\/\",\"name\":\"Urbanitae Blog | Las mejores noticias sobre inversi\u00f3n inmobiliaria\",\"description\":\"Inversi\u00f3n inmobiliaria al alcance de todos\",\"publisher\":{\"@id\":\"https:\\\/\\\/blog.urbanitae.com\\\/de\\\/#organization\"},\"potentialAction\":[{\"@type\":\"SearchAction\",\"target\":{\"@type\":\"EntryPoint\",\"urlTemplate\":\"https:\\\/\\\/blog.urbanitae.com\\\/de\\\/?s={search_term_string}\"},\"query-input\":{\"@type\":\"PropertyValueSpecification\",\"valueRequired\":true,\"valueName\":\"search_term_string\"}}],\"inLanguage\":\"de\"},{\"@type\":\"Organization\",\"@id\":\"https:\\\/\\\/blog.urbanitae.com\\\/de\\\/#organization\",\"name\":\"Urbanitae\",\"url\":\"https:\\\/\\\/blog.urbanitae.com\\\/de\\\/\",\"logo\":{\"@type\":\"ImageObject\",\"inLanguage\":\"de\",\"@id\":\"https:\\\/\\\/blog.urbanitae.com\\\/de\\\/#\\\/schema\\\/logo\\\/image\\\/\",\"url\":\"https:\\\/\\\/blog.urbanitae.com\\\/wp-content\\\/uploads\\\/2020\\\/04\\\/logo-verde_350x100.svg\",\"contentUrl\":\"https:\\\/\\\/blog.urbanitae.com\\\/wp-content\\\/uploads\\\/2020\\\/04\\\/logo-verde_350x100.svg\",\"width\":350,\"height\":100,\"caption\":\"Urbanitae\"},\"image\":{\"@id\":\"https:\\\/\\\/blog.urbanitae.com\\\/de\\\/#\\\/schema\\\/logo\\\/image\\\/\"},\"sameAs\":[\"https:\\\/\\\/www.facebook.com\\\/urbanitae\",\"https:\\\/\\\/x.com\\\/urbanitae\",\"https:\\\/\\\/www.instagram.com\\\/urbanitae\",\"https:\\\/\\\/www.linkedin.com\\\/company\\\/urbanitae\",\"https:\\\/\\\/www.pinterest.es\\\/UrbanitaeSL\\\/_created\\\/\",\"https:\\\/\\\/www.youtube.com\\\/c\\\/Urbanitae_RE\"]},{\"@type\":\"Person\",\"@id\":\"https:\\\/\\\/blog.urbanitae.com\\\/de\\\/#\\\/schema\\\/person\\\/e7b2d152f5654066832c53f5aa04fbf7\",\"name\":\"Equipo Urbanitae\",\"image\":{\"@type\":\"ImageObject\",\"inLanguage\":\"de\",\"@id\":\"https:\\\/\\\/secure.gravatar.com\\\/avatar\\\/e75782c6aa253c8ac75c13b1ec97172bb2d67437baa4354ba4b0650a97f565f2?s=96&d=mm&r=g\",\"url\":\"https:\\\/\\\/secure.gravatar.com\\\/avatar\\\/e75782c6aa253c8ac75c13b1ec97172bb2d67437baa4354ba4b0650a97f565f2?s=96&d=mm&r=g\",\"contentUrl\":\"https:\\\/\\\/secure.gravatar.com\\\/avatar\\\/e75782c6aa253c8ac75c13b1ec97172bb2d67437baa4354ba4b0650a97f565f2?s=96&d=mm&r=g\",\"caption\":\"Equipo Urbanitae\"},\"sameAs\":[\"https:\\\/\\\/urbanitae.com\"],\"url\":\"https:\\\/\\\/blog.urbanitae.com\\\/de\\\/author\\\/urbanitae\\\/\"}]}<\/script>\n<!-- \/ Yoast SEO plugin. -->","yoast_head_json":{"title":"Das Wohnungsdefizit: Wie werden die Gro\u00dfst\u00e4dte das zuk\u00fcnftige Defizit von 2,7 Millionen Wohnungen bew\u00e4ltigen? - Urbanitae Blog","description":"Das Wohnungsdefizit in Spanien ist eine der dringendsten Herausforderungen f\u00fcr die Zukunft der gro\u00dfen St\u00e4dte. Mehr lesen.","robots":{"index":"index","follow":"follow","max-snippet":"max-snippet:-1","max-image-preview":"max-image-preview:large","max-video-preview":"max-video-preview:-1"},"canonical":"https:\/\/blog.urbanitae.com\/de\/2025\/03\/17\/das-wohnungsdefizit-wie-werden-die-grossstaedte-das-zukuenftige-defizit-von-27-millionen-wohnungen-bewaeltigen\/","og_locale":"de_DE","og_type":"article","og_title":"Wie werden die St\u00e4dte den Mangel an 2,7 Millionen Wohnungen bew\u00e4ltigen?","og_description":"Der Markt f\u00fcr Neubauimmobilien ist entscheidend, um das Angebot zu erh\u00f6hen, doch Bautr\u00e4ger haben oft keine ausreichende Finanzierung f\u00fcr neue Projekte.","og_url":"https:\/\/blog.urbanitae.com\/de\/2025\/03\/17\/das-wohnungsdefizit-wie-werden-die-grossstaedte-das-zukuenftige-defizit-von-27-millionen-wohnungen-bewaeltigen\/","og_site_name":"Urbanitae Blog | Las mejores noticias sobre inversi\u00f3n inmobiliaria","article_publisher":"https:\/\/www.facebook.com\/urbanitae","article_published_time":"2025-03-17T08:55:37+00:00","article_modified_time":"2025-03-17T09:09:51+00:00","og_image":[{"width":1400,"height":735,"url":"https:\/\/blog.urbanitae.com\/wp-content\/uploads\/2025\/03\/deficit-habitacional.webp","type":"image\/webp"}],"author":"Equipo Urbanitae","twitter_card":"summary_large_image","twitter_creator":"@urbanitae","twitter_site":"@urbanitae","twitter_misc":{"Verfasst von":"Equipo Urbanitae","Gesch\u00e4tzte Lesezeit":"5\u00a0Minuten"},"schema":{"@context":"https:\/\/schema.org","@graph":[{"@type":["Article","BlogPosting"],"@id":"https:\/\/blog.urbanitae.com\/de\/2025\/03\/17\/das-wohnungsdefizit-wie-werden-die-grossstaedte-das-zukuenftige-defizit-von-27-millionen-wohnungen-bewaeltigen\/#article","isPartOf":{"@id":"https:\/\/blog.urbanitae.com\/de\/2025\/03\/17\/das-wohnungsdefizit-wie-werden-die-grossstaedte-das-zukuenftige-defizit-von-27-millionen-wohnungen-bewaeltigen\/"},"author":{"name":"Equipo Urbanitae","@id":"https:\/\/blog.urbanitae.com\/de\/#\/schema\/person\/e7b2d152f5654066832c53f5aa04fbf7"},"headline":"Das Wohnungsdefizit: Wie werden die Gro\u00dfst\u00e4dte das zuk\u00fcnftige Defizit von 2,7 Millionen Wohnungen bew\u00e4ltigen?","datePublished":"2025-03-17T08:55:37+00:00","dateModified":"2025-03-17T09:09:51+00:00","mainEntityOfPage":{"@id":"https:\/\/blog.urbanitae.com\/de\/2025\/03\/17\/das-wohnungsdefizit-wie-werden-die-grossstaedte-das-zukuenftige-defizit-von-27-millionen-wohnungen-bewaeltigen\/"},"wordCount":1045,"commentCount":0,"publisher":{"@id":"https:\/\/blog.urbanitae.com\/de\/#organization"},"image":{"@id":"https:\/\/blog.urbanitae.com\/de\/2025\/03\/17\/das-wohnungsdefizit-wie-werden-die-grossstaedte-das-zukuenftige-defizit-von-27-millionen-wohnungen-bewaeltigen\/#primaryimage"},"thumbnailUrl":"https:\/\/blog.urbanitae.com\/wp-content\/uploads\/2025\/03\/deficit-habitacional.webp","articleSection":["Immobilieninvestition"],"inLanguage":"de","potentialAction":[{"@type":"CommentAction","name":"Comment","target":["https:\/\/blog.urbanitae.com\/de\/2025\/03\/17\/das-wohnungsdefizit-wie-werden-die-grossstaedte-das-zukuenftige-defizit-von-27-millionen-wohnungen-bewaeltigen\/#respond"]}]},{"@type":["WebPage","ItemPage"],"@id":"https:\/\/blog.urbanitae.com\/de\/2025\/03\/17\/das-wohnungsdefizit-wie-werden-die-grossstaedte-das-zukuenftige-defizit-von-27-millionen-wohnungen-bewaeltigen\/","url":"https:\/\/blog.urbanitae.com\/de\/2025\/03\/17\/das-wohnungsdefizit-wie-werden-die-grossstaedte-das-zukuenftige-defizit-von-27-millionen-wohnungen-bewaeltigen\/","name":"Das Wohnungsdefizit: Wie werden die Gro\u00dfst\u00e4dte das zuk\u00fcnftige Defizit von 2,7 Millionen Wohnungen bew\u00e4ltigen? - Urbanitae Blog","isPartOf":{"@id":"https:\/\/blog.urbanitae.com\/de\/#website"},"primaryImageOfPage":{"@id":"https:\/\/blog.urbanitae.com\/de\/2025\/03\/17\/das-wohnungsdefizit-wie-werden-die-grossstaedte-das-zukuenftige-defizit-von-27-millionen-wohnungen-bewaeltigen\/#primaryimage"},"image":{"@id":"https:\/\/blog.urbanitae.com\/de\/2025\/03\/17\/das-wohnungsdefizit-wie-werden-die-grossstaedte-das-zukuenftige-defizit-von-27-millionen-wohnungen-bewaeltigen\/#primaryimage"},"thumbnailUrl":"https:\/\/blog.urbanitae.com\/wp-content\/uploads\/2025\/03\/deficit-habitacional.webp","datePublished":"2025-03-17T08:55:37+00:00","dateModified":"2025-03-17T09:09:51+00:00","description":"Das Wohnungsdefizit in Spanien ist eine der dringendsten Herausforderungen f\u00fcr die Zukunft der gro\u00dfen St\u00e4dte. Mehr lesen.","breadcrumb":{"@id":"https:\/\/blog.urbanitae.com\/de\/2025\/03\/17\/das-wohnungsdefizit-wie-werden-die-grossstaedte-das-zukuenftige-defizit-von-27-millionen-wohnungen-bewaeltigen\/#breadcrumb"},"inLanguage":"de","potentialAction":[{"@type":"ReadAction","target":["https:\/\/blog.urbanitae.com\/de\/2025\/03\/17\/das-wohnungsdefizit-wie-werden-die-grossstaedte-das-zukuenftige-defizit-von-27-millionen-wohnungen-bewaeltigen\/"]}]},{"@type":"ImageObject","inLanguage":"de","@id":"https:\/\/blog.urbanitae.com\/de\/2025\/03\/17\/das-wohnungsdefizit-wie-werden-die-grossstaedte-das-zukuenftige-defizit-von-27-millionen-wohnungen-bewaeltigen\/#primaryimage","url":"https:\/\/blog.urbanitae.com\/wp-content\/uploads\/2025\/03\/deficit-habitacional.webp","contentUrl":"https:\/\/blog.urbanitae.com\/wp-content\/uploads\/2025\/03\/deficit-habitacional.webp","width":1400,"height":735,"caption":"El d\u00e9ficit habitacional: \u00bfc\u00f3mo afrontar\u00e1n las grandes ciudades el futuro d\u00e9ficit de 2,7 millones de viviendas? The housing deficit: how will major cities face the future shortfall of 2.7 million homes? Le d\u00e9ficit de logement : comment les grandes villes feront-elles face \u00e0 un d\u00e9ficit futur de 2,7 millions de logements ? Il deficit abitativo: come affronteranno le grandi citt\u00e0 il futuro deficit di 2,7 milioni di abitazioni? O d\u00e9ficit habitacional: como as grandes cidades enfrentar\u00e3o o futuro d\u00e9ficit de 2,7 milh\u00f5es de habita\u00e7\u00f5es? Das Wohnungsdefizit: Wie werden die Gro\u00dfst\u00e4dte das zuk\u00fcnftige Defizit von 2,7 Millionen Wohnungen bew\u00e4ltigen?"},{"@type":"BreadcrumbList","@id":"https:\/\/blog.urbanitae.com\/de\/2025\/03\/17\/das-wohnungsdefizit-wie-werden-die-grossstaedte-das-zukuenftige-defizit-von-27-millionen-wohnungen-bewaeltigen\/#breadcrumb","itemListElement":[{"@type":"ListItem","position":1,"name":"Portada","item":"https:\/\/blog.urbanitae.com\/de\/"},{"@type":"ListItem","position":2,"name":"Das Wohnungsdefizit: Wie werden die Gro\u00dfst\u00e4dte das zuk\u00fcnftige Defizit von 2,7 Millionen Wohnungen bew\u00e4ltigen?"}]},{"@type":"WebSite","@id":"https:\/\/blog.urbanitae.com\/de\/#website","url":"https:\/\/blog.urbanitae.com\/de\/","name":"Urbanitae Blog | Las mejores noticias sobre inversi\u00f3n inmobiliaria","description":"Inversi\u00f3n inmobiliaria al alcance de todos","publisher":{"@id":"https:\/\/blog.urbanitae.com\/de\/#organization"},"potentialAction":[{"@type":"SearchAction","target":{"@type":"EntryPoint","urlTemplate":"https:\/\/blog.urbanitae.com\/de\/?s={search_term_string}"},"query-input":{"@type":"PropertyValueSpecification","valueRequired":true,"valueName":"search_term_string"}}],"inLanguage":"de"},{"@type":"Organization","@id":"https:\/\/blog.urbanitae.com\/de\/#organization","name":"Urbanitae","url":"https:\/\/blog.urbanitae.com\/de\/","logo":{"@type":"ImageObject","inLanguage":"de","@id":"https:\/\/blog.urbanitae.com\/de\/#\/schema\/logo\/image\/","url":"https:\/\/blog.urbanitae.com\/wp-content\/uploads\/2020\/04\/logo-verde_350x100.svg","contentUrl":"https:\/\/blog.urbanitae.com\/wp-content\/uploads\/2020\/04\/logo-verde_350x100.svg","width":350,"height":100,"caption":"Urbanitae"},"image":{"@id":"https:\/\/blog.urbanitae.com\/de\/#\/schema\/logo\/image\/"},"sameAs":["https:\/\/www.facebook.com\/urbanitae","https:\/\/x.com\/urbanitae","https:\/\/www.instagram.com\/urbanitae","https:\/\/www.linkedin.com\/company\/urbanitae","https:\/\/www.pinterest.es\/UrbanitaeSL\/_created\/","https:\/\/www.youtube.com\/c\/Urbanitae_RE"]},{"@type":"Person","@id":"https:\/\/blog.urbanitae.com\/de\/#\/schema\/person\/e7b2d152f5654066832c53f5aa04fbf7","name":"Equipo Urbanitae","image":{"@type":"ImageObject","inLanguage":"de","@id":"https:\/\/secure.gravatar.com\/avatar\/e75782c6aa253c8ac75c13b1ec97172bb2d67437baa4354ba4b0650a97f565f2?s=96&d=mm&r=g","url":"https:\/\/secure.gravatar.com\/avatar\/e75782c6aa253c8ac75c13b1ec97172bb2d67437baa4354ba4b0650a97f565f2?s=96&d=mm&r=g","contentUrl":"https:\/\/secure.gravatar.com\/avatar\/e75782c6aa253c8ac75c13b1ec97172bb2d67437baa4354ba4b0650a97f565f2?s=96&d=mm&r=g","caption":"Equipo Urbanitae"},"sameAs":["https:\/\/urbanitae.com"],"url":"https:\/\/blog.urbanitae.com\/de\/author\/urbanitae\/"}]}},"_links":{"self":[{"href":"https:\/\/blog.urbanitae.com\/de\/wp-json\/wp\/v2\/posts\/57954","targetHints":{"allow":["GET"]}}],"collection":[{"href":"https:\/\/blog.urbanitae.com\/de\/wp-json\/wp\/v2\/posts"}],"about":[{"href":"https:\/\/blog.urbanitae.com\/de\/wp-json\/wp\/v2\/types\/post"}],"author":[{"embeddable":true,"href":"https:\/\/blog.urbanitae.com\/de\/wp-json\/wp\/v2\/users\/1"}],"replies":[{"embeddable":true,"href":"https:\/\/blog.urbanitae.com\/de\/wp-json\/wp\/v2\/comments?post=57954"}],"version-history":[{"count":0,"href":"https:\/\/blog.urbanitae.com\/de\/wp-json\/wp\/v2\/posts\/57954\/revisions"}],"wp:featuredmedia":[{"embeddable":true,"href":"https:\/\/blog.urbanitae.com\/de\/wp-json\/wp\/v2\/media\/58090"}],"wp:attachment":[{"href":"https:\/\/blog.urbanitae.com\/de\/wp-json\/wp\/v2\/media?parent=57954"}],"wp:term":[{"taxonomy":"category","embeddable":true,"href":"https:\/\/blog.urbanitae.com\/de\/wp-json\/wp\/v2\/categories?post=57954"},{"taxonomy":"post_tag","embeddable":true,"href":"https:\/\/blog.urbanitae.com\/de\/wp-json\/wp\/v2\/tags?post=57954"}],"curies":[{"name":"wp","href":"https:\/\/api.w.org\/{rel}","templated":true}]}}