{"id":57109,"date":"2025-02-26T09:00:00","date_gmt":"2025-02-26T08:00:00","guid":{"rendered":"https:\/\/blog.urbanitae.com\/?p=57109"},"modified":"2025-02-26T12:17:20","modified_gmt":"2025-02-26T11:17:20","slug":"die-vorschlaege-der-politischen-parteien-zur-bekaempfung-der-wohnkrise","status":"publish","type":"post","link":"https:\/\/blog.urbanitae.com\/de\/2025\/02\/26\/die-vorschlaege-der-politischen-parteien-zur-bekaempfung-der-wohnkrise\/","title":{"rendered":"Die Vorschl\u00e4ge der politischen Parteien zur Bek\u00e4mpfung der Wohnkrise"},"content":{"rendered":"\n<p>Der Mangel an Kauf- und Mietangeboten, die steigenden Baukosten oder die geringe <a href=\"https:\/\/blog.urbanitae.com\/de\/2025\/02\/05\/der-mangel-an-bauland-in-spanien-ein-entscheidendes-hindernis-fuer-den-zugang-zu-wohnraum\/?utm_source=blog_de&amp;utm_medium=organic&amp;utm_campaign=urbanitae_blog_0225&amp;utm_term=bebaubarem_land&amp;utm_content=de_politicos_crisis_vivienda\" target=\"_blank\" rel=\"noreferrer noopener\">Verf\u00fcgbarkeit von bebaubarem Land<\/a> sind Faktoren, die die Wohnkrise in Spanien in den letzten Jahren versch\u00e4rft haben. Dies hat das Thema in den Mittelpunkt politischer Debatten und medialer Agenden ger\u00fcckt. Infolgedessen konzentrieren sich die Parteien darauf, verschiedene Vorschl\u00e4ge zu entwickeln, um die Stabilit\u00e4t des Marktes zu gew\u00e4hrleisten und den Zugang zu Wohnraum zu verbessern, wodurch ein st\u00e4ndiger Fluss an neuen Ma\u00dfnahmen entsteht.<\/p>\n\n\n\n<h2 class=\"wp-block-heading\">Vorschl\u00e4ge der PSOE-Regierung zur Wohnkrise<\/h2>\n\n\n\n<p>Vor diesem Hintergrund schlug die PSOE vor einigen Wochen <a href=\"https:\/\/blog.urbanitae.com\/de\/2025\/01\/17\/dies-sind-die-12-massnahmen-der-regierung-zur-verbesserung-des-zugangs-zu-wohnraum-in-spanien\/?utm_source=blog_de&amp;utm_medium=organic&amp;utm_campaign=urbanitae_blog_0225&amp;utm_term=paket&amp;utm_content=de_politicos_crisis_vivienda\" target=\"_blank\" rel=\"noreferrer noopener\">ein Paket mit 12 Ma\u00dfnahmen vor,<\/a> das auf drei Ziele fokussiert ist: \u201emehr Wohnraum, bessere Regulierung und mehr Unterst\u00fctzung\u201c. Nun fordert die Ministerin f\u00fcr Wohnungswesen und Stadtentwicklung, <strong>Isabel Rodr\u00edguez<\/strong>, einen Konsens und die Umsetzung der Ma\u00dfnahmen, die von der Mehrheit der Parteien unterst\u00fctzt werden, wie <strong>die Erh\u00f6hung der Mehrwertsteuer f\u00fcr diejenigen, die Wohnraum nicht zum Wohnen, sondern als wirtschaftliche Aktivit\u00e4t nutzen, insbesondere im Hinblick auf Ferienwohnungen<\/strong>.<\/p>\n\n\n\n<p>Zu den neuen Ma\u00dfnahmen des Ministeriums geh\u00f6rt eine Steuerreform zur Bek\u00e4mpfung von Betrug bei saisonalen Mietvertr\u00e4gen, die als gewerbliche T\u00e4tigkeit besteuert werden sollen. Au\u00dferdem sollen administrative Prozesse f\u00fcr neue Bauprojekte beschleunigt und Bauvorschriften gelockert werden, um die Bauzeiten zu halbieren.<\/p>\n\n\n\n<p>Die Regierung forderte zudem die <strong>Partido Popular<\/strong> (PP) auf, Stellung zur <strong><a href=\"https:\/\/www.expansion.com\/inmobiliario\/mercado\/2025\/02\/12\/67aca263468aebc65f8b457c.html\" target=\"_blank\" rel=\"noreferrer noopener\">Anwendung der Mehrwertsteuer auf 100 % der Grunderwerbssteuer<\/a><\/strong> oder zu einer neuen Steuer f\u00fcr ausl\u00e4ndische Investitionen in Wohnimmobilien zu beziehen. Ihrer Meinung nach k\u00f6nnte die Reduzierung von K\u00e4ufen durch ausl\u00e4ndische Investoren Spekulationen verringern.<\/p>\n\n\n\n<h2 class=\"wp-block-heading\">Vorschl\u00e4ge der Partido Popular<\/h2>\n\n\n\n<p>Die gr\u00f6\u00dfte Oppositionspartei, die <strong>Partido Popular<\/strong>, stellte in ihrem Wohnungsplan eine Reihe von \u00c4nderungen an vier <a href=\"https:\/\/www.pp.es\/actualidad-noticia\/pp-registra-ley-suelo-agilizar-construccion-viviendas-una-situacion-emergencia-es\" target=\"_blank\" rel=\"noreferrer noopener\">bestehenden Gesetzen vor:<\/a> dem Bodenrecht, dem Wohnraumgesetz, dem Gesetz \u00fcber die Verwaltungsgerichtsbarkeit und dem Gesetz \u00fcber die Vergabe \u00f6ffentlicher Bauauftr\u00e4ge. Ziel ist es, die aktuelle Wohnkrise abzumildern und sicherzustellen, dass Wohnen nicht zu einem Luxusgut wird.<\/p>\n\n\n\n<p>Zus\u00e4tzlich k\u00fcndigte der Parteivorsitzende <strong>Alberto N\u00fa\u00f1ez Feij\u00f3o<\/strong> eine \u201e<a href=\"https:\/\/www.expansion.com\/inmobiliario\/mercado\/2025\/02\/07\/67a614ce468aebbc128b4588.html\" target=\"_blank\" rel=\"noreferrer noopener\">Wohnungsspar-Kasse<\/a>\u201c an, die Steuerverg\u00fcnstigungen vorsieht, um jungen Menschen bis 40 Jahre den Kauf eines Eigenheims zu erleichtern. Dabei soll <strong>eine Steuererm\u00e4\u00dfigung von 20 % auf die Einkommensteuer (IRPF)<\/strong> f\u00fcr Einzahlungen junger Menschen auf diese Sparpl\u00e4ne gew\u00e4hrt werden.<\/p>\n\n\n\n<p>Ein weiteres k\u00fcrzlich vorgestelltes Konzept des Plans zielt darauf ab, <strong>Hindernisse auf dem Immobilienmarkt zu beseitigen<\/strong>, etwa durch eine <strong>Beschleunigung der Umwandlung von Grundst\u00fccken<\/strong> in Bauland, um Bauvorhaben schneller umzusetzen und die Fristen zu halbieren. Zudem wird die F\u00f6rderung von Bauprojekten in weniger gefragten Gebieten, au\u00dferhalb der Gro\u00dfst\u00e4dte, angestrebt.<\/p>\n\n\n\n<p>In diesem Zusammenhang ruft <strong>Jos\u00e9 Mar\u00eda G\u00f3mez-Acebo, Direktor f\u00fcr institutionelle Kunden bei Urbanitae<\/strong>, zum Handeln auf: \u201eAngesichts der Tatsache, dass in den n\u00e4chsten 20 Jahren deutlich mehr Baugrund ben\u00f6tigt wird, k\u00f6nnen kurzfristige Ma\u00dfnahmen zur L\u00f6sung des aktuellen Problems beitragen.\u201c Er h\u00e4lt es daher f\u00fcr besonders wichtig, die Nutzung von als gewerblich klassifizierten Grundst\u00fccken in Wohnraum umzuwandeln, um dort \u00f6ffentlich gef\u00f6rderten Mietwohnraum zu schaffen.<\/p>\n\n\n\n<h2 class=\"wp-block-heading\">Vorschl\u00e4ge von Vox<\/h2>\n\n\n\n<p>Die Partei <strong>Vox<\/strong> kritisiert die Regierung und wirft ihr vor, junge Menschen durch wahltaktische Interessen daran zu hindern, angemessenen Wohnraum zu erhalten. Deshalb fordert Vox <strong>gesetzliche \u00c4nderungen im Bereich Bodenrecht und Regulierung<\/strong>, um die Schaffung neuer Wohnungen zu f\u00f6rdern und zu erleichtern. Dar\u00fcber hinaus setzt sich die Partei f\u00fcr ein <strong>g\u00fcnstiges steuerliches Umfeld f\u00fcr Mieten und den Kauf von Immobilien<\/strong> ein.<\/p>\n\n\n\n<p>Andere Ma\u00dfnahmen zielen darauf ab, inl\u00e4ndische Investoren steuerlich zu beg\u00fcnstigen und durch entsprechende \u00c4nderungen <strong>Spaniern gegen\u00fcber ausl\u00e4ndischen K\u00e4ufern Vorrang beim Immobilienerwerb zu gew\u00e4hren<\/strong>.<\/p>\n\n\n\n<h2 class=\"wp-block-heading\">Vorschl\u00e4ge von Podemos<\/h2>\n\n\n\n<p>Die Partei <strong>Podemos<\/strong> konzentriert sich auf <strong>Ferienwohnungen<\/strong>: Sie sieht darin ein schwerwiegendes Problem und schl\u00e4gt vor, touristische Unterk\u00fcnfte zu verbieten, um <strong>die Preise zu kontrollieren und den Zugang zu angemessenem Wohnraum zu gew\u00e4hrleisten<\/strong>. Au\u00dferdem unterst\u00fctzt Podemos den Regierungsvorschlag, <strong>den Markt zu regulieren und den Kauf von Wohnraum durch ausl\u00e4ndische Fonds zu verbieten<\/strong>.<\/p>\n\n\n\n<p>\u201eDie Obsession, den Markt zu beschr\u00e4nken, l\u00f6st das Problem nicht. Eine Begrenzung der Renditen schreckt Bauunternehmen und Immobilienfonds ab, was dazu f\u00fchrt, dass nicht gen\u00fcgend Wohnraum geschaffen wird. Die Einschr\u00e4nkung der Rentabilit\u00e4t f\u00fcr Investoren in einer Zeit, in der es bereits an Angebot mangelt, versch\u00e4rft die Situation\u201c, erkl\u00e4rt <strong>G\u00f3mez-Acebo<\/strong>.<\/p>\n\n\n\n<p>Der Experte von Urbanitae betont zudem, dass die steigenden Mietpreise eine direkte Folge der steigenden Nachfrage seien: \u201eWenn ein Vermieter feststellt, dass die Nachfrage in einer bestimmten Gegend erheblich gestiegen ist, ist es verst\u00e4ndlich, dass er die Miete erh\u00f6ht. <strong>Bisher wurden L\u00f6sungen angewandt, die nicht den aktuellen Bed\u00fcrfnissen entsprechen.<\/strong>\u201c Au\u00dferdem weist er darauf hin, dass die aktuelle Situation nicht mit der Finanzkrise von 2008 vergleichbar sei: \u201eDamals gab es ein \u00dcberangebot an Wohnraum, w\u00e4hrend wir jetzt mit dem entgegengesetzten Problem konfrontiert sind \u2013 mehr Nachfrage als Angebot.\u201c<\/p>\n\n\n\n<h2 class=\"wp-block-heading\">Was sagt die EZB zur Wohnkrise?<\/h2>\n\n\n\n<p>In diesem Zusammenhang fordert <strong>Luis de Guindos, Vizepr\u00e4sident der Europ\u00e4ischen Zentralbank (EZB)<\/strong>, eine \u201e\u00dcberpr\u00fcfung der Wohnungsmarktregulierung\u201c in Spanien und bezeichnet die aktuelle Situation als problematisch. In Bezug auf das Wirtschaftswachstum Spaniens erkl\u00e4rt er, dass das Bev\u00f6lkerungswachstum im Land zu einem \u201eAngebotsr\u00fcckgang f\u00fchrt, der sowohl den Bau als auch die Vermietung betrifft\u201c, und fordert die Regierung auf, eine Einigung zu erzielen.<\/p>\n","protected":false},"excerpt":{"rendered":"<p>Die Parteien konzentrieren sich darauf, verschiedene Vorschl\u00e4ge zu entwickeln, um die Marktstabilit\u00e4t zu sichern und den Zugang zu Wohnraum zu verbessern.<\/p>\n","protected":false},"author":1,"featured_media":57165,"comment_status":"open","ping_status":"closed","sticky":false,"template":"","format":"standard","meta":{"inline_featured_image":false,"footnotes":""},"categories":[1686],"tags":[],"class_list":["post-57109","post","type-post","status-publish","format-standard","has-post-thumbnail","hentry","category-immobilieninvestition-de"],"blocksy_meta":[],"yoast_head":"<!-- This site is optimized with the Yoast SEO plugin v27.5 - https:\/\/yoast.com\/product\/yoast-seo-wordpress\/ -->\n<title>Die Vorschl\u00e4ge der politischen Parteien zur Bek\u00e4mpfung der Wohnkrise - Urbanitae Blog<\/title>\n<meta name=\"description\" content=\"Der Anstieg der Baukosten und der Mangel an verf\u00fcgbarem Bauland haben die Wohnungskrise in Spanien versch\u00e4rft.\" \/>\n<meta name=\"robots\" content=\"index, follow, max-snippet:-1, max-image-preview:large, max-video-preview:-1\" \/>\n<link rel=\"canonical\" href=\"https:\/\/blog.urbanitae.com\/de\/2025\/02\/26\/die-vorschlaege-der-politischen-parteien-zur-bekaempfung-der-wohnkrise\/\" \/>\n<meta property=\"og:locale\" content=\"de_DE\" \/>\n<meta property=\"og:type\" content=\"article\" \/>\n<meta property=\"og:title\" content=\"Dies sind die Vorschl\u00e4ge zur Bek\u00e4mpfung der Wohnungskrise\" \/>\n<meta property=\"og:description\" content=\"Die Wohnungskrise in Spanien hat sich durch das geringe Angebot, die hohen Baukosten und den Mangel an Bauland weiter versch\u00e4rft.\" \/>\n<meta property=\"og:url\" content=\"https:\/\/blog.urbanitae.com\/de\/2025\/02\/26\/die-vorschlaege-der-politischen-parteien-zur-bekaempfung-der-wohnkrise\/\" \/>\n<meta property=\"og:site_name\" content=\"Urbanitae Blog | Las mejores noticias sobre inversi\u00f3n inmobiliaria\" \/>\n<meta property=\"article:publisher\" content=\"https:\/\/www.facebook.com\/urbanitae\" \/>\n<meta property=\"article:published_time\" content=\"2025-02-26T08:00:00+00:00\" \/>\n<meta property=\"article:modified_time\" content=\"2025-02-26T11:17:20+00:00\" \/>\n<meta property=\"og:image\" content=\"https:\/\/blog.urbanitae.com\/wp-content\/uploads\/2025\/02\/crisis-de-la-vivienda.webp\" \/>\n\t<meta property=\"og:image:width\" content=\"1400\" \/>\n\t<meta property=\"og:image:height\" content=\"735\" \/>\n\t<meta property=\"og:image:type\" content=\"image\/webp\" \/>\n<meta name=\"author\" content=\"Equipo Urbanitae\" \/>\n<meta name=\"twitter:card\" content=\"summary_large_image\" \/>\n<meta name=\"twitter:creator\" content=\"@urbanitae\" \/>\n<meta name=\"twitter:site\" content=\"@urbanitae\" \/>\n<meta name=\"twitter:label1\" content=\"Verfasst von\" \/>\n\t<meta name=\"twitter:data1\" content=\"Equipo Urbanitae\" \/>\n\t<meta name=\"twitter:label2\" content=\"Gesch\u00e4tzte Lesezeit\" \/>\n\t<meta name=\"twitter:data2\" content=\"4\u00a0Minuten\" \/>\n<script type=\"application\/ld+json\" class=\"yoast-schema-graph\">{\"@context\":\"https:\\\/\\\/schema.org\",\"@graph\":[{\"@type\":[\"Article\",\"BlogPosting\"],\"@id\":\"https:\\\/\\\/blog.urbanitae.com\\\/de\\\/2025\\\/02\\\/26\\\/die-vorschlaege-der-politischen-parteien-zur-bekaempfung-der-wohnkrise\\\/#article\",\"isPartOf\":{\"@id\":\"https:\\\/\\\/blog.urbanitae.com\\\/de\\\/2025\\\/02\\\/26\\\/die-vorschlaege-der-politischen-parteien-zur-bekaempfung-der-wohnkrise\\\/\"},\"author\":{\"name\":\"Equipo Urbanitae\",\"@id\":\"https:\\\/\\\/blog.urbanitae.com\\\/de\\\/#\\\/schema\\\/person\\\/e7b2d152f5654066832c53f5aa04fbf7\"},\"headline\":\"Die Vorschl\u00e4ge der politischen Parteien zur Bek\u00e4mpfung der Wohnkrise\",\"datePublished\":\"2025-02-26T08:00:00+00:00\",\"dateModified\":\"2025-02-26T11:17:20+00:00\",\"mainEntityOfPage\":{\"@id\":\"https:\\\/\\\/blog.urbanitae.com\\\/de\\\/2025\\\/02\\\/26\\\/die-vorschlaege-der-politischen-parteien-zur-bekaempfung-der-wohnkrise\\\/\"},\"wordCount\":900,\"commentCount\":0,\"publisher\":{\"@id\":\"https:\\\/\\\/blog.urbanitae.com\\\/de\\\/#organization\"},\"image\":{\"@id\":\"https:\\\/\\\/blog.urbanitae.com\\\/de\\\/2025\\\/02\\\/26\\\/die-vorschlaege-der-politischen-parteien-zur-bekaempfung-der-wohnkrise\\\/#primaryimage\"},\"thumbnailUrl\":\"https:\\\/\\\/blog.urbanitae.com\\\/wp-content\\\/uploads\\\/2025\\\/02\\\/crisis-de-la-vivienda.webp\",\"articleSection\":[\"Immobilieninvestition\"],\"inLanguage\":\"de\",\"potentialAction\":[{\"@type\":\"CommentAction\",\"name\":\"Comment\",\"target\":[\"https:\\\/\\\/blog.urbanitae.com\\\/de\\\/2025\\\/02\\\/26\\\/die-vorschlaege-der-politischen-parteien-zur-bekaempfung-der-wohnkrise\\\/#respond\"]}]},{\"@type\":[\"WebPage\",\"ItemPage\"],\"@id\":\"https:\\\/\\\/blog.urbanitae.com\\\/de\\\/2025\\\/02\\\/26\\\/die-vorschlaege-der-politischen-parteien-zur-bekaempfung-der-wohnkrise\\\/\",\"url\":\"https:\\\/\\\/blog.urbanitae.com\\\/de\\\/2025\\\/02\\\/26\\\/die-vorschlaege-der-politischen-parteien-zur-bekaempfung-der-wohnkrise\\\/\",\"name\":\"Die Vorschl\u00e4ge der politischen Parteien zur Bek\u00e4mpfung der Wohnkrise - Urbanitae Blog\",\"isPartOf\":{\"@id\":\"https:\\\/\\\/blog.urbanitae.com\\\/de\\\/#website\"},\"primaryImageOfPage\":{\"@id\":\"https:\\\/\\\/blog.urbanitae.com\\\/de\\\/2025\\\/02\\\/26\\\/die-vorschlaege-der-politischen-parteien-zur-bekaempfung-der-wohnkrise\\\/#primaryimage\"},\"image\":{\"@id\":\"https:\\\/\\\/blog.urbanitae.com\\\/de\\\/2025\\\/02\\\/26\\\/die-vorschlaege-der-politischen-parteien-zur-bekaempfung-der-wohnkrise\\\/#primaryimage\"},\"thumbnailUrl\":\"https:\\\/\\\/blog.urbanitae.com\\\/wp-content\\\/uploads\\\/2025\\\/02\\\/crisis-de-la-vivienda.webp\",\"datePublished\":\"2025-02-26T08:00:00+00:00\",\"dateModified\":\"2025-02-26T11:17:20+00:00\",\"description\":\"Der Anstieg der Baukosten und der Mangel an verf\u00fcgbarem Bauland haben die Wohnungskrise in Spanien versch\u00e4rft.\",\"breadcrumb\":{\"@id\":\"https:\\\/\\\/blog.urbanitae.com\\\/de\\\/2025\\\/02\\\/26\\\/die-vorschlaege-der-politischen-parteien-zur-bekaempfung-der-wohnkrise\\\/#breadcrumb\"},\"inLanguage\":\"de\",\"potentialAction\":[{\"@type\":\"ReadAction\",\"target\":[\"https:\\\/\\\/blog.urbanitae.com\\\/de\\\/2025\\\/02\\\/26\\\/die-vorschlaege-der-politischen-parteien-zur-bekaempfung-der-wohnkrise\\\/\"]}]},{\"@type\":\"ImageObject\",\"inLanguage\":\"de\",\"@id\":\"https:\\\/\\\/blog.urbanitae.com\\\/de\\\/2025\\\/02\\\/26\\\/die-vorschlaege-der-politischen-parteien-zur-bekaempfung-der-wohnkrise\\\/#primaryimage\",\"url\":\"https:\\\/\\\/blog.urbanitae.com\\\/wp-content\\\/uploads\\\/2025\\\/02\\\/crisis-de-la-vivienda.webp\",\"contentUrl\":\"https:\\\/\\\/blog.urbanitae.com\\\/wp-content\\\/uploads\\\/2025\\\/02\\\/crisis-de-la-vivienda.webp\",\"width\":1400,\"height\":735,\"caption\":\"Las propuestas de los partidos pol\u00edticos para luchar contra la crisis de la vivienda. The political parties' proposals to combat the housing crisis. Les propositions des partis politiques pour lutter contre la crise du logement. Le proposte dei partiti politici per affrontare la crisi abitativa. As propostas dos partidos pol\u00edticos para combater a crise da habita\u00e7\u00e3o. Die Vorschl\u00e4ge der politischen Parteien zur Bek\u00e4mpfung der Wohnkrise.\"},{\"@type\":\"BreadcrumbList\",\"@id\":\"https:\\\/\\\/blog.urbanitae.com\\\/de\\\/2025\\\/02\\\/26\\\/die-vorschlaege-der-politischen-parteien-zur-bekaempfung-der-wohnkrise\\\/#breadcrumb\",\"itemListElement\":[{\"@type\":\"ListItem\",\"position\":1,\"name\":\"Portada\",\"item\":\"https:\\\/\\\/blog.urbanitae.com\\\/de\\\/\"},{\"@type\":\"ListItem\",\"position\":2,\"name\":\"Die Vorschl\u00e4ge der politischen Parteien zur Bek\u00e4mpfung der Wohnkrise\"}]},{\"@type\":\"WebSite\",\"@id\":\"https:\\\/\\\/blog.urbanitae.com\\\/de\\\/#website\",\"url\":\"https:\\\/\\\/blog.urbanitae.com\\\/de\\\/\",\"name\":\"Urbanitae Blog | Las mejores noticias sobre inversi\u00f3n inmobiliaria\",\"description\":\"Inversi\u00f3n inmobiliaria al alcance de todos\",\"publisher\":{\"@id\":\"https:\\\/\\\/blog.urbanitae.com\\\/de\\\/#organization\"},\"potentialAction\":[{\"@type\":\"SearchAction\",\"target\":{\"@type\":\"EntryPoint\",\"urlTemplate\":\"https:\\\/\\\/blog.urbanitae.com\\\/de\\\/?s={search_term_string}\"},\"query-input\":{\"@type\":\"PropertyValueSpecification\",\"valueRequired\":true,\"valueName\":\"search_term_string\"}}],\"inLanguage\":\"de\"},{\"@type\":\"Organization\",\"@id\":\"https:\\\/\\\/blog.urbanitae.com\\\/de\\\/#organization\",\"name\":\"Urbanitae\",\"url\":\"https:\\\/\\\/blog.urbanitae.com\\\/de\\\/\",\"logo\":{\"@type\":\"ImageObject\",\"inLanguage\":\"de\",\"@id\":\"https:\\\/\\\/blog.urbanitae.com\\\/de\\\/#\\\/schema\\\/logo\\\/image\\\/\",\"url\":\"https:\\\/\\\/blog.urbanitae.com\\\/wp-content\\\/uploads\\\/2020\\\/04\\\/logo-verde_350x100.svg\",\"contentUrl\":\"https:\\\/\\\/blog.urbanitae.com\\\/wp-content\\\/uploads\\\/2020\\\/04\\\/logo-verde_350x100.svg\",\"width\":350,\"height\":100,\"caption\":\"Urbanitae\"},\"image\":{\"@id\":\"https:\\\/\\\/blog.urbanitae.com\\\/de\\\/#\\\/schema\\\/logo\\\/image\\\/\"},\"sameAs\":[\"https:\\\/\\\/www.facebook.com\\\/urbanitae\",\"https:\\\/\\\/x.com\\\/urbanitae\",\"https:\\\/\\\/www.instagram.com\\\/urbanitae\",\"https:\\\/\\\/www.linkedin.com\\\/company\\\/urbanitae\",\"https:\\\/\\\/www.pinterest.es\\\/UrbanitaeSL\\\/_created\\\/\",\"https:\\\/\\\/www.youtube.com\\\/c\\\/Urbanitae_RE\"]},{\"@type\":\"Person\",\"@id\":\"https:\\\/\\\/blog.urbanitae.com\\\/de\\\/#\\\/schema\\\/person\\\/e7b2d152f5654066832c53f5aa04fbf7\",\"name\":\"Equipo Urbanitae\",\"image\":{\"@type\":\"ImageObject\",\"inLanguage\":\"de\",\"@id\":\"https:\\\/\\\/secure.gravatar.com\\\/avatar\\\/e75782c6aa253c8ac75c13b1ec97172bb2d67437baa4354ba4b0650a97f565f2?s=96&d=mm&r=g\",\"url\":\"https:\\\/\\\/secure.gravatar.com\\\/avatar\\\/e75782c6aa253c8ac75c13b1ec97172bb2d67437baa4354ba4b0650a97f565f2?s=96&d=mm&r=g\",\"contentUrl\":\"https:\\\/\\\/secure.gravatar.com\\\/avatar\\\/e75782c6aa253c8ac75c13b1ec97172bb2d67437baa4354ba4b0650a97f565f2?s=96&d=mm&r=g\",\"caption\":\"Equipo Urbanitae\"},\"sameAs\":[\"https:\\\/\\\/urbanitae.com\"],\"url\":\"https:\\\/\\\/blog.urbanitae.com\\\/de\\\/author\\\/urbanitae\\\/\"}]}<\/script>\n<!-- \/ Yoast SEO plugin. -->","yoast_head_json":{"title":"Die Vorschl\u00e4ge der politischen Parteien zur Bek\u00e4mpfung der Wohnkrise - Urbanitae Blog","description":"Der Anstieg der Baukosten und der Mangel an verf\u00fcgbarem Bauland haben die Wohnungskrise in Spanien versch\u00e4rft.","robots":{"index":"index","follow":"follow","max-snippet":"max-snippet:-1","max-image-preview":"max-image-preview:large","max-video-preview":"max-video-preview:-1"},"canonical":"https:\/\/blog.urbanitae.com\/de\/2025\/02\/26\/die-vorschlaege-der-politischen-parteien-zur-bekaempfung-der-wohnkrise\/","og_locale":"de_DE","og_type":"article","og_title":"Dies sind die Vorschl\u00e4ge zur Bek\u00e4mpfung der Wohnungskrise","og_description":"Die Wohnungskrise in Spanien hat sich durch das geringe Angebot, die hohen Baukosten und den Mangel an Bauland weiter versch\u00e4rft.","og_url":"https:\/\/blog.urbanitae.com\/de\/2025\/02\/26\/die-vorschlaege-der-politischen-parteien-zur-bekaempfung-der-wohnkrise\/","og_site_name":"Urbanitae Blog | Las mejores noticias sobre inversi\u00f3n inmobiliaria","article_publisher":"https:\/\/www.facebook.com\/urbanitae","article_published_time":"2025-02-26T08:00:00+00:00","article_modified_time":"2025-02-26T11:17:20+00:00","og_image":[{"width":1400,"height":735,"url":"https:\/\/blog.urbanitae.com\/wp-content\/uploads\/2025\/02\/crisis-de-la-vivienda.webp","type":"image\/webp"}],"author":"Equipo Urbanitae","twitter_card":"summary_large_image","twitter_creator":"@urbanitae","twitter_site":"@urbanitae","twitter_misc":{"Verfasst von":"Equipo Urbanitae","Gesch\u00e4tzte Lesezeit":"4\u00a0Minuten"},"schema":{"@context":"https:\/\/schema.org","@graph":[{"@type":["Article","BlogPosting"],"@id":"https:\/\/blog.urbanitae.com\/de\/2025\/02\/26\/die-vorschlaege-der-politischen-parteien-zur-bekaempfung-der-wohnkrise\/#article","isPartOf":{"@id":"https:\/\/blog.urbanitae.com\/de\/2025\/02\/26\/die-vorschlaege-der-politischen-parteien-zur-bekaempfung-der-wohnkrise\/"},"author":{"name":"Equipo Urbanitae","@id":"https:\/\/blog.urbanitae.com\/de\/#\/schema\/person\/e7b2d152f5654066832c53f5aa04fbf7"},"headline":"Die Vorschl\u00e4ge der politischen Parteien zur Bek\u00e4mpfung der Wohnkrise","datePublished":"2025-02-26T08:00:00+00:00","dateModified":"2025-02-26T11:17:20+00:00","mainEntityOfPage":{"@id":"https:\/\/blog.urbanitae.com\/de\/2025\/02\/26\/die-vorschlaege-der-politischen-parteien-zur-bekaempfung-der-wohnkrise\/"},"wordCount":900,"commentCount":0,"publisher":{"@id":"https:\/\/blog.urbanitae.com\/de\/#organization"},"image":{"@id":"https:\/\/blog.urbanitae.com\/de\/2025\/02\/26\/die-vorschlaege-der-politischen-parteien-zur-bekaempfung-der-wohnkrise\/#primaryimage"},"thumbnailUrl":"https:\/\/blog.urbanitae.com\/wp-content\/uploads\/2025\/02\/crisis-de-la-vivienda.webp","articleSection":["Immobilieninvestition"],"inLanguage":"de","potentialAction":[{"@type":"CommentAction","name":"Comment","target":["https:\/\/blog.urbanitae.com\/de\/2025\/02\/26\/die-vorschlaege-der-politischen-parteien-zur-bekaempfung-der-wohnkrise\/#respond"]}]},{"@type":["WebPage","ItemPage"],"@id":"https:\/\/blog.urbanitae.com\/de\/2025\/02\/26\/die-vorschlaege-der-politischen-parteien-zur-bekaempfung-der-wohnkrise\/","url":"https:\/\/blog.urbanitae.com\/de\/2025\/02\/26\/die-vorschlaege-der-politischen-parteien-zur-bekaempfung-der-wohnkrise\/","name":"Die Vorschl\u00e4ge der politischen Parteien zur Bek\u00e4mpfung der Wohnkrise - Urbanitae Blog","isPartOf":{"@id":"https:\/\/blog.urbanitae.com\/de\/#website"},"primaryImageOfPage":{"@id":"https:\/\/blog.urbanitae.com\/de\/2025\/02\/26\/die-vorschlaege-der-politischen-parteien-zur-bekaempfung-der-wohnkrise\/#primaryimage"},"image":{"@id":"https:\/\/blog.urbanitae.com\/de\/2025\/02\/26\/die-vorschlaege-der-politischen-parteien-zur-bekaempfung-der-wohnkrise\/#primaryimage"},"thumbnailUrl":"https:\/\/blog.urbanitae.com\/wp-content\/uploads\/2025\/02\/crisis-de-la-vivienda.webp","datePublished":"2025-02-26T08:00:00+00:00","dateModified":"2025-02-26T11:17:20+00:00","description":"Der Anstieg der Baukosten und der Mangel an verf\u00fcgbarem Bauland haben die Wohnungskrise in Spanien versch\u00e4rft.","breadcrumb":{"@id":"https:\/\/blog.urbanitae.com\/de\/2025\/02\/26\/die-vorschlaege-der-politischen-parteien-zur-bekaempfung-der-wohnkrise\/#breadcrumb"},"inLanguage":"de","potentialAction":[{"@type":"ReadAction","target":["https:\/\/blog.urbanitae.com\/de\/2025\/02\/26\/die-vorschlaege-der-politischen-parteien-zur-bekaempfung-der-wohnkrise\/"]}]},{"@type":"ImageObject","inLanguage":"de","@id":"https:\/\/blog.urbanitae.com\/de\/2025\/02\/26\/die-vorschlaege-der-politischen-parteien-zur-bekaempfung-der-wohnkrise\/#primaryimage","url":"https:\/\/blog.urbanitae.com\/wp-content\/uploads\/2025\/02\/crisis-de-la-vivienda.webp","contentUrl":"https:\/\/blog.urbanitae.com\/wp-content\/uploads\/2025\/02\/crisis-de-la-vivienda.webp","width":1400,"height":735,"caption":"Las propuestas de los partidos pol\u00edticos para luchar contra la crisis de la vivienda. The political parties' proposals to combat the housing crisis. Les propositions des partis politiques pour lutter contre la crise du logement. Le proposte dei partiti politici per affrontare la crisi abitativa. As propostas dos partidos pol\u00edticos para combater a crise da habita\u00e7\u00e3o. Die Vorschl\u00e4ge der politischen Parteien zur Bek\u00e4mpfung der Wohnkrise."},{"@type":"BreadcrumbList","@id":"https:\/\/blog.urbanitae.com\/de\/2025\/02\/26\/die-vorschlaege-der-politischen-parteien-zur-bekaempfung-der-wohnkrise\/#breadcrumb","itemListElement":[{"@type":"ListItem","position":1,"name":"Portada","item":"https:\/\/blog.urbanitae.com\/de\/"},{"@type":"ListItem","position":2,"name":"Die Vorschl\u00e4ge der politischen Parteien zur Bek\u00e4mpfung der Wohnkrise"}]},{"@type":"WebSite","@id":"https:\/\/blog.urbanitae.com\/de\/#website","url":"https:\/\/blog.urbanitae.com\/de\/","name":"Urbanitae Blog | Las mejores noticias sobre inversi\u00f3n inmobiliaria","description":"Inversi\u00f3n inmobiliaria al alcance de todos","publisher":{"@id":"https:\/\/blog.urbanitae.com\/de\/#organization"},"potentialAction":[{"@type":"SearchAction","target":{"@type":"EntryPoint","urlTemplate":"https:\/\/blog.urbanitae.com\/de\/?s={search_term_string}"},"query-input":{"@type":"PropertyValueSpecification","valueRequired":true,"valueName":"search_term_string"}}],"inLanguage":"de"},{"@type":"Organization","@id":"https:\/\/blog.urbanitae.com\/de\/#organization","name":"Urbanitae","url":"https:\/\/blog.urbanitae.com\/de\/","logo":{"@type":"ImageObject","inLanguage":"de","@id":"https:\/\/blog.urbanitae.com\/de\/#\/schema\/logo\/image\/","url":"https:\/\/blog.urbanitae.com\/wp-content\/uploads\/2020\/04\/logo-verde_350x100.svg","contentUrl":"https:\/\/blog.urbanitae.com\/wp-content\/uploads\/2020\/04\/logo-verde_350x100.svg","width":350,"height":100,"caption":"Urbanitae"},"image":{"@id":"https:\/\/blog.urbanitae.com\/de\/#\/schema\/logo\/image\/"},"sameAs":["https:\/\/www.facebook.com\/urbanitae","https:\/\/x.com\/urbanitae","https:\/\/www.instagram.com\/urbanitae","https:\/\/www.linkedin.com\/company\/urbanitae","https:\/\/www.pinterest.es\/UrbanitaeSL\/_created\/","https:\/\/www.youtube.com\/c\/Urbanitae_RE"]},{"@type":"Person","@id":"https:\/\/blog.urbanitae.com\/de\/#\/schema\/person\/e7b2d152f5654066832c53f5aa04fbf7","name":"Equipo Urbanitae","image":{"@type":"ImageObject","inLanguage":"de","@id":"https:\/\/secure.gravatar.com\/avatar\/e75782c6aa253c8ac75c13b1ec97172bb2d67437baa4354ba4b0650a97f565f2?s=96&d=mm&r=g","url":"https:\/\/secure.gravatar.com\/avatar\/e75782c6aa253c8ac75c13b1ec97172bb2d67437baa4354ba4b0650a97f565f2?s=96&d=mm&r=g","contentUrl":"https:\/\/secure.gravatar.com\/avatar\/e75782c6aa253c8ac75c13b1ec97172bb2d67437baa4354ba4b0650a97f565f2?s=96&d=mm&r=g","caption":"Equipo Urbanitae"},"sameAs":["https:\/\/urbanitae.com"],"url":"https:\/\/blog.urbanitae.com\/de\/author\/urbanitae\/"}]}},"_links":{"self":[{"href":"https:\/\/blog.urbanitae.com\/de\/wp-json\/wp\/v2\/posts\/57109","targetHints":{"allow":["GET"]}}],"collection":[{"href":"https:\/\/blog.urbanitae.com\/de\/wp-json\/wp\/v2\/posts"}],"about":[{"href":"https:\/\/blog.urbanitae.com\/de\/wp-json\/wp\/v2\/types\/post"}],"author":[{"embeddable":true,"href":"https:\/\/blog.urbanitae.com\/de\/wp-json\/wp\/v2\/users\/1"}],"replies":[{"embeddable":true,"href":"https:\/\/blog.urbanitae.com\/de\/wp-json\/wp\/v2\/comments?post=57109"}],"version-history":[{"count":0,"href":"https:\/\/blog.urbanitae.com\/de\/wp-json\/wp\/v2\/posts\/57109\/revisions"}],"wp:featuredmedia":[{"embeddable":true,"href":"https:\/\/blog.urbanitae.com\/de\/wp-json\/wp\/v2\/media\/57165"}],"wp:attachment":[{"href":"https:\/\/blog.urbanitae.com\/de\/wp-json\/wp\/v2\/media?parent=57109"}],"wp:term":[{"taxonomy":"category","embeddable":true,"href":"https:\/\/blog.urbanitae.com\/de\/wp-json\/wp\/v2\/categories?post=57109"},{"taxonomy":"post_tag","embeddable":true,"href":"https:\/\/blog.urbanitae.com\/de\/wp-json\/wp\/v2\/tags?post=57109"}],"curies":[{"name":"wp","href":"https:\/\/api.w.org\/{rel}","templated":true}]}}