{"id":54190,"date":"2024-12-27T08:45:00","date_gmt":"2024-12-27T07:45:00","guid":{"rendered":"https:\/\/blog.urbanitae.com\/?p=54190"},"modified":"2024-12-27T01:11:40","modified_gmt":"2024-12-27T00:11:40","slug":"flex-living-der-trend-zu-flexiblen-wohnungen-gewinnt-in-spanien-an-bedeutung","status":"publish","type":"post","link":"https:\/\/blog.urbanitae.com\/de\/2024\/12\/27\/flex-living-der-trend-zu-flexiblen-wohnungen-gewinnt-in-spanien-an-bedeutung\/","title":{"rendered":"Flex Living: Der Trend zu flexiblen Wohnungen gewinnt in Spanien an Bedeutung"},"content":{"rendered":"\n<p>In den letzten Jahren hat Flex Living in Spanien als innovative L\u00f6sung f\u00fcr die Wohnungskrise und die steigende Nachfrage nach Flexibilit\u00e4t an Popularit\u00e4t gewonnen. Dieses Modell, das <strong>die Flexibilit\u00e4t von Kurzzeitaufenthalten mit den sich st\u00e4ndig \u00e4ndernden Bed\u00fcrfnissen der modernen Gesellschaft kombiniert,<\/strong> beantwortet die Einschr\u00e4nkungen des traditionellen Immobilienmarktes und beginnt, eine Schl\u00fcsselrolle in gro\u00dfen St\u00e4dten zu spielen. In diesem Artikel erkl\u00e4ren wir, was dieser Trend wirklich bedeutet, wie er sich in Spanien entwickelt und welche neuen M\u00f6glichkeiten f\u00fcr <a href=\"https:\/\/blog.urbanitae.com\/en\/2023\/09\/05\/flex-living-the-future-of-real-estate-investment\/?utm_source=blog_de&amp;utm_medium=organic&amp;utm_campaign=urbanitae_blog_1224&amp;utm_term=investoren&amp;utm_content=de_flex_living_tendencia\" target=\"_blank\" rel=\"noreferrer noopener\">Investoren<\/a> und Entwickler entstehen k\u00f6nnten.<\/p>\n\n\n\n<h2 class=\"wp-block-heading\">Was ist Flex Living und warum w\u00e4chst es?<\/h2>\n\n\n\n<p>Der Begriff Flex Living bezieht sich auf eine Reihe von Wohnalternativen, die <strong>tempor\u00e4re oder flexible L\u00f6sungen<\/strong> f\u00fcr verschiedene Arten von Nutzern bieten. Dazu geh\u00f6ren <strong>Kurzzeitmieten, Studentenwohnheime, Co-Living, Build-to-Rent<\/strong> und andere Optionen, die die Vorteile des Wohnens mit der Flexibilit\u00e4t kombinieren, die vor allem von jungen Berufspersonen und <a href=\"https:\/\/www.infobae.com\/turismo\/2024\/10\/14\/estos-son-los-paises-que-ofrecen-visas-para-nomades-digitales-requisitos-y-oportunidades\/\" target=\"_blank\" rel=\"noreferrer noopener\">digitalen Nomaden<\/a> gesucht wird.<\/p>\n\n\n\n<p>Die j\u00fcngste Expansion von Flex Living in Spanien ist auf mehrere Faktoren zur\u00fcckzuf\u00fchren. Einer der wichtigsten ist <strong>die steigenden Wohnkosten,<\/strong> insbesondere in gro\u00dfen st\u00e4dtischen Zentren, wo der Kauf einer Immobilie oder sogar eine langfristige Miete f\u00fcr viele unerschwinglich geworden ist. Dar\u00fcber hinaus hat die Pandemie einen bereits in einigen Sektoren \u00fcblichen Trend zum Homeoffice beschleunigt, der sich in den folgenden Jahren weiter verst\u00e4rkte.<\/p>\n\n\n\n<h2 class=\"wp-block-heading\">Die Herausforderung der Finanzierung und die Rolle der alternativen Finanzierungen<\/h2>\n\n\n\n<p>Eine der Barrieren, die Flex Living in Spanien \u00fcberwinden musste, ist der Zugang zu traditionellen Finanzierungen. Da dieses Modell relativ neu ist, sind kommerzielle Banken vorsichtig bei der Bewertung, und sie verlangen Kennzahlen und eine Erfolgsbilanz, die sich noch in der Entwicklung befindet. Laut einem <a href=\"https:\/\/www.colliers.com\/es-es\/news\/la-financiacion-del-flex-living\" target=\"_blank\" rel=\"noreferrer noopener\">aktuellen Bericht von Colliers<\/a> war <strong>alternative Finanzierung die Hauptquelle der Unterst\u00fctzung f\u00fcr diese aufkommenden Projekte.<\/strong> Derzeit macht sie etwa 10 % des spanischen Immobilienmarktes aus.<\/p>\n\n\n\n<p>Die Konsolidierung alternativer Finanzierungen hat es Entwicklern erm\u00f6glicht, h\u00f6here Hebelwirkungen zu erzielen, wenn auch zu h\u00f6heren Kosten, die in einigen F\u00e4llen fast zweistellig sind. Aufgrund der <strong>Renditen von \u00fcber 15 % in diesen Projekten<\/strong> entscheiden sich jedoch viele Investoren, diese Kosten zu akzeptieren. Mit der fortschreitenden Entwicklung von Flex Living wird erwartet, dass der Markt die notwendigen Kennzahlen liefern wird, damit traditionelle Banken strukturiertere Finanzierungen zu niedrigeren Kosten anbieten k\u00f6nnen.<\/p>\n\n\n\n<p>Ein Beispiel f\u00fcr das Engagement in diesem Gesch\u00e4ftsmodell ist <strong><a href=\"https:\/\/blog.urbanitae.com\/de\/2024\/06\/14\/investieren-sie-in-flex-living-mit-bevorzugter-rendite\/?utm_source=blog_de&amp;utm_medium=organic&amp;utm_campaign=urbanitae_blog_1224&amp;utm_term=oceanika_1&amp;utm_content=de_flex_living_tendencia\" target=\"_blank\" rel=\"noreferrer noopener\">Oce\u00e1nika<\/a>, ein Projekt, das von Urbanitae in Torremolinos (M\u00e1laga) gef\u00f6rdert wird.<\/strong> In einer hoch nachgefragten Gegend gelegen, verwandelte dieses Projekt ein ehemaliges Hotel in ein Flex Living, das hei\u00dft, einen Komplex mit 180 Zimmern, einer kommerziellen Fl\u00e4che und mehreren Annehmlichkeiten. Das Ziel dieses Projekts, das von Urbanitae finanziert wurde, ist es, sowohl digitale Nomaden als auch junge Berufspersonen anzusprechen, die nach einer modernen Alternative zu traditionellen Mietwohnungen suchen. Diese Initiative zeigt nicht nur das Innovationspotenzial des Sektors, sondern auch die Attraktivit\u00e4t f\u00fcr Investoren.<\/p>\n\n\n\n<h2 class=\"wp-block-heading\">Aussichten und Herausforderungen von flexiblen Wohnungen<\/h2>\n\n\n\n<p>Obwohl die Aussichten f\u00fcr Flex Living optimistisch sind, steht der Sektor noch vor mehreren Herausforderungen. Der Zugang zur Finanzierung ist eine der wichtigsten, doch wenn laufende Projekte ihre wirtschaftliche Rentabilit\u00e4t beweisen, <strong>wird erwartet, dass Banken ihre Anforderungen lockern und den Zugang zu Krediten<\/strong> zu g\u00fcnstigeren Konditionen und mit attraktiveren Hebelwirkungen erleichtern.<\/p>\n\n\n\n<p>Dar\u00fcber hinaus ist <strong>das Fehlen spezifischer Vorschriften f\u00fcr Flex Living ebenfalls eine Barriere,<\/strong> insbesondere in Bezug auf die Entwicklung auf gewerblich genutzten Grundst\u00fccken. Die rechtliche Unsicherheit war eine Herausforderung f\u00fcr viele Entwickler, die versuchen, nicht-residente R\u00e4ume an dieses Modell anzupassen.<\/p>\n\n\n\n<p>Trotz dieser Herausforderungen ist es wichtig zu erw\u00e4hnen, dass <strong><a href=\"https:\/\/blog.urbanitae.com\/de\/2024\/08\/05\/flex-living-setzt-sich-stark-in-spanien-durch\/?utm_source=blog_de&amp;utm_medium=organic&amp;utm_campaign=urbanitae_blog_1224&amp;utm_term=madrid&amp;utm_content=de_flex_living_tendencia\" target=\"_blank\" rel=\"noreferrer noopener\">Madrid<\/a> einen Gro\u00dfteil des Angebots mit \u00fcber 6.000 Betten im Bestand<\/strong> hat und fast 16.000 weitere in der Planung sind. Barcelona verf\u00fcgt \u00fcber 2.200 Pl\u00e4tze und plant, in den kommenden Jahren 2.600 weitere Betten hinzuzuf\u00fcgen. Andere St\u00e4dte mit einer gro\u00dfen Angebotspalette sind Valencia, Guip\u00fazcoa, M\u00e1laga und Vizcaya.<\/p>\n\n\n\n<p>Zusammenfassend l\u00e4sst sich sagen, dass Flex Living als eine innovative und vielseitige Antwort auf die Wohnungskrise in Spanien hervorgetreten ist. Trotz der Herausforderungen bei der Finanzierung und der Regulierung w\u00e4chst der Sektor zunehmend, <strong>getrieben von der Nachfrage nach flexiblen und erschwinglichen Wohnl\u00f6sungen.<\/strong><\/p>\n\n\n\n<p>Projekte wie <a href=\"https:\/\/urbanitae.com\/en\/project\/P000292?utm_source=blog_de&amp;utm_medium=organic&amp;utm_campaign=urbanitae_blog_1224&amp;utm_term=oceanika_2&amp;utm_content=de_flex_living_tendencia\" target=\"_blank\" rel=\"noreferrer noopener\">Oce\u00e1nika<\/a> zeigen, wie dieses Modell Investoren attraktive Renditen bieten kann, w\u00e4hrend es den Bed\u00fcrfnissen einer neuen Generation von Stadtbewohnern gerecht wird. In naher Zukunft wird es wahrscheinlich eine weitere Konsolidierung dieser neuen Wohnform geben, unterst\u00fctzt durch strukturiertere Finanzierungsangebote und klarere Vorschriften, die ihre Expansion erleichtern.<\/p>\n","protected":false},"excerpt":{"rendered":"<p>Mit \u00fcber 6.000 Betten in Madrid und 2.200 in Barcelona etabliert sich Flex Living als innovative L\u00f6sung f\u00fcr die Wohnungsnot und hohe Kosten.<\/p>\n","protected":false},"author":1,"featured_media":54197,"comment_status":"open","ping_status":"closed","sticky":false,"template":"","format":"standard","meta":{"inline_featured_image":false,"footnotes":""},"categories":[1686],"tags":[1745],"class_list":["post-54190","post","type-post","status-publish","format-standard","has-post-thumbnail","hentry","category-immobilieninvestition-de","tag-urbanitae-de"],"blocksy_meta":[],"yoast_head":"<!-- This site is optimized with the Yoast SEO plugin v27.5 - https:\/\/yoast.com\/product\/yoast-seo-wordpress\/ -->\n<title>Flex Living: Der Trend zu flexiblen Wohnungen gewinnt in Spanien an Bedeutung - Urbanitae Blog<\/title>\n<meta name=\"description\" content=\"Flex Living revolutioniert den Immobilienmarkt in Spanien mit flexiblen L\u00f6sungen f\u00fcr Bewohner und Investoren. Mehr erfahren.\" \/>\n<meta name=\"robots\" content=\"index, follow, max-snippet:-1, max-image-preview:large, max-video-preview:-1\" \/>\n<link rel=\"canonical\" href=\"https:\/\/blog.urbanitae.com\/de\/2024\/12\/27\/flex-living-der-trend-zu-flexiblen-wohnungen-gewinnt-in-spanien-an-bedeutung\/\" \/>\n<meta property=\"og:locale\" content=\"de_DE\" \/>\n<meta property=\"og:type\" content=\"article\" \/>\n<meta property=\"og:title\" content=\"Warum ist Flex Living so im Trend?\" \/>\n<meta property=\"og:description\" content=\"Flex Living revolutioniert den Immobilienmarkt in Spanien mit flexiblen L\u00f6sungen f\u00fcr Bewohner und Investoren. Mehr erfahren.\" \/>\n<meta property=\"og:url\" content=\"https:\/\/blog.urbanitae.com\/de\/2024\/12\/27\/flex-living-der-trend-zu-flexiblen-wohnungen-gewinnt-in-spanien-an-bedeutung\/\" \/>\n<meta property=\"og:site_name\" content=\"Urbanitae Blog | Las mejores noticias sobre inversi\u00f3n inmobiliaria\" \/>\n<meta property=\"article:publisher\" content=\"https:\/\/www.facebook.com\/urbanitae\" \/>\n<meta property=\"article:published_time\" content=\"2024-12-27T07:45:00+00:00\" \/>\n<meta property=\"og:image\" content=\"https:\/\/blog.urbanitae.com\/wp-content\/uploads\/2024\/12\/flex-living-vivienda-flexible.webp\" \/>\n\t<meta property=\"og:image:width\" content=\"1400\" \/>\n\t<meta property=\"og:image:height\" content=\"735\" \/>\n\t<meta property=\"og:image:type\" content=\"image\/webp\" \/>\n<meta name=\"author\" content=\"Equipo Urbanitae\" \/>\n<meta name=\"twitter:card\" content=\"summary_large_image\" \/>\n<meta name=\"twitter:creator\" content=\"@urbanitae\" \/>\n<meta name=\"twitter:site\" content=\"@urbanitae\" \/>\n<meta name=\"twitter:label1\" content=\"Verfasst von\" \/>\n\t<meta name=\"twitter:data1\" content=\"Equipo Urbanitae\" \/>\n\t<meta name=\"twitter:label2\" content=\"Gesch\u00e4tzte Lesezeit\" \/>\n\t<meta name=\"twitter:data2\" content=\"4\u00a0Minuten\" \/>\n<script type=\"application\/ld+json\" class=\"yoast-schema-graph\">{\"@context\":\"https:\\\/\\\/schema.org\",\"@graph\":[{\"@type\":[\"Article\",\"BlogPosting\"],\"@id\":\"https:\\\/\\\/blog.urbanitae.com\\\/de\\\/2024\\\/12\\\/27\\\/flex-living-der-trend-zu-flexiblen-wohnungen-gewinnt-in-spanien-an-bedeutung\\\/#article\",\"isPartOf\":{\"@id\":\"https:\\\/\\\/blog.urbanitae.com\\\/de\\\/2024\\\/12\\\/27\\\/flex-living-der-trend-zu-flexiblen-wohnungen-gewinnt-in-spanien-an-bedeutung\\\/\"},\"author\":{\"name\":\"Equipo Urbanitae\",\"@id\":\"https:\\\/\\\/blog.urbanitae.com\\\/de\\\/#\\\/schema\\\/person\\\/e7b2d152f5654066832c53f5aa04fbf7\"},\"headline\":\"Flex Living: Der Trend zu flexiblen Wohnungen gewinnt in Spanien an Bedeutung\",\"datePublished\":\"2024-12-27T07:45:00+00:00\",\"mainEntityOfPage\":{\"@id\":\"https:\\\/\\\/blog.urbanitae.com\\\/de\\\/2024\\\/12\\\/27\\\/flex-living-der-trend-zu-flexiblen-wohnungen-gewinnt-in-spanien-an-bedeutung\\\/\"},\"wordCount\":760,\"commentCount\":0,\"publisher\":{\"@id\":\"https:\\\/\\\/blog.urbanitae.com\\\/de\\\/#organization\"},\"image\":{\"@id\":\"https:\\\/\\\/blog.urbanitae.com\\\/de\\\/2024\\\/12\\\/27\\\/flex-living-der-trend-zu-flexiblen-wohnungen-gewinnt-in-spanien-an-bedeutung\\\/#primaryimage\"},\"thumbnailUrl\":\"https:\\\/\\\/blog.urbanitae.com\\\/wp-content\\\/uploads\\\/2024\\\/12\\\/flex-living-vivienda-flexible.webp\",\"keywords\":[\"Urbanitae\"],\"articleSection\":[\"Immobilieninvestition\"],\"inLanguage\":\"de\",\"potentialAction\":[{\"@type\":\"CommentAction\",\"name\":\"Comment\",\"target\":[\"https:\\\/\\\/blog.urbanitae.com\\\/de\\\/2024\\\/12\\\/27\\\/flex-living-der-trend-zu-flexiblen-wohnungen-gewinnt-in-spanien-an-bedeutung\\\/#respond\"]}]},{\"@type\":[\"WebPage\",\"ItemPage\"],\"@id\":\"https:\\\/\\\/blog.urbanitae.com\\\/de\\\/2024\\\/12\\\/27\\\/flex-living-der-trend-zu-flexiblen-wohnungen-gewinnt-in-spanien-an-bedeutung\\\/\",\"url\":\"https:\\\/\\\/blog.urbanitae.com\\\/de\\\/2024\\\/12\\\/27\\\/flex-living-der-trend-zu-flexiblen-wohnungen-gewinnt-in-spanien-an-bedeutung\\\/\",\"name\":\"Flex Living: Der Trend zu flexiblen Wohnungen gewinnt in Spanien an Bedeutung - Urbanitae Blog\",\"isPartOf\":{\"@id\":\"https:\\\/\\\/blog.urbanitae.com\\\/de\\\/#website\"},\"primaryImageOfPage\":{\"@id\":\"https:\\\/\\\/blog.urbanitae.com\\\/de\\\/2024\\\/12\\\/27\\\/flex-living-der-trend-zu-flexiblen-wohnungen-gewinnt-in-spanien-an-bedeutung\\\/#primaryimage\"},\"image\":{\"@id\":\"https:\\\/\\\/blog.urbanitae.com\\\/de\\\/2024\\\/12\\\/27\\\/flex-living-der-trend-zu-flexiblen-wohnungen-gewinnt-in-spanien-an-bedeutung\\\/#primaryimage\"},\"thumbnailUrl\":\"https:\\\/\\\/blog.urbanitae.com\\\/wp-content\\\/uploads\\\/2024\\\/12\\\/flex-living-vivienda-flexible.webp\",\"datePublished\":\"2024-12-27T07:45:00+00:00\",\"description\":\"Flex Living revolutioniert den Immobilienmarkt in Spanien mit flexiblen L\u00f6sungen f\u00fcr Bewohner und Investoren. Mehr erfahren.\",\"breadcrumb\":{\"@id\":\"https:\\\/\\\/blog.urbanitae.com\\\/de\\\/2024\\\/12\\\/27\\\/flex-living-der-trend-zu-flexiblen-wohnungen-gewinnt-in-spanien-an-bedeutung\\\/#breadcrumb\"},\"inLanguage\":\"de\",\"potentialAction\":[{\"@type\":\"ReadAction\",\"target\":[\"https:\\\/\\\/blog.urbanitae.com\\\/de\\\/2024\\\/12\\\/27\\\/flex-living-der-trend-zu-flexiblen-wohnungen-gewinnt-in-spanien-an-bedeutung\\\/\"]}]},{\"@type\":\"ImageObject\",\"inLanguage\":\"de\",\"@id\":\"https:\\\/\\\/blog.urbanitae.com\\\/de\\\/2024\\\/12\\\/27\\\/flex-living-der-trend-zu-flexiblen-wohnungen-gewinnt-in-spanien-an-bedeutung\\\/#primaryimage\",\"url\":\"https:\\\/\\\/blog.urbanitae.com\\\/wp-content\\\/uploads\\\/2024\\\/12\\\/flex-living-vivienda-flexible.webp\",\"contentUrl\":\"https:\\\/\\\/blog.urbanitae.com\\\/wp-content\\\/uploads\\\/2024\\\/12\\\/flex-living-vivienda-flexible.webp\",\"width\":1400,\"height\":735,\"caption\":\"Flex living: la tendencia de la vivienda flexible avanza en Espa\u00f1a. Flex Living: The trend of flexible housing gains ground in Spain. Flex living : la tendance du logement flexible progresse en Espagne. Flex Living: la tendenza degli alloggi flessibili avanza in Spagna. Flex living: a tend\u00eancia do alojamento flex\u00edvel avan\u00e7a em Espanha. Flex Living: Der Trend zu flexiblen Wohnungen gewinnt in Spanien an Bedeutung.\"},{\"@type\":\"BreadcrumbList\",\"@id\":\"https:\\\/\\\/blog.urbanitae.com\\\/de\\\/2024\\\/12\\\/27\\\/flex-living-der-trend-zu-flexiblen-wohnungen-gewinnt-in-spanien-an-bedeutung\\\/#breadcrumb\",\"itemListElement\":[{\"@type\":\"ListItem\",\"position\":1,\"name\":\"Portada\",\"item\":\"https:\\\/\\\/blog.urbanitae.com\\\/de\\\/\"},{\"@type\":\"ListItem\",\"position\":2,\"name\":\"Flex Living: Der Trend zu flexiblen Wohnungen gewinnt in Spanien an Bedeutung\"}]},{\"@type\":\"WebSite\",\"@id\":\"https:\\\/\\\/blog.urbanitae.com\\\/de\\\/#website\",\"url\":\"https:\\\/\\\/blog.urbanitae.com\\\/de\\\/\",\"name\":\"Urbanitae Blog | Las mejores noticias sobre inversi\u00f3n inmobiliaria\",\"description\":\"Inversi\u00f3n inmobiliaria al alcance de todos\",\"publisher\":{\"@id\":\"https:\\\/\\\/blog.urbanitae.com\\\/de\\\/#organization\"},\"potentialAction\":[{\"@type\":\"SearchAction\",\"target\":{\"@type\":\"EntryPoint\",\"urlTemplate\":\"https:\\\/\\\/blog.urbanitae.com\\\/de\\\/?s={search_term_string}\"},\"query-input\":{\"@type\":\"PropertyValueSpecification\",\"valueRequired\":true,\"valueName\":\"search_term_string\"}}],\"inLanguage\":\"de\"},{\"@type\":\"Organization\",\"@id\":\"https:\\\/\\\/blog.urbanitae.com\\\/de\\\/#organization\",\"name\":\"Urbanitae\",\"url\":\"https:\\\/\\\/blog.urbanitae.com\\\/de\\\/\",\"logo\":{\"@type\":\"ImageObject\",\"inLanguage\":\"de\",\"@id\":\"https:\\\/\\\/blog.urbanitae.com\\\/de\\\/#\\\/schema\\\/logo\\\/image\\\/\",\"url\":\"https:\\\/\\\/blog.urbanitae.com\\\/wp-content\\\/uploads\\\/2020\\\/04\\\/logo-verde_350x100.svg\",\"contentUrl\":\"https:\\\/\\\/blog.urbanitae.com\\\/wp-content\\\/uploads\\\/2020\\\/04\\\/logo-verde_350x100.svg\",\"width\":350,\"height\":100,\"caption\":\"Urbanitae\"},\"image\":{\"@id\":\"https:\\\/\\\/blog.urbanitae.com\\\/de\\\/#\\\/schema\\\/logo\\\/image\\\/\"},\"sameAs\":[\"https:\\\/\\\/www.facebook.com\\\/urbanitae\",\"https:\\\/\\\/x.com\\\/urbanitae\",\"https:\\\/\\\/www.instagram.com\\\/urbanitae\",\"https:\\\/\\\/www.linkedin.com\\\/company\\\/urbanitae\",\"https:\\\/\\\/www.pinterest.es\\\/UrbanitaeSL\\\/_created\\\/\",\"https:\\\/\\\/www.youtube.com\\\/c\\\/Urbanitae_RE\"]},{\"@type\":\"Person\",\"@id\":\"https:\\\/\\\/blog.urbanitae.com\\\/de\\\/#\\\/schema\\\/person\\\/e7b2d152f5654066832c53f5aa04fbf7\",\"name\":\"Equipo Urbanitae\",\"image\":{\"@type\":\"ImageObject\",\"inLanguage\":\"de\",\"@id\":\"https:\\\/\\\/secure.gravatar.com\\\/avatar\\\/e75782c6aa253c8ac75c13b1ec97172bb2d67437baa4354ba4b0650a97f565f2?s=96&d=mm&r=g\",\"url\":\"https:\\\/\\\/secure.gravatar.com\\\/avatar\\\/e75782c6aa253c8ac75c13b1ec97172bb2d67437baa4354ba4b0650a97f565f2?s=96&d=mm&r=g\",\"contentUrl\":\"https:\\\/\\\/secure.gravatar.com\\\/avatar\\\/e75782c6aa253c8ac75c13b1ec97172bb2d67437baa4354ba4b0650a97f565f2?s=96&d=mm&r=g\",\"caption\":\"Equipo Urbanitae\"},\"sameAs\":[\"https:\\\/\\\/urbanitae.com\"],\"url\":\"https:\\\/\\\/blog.urbanitae.com\\\/de\\\/author\\\/urbanitae\\\/\"}]}<\/script>\n<!-- \/ Yoast SEO plugin. -->","yoast_head_json":{"title":"Flex Living: Der Trend zu flexiblen Wohnungen gewinnt in Spanien an Bedeutung - Urbanitae Blog","description":"Flex Living revolutioniert den Immobilienmarkt in Spanien mit flexiblen L\u00f6sungen f\u00fcr Bewohner und Investoren. Mehr erfahren.","robots":{"index":"index","follow":"follow","max-snippet":"max-snippet:-1","max-image-preview":"max-image-preview:large","max-video-preview":"max-video-preview:-1"},"canonical":"https:\/\/blog.urbanitae.com\/de\/2024\/12\/27\/flex-living-der-trend-zu-flexiblen-wohnungen-gewinnt-in-spanien-an-bedeutung\/","og_locale":"de_DE","og_type":"article","og_title":"Warum ist Flex Living so im Trend?","og_description":"Flex Living revolutioniert den Immobilienmarkt in Spanien mit flexiblen L\u00f6sungen f\u00fcr Bewohner und Investoren. Mehr erfahren.","og_url":"https:\/\/blog.urbanitae.com\/de\/2024\/12\/27\/flex-living-der-trend-zu-flexiblen-wohnungen-gewinnt-in-spanien-an-bedeutung\/","og_site_name":"Urbanitae Blog | Las mejores noticias sobre inversi\u00f3n inmobiliaria","article_publisher":"https:\/\/www.facebook.com\/urbanitae","article_published_time":"2024-12-27T07:45:00+00:00","og_image":[{"width":1400,"height":735,"url":"https:\/\/blog.urbanitae.com\/wp-content\/uploads\/2024\/12\/flex-living-vivienda-flexible.webp","type":"image\/webp"}],"author":"Equipo Urbanitae","twitter_card":"summary_large_image","twitter_creator":"@urbanitae","twitter_site":"@urbanitae","twitter_misc":{"Verfasst von":"Equipo Urbanitae","Gesch\u00e4tzte Lesezeit":"4\u00a0Minuten"},"schema":{"@context":"https:\/\/schema.org","@graph":[{"@type":["Article","BlogPosting"],"@id":"https:\/\/blog.urbanitae.com\/de\/2024\/12\/27\/flex-living-der-trend-zu-flexiblen-wohnungen-gewinnt-in-spanien-an-bedeutung\/#article","isPartOf":{"@id":"https:\/\/blog.urbanitae.com\/de\/2024\/12\/27\/flex-living-der-trend-zu-flexiblen-wohnungen-gewinnt-in-spanien-an-bedeutung\/"},"author":{"name":"Equipo Urbanitae","@id":"https:\/\/blog.urbanitae.com\/de\/#\/schema\/person\/e7b2d152f5654066832c53f5aa04fbf7"},"headline":"Flex Living: Der Trend zu flexiblen Wohnungen gewinnt in Spanien an Bedeutung","datePublished":"2024-12-27T07:45:00+00:00","mainEntityOfPage":{"@id":"https:\/\/blog.urbanitae.com\/de\/2024\/12\/27\/flex-living-der-trend-zu-flexiblen-wohnungen-gewinnt-in-spanien-an-bedeutung\/"},"wordCount":760,"commentCount":0,"publisher":{"@id":"https:\/\/blog.urbanitae.com\/de\/#organization"},"image":{"@id":"https:\/\/blog.urbanitae.com\/de\/2024\/12\/27\/flex-living-der-trend-zu-flexiblen-wohnungen-gewinnt-in-spanien-an-bedeutung\/#primaryimage"},"thumbnailUrl":"https:\/\/blog.urbanitae.com\/wp-content\/uploads\/2024\/12\/flex-living-vivienda-flexible.webp","keywords":["Urbanitae"],"articleSection":["Immobilieninvestition"],"inLanguage":"de","potentialAction":[{"@type":"CommentAction","name":"Comment","target":["https:\/\/blog.urbanitae.com\/de\/2024\/12\/27\/flex-living-der-trend-zu-flexiblen-wohnungen-gewinnt-in-spanien-an-bedeutung\/#respond"]}]},{"@type":["WebPage","ItemPage"],"@id":"https:\/\/blog.urbanitae.com\/de\/2024\/12\/27\/flex-living-der-trend-zu-flexiblen-wohnungen-gewinnt-in-spanien-an-bedeutung\/","url":"https:\/\/blog.urbanitae.com\/de\/2024\/12\/27\/flex-living-der-trend-zu-flexiblen-wohnungen-gewinnt-in-spanien-an-bedeutung\/","name":"Flex Living: Der Trend zu flexiblen Wohnungen gewinnt in Spanien an Bedeutung - Urbanitae Blog","isPartOf":{"@id":"https:\/\/blog.urbanitae.com\/de\/#website"},"primaryImageOfPage":{"@id":"https:\/\/blog.urbanitae.com\/de\/2024\/12\/27\/flex-living-der-trend-zu-flexiblen-wohnungen-gewinnt-in-spanien-an-bedeutung\/#primaryimage"},"image":{"@id":"https:\/\/blog.urbanitae.com\/de\/2024\/12\/27\/flex-living-der-trend-zu-flexiblen-wohnungen-gewinnt-in-spanien-an-bedeutung\/#primaryimage"},"thumbnailUrl":"https:\/\/blog.urbanitae.com\/wp-content\/uploads\/2024\/12\/flex-living-vivienda-flexible.webp","datePublished":"2024-12-27T07:45:00+00:00","description":"Flex Living revolutioniert den Immobilienmarkt in Spanien mit flexiblen L\u00f6sungen f\u00fcr Bewohner und Investoren. Mehr erfahren.","breadcrumb":{"@id":"https:\/\/blog.urbanitae.com\/de\/2024\/12\/27\/flex-living-der-trend-zu-flexiblen-wohnungen-gewinnt-in-spanien-an-bedeutung\/#breadcrumb"},"inLanguage":"de","potentialAction":[{"@type":"ReadAction","target":["https:\/\/blog.urbanitae.com\/de\/2024\/12\/27\/flex-living-der-trend-zu-flexiblen-wohnungen-gewinnt-in-spanien-an-bedeutung\/"]}]},{"@type":"ImageObject","inLanguage":"de","@id":"https:\/\/blog.urbanitae.com\/de\/2024\/12\/27\/flex-living-der-trend-zu-flexiblen-wohnungen-gewinnt-in-spanien-an-bedeutung\/#primaryimage","url":"https:\/\/blog.urbanitae.com\/wp-content\/uploads\/2024\/12\/flex-living-vivienda-flexible.webp","contentUrl":"https:\/\/blog.urbanitae.com\/wp-content\/uploads\/2024\/12\/flex-living-vivienda-flexible.webp","width":1400,"height":735,"caption":"Flex living: la tendencia de la vivienda flexible avanza en Espa\u00f1a. Flex Living: The trend of flexible housing gains ground in Spain. Flex living : la tendance du logement flexible progresse en Espagne. Flex Living: la tendenza degli alloggi flessibili avanza in Spagna. Flex living: a tend\u00eancia do alojamento flex\u00edvel avan\u00e7a em Espanha. Flex Living: Der Trend zu flexiblen Wohnungen gewinnt in Spanien an Bedeutung."},{"@type":"BreadcrumbList","@id":"https:\/\/blog.urbanitae.com\/de\/2024\/12\/27\/flex-living-der-trend-zu-flexiblen-wohnungen-gewinnt-in-spanien-an-bedeutung\/#breadcrumb","itemListElement":[{"@type":"ListItem","position":1,"name":"Portada","item":"https:\/\/blog.urbanitae.com\/de\/"},{"@type":"ListItem","position":2,"name":"Flex Living: Der Trend zu flexiblen Wohnungen gewinnt in Spanien an Bedeutung"}]},{"@type":"WebSite","@id":"https:\/\/blog.urbanitae.com\/de\/#website","url":"https:\/\/blog.urbanitae.com\/de\/","name":"Urbanitae Blog | Las mejores noticias sobre inversi\u00f3n inmobiliaria","description":"Inversi\u00f3n inmobiliaria al alcance de todos","publisher":{"@id":"https:\/\/blog.urbanitae.com\/de\/#organization"},"potentialAction":[{"@type":"SearchAction","target":{"@type":"EntryPoint","urlTemplate":"https:\/\/blog.urbanitae.com\/de\/?s={search_term_string}"},"query-input":{"@type":"PropertyValueSpecification","valueRequired":true,"valueName":"search_term_string"}}],"inLanguage":"de"},{"@type":"Organization","@id":"https:\/\/blog.urbanitae.com\/de\/#organization","name":"Urbanitae","url":"https:\/\/blog.urbanitae.com\/de\/","logo":{"@type":"ImageObject","inLanguage":"de","@id":"https:\/\/blog.urbanitae.com\/de\/#\/schema\/logo\/image\/","url":"https:\/\/blog.urbanitae.com\/wp-content\/uploads\/2020\/04\/logo-verde_350x100.svg","contentUrl":"https:\/\/blog.urbanitae.com\/wp-content\/uploads\/2020\/04\/logo-verde_350x100.svg","width":350,"height":100,"caption":"Urbanitae"},"image":{"@id":"https:\/\/blog.urbanitae.com\/de\/#\/schema\/logo\/image\/"},"sameAs":["https:\/\/www.facebook.com\/urbanitae","https:\/\/x.com\/urbanitae","https:\/\/www.instagram.com\/urbanitae","https:\/\/www.linkedin.com\/company\/urbanitae","https:\/\/www.pinterest.es\/UrbanitaeSL\/_created\/","https:\/\/www.youtube.com\/c\/Urbanitae_RE"]},{"@type":"Person","@id":"https:\/\/blog.urbanitae.com\/de\/#\/schema\/person\/e7b2d152f5654066832c53f5aa04fbf7","name":"Equipo Urbanitae","image":{"@type":"ImageObject","inLanguage":"de","@id":"https:\/\/secure.gravatar.com\/avatar\/e75782c6aa253c8ac75c13b1ec97172bb2d67437baa4354ba4b0650a97f565f2?s=96&d=mm&r=g","url":"https:\/\/secure.gravatar.com\/avatar\/e75782c6aa253c8ac75c13b1ec97172bb2d67437baa4354ba4b0650a97f565f2?s=96&d=mm&r=g","contentUrl":"https:\/\/secure.gravatar.com\/avatar\/e75782c6aa253c8ac75c13b1ec97172bb2d67437baa4354ba4b0650a97f565f2?s=96&d=mm&r=g","caption":"Equipo Urbanitae"},"sameAs":["https:\/\/urbanitae.com"],"url":"https:\/\/blog.urbanitae.com\/de\/author\/urbanitae\/"}]}},"_links":{"self":[{"href":"https:\/\/blog.urbanitae.com\/de\/wp-json\/wp\/v2\/posts\/54190","targetHints":{"allow":["GET"]}}],"collection":[{"href":"https:\/\/blog.urbanitae.com\/de\/wp-json\/wp\/v2\/posts"}],"about":[{"href":"https:\/\/blog.urbanitae.com\/de\/wp-json\/wp\/v2\/types\/post"}],"author":[{"embeddable":true,"href":"https:\/\/blog.urbanitae.com\/de\/wp-json\/wp\/v2\/users\/1"}],"replies":[{"embeddable":true,"href":"https:\/\/blog.urbanitae.com\/de\/wp-json\/wp\/v2\/comments?post=54190"}],"version-history":[{"count":0,"href":"https:\/\/blog.urbanitae.com\/de\/wp-json\/wp\/v2\/posts\/54190\/revisions"}],"wp:featuredmedia":[{"embeddable":true,"href":"https:\/\/blog.urbanitae.com\/de\/wp-json\/wp\/v2\/media\/54197"}],"wp:attachment":[{"href":"https:\/\/blog.urbanitae.com\/de\/wp-json\/wp\/v2\/media?parent=54190"}],"wp:term":[{"taxonomy":"category","embeddable":true,"href":"https:\/\/blog.urbanitae.com\/de\/wp-json\/wp\/v2\/categories?post=54190"},{"taxonomy":"post_tag","embeddable":true,"href":"https:\/\/blog.urbanitae.com\/de\/wp-json\/wp\/v2\/tags?post=54190"}],"curies":[{"name":"wp","href":"https:\/\/api.w.org\/{rel}","templated":true}]}}