{"id":51169,"date":"2024-10-11T16:57:07","date_gmt":"2024-10-11T14:57:07","guid":{"rendered":"https:\/\/blog.urbanitae.com\/?p=51169"},"modified":"2024-10-11T16:58:38","modified_gmt":"2024-10-11T14:58:38","slug":"wir-starten-unser-erstes-projekt-in-frankreich","status":"publish","type":"post","link":"https:\/\/blog.urbanitae.com\/de\/2024\/10\/11\/wir-starten-unser-erstes-projekt-in-frankreich\/","title":{"rendered":"Wir starten unser erstes Projekt in Frankreich!"},"content":{"rendered":"\t\t<div data-elementor-type=\"wp-post\" data-elementor-id=\"51169\" class=\"elementor elementor-51169 elementor-51156\">\n\t\t\t\t\t\t<section class=\"elementor-section elementor-top-section elementor-element elementor-element-5a08b29f elementor-section-boxed elementor-section-height-default elementor-section-height-default\" data-id=\"5a08b29f\" data-element_type=\"section\" data-e-type=\"section\">\n\t\t\t\t\t\t<div class=\"elementor-container elementor-column-gap-default\">\n\t\t\t\t\t<div class=\"elementor-column elementor-col-100 elementor-top-column elementor-element elementor-element-1de2594d\" data-id=\"1de2594d\" data-element_type=\"column\" data-e-type=\"column\">\n\t\t\t<div class=\"elementor-widget-wrap elementor-element-populated\">\n\t\t\t\t\t\t<div class=\"elementor-element elementor-element-278bdaba elementor-widget elementor-widget-text-editor\" data-id=\"278bdaba\" data-element_type=\"widget\" data-e-type=\"widget\" data-widget_type=\"text-editor.default\">\n\t\t\t\t<div class=\"elementor-widget-container\">\n\t\t\t\t\t\t\t\t\t\n<p>Wir freuen uns, unser erstes Urbanitae-Projekt in Frankreich ank\u00fcndigen zu k\u00f6nnen. Wir starten im gr\u00f6\u00dften Markt Europas, und das direkt neben Paris. Der Startschuss f\u00e4llt am <strong>Donnerstag, den 17. Oktober, um 16 Uhr (UTC+2).<\/strong> Hier sind alle Details.<\/p>\n\n<p>Im Mittelpunkt des Projekts <a href=\"https:\/\/urbanitae.com\/en\/project\/P000321?utm_source=blog_de&amp;utm_medium=organic&amp;utm_campaign=urbanitae_blog_1024&amp;utm_term=marjolin_1&amp;utm_content=de_proyecto_marjolin\" target=\"_blank\" rel=\"noreferrer noopener\">Marjolin<\/a> steht <strong>ein B\u00fcrogeb\u00e4ude in der Gemeinde Levallois-Perret, direkt neben Paris.<\/strong> Die Urbanitae-Investoren werden Kapital bereitstellen, um dieses Geb\u00e4ude zu erwerben, das derzeit zu fast 90 % vermietet ist. Das Ziel ist es, die Auslastung auf 100 % zu optimieren. Sobald der potenzielle Wert maximiert ist, wird das Objekt innerhalb eines Zeitraums von maximal drei Jahren \u2013 also 36 Monaten \u2013 verkauft.<\/p>\n\n<p>Dieses B\u00fcrogeb\u00e4ude mit einer Nutzfl\u00e4che von 4.779 m\u00b2 <strong>wurde 1988 erbaut und 2014 vollst\u00e4ndig renoviert.<\/strong> Es umfasst sechs Etagen und 118 Parkpl\u00e4tze auf drei unterirdischen Ebenen \u2013 elf davon sind mit Ladestationen f\u00fcr Elektrofahrzeuge ausgestattet. Das Geb\u00e4ude bietet au\u00dferdem einen Veranstaltungsraum, eine Wellness-Zone, ein Caf\u00e9 und Lagerfl\u00e4che. Ein weiteres Highlight sind die nachhaltigen Referenzen: Das Geb\u00e4ude ist mit dem BBC Effinergie r\u00e9novation-Siegel f\u00fcr Energieeffizienz zertifiziert, <strong>was Energiekosteneinsparungen und einen Wettbewerbsvorteil beim zuk\u00fcnftigen Verkauf sicherstellt.<\/strong> Es sind keine weiteren Arbeiten oder administrativen Schritte f\u00fcr dieses Geb\u00e4ude erforderlich.<\/p>\n\n<p>Die Umgebung des Objekts ist sowohl in Bezug auf B\u00fcros als auch auf Wohnh\u00e4user <strong>mit einem gehobenen mittleren Einkommen<\/strong> vollst\u00e4ndig konsolidiert. Das Gebiet ist umgeben von Parks, Superm\u00e4rkten, Schulen und Restaurants. Seit den 2000er Jahren hat Levallois-Perret eine bedeutende Transformation durchlaufen, einschlie\u00dflich der Sanierung der Seine-Ufer im Jahr 2006, was bis 2022 eine Bev\u00f6lkerung von etwa 65.000 Einwohnern angezogen hat \u2013 dank der N\u00e4he zu Paris und der hochwertigen Infrastruktur.<\/p>\n\n<p>Der Verwalter dieser Gelegenheit ist Babylone &#8211; Had\u00e8s, ein in Frankreich \u2013 insbesondere in Paris \u2013 hoch angesehener und erfahrener Immobilienbetreiber. Seit seiner Gr\u00fcndung hat er rund 30 Investitionsprojekte mit einer konservativen und wertsteigernden Strategie (einschlie\u00dflich Nutzungs\u00e4nderungen oder Sanierungen historischer Geb\u00e4ude) erfolgreich abgeschlossen.<\/p>\n\n<h2 class=\"wp-block-heading\">Wertsteigerungsstrategie<\/h2>\n\n<p>Das Projekt <a href=\"https:\/\/urbanitae.com\/en\/project\/P000321?utm_source=blog_de&amp;utm_medium=organic&amp;utm_campaign=urbanitae_blog_1024&amp;utm_term=marjolin_2&amp;utm_content=de_proyecto_marjolin\" target=\"_blank\" rel=\"noreferrer noopener\">Marjolin<\/a> verfolgt eine <a href=\"https:\/\/blog.urbanitae.com\/de\/2024\/02\/21\/wie-sind-die-wertsteigerungsprojekte-bei-urbanitae\/?utm_source=blog_de&amp;utm_medium=organic&amp;utm_campaign=urbanitae_blog_1024&amp;utm_term=wertsteigerungsstrategie&amp;utm_content=de_proyecto_marjolin\" target=\"_blank\" rel=\"noreferrer noopener\">Wertsteigerungsstrategie<\/a>, die darin besteht, eine Partnerschaft mit dem Betreiber einzugehen, um das Geb\u00e4ude zu erwerben und die Auslastung auf 100 % zu bringen, sowie die Mietvertr\u00e4ge neu zu verhandeln, um das Projekt zu optimieren.<\/p>\n\n<p><strong>Die Urbanitae-Investoren werden 2.510.000 Euro beitragen<\/strong> \u2013 davon verbleiben 10.000 Euro in der Zweckgesellschaft, um administrative und Managementkosten zu decken. Der Betreiber wird die vollst\u00e4ndige Verwaltung des Projekts \u00fcbernehmen und selbst 23 % des Gesamtwerts der Investition investieren.<\/p>\n\n<p><strong>Das Geb\u00e4ude beherbergt derzeit vier Mieter;<\/strong> ein Teil der ungenutzten Fl\u00e4che ist bereits f\u00fcr einen neuen Mieter reserviert, sodass nur noch die H\u00e4lfte einer Etage frei bleibt \u2013 und auch hier gibt es bereits Interessenten. Sobald der Wert maximiert ist, wird das Geb\u00e4ude innerhalb von maximal drei Jahren verkauft. Der Betreiber plant, den Verkauf zu initiieren, sobald das Geb\u00e4ude vollst\u00e4ndig vermietet ist.<\/p>\n\n<p>Der Kaufvertrag wurde Anfang 2024 unterzeichnet, und der Erwerb des Geb\u00e4udes ist f\u00fcr Oktober 2024 geplant. <strong>Bereits 2.000.000 Euro des Kaufpreises wurden gezahlt.<\/strong> Der Kauf wird Ende Oktober mit dem Einstieg der Investoren des Betreibers und der Bank abgeschlossen. Dar\u00fcber hinaus hat der Betreiber mit einer erstklassigen Bank die Finanzierungsbedingungen f\u00fcr das Projekt vereinbart.<\/p>\n\n<p>Ein weiterer wichtiger Aspekt ist, dass das Geb\u00e4ude bereits zu fast 90 % vermietet ist und <strong>daher von Anfang an Cashflow f\u00fcr das Projekt generiert.<\/strong><\/p>\n\n<p>In diesem Video erkl\u00e4ren wir die wichtigsten Punkte des Projekts <a href=\"https:\/\/urbanitae.com\/en\/project\/P000321?utm_source=blog_de&amp;utm_medium=organic&amp;utm_campaign=urbanitae_blog_1024&amp;utm_term=marjolin_3&amp;utm_content=de_proyecto_marjolin\" target=\"_blank\" rel=\"noreferrer noopener\">Marjolin<\/a>.<\/p>\n\t\t\t\t\t\t\t\t<\/div>\n\t\t\t\t<\/div>\n\t\t\t\t\t<\/div>\n\t\t<\/div>\n\t\t\t\t\t<\/div>\n\t\t<\/section>\n\t\t\t\t<section class=\"elementor-section elementor-top-section elementor-element elementor-element-04cc13c elementor-section-boxed elementor-section-height-default elementor-section-height-default\" data-id=\"04cc13c\" data-element_type=\"section\" data-e-type=\"section\">\n\t\t\t\t\t\t<div class=\"elementor-container elementor-column-gap-default\">\n\t\t\t\t\t<div class=\"elementor-column elementor-col-100 elementor-top-column elementor-element elementor-element-bfdcb40\" data-id=\"bfdcb40\" data-element_type=\"column\" data-e-type=\"column\">\n\t\t\t<div class=\"elementor-widget-wrap elementor-element-populated\">\n\t\t\t\t\t\t<div class=\"elementor-element elementor-element-9bbc7a9 elementor-widget elementor-widget-video\" data-id=\"9bbc7a9\" data-element_type=\"widget\" data-e-type=\"widget\" data-settings=\"{&quot;youtube_url&quot;:&quot;https:\\\/\\\/youtu.be\\\/CsQn6DOFjMA&quot;,&quot;video_type&quot;:&quot;youtube&quot;,&quot;controls&quot;:&quot;yes&quot;}\" data-widget_type=\"video.default\">\n\t\t\t\t<div class=\"elementor-widget-container\">\n\t\t\t\t\t\t\t<div class=\"elementor-wrapper elementor-open-inline\">\n\t\t\t<div class=\"elementor-video\"><\/div>\t\t<\/div>\n\t\t\t\t\t\t<\/div>\n\t\t\t\t<\/div>\n\t\t\t\t\t<\/div>\n\t\t<\/div>\n\t\t\t\t\t<\/div>\n\t\t<\/section>\n\t\t\t\t<section class=\"elementor-section elementor-top-section elementor-element elementor-element-ccf7840 elementor-section-boxed elementor-section-height-default elementor-section-height-default\" data-id=\"ccf7840\" data-element_type=\"section\" data-e-type=\"section\">\n\t\t\t\t\t\t<div class=\"elementor-container elementor-column-gap-default\">\n\t\t\t\t\t<div class=\"elementor-column elementor-col-100 elementor-top-column elementor-element elementor-element-b348b45\" data-id=\"b348b45\" data-element_type=\"column\" data-e-type=\"column\">\n\t\t\t<div class=\"elementor-widget-wrap elementor-element-populated\">\n\t\t\t\t\t\t<div class=\"elementor-element elementor-element-7fa377a elementor-widget elementor-widget-text-editor\" data-id=\"7fa377a\" data-element_type=\"widget\" data-e-type=\"widget\" data-widget_type=\"text-editor.default\">\n\t\t\t\t<div class=\"elementor-widget-container\">\n\t\t\t\t\t\t\t\t\t<p><\/p>\n<h2 class=\"wp-block-heading\">Rendite in 36 Monaten<\/h2>\n<p><\/p>\n<p>Die geplante Laufzeit dieses Projekts betr\u00e4gt 36 Monate. Wie erw\u00e4hnt, wird der Kauf des Geb\u00e4udes voraussichtlich Ende Oktober abgeschlossen. Zwischen dem dritten Quartal 2024 und dem zweiten Quartal 2027 wird die derzeit leerstehende Fl\u00e4che vermietet und potenziell die Mietvertr\u00e4ge neu verhandelt, w\u00e4hrend parallel die Vermarktung beginnt. <strong>Der Verkauf des Geb\u00e4udes ist f\u00fcr das vierte Quartal 2027 geplant,<\/strong> wonach die Zweckgesellschaft liquidiert und die Gewinne an die Investoren ausgesch\u00fcttet werden.<\/p>\n<p><\/p>\n<p>Hast du noch Fragen? Am <strong>Dienstag, den 15. Oktober, um 12 Uhr (UTC+2) veranstalten wir ein <a href=\"https:\/\/us02web.zoom.us\/webinar\/register\/WN_tr2HJoKkQ1iTkZIFCmhcoA\" target=\"_blank\" rel=\"noreferrer noopener\">Webinar<\/a>,<\/strong> bei dem du uns alles zum Projekt fragen kannst. Au\u00dferdem sind wir telefonisch unter (+34) 911 23 25 22 und per E-Mail unter <a href=\"mailto:contacto@urbanitae.com\" target=\"_blank\" rel=\"noreferrer noopener\">contacto@urbanitae.com<\/a> erreichbar.<\/p>\n<p><\/p>\n<p>Verpasse nicht unser erstes Projekt in Frankreich. Wir freuen uns auf dich!<\/p>\t\t\t\t\t\t\t\t<\/div>\n\t\t\t\t<\/div>\n\t\t\t\t\t<\/div>\n\t\t<\/div>\n\t\t\t\t\t<\/div>\n\t\t<\/section>\n\t\t\t\t<\/div>\n\t\t","protected":false},"excerpt":{"rendered":"<p>Wir gehen eine Partnerschaft mit einem erfahrenen Betreiber ein, um einen B\u00fcroblock in der N\u00e4he von Paris zu kaufen, der zu 90 % vermietet ist, um das Leasing abzuschlie\u00dfen und es optimiert zu verkaufen.<\/p>\n","protected":false},"author":1,"featured_media":51208,"comment_status":"open","ping_status":"open","sticky":false,"template":"","format":"standard","meta":{"inline_featured_image":false,"footnotes":""},"categories":[1702,1699],"tags":[1959,1965],"class_list":["post-51169","post","type-post","status-publish","format-standard","has-post-thumbnail","hentry","category-eigenkapitalprojekte","category-projekte","tag-crowdinvesting","tag-immobilien-crowdfunding"],"blocksy_meta":[],"yoast_head":"<!-- This site is optimized with the Yoast SEO plugin v27.4 - https:\/\/yoast.com\/product\/yoast-seo-wordpress\/ -->\n<title>Wir starten unser erstes Projekt in Frankreich! - Urbanitae Blog<\/title>\n<meta name=\"description\" content=\"M\u00f6chten Sie in ein B\u00fcrogeb\u00e4ude in der N\u00e4he von Paris investieren? Wir pr\u00e4sentieren das erste Projekt von Urbanitae in Frankreich. Alle Details hier.\" \/>\n<meta name=\"robots\" content=\"index, follow, max-snippet:-1, max-image-preview:large, max-video-preview:-1\" \/>\n<link rel=\"canonical\" href=\"https:\/\/blog.urbanitae.com\/de\/2024\/10\/11\/wir-starten-unser-erstes-projekt-in-frankreich\/\" \/>\n<meta property=\"og:locale\" content=\"de_DE\" \/>\n<meta property=\"og:type\" content=\"article\" \/>\n<meta property=\"og:title\" content=\"Investieren Sie ab 500 \u20ac in B\u00fcros in der N\u00e4he von Paris.\" \/>\n<meta property=\"og:description\" content=\"M\u00f6chten Sie in ein B\u00fcrogeb\u00e4ude in der N\u00e4he von Paris investieren? Wir pr\u00e4sentieren das erste Projekt von Urbanitae in Frankreich. Alle Details hier.\" \/>\n<meta property=\"og:url\" content=\"https:\/\/blog.urbanitae.com\/de\/2024\/10\/11\/wir-starten-unser-erstes-projekt-in-frankreich\/\" \/>\n<meta property=\"og:site_name\" content=\"Urbanitae Blog | Las mejores noticias sobre inversi\u00f3n inmobiliaria\" \/>\n<meta property=\"article:publisher\" content=\"https:\/\/www.facebook.com\/urbanitae\" \/>\n<meta property=\"article:published_time\" content=\"2024-10-11T14:57:07+00:00\" \/>\n<meta property=\"article:modified_time\" content=\"2024-10-11T14:58:38+00:00\" \/>\n<meta property=\"og:image\" content=\"https:\/\/blog.urbanitae.com\/wp-content\/uploads\/2024\/10\/urbanitae-francia-proyecto-marjolin-oficinas.webp\" \/>\n\t<meta property=\"og:image:width\" content=\"1400\" \/>\n\t<meta property=\"og:image:height\" content=\"735\" \/>\n\t<meta property=\"og:image:type\" content=\"image\/webp\" \/>\n<meta name=\"author\" content=\"Equipo Urbanitae\" \/>\n<meta name=\"twitter:card\" content=\"summary_large_image\" \/>\n<meta name=\"twitter:creator\" content=\"@urbanitae\" \/>\n<meta name=\"twitter:site\" content=\"@urbanitae\" \/>\n<meta name=\"twitter:label1\" content=\"Verfasst von\" \/>\n\t<meta name=\"twitter:data1\" content=\"Equipo Urbanitae\" \/>\n\t<meta name=\"twitter:label2\" content=\"Gesch\u00e4tzte Lesezeit\" \/>\n\t<meta name=\"twitter:data2\" content=\"3\u00a0Minuten\" \/>\n<script type=\"application\/ld+json\" class=\"yoast-schema-graph\">{\"@context\":\"https:\\\/\\\/schema.org\",\"@graph\":[{\"@type\":[\"Article\",\"BlogPosting\"],\"@id\":\"https:\\\/\\\/blog.urbanitae.com\\\/de\\\/2024\\\/10\\\/11\\\/wir-starten-unser-erstes-projekt-in-frankreich\\\/#article\",\"isPartOf\":{\"@id\":\"https:\\\/\\\/blog.urbanitae.com\\\/de\\\/2024\\\/10\\\/11\\\/wir-starten-unser-erstes-projekt-in-frankreich\\\/\"},\"author\":{\"name\":\"Equipo Urbanitae\",\"@id\":\"https:\\\/\\\/blog.urbanitae.com\\\/de\\\/#\\\/schema\\\/person\\\/e7b2d152f5654066832c53f5aa04fbf7\"},\"headline\":\"Wir starten unser erstes Projekt in Frankreich!\",\"datePublished\":\"2024-10-11T14:57:07+00:00\",\"dateModified\":\"2024-10-11T14:58:38+00:00\",\"mainEntityOfPage\":{\"@id\":\"https:\\\/\\\/blog.urbanitae.com\\\/de\\\/2024\\\/10\\\/11\\\/wir-starten-unser-erstes-projekt-in-frankreich\\\/\"},\"wordCount\":689,\"commentCount\":0,\"publisher\":{\"@id\":\"https:\\\/\\\/blog.urbanitae.com\\\/de\\\/#organization\"},\"image\":{\"@id\":\"https:\\\/\\\/blog.urbanitae.com\\\/de\\\/2024\\\/10\\\/11\\\/wir-starten-unser-erstes-projekt-in-frankreich\\\/#primaryimage\"},\"thumbnailUrl\":\"https:\\\/\\\/blog.urbanitae.com\\\/wp-content\\\/uploads\\\/2024\\\/10\\\/urbanitae-francia-proyecto-marjolin-oficinas.webp\",\"keywords\":[\"Crowdinvesting\",\"Immobilien Crowdfunding\"],\"articleSection\":[\"Eigenkapitalprojekte\",\"Projekte\"],\"inLanguage\":\"de\",\"potentialAction\":[{\"@type\":\"CommentAction\",\"name\":\"Comment\",\"target\":[\"https:\\\/\\\/blog.urbanitae.com\\\/de\\\/2024\\\/10\\\/11\\\/wir-starten-unser-erstes-projekt-in-frankreich\\\/#respond\"]}]},{\"@type\":[\"WebPage\",\"ItemPage\"],\"@id\":\"https:\\\/\\\/blog.urbanitae.com\\\/de\\\/2024\\\/10\\\/11\\\/wir-starten-unser-erstes-projekt-in-frankreich\\\/\",\"url\":\"https:\\\/\\\/blog.urbanitae.com\\\/de\\\/2024\\\/10\\\/11\\\/wir-starten-unser-erstes-projekt-in-frankreich\\\/\",\"name\":\"Wir starten unser erstes Projekt in Frankreich! - Urbanitae Blog\",\"isPartOf\":{\"@id\":\"https:\\\/\\\/blog.urbanitae.com\\\/de\\\/#website\"},\"primaryImageOfPage\":{\"@id\":\"https:\\\/\\\/blog.urbanitae.com\\\/de\\\/2024\\\/10\\\/11\\\/wir-starten-unser-erstes-projekt-in-frankreich\\\/#primaryimage\"},\"image\":{\"@id\":\"https:\\\/\\\/blog.urbanitae.com\\\/de\\\/2024\\\/10\\\/11\\\/wir-starten-unser-erstes-projekt-in-frankreich\\\/#primaryimage\"},\"thumbnailUrl\":\"https:\\\/\\\/blog.urbanitae.com\\\/wp-content\\\/uploads\\\/2024\\\/10\\\/urbanitae-francia-proyecto-marjolin-oficinas.webp\",\"datePublished\":\"2024-10-11T14:57:07+00:00\",\"dateModified\":\"2024-10-11T14:58:38+00:00\",\"description\":\"M\u00f6chten Sie in ein B\u00fcrogeb\u00e4ude in der N\u00e4he von Paris investieren? Wir pr\u00e4sentieren das erste Projekt von Urbanitae in Frankreich. Alle Details hier.\",\"breadcrumb\":{\"@id\":\"https:\\\/\\\/blog.urbanitae.com\\\/de\\\/2024\\\/10\\\/11\\\/wir-starten-unser-erstes-projekt-in-frankreich\\\/#breadcrumb\"},\"inLanguage\":\"de\",\"potentialAction\":[{\"@type\":\"ReadAction\",\"target\":[\"https:\\\/\\\/blog.urbanitae.com\\\/de\\\/2024\\\/10\\\/11\\\/wir-starten-unser-erstes-projekt-in-frankreich\\\/\"]}]},{\"@type\":\"ImageObject\",\"inLanguage\":\"de\",\"@id\":\"https:\\\/\\\/blog.urbanitae.com\\\/de\\\/2024\\\/10\\\/11\\\/wir-starten-unser-erstes-projekt-in-frankreich\\\/#primaryimage\",\"url\":\"https:\\\/\\\/blog.urbanitae.com\\\/wp-content\\\/uploads\\\/2024\\\/10\\\/urbanitae-francia-proyecto-marjolin-oficinas.webp\",\"contentUrl\":\"https:\\\/\\\/blog.urbanitae.com\\\/wp-content\\\/uploads\\\/2024\\\/10\\\/urbanitae-francia-proyecto-marjolin-oficinas.webp\",\"width\":1400,\"height\":735,\"caption\":\"Urbanitae Francia, France,\"},{\"@type\":\"BreadcrumbList\",\"@id\":\"https:\\\/\\\/blog.urbanitae.com\\\/de\\\/2024\\\/10\\\/11\\\/wir-starten-unser-erstes-projekt-in-frankreich\\\/#breadcrumb\",\"itemListElement\":[{\"@type\":\"ListItem\",\"position\":1,\"name\":\"Portada\",\"item\":\"https:\\\/\\\/blog.urbanitae.com\\\/de\\\/\"},{\"@type\":\"ListItem\",\"position\":2,\"name\":\"Wir starten unser erstes Projekt in Frankreich!\"}]},{\"@type\":\"WebSite\",\"@id\":\"https:\\\/\\\/blog.urbanitae.com\\\/de\\\/#website\",\"url\":\"https:\\\/\\\/blog.urbanitae.com\\\/de\\\/\",\"name\":\"Urbanitae Blog | Las mejores noticias sobre inversi\u00f3n inmobiliaria\",\"description\":\"Inversi\u00f3n inmobiliaria al alcance de todos\",\"publisher\":{\"@id\":\"https:\\\/\\\/blog.urbanitae.com\\\/de\\\/#organization\"},\"potentialAction\":[{\"@type\":\"SearchAction\",\"target\":{\"@type\":\"EntryPoint\",\"urlTemplate\":\"https:\\\/\\\/blog.urbanitae.com\\\/de\\\/?s={search_term_string}\"},\"query-input\":{\"@type\":\"PropertyValueSpecification\",\"valueRequired\":true,\"valueName\":\"search_term_string\"}}],\"inLanguage\":\"de\"},{\"@type\":\"Organization\",\"@id\":\"https:\\\/\\\/blog.urbanitae.com\\\/de\\\/#organization\",\"name\":\"Urbanitae\",\"url\":\"https:\\\/\\\/blog.urbanitae.com\\\/de\\\/\",\"logo\":{\"@type\":\"ImageObject\",\"inLanguage\":\"de\",\"@id\":\"https:\\\/\\\/blog.urbanitae.com\\\/de\\\/#\\\/schema\\\/logo\\\/image\\\/\",\"url\":\"https:\\\/\\\/blog.urbanitae.com\\\/wp-content\\\/uploads\\\/2020\\\/04\\\/logo-verde_350x100.svg\",\"contentUrl\":\"https:\\\/\\\/blog.urbanitae.com\\\/wp-content\\\/uploads\\\/2020\\\/04\\\/logo-verde_350x100.svg\",\"width\":350,\"height\":100,\"caption\":\"Urbanitae\"},\"image\":{\"@id\":\"https:\\\/\\\/blog.urbanitae.com\\\/de\\\/#\\\/schema\\\/logo\\\/image\\\/\"},\"sameAs\":[\"https:\\\/\\\/www.facebook.com\\\/urbanitae\",\"https:\\\/\\\/x.com\\\/urbanitae\",\"https:\\\/\\\/www.instagram.com\\\/urbanitae\",\"https:\\\/\\\/www.linkedin.com\\\/company\\\/urbanitae\",\"https:\\\/\\\/www.pinterest.es\\\/UrbanitaeSL\\\/_created\\\/\",\"https:\\\/\\\/www.youtube.com\\\/c\\\/Urbanitae_RE\"]},{\"@type\":\"Person\",\"@id\":\"https:\\\/\\\/blog.urbanitae.com\\\/de\\\/#\\\/schema\\\/person\\\/e7b2d152f5654066832c53f5aa04fbf7\",\"name\":\"Equipo Urbanitae\",\"image\":{\"@type\":\"ImageObject\",\"inLanguage\":\"de\",\"@id\":\"https:\\\/\\\/secure.gravatar.com\\\/avatar\\\/e75782c6aa253c8ac75c13b1ec97172bb2d67437baa4354ba4b0650a97f565f2?s=96&d=mm&r=g\",\"url\":\"https:\\\/\\\/secure.gravatar.com\\\/avatar\\\/e75782c6aa253c8ac75c13b1ec97172bb2d67437baa4354ba4b0650a97f565f2?s=96&d=mm&r=g\",\"contentUrl\":\"https:\\\/\\\/secure.gravatar.com\\\/avatar\\\/e75782c6aa253c8ac75c13b1ec97172bb2d67437baa4354ba4b0650a97f565f2?s=96&d=mm&r=g\",\"caption\":\"Equipo Urbanitae\"},\"sameAs\":[\"https:\\\/\\\/urbanitae.com\"],\"url\":\"https:\\\/\\\/blog.urbanitae.com\\\/de\\\/author\\\/urbanitae\\\/\"}]}<\/script>\n<!-- \/ Yoast SEO plugin. -->","yoast_head_json":{"title":"Wir starten unser erstes Projekt in Frankreich! - Urbanitae Blog","description":"M\u00f6chten Sie in ein B\u00fcrogeb\u00e4ude in der N\u00e4he von Paris investieren? Wir pr\u00e4sentieren das erste Projekt von Urbanitae in Frankreich. Alle Details hier.","robots":{"index":"index","follow":"follow","max-snippet":"max-snippet:-1","max-image-preview":"max-image-preview:large","max-video-preview":"max-video-preview:-1"},"canonical":"https:\/\/blog.urbanitae.com\/de\/2024\/10\/11\/wir-starten-unser-erstes-projekt-in-frankreich\/","og_locale":"de_DE","og_type":"article","og_title":"Investieren Sie ab 500 \u20ac in B\u00fcros in der N\u00e4he von Paris.","og_description":"M\u00f6chten Sie in ein B\u00fcrogeb\u00e4ude in der N\u00e4he von Paris investieren? Wir pr\u00e4sentieren das erste Projekt von Urbanitae in Frankreich. Alle Details hier.","og_url":"https:\/\/blog.urbanitae.com\/de\/2024\/10\/11\/wir-starten-unser-erstes-projekt-in-frankreich\/","og_site_name":"Urbanitae Blog | Las mejores noticias sobre inversi\u00f3n inmobiliaria","article_publisher":"https:\/\/www.facebook.com\/urbanitae","article_published_time":"2024-10-11T14:57:07+00:00","article_modified_time":"2024-10-11T14:58:38+00:00","og_image":[{"width":1400,"height":735,"url":"https:\/\/blog.urbanitae.com\/wp-content\/uploads\/2024\/10\/urbanitae-francia-proyecto-marjolin-oficinas.webp","type":"image\/webp"}],"author":"Equipo Urbanitae","twitter_card":"summary_large_image","twitter_creator":"@urbanitae","twitter_site":"@urbanitae","twitter_misc":{"Verfasst von":"Equipo Urbanitae","Gesch\u00e4tzte Lesezeit":"3\u00a0Minuten"},"schema":{"@context":"https:\/\/schema.org","@graph":[{"@type":["Article","BlogPosting"],"@id":"https:\/\/blog.urbanitae.com\/de\/2024\/10\/11\/wir-starten-unser-erstes-projekt-in-frankreich\/#article","isPartOf":{"@id":"https:\/\/blog.urbanitae.com\/de\/2024\/10\/11\/wir-starten-unser-erstes-projekt-in-frankreich\/"},"author":{"name":"Equipo Urbanitae","@id":"https:\/\/blog.urbanitae.com\/de\/#\/schema\/person\/e7b2d152f5654066832c53f5aa04fbf7"},"headline":"Wir starten unser erstes Projekt in Frankreich!","datePublished":"2024-10-11T14:57:07+00:00","dateModified":"2024-10-11T14:58:38+00:00","mainEntityOfPage":{"@id":"https:\/\/blog.urbanitae.com\/de\/2024\/10\/11\/wir-starten-unser-erstes-projekt-in-frankreich\/"},"wordCount":689,"commentCount":0,"publisher":{"@id":"https:\/\/blog.urbanitae.com\/de\/#organization"},"image":{"@id":"https:\/\/blog.urbanitae.com\/de\/2024\/10\/11\/wir-starten-unser-erstes-projekt-in-frankreich\/#primaryimage"},"thumbnailUrl":"https:\/\/blog.urbanitae.com\/wp-content\/uploads\/2024\/10\/urbanitae-francia-proyecto-marjolin-oficinas.webp","keywords":["Crowdinvesting","Immobilien Crowdfunding"],"articleSection":["Eigenkapitalprojekte","Projekte"],"inLanguage":"de","potentialAction":[{"@type":"CommentAction","name":"Comment","target":["https:\/\/blog.urbanitae.com\/de\/2024\/10\/11\/wir-starten-unser-erstes-projekt-in-frankreich\/#respond"]}]},{"@type":["WebPage","ItemPage"],"@id":"https:\/\/blog.urbanitae.com\/de\/2024\/10\/11\/wir-starten-unser-erstes-projekt-in-frankreich\/","url":"https:\/\/blog.urbanitae.com\/de\/2024\/10\/11\/wir-starten-unser-erstes-projekt-in-frankreich\/","name":"Wir starten unser erstes Projekt in Frankreich! - Urbanitae Blog","isPartOf":{"@id":"https:\/\/blog.urbanitae.com\/de\/#website"},"primaryImageOfPage":{"@id":"https:\/\/blog.urbanitae.com\/de\/2024\/10\/11\/wir-starten-unser-erstes-projekt-in-frankreich\/#primaryimage"},"image":{"@id":"https:\/\/blog.urbanitae.com\/de\/2024\/10\/11\/wir-starten-unser-erstes-projekt-in-frankreich\/#primaryimage"},"thumbnailUrl":"https:\/\/blog.urbanitae.com\/wp-content\/uploads\/2024\/10\/urbanitae-francia-proyecto-marjolin-oficinas.webp","datePublished":"2024-10-11T14:57:07+00:00","dateModified":"2024-10-11T14:58:38+00:00","description":"M\u00f6chten Sie in ein B\u00fcrogeb\u00e4ude in der N\u00e4he von Paris investieren? Wir pr\u00e4sentieren das erste Projekt von Urbanitae in Frankreich. Alle Details hier.","breadcrumb":{"@id":"https:\/\/blog.urbanitae.com\/de\/2024\/10\/11\/wir-starten-unser-erstes-projekt-in-frankreich\/#breadcrumb"},"inLanguage":"de","potentialAction":[{"@type":"ReadAction","target":["https:\/\/blog.urbanitae.com\/de\/2024\/10\/11\/wir-starten-unser-erstes-projekt-in-frankreich\/"]}]},{"@type":"ImageObject","inLanguage":"de","@id":"https:\/\/blog.urbanitae.com\/de\/2024\/10\/11\/wir-starten-unser-erstes-projekt-in-frankreich\/#primaryimage","url":"https:\/\/blog.urbanitae.com\/wp-content\/uploads\/2024\/10\/urbanitae-francia-proyecto-marjolin-oficinas.webp","contentUrl":"https:\/\/blog.urbanitae.com\/wp-content\/uploads\/2024\/10\/urbanitae-francia-proyecto-marjolin-oficinas.webp","width":1400,"height":735,"caption":"Urbanitae Francia, France,"},{"@type":"BreadcrumbList","@id":"https:\/\/blog.urbanitae.com\/de\/2024\/10\/11\/wir-starten-unser-erstes-projekt-in-frankreich\/#breadcrumb","itemListElement":[{"@type":"ListItem","position":1,"name":"Portada","item":"https:\/\/blog.urbanitae.com\/de\/"},{"@type":"ListItem","position":2,"name":"Wir starten unser erstes Projekt in Frankreich!"}]},{"@type":"WebSite","@id":"https:\/\/blog.urbanitae.com\/de\/#website","url":"https:\/\/blog.urbanitae.com\/de\/","name":"Urbanitae Blog | Las mejores noticias sobre inversi\u00f3n inmobiliaria","description":"Inversi\u00f3n inmobiliaria al alcance de todos","publisher":{"@id":"https:\/\/blog.urbanitae.com\/de\/#organization"},"potentialAction":[{"@type":"SearchAction","target":{"@type":"EntryPoint","urlTemplate":"https:\/\/blog.urbanitae.com\/de\/?s={search_term_string}"},"query-input":{"@type":"PropertyValueSpecification","valueRequired":true,"valueName":"search_term_string"}}],"inLanguage":"de"},{"@type":"Organization","@id":"https:\/\/blog.urbanitae.com\/de\/#organization","name":"Urbanitae","url":"https:\/\/blog.urbanitae.com\/de\/","logo":{"@type":"ImageObject","inLanguage":"de","@id":"https:\/\/blog.urbanitae.com\/de\/#\/schema\/logo\/image\/","url":"https:\/\/blog.urbanitae.com\/wp-content\/uploads\/2020\/04\/logo-verde_350x100.svg","contentUrl":"https:\/\/blog.urbanitae.com\/wp-content\/uploads\/2020\/04\/logo-verde_350x100.svg","width":350,"height":100,"caption":"Urbanitae"},"image":{"@id":"https:\/\/blog.urbanitae.com\/de\/#\/schema\/logo\/image\/"},"sameAs":["https:\/\/www.facebook.com\/urbanitae","https:\/\/x.com\/urbanitae","https:\/\/www.instagram.com\/urbanitae","https:\/\/www.linkedin.com\/company\/urbanitae","https:\/\/www.pinterest.es\/UrbanitaeSL\/_created\/","https:\/\/www.youtube.com\/c\/Urbanitae_RE"]},{"@type":"Person","@id":"https:\/\/blog.urbanitae.com\/de\/#\/schema\/person\/e7b2d152f5654066832c53f5aa04fbf7","name":"Equipo Urbanitae","image":{"@type":"ImageObject","inLanguage":"de","@id":"https:\/\/secure.gravatar.com\/avatar\/e75782c6aa253c8ac75c13b1ec97172bb2d67437baa4354ba4b0650a97f565f2?s=96&d=mm&r=g","url":"https:\/\/secure.gravatar.com\/avatar\/e75782c6aa253c8ac75c13b1ec97172bb2d67437baa4354ba4b0650a97f565f2?s=96&d=mm&r=g","contentUrl":"https:\/\/secure.gravatar.com\/avatar\/e75782c6aa253c8ac75c13b1ec97172bb2d67437baa4354ba4b0650a97f565f2?s=96&d=mm&r=g","caption":"Equipo Urbanitae"},"sameAs":["https:\/\/urbanitae.com"],"url":"https:\/\/blog.urbanitae.com\/de\/author\/urbanitae\/"}]}},"_links":{"self":[{"href":"https:\/\/blog.urbanitae.com\/de\/wp-json\/wp\/v2\/posts\/51169","targetHints":{"allow":["GET"]}}],"collection":[{"href":"https:\/\/blog.urbanitae.com\/de\/wp-json\/wp\/v2\/posts"}],"about":[{"href":"https:\/\/blog.urbanitae.com\/de\/wp-json\/wp\/v2\/types\/post"}],"author":[{"embeddable":true,"href":"https:\/\/blog.urbanitae.com\/de\/wp-json\/wp\/v2\/users\/1"}],"replies":[{"embeddable":true,"href":"https:\/\/blog.urbanitae.com\/de\/wp-json\/wp\/v2\/comments?post=51169"}],"version-history":[{"count":0,"href":"https:\/\/blog.urbanitae.com\/de\/wp-json\/wp\/v2\/posts\/51169\/revisions"}],"wp:featuredmedia":[{"embeddable":true,"href":"https:\/\/blog.urbanitae.com\/de\/wp-json\/wp\/v2\/media\/51208"}],"wp:attachment":[{"href":"https:\/\/blog.urbanitae.com\/de\/wp-json\/wp\/v2\/media?parent=51169"}],"wp:term":[{"taxonomy":"category","embeddable":true,"href":"https:\/\/blog.urbanitae.com\/de\/wp-json\/wp\/v2\/categories?post=51169"},{"taxonomy":"post_tag","embeddable":true,"href":"https:\/\/blog.urbanitae.com\/de\/wp-json\/wp\/v2\/tags?post=51169"}],"curies":[{"name":"wp","href":"https:\/\/api.w.org\/{rel}","templated":true}]}}