{"id":51101,"date":"2024-10-10T15:35:32","date_gmt":"2024-10-10T13:35:32","guid":{"rendered":"https:\/\/blog.urbanitae.com\/?p=51101"},"modified":"2024-10-10T15:36:54","modified_gmt":"2024-10-10T13:36:54","slug":"die-oeffentlich-private-zusammenarbeit-ist-der-schluessel-zur-bewaeltigung-der-herausforderung-des-bezahlbaren-wohnraums","status":"publish","type":"post","link":"https:\/\/blog.urbanitae.com\/de\/2024\/10\/10\/die-oeffentlich-private-zusammenarbeit-ist-der-schluessel-zur-bewaeltigung-der-herausforderung-des-bezahlbaren-wohnraums\/","title":{"rendered":"\u201eDie \u00f6ffentlich-private Zusammenarbeit ist der Schl\u00fcssel zur Bew\u00e4ltigung der Herausforderung des bezahlbaren Wohnraums\u201c"},"content":{"rendered":"\n<p>Seit drei Jahrzehnten spielt Fadeco eine grundlegende Rolle als Verbindung zwischen den Immobilienentwicklerverb\u00e4nden in den acht Provinzen Andalusiens. In diesem Interview spricht der Pr\u00e4sident, Ignacio Peinado, \u00fcber wichtige Themen in der Region, wie den Mangel an Baugrundst\u00fccken und die Notwendigkeit, regulatorische H\u00fcrden zu \u00fcberwinden, um ein nachhaltiges und ausgewogenes Wachstum zu f\u00f6rdern. Er analysiert auch die entscheidende Rolle der Zusammenarbeit zwischen \u00f6ffentlichem und privatem Sektor, um den Zugang zu Wohnraum zu gew\u00e4hrleisten und Projekte zu entwickeln, die den realen Bed\u00fcrfnissen der andalusischen Gesellschaft entsprechen.<\/p>\n\n\n\n<p><strong>Die Immobilienentwicklung ist einer der strategischen Sektoren in Andalusien. Wie ist die aktuelle Situation des Sektors in der Region und welche Hauptprobleme gibt es?<\/strong><\/p>\n\n\n\n<p>Das Produktionsgef\u00fcge Andalusiens im Wohnungsbau ist gut etabliert und wird von f\u00fchrenden Unternehmen und hochqualifizierten Fachleuten unterst\u00fctzt. Dennoch steht die Region vor einem Problem, das auch andere Teile Spaniens betrifft: die Schwierigkeiten beim Zugang zu Wohnraum. Laut Sch\u00e4tzungen unabh\u00e4ngiger Organisationen hat Andalusien ein Defizit von \u00fcber 100.000 Wohnungen, sowohl im Schutzregime als auch auf dem freien Markt, das sowohl den Kauf als auch die Miete umfasst. Dar\u00fcber hinaus k\u00f6nnen \u00fcber 500.000 junge Andalusier, obwohl sie besch\u00e4ftigt sind, keine Unabh\u00e4ngigkeit erlangen, weil die Wohnkosten zu hoch sind.<\/p>\n\n\n\n<p>Der kontinuierliche Anstieg der Preise hat eine Situation geschaffen, in der viele Familien gezwungen sind, eine untragbare finanzielle Belastung auf sich zu nehmen, um Zugang zu einer Wohnung zu bekommen. Vor diesem Hintergrund besteht die Hauptaufgabe der Region darin, die steigende Nachfrage nach Wohnraum zu befriedigen. Dazu ist es unerl\u00e4sslich, die Bearbeitungszeiten zu beschleunigen, die es erm\u00f6glichen, urbanisierte Grundst\u00fccke zu erhalten, die essentielle Ressource zur Deckung der hohen Nachfrage nach Wohnraum.<\/p>\n\n\n\n<p><strong>Die Bek\u00e4mpfung des Mangels an Baugrundst\u00fccken ist eine der Hauptforderungen des Sektors an die Verwaltung. Diese Realit\u00e4t wird in gro\u00dfen st\u00e4dtischen Zentren wie Sevilla, M\u00e1laga und einigen Orten an der Costa del Sol versch\u00e4rft. Welche Ma\u00dfnahmen oder Entscheidungen sind notwendig?<\/strong><\/p>\n\n\n\n<p>Es gibt viele Ma\u00dfnahmen, die ergriffen werden k\u00f6nnen; jedoch ist es vorrangig, zun\u00e4chst die Hindernisse zu beseitigen, die die wirtschaftliche Machbarkeit von Bauprojekten behindern. Dies k\u00f6nnte direkt durch ein starkes Engagement der \u00f6ffentlichen Beh\u00f6rden zur Erh\u00f6hung der Haushaltszuweisungen f\u00fcr diesen Zweck geschehen. Es ist offensichtlich, dass es eine umgekehrte Beziehung zwischen den Ausgaben f\u00fcr den Zugang zu Wohnraum und der F\u00f6rderung des Baus gibt, ebenso wie das Gewicht des gesch\u00fctzten Wohnraums im Gesamtbereich. Daher sind wir besorgt \u00fcber die Tatsache, dass das Budget, das die andalusische Regierung f\u00fcr diesen Zweck bereitstellt, unter 1 % des Gesamten liegt und seit 2009 von 1,5 % zur\u00fcckgeht, obwohl wir damals einen umfangreichen Wohnungsbestand und viel niedrigere Preise hatten; Betr\u00e4ge, die in der aktuellen Situation bereits v\u00f6llig unzureichend w\u00e4ren.<\/p>\n\n\n\n<blockquote class=\"wp-block-quote is-layout-flow wp-block-quote-is-layout-flow\">\n<p>\u201eAndalusien leidet unter einem Defizit von \u00fcber 100.000 Wohnungen, sowohl im Schutzregime als auch auf dem freien Markt\u201c<\/p>\n<\/blockquote>\n\n\n\n<p>Da wir uns der strengen Haushaltsbeschr\u00e4nkungen der Verwaltung bewusst sind, schlagen wir auch andere kostenneutrale Alternativen f\u00fcr die Staatskasse vor, wie z.B. mehr Flexibilit\u00e4t bei der Kompensation der Grundst\u00fccksnutzung oder die Beseitigung\/Vertagung, bis die Bauarbeiten beginnen, der aktuellen Garantie von 7 %, die zur Gr\u00fcndung des Ausgleichsrates erforderlich ist. Die Vorschlag, den wir jedoch f\u00fcr am wirkungsvollsten halten, um Sektoren zu aktivieren, die erschwinglichen Wohnraum in h\u00f6heren Prozents\u00e4tzen anbieten, nennt sich IMPASS (Andalusische Initiative f\u00fcr nachhaltiges Land). Dieser Vorschlag besteht darin, Entwicklungen, die nach ESG-Kriterien realisiert werden, Priorit\u00e4t zu geben, immer f\u00fcr den Bau von gesch\u00fctzten Wohnungen. Dies wird auch der Verwaltung zugutekommen, da sie niedrigere Instandhaltungskosten hat, sobald diese st\u00e4dtischen Infrastrukturen \u00fcbernommen werden.<\/p>\n\n\n\n<p>Zusammenfassend zielen diese Initiativen darauf ab, die derzeitigen Einschr\u00e4nkungen zu verringern und den Sektor zu beleben, indem das Angebot an gesch\u00fctzten Wohnungen gef\u00f6rdert und ein gerechterer Zugang zum Wohnraum f\u00fcr die B\u00fcrger erleichtert wird.<\/p>\n\n\n\n<p>\u00e7<strong>Wie k\u00f6nnen die Probleme des Zugangs zu Wohnraum in der Region, insbesondere f\u00fcr junge Menschen, gel\u00f6st werden? Welche Ma\u00dfnahmen schl\u00e4gt <a href=\"https:\/\/www.linkedin.com\/company\/fadeco-promotores\/\" target=\"_blank\" rel=\"noreferrer noopener\">Fadeco<\/a> vor, um diese Situation zu verbessern?<\/strong><\/p>\n\n\n\n<p>Punktuelle L\u00f6sungen sind nicht ausreichend; es m\u00fcssen koordinierte Ma\u00dfnahmen ergriffen werden. Es ist besorgniserregend zu denken, dass das Problem des Zugangs zu Wohnraum f\u00fcr junge Menschen sich versch\u00e4rfen k\u00f6nnte, wenn sie das Rentenalter erreichen, falls sie kein eigenes Haus besitzen. Andernfalls m\u00fcssen sie eine Miete in einem fragilen Rentensystem zahlen.<\/p>\n\n\n\n<p>Daher w\u00e4re es das Beste, einen staatlichen Wohnpakt zu schlie\u00dfen, der die lokalen, regionalen und nationalen Verwaltungen einbezieht, um unter anderem das Ziel zu erreichen, die Steuerlast auf Wohnraum zu senken oder die \u00dcberregulierung umzuleiten.<\/p>\n\n\n\n<p>Realistischerweise k\u00f6nnten kurzfristig mehr gesch\u00fctzte Wohnungen geschaffen werden, indem die Nutzungen der bestehenden Grundst\u00fccke und Geb\u00e4ude gelockert werden, wobei diese Ma\u00dfnahme sowohl f\u00fcr die Miete als auch f\u00fcr den Verkauf gelten sollte. Mittelfristig m\u00fcssen Sektoren reaktiviert werden, in denen bereits Planungen vorliegen, indem der Prozess derjenigen, die von strategischem Interesse f\u00fcr die Autonomie sind, beschleunigt wird, indem sie in das bevorzugte B\u00fcro aufgenommen werden, oder indem das au\u00dferordentliche Mechanismus zur Erkl\u00e4rung des Wohnungsnotstandes aktiviert wird, der sofortige Ma\u00dfnahmen erm\u00f6glicht, wie in au\u00dfergew\u00f6hnlichen Situationen wie \u00dcberschwemmungen oder Pandemien.<\/p>\n\n\n\n<p><strong>Wie bewertest du die Initiativen f\u00fcr \u00f6ffentlichen und gesch\u00fctzten <a href=\"https:\/\/blog.urbanitae.com\/de\/2024\/09\/18\/der-wohnungsmarkt-boomt-im-suedosten-madrids\/?utm_source=blog_de&amp;utm_medium=organic&amp;utm_campaign=urbanitae_blog_1024&amp;utm_term=wohnraum_1&amp;utm_content=de_entrevista_fadeco\" target=\"_blank\" rel=\"noreferrer noopener\">Wohnraum<\/a> in Andalusien? Denkst du, dass sie ausreichend sind oder k\u00f6nnten neue Ma\u00dfnahmen umgesetzt werden?<\/strong><\/p>\n\n\n\n<p>Die \u00f6ffentlichen Initiativen in Bezug auf das Wohnen in Andalusien sind praktisch vernachl\u00e4ssigbar. Die wichtigste Ma\u00dfnahme zur Verbesserung besteht darin, die Haushaltszuweisungen f\u00fcr die Wohnungspolitik zu erh\u00f6hen, die v\u00f6llig unzureichend sind, um die aktuelle Nachfrage zu decken. In dieser Hinsicht betr\u00e4gt der Haushalt, den die andalusische Regierung f\u00fcr das Wohnen bereitstellt, 0,2 % des BIP, weit unter dem von der Europ\u00e4ischen Union festgelegten Ziel von 0,4 %. Einige Studien verdeutlichen diese Situation und quantifizieren die notwendigen \u00f6ffentlichen Investitionen zur Entwicklung von 200.000 Wohnungen in den kommenden Jahren auf \u00fcber 7 Milliarden Euro.<\/p>\n\n\n\n<p><strong>Wie k\u00f6nnen private Entwickler mit dem \u00f6ffentlichen Sektor zusammenarbeiten, um das Angebot an erschwinglichem Wohnraum zu verbessern?<\/strong><\/p>\n\n\n\n<p>Die Zusammenarbeit zwischen \u00f6ffentlichem und privatem Sektor ist zu einem Schl\u00fcsselwerkzeug geworden, um die Herausforderung des bezahlbaren Wohnens anzugehen, indem sie es den Verwaltungen und privaten Unternehmen erm\u00f6glicht, gemeinsam zu arbeiten, um den Zugang zu bezahlbarem Wohnraum zu finanzieren, zu bauen und zu verwalten. Diese Zusammenarbeit kombiniert Ressourcen, die stets die knappen \u00f6ffentlichen Mittel, die f\u00fcr die F\u00f6rderung des Wohnens bereitgestellt werden, optimieren und die Kenntnisse beider Sektoren integrieren, um den sozialen und wirtschaftlichen Einfluss zu maximieren.<\/p>\n\n\n\n<blockquote class=\"wp-block-quote is-layout-flow wp-block-quote-is-layout-flow\">\n<p>\u201eEs ist entscheidend, die Bearbeitungszeiten zu beschleunigen, um urbanisierte Grundst\u00fccke zu erhalten\u201c<\/p>\n<\/blockquote>\n\n\n\n<p>Trotzdem wird die Zusammenarbeit zwischen \u00f6ffentlichem und privatem Sektor in der Wohnungspolitik durch das regulatorische Umfeld und das Fehlen wirtschaftlicher und finanzieller Anreize f\u00fcr das Angebot behindert. Daher fordern wir von Fadeco die Annahme von Ma\u00dfnahmen, die diese Zusammenarbeit f\u00f6rdern, haupts\u00e4chlich durch die Vereinfachung der Prozesse und die Gew\u00e4hrleistung rechtlicher Sicherheit, nicht nur im Bau, sondern auch in der Verwaltung des Landes und in der Durchf\u00fchrung der Urbanisierungsarbeiten, einschlie\u00dflich \u00f6ffentlicher Hilfsprogramme f\u00fcr den Erwerb von Grundst\u00fccken, die Urbanisierung und den Bau von erschwinglichem Wohnraum oder VPO, sowohl f\u00fcr \u00f6ffentliche als auch private Initiativen.<\/p>\n\n\n\n<p>Gleichzeitig arbeiten wir daran, die Einbeziehung von Programmen zum Tausch von unbebauten \u00f6ffentlichen Grundst\u00fccken gegen private st\u00e4dtische Grundst\u00fccke zu erreichen, sodass die Verwaltungen den Wohnungsbau in k\u00fcrzerer Zeit starten k\u00f6nnen. Wir streben auch an, dass externe Belastungen auf die Sektoren deren Entwicklung nicht unendlich l\u00e4hmen.<\/p>\n\n\n\n<p><strong>Das neue Gesetz \u00fcber das Wohnen in Andalusien, das voraussichtlich ab 2026 in Kraft tritt, hat als Hauptpunkte den Zugang zu <a href=\"https:\/\/blog.urbanitae.com\/de\/2024\/10\/05\/ist-es-besser-in-die-eigene-hauptwohnung-oder-in-eine-andere-immobilie-zu-investieren\/?utm_source=blog_de&amp;utm_medium=organic&amp;utm_campaign=urbanitae_blog_1024&amp;utm_term=wohnraum_2&amp;utm_content=de_entrevista_fadeco\" target=\"_blank\" rel=\"noreferrer noopener\">Wohnraum<\/a>, den Zugang f\u00fcr junge Menschen und die Erh\u00f6hung des Angebots. Andalusien ist die erste autonome Gemeinschaft, die ihre eigene Gesetzgebung in diesem Bereich nach der Einleitung des Gesetzesentwurfs erstellt hat. Warum hinkt Andalusien in diesem Aspekt so hinterher?<\/strong><\/p>\n\n\n\n<p>Andalusien hinkt im Vergleich zu anderen autonomen Gemeinschaften bei der Schaffung eines autonomen Wohnungsgesetzes hinterher, weil die \u00f6ffentlichen Ausgaben f\u00fcr das Wohnen seit 2009 aufgrund der Finanzkrise und des anschlie\u00dfenden Anstiegs der Staatsverschuldung stark gesunken sind. Daher ist die Schaffung eines regulatorischen Rahmens f\u00fcr die Wohnungsthematik in den Hintergrund ger\u00fcckt.<\/p>\n\n\n\n<p>Obwohl das Wohnungsgesetz ein positiver Schritt ist, d\u00fcrfen wir nicht ignorieren, dass es ohne eine gr\u00f6\u00dfere Verf\u00fcgbarkeit von urbanisierten Grundst\u00fccken und eine Beschleunigung der Verfahren nicht ausreichen wird. Daher ist es entscheidend, dass die Verwaltung weiterhin Initiativen zur Verbesserung der Zug\u00e4nglichkeit zum Wohnen f\u00f6rdert. Wenn wir es schaffen, die regulatorischen Hindernisse zu \u00fcberwinden und die Verf\u00fcgbarkeit von urbanisierbaren Grundst\u00fccken zu verbessern, wird der Immobiliensektor in Andalusien in den kommenden Jahren ein nachhaltiges und positives Wachstum erleben.<\/p>\n","protected":false},"excerpt":{"rendered":"<p>Das regulatorische Umfeld und der Mangel an wirtschaftlichen und finanziellen Anreizen, die auf das Angebot abzielen, sind einige der Faktoren, die die Entwicklung von neuem Wohnraum in Spanien behindern.<\/p>\n","protected":false},"author":1,"featured_media":51112,"comment_status":"open","ping_status":"open","sticky":false,"template":"","format":"standard","meta":{"inline_featured_image":false,"footnotes":""},"categories":[1693],"tags":[],"class_list":["post-51101","post","type-post","status-publish","format-standard","has-post-thumbnail","hentry","category-interviews-de"],"blocksy_meta":[],"yoast_head":"<!-- This site is optimized with the Yoast SEO plugin v27.5 - https:\/\/yoast.com\/product\/yoast-seo-wordpress\/ -->\n<title>\u201eDie \u00f6ffentlich-private Zusammenarbeit ist der Schl\u00fcssel zur Bew\u00e4ltigung der Herausforderung des bezahlbaren Wohnraums\u201c - Urbanitae Blog<\/title>\n<meta name=\"description\" content=\"Die Nachfrage treibt die Preise in die H\u00f6he, aber ist es m\u00f6glich, das Angebot an erschwinglichem Wohnraum zu erh\u00f6hen? Wir berichten \u00fcber die Sicht der Bautr\u00e4ger.\" \/>\n<meta name=\"robots\" content=\"index, follow, max-snippet:-1, max-image-preview:large, max-video-preview:-1\" \/>\n<link rel=\"canonical\" href=\"https:\/\/blog.urbanitae.com\/de\/2024\/10\/10\/die-oeffentlich-private-zusammenarbeit-ist-der-schluessel-zur-bewaeltigung-der-herausforderung-des-bezahlbaren-wohnraums\/\" \/>\n<meta property=\"og:locale\" content=\"de_DE\" \/>\n<meta property=\"og:type\" content=\"article\" \/>\n<meta property=\"og:title\" content=\"Wie man das Wohnungsproblem angeht\" \/>\n<meta property=\"og:description\" content=\"Die Nachfrage treibt die Preise in die H\u00f6he, aber ist es m\u00f6glich, das Angebot an erschwinglichem Wohnraum zu erh\u00f6hen? Wir berichten \u00fcber die Sicht der Bautr\u00e4ger.\" \/>\n<meta property=\"og:url\" content=\"https:\/\/blog.urbanitae.com\/de\/2024\/10\/10\/die-oeffentlich-private-zusammenarbeit-ist-der-schluessel-zur-bewaeltigung-der-herausforderung-des-bezahlbaren-wohnraums\/\" \/>\n<meta property=\"og:site_name\" content=\"Urbanitae Blog | Las mejores noticias sobre inversi\u00f3n inmobiliaria\" \/>\n<meta property=\"article:publisher\" content=\"https:\/\/www.facebook.com\/urbanitae\" \/>\n<meta property=\"article:published_time\" content=\"2024-10-10T13:35:32+00:00\" \/>\n<meta property=\"article:modified_time\" content=\"2024-10-10T13:36:54+00:00\" \/>\n<meta property=\"og:image\" content=\"https:\/\/blog.urbanitae.com\/wp-content\/uploads\/2024\/10\/vivienda-asequible-entrevista-fadeco.webp\" \/>\n\t<meta property=\"og:image:width\" content=\"1400\" \/>\n\t<meta property=\"og:image:height\" content=\"735\" \/>\n\t<meta property=\"og:image:type\" content=\"image\/webp\" \/>\n<meta name=\"author\" content=\"Equipo Urbanitae\" \/>\n<meta name=\"twitter:card\" content=\"summary_large_image\" \/>\n<meta name=\"twitter:creator\" content=\"@urbanitae\" \/>\n<meta name=\"twitter:site\" content=\"@urbanitae\" \/>\n<meta name=\"twitter:label1\" content=\"Verfasst von\" \/>\n\t<meta name=\"twitter:data1\" content=\"Equipo Urbanitae\" \/>\n\t<meta name=\"twitter:label2\" content=\"Gesch\u00e4tzte Lesezeit\" \/>\n\t<meta name=\"twitter:data2\" content=\"7\u00a0Minuten\" \/>\n<script type=\"application\/ld+json\" class=\"yoast-schema-graph\">{\"@context\":\"https:\\\/\\\/schema.org\",\"@graph\":[{\"@type\":[\"Article\",\"BlogPosting\"],\"@id\":\"https:\\\/\\\/blog.urbanitae.com\\\/de\\\/2024\\\/10\\\/10\\\/die-oeffentlich-private-zusammenarbeit-ist-der-schluessel-zur-bewaeltigung-der-herausforderung-des-bezahlbaren-wohnraums\\\/#article\",\"isPartOf\":{\"@id\":\"https:\\\/\\\/blog.urbanitae.com\\\/de\\\/2024\\\/10\\\/10\\\/die-oeffentlich-private-zusammenarbeit-ist-der-schluessel-zur-bewaeltigung-der-herausforderung-des-bezahlbaren-wohnraums\\\/\"},\"author\":{\"name\":\"Equipo Urbanitae\",\"@id\":\"https:\\\/\\\/blog.urbanitae.com\\\/de\\\/#\\\/schema\\\/person\\\/e7b2d152f5654066832c53f5aa04fbf7\"},\"headline\":\"\u201eDie \u00f6ffentlich-private Zusammenarbeit ist der Schl\u00fcssel zur Bew\u00e4ltigung der Herausforderung des bezahlbaren Wohnraums\u201c\",\"datePublished\":\"2024-10-10T13:35:32+00:00\",\"dateModified\":\"2024-10-10T13:36:54+00:00\",\"mainEntityOfPage\":{\"@id\":\"https:\\\/\\\/blog.urbanitae.com\\\/de\\\/2024\\\/10\\\/10\\\/die-oeffentlich-private-zusammenarbeit-ist-der-schluessel-zur-bewaeltigung-der-herausforderung-des-bezahlbaren-wohnraums\\\/\"},\"wordCount\":1478,\"commentCount\":0,\"publisher\":{\"@id\":\"https:\\\/\\\/blog.urbanitae.com\\\/de\\\/#organization\"},\"image\":{\"@id\":\"https:\\\/\\\/blog.urbanitae.com\\\/de\\\/2024\\\/10\\\/10\\\/die-oeffentlich-private-zusammenarbeit-ist-der-schluessel-zur-bewaeltigung-der-herausforderung-des-bezahlbaren-wohnraums\\\/#primaryimage\"},\"thumbnailUrl\":\"https:\\\/\\\/blog.urbanitae.com\\\/wp-content\\\/uploads\\\/2024\\\/10\\\/vivienda-asequible-entrevista-fadeco.webp\",\"articleSection\":[\"Interviews\"],\"inLanguage\":\"de\",\"potentialAction\":[{\"@type\":\"CommentAction\",\"name\":\"Comment\",\"target\":[\"https:\\\/\\\/blog.urbanitae.com\\\/de\\\/2024\\\/10\\\/10\\\/die-oeffentlich-private-zusammenarbeit-ist-der-schluessel-zur-bewaeltigung-der-herausforderung-des-bezahlbaren-wohnraums\\\/#respond\"]}]},{\"@type\":[\"WebPage\",\"ItemPage\"],\"@id\":\"https:\\\/\\\/blog.urbanitae.com\\\/de\\\/2024\\\/10\\\/10\\\/die-oeffentlich-private-zusammenarbeit-ist-der-schluessel-zur-bewaeltigung-der-herausforderung-des-bezahlbaren-wohnraums\\\/\",\"url\":\"https:\\\/\\\/blog.urbanitae.com\\\/de\\\/2024\\\/10\\\/10\\\/die-oeffentlich-private-zusammenarbeit-ist-der-schluessel-zur-bewaeltigung-der-herausforderung-des-bezahlbaren-wohnraums\\\/\",\"name\":\"\u201eDie \u00f6ffentlich-private Zusammenarbeit ist der Schl\u00fcssel zur Bew\u00e4ltigung der Herausforderung des bezahlbaren Wohnraums\u201c - Urbanitae Blog\",\"isPartOf\":{\"@id\":\"https:\\\/\\\/blog.urbanitae.com\\\/de\\\/#website\"},\"primaryImageOfPage\":{\"@id\":\"https:\\\/\\\/blog.urbanitae.com\\\/de\\\/2024\\\/10\\\/10\\\/die-oeffentlich-private-zusammenarbeit-ist-der-schluessel-zur-bewaeltigung-der-herausforderung-des-bezahlbaren-wohnraums\\\/#primaryimage\"},\"image\":{\"@id\":\"https:\\\/\\\/blog.urbanitae.com\\\/de\\\/2024\\\/10\\\/10\\\/die-oeffentlich-private-zusammenarbeit-ist-der-schluessel-zur-bewaeltigung-der-herausforderung-des-bezahlbaren-wohnraums\\\/#primaryimage\"},\"thumbnailUrl\":\"https:\\\/\\\/blog.urbanitae.com\\\/wp-content\\\/uploads\\\/2024\\\/10\\\/vivienda-asequible-entrevista-fadeco.webp\",\"datePublished\":\"2024-10-10T13:35:32+00:00\",\"dateModified\":\"2024-10-10T13:36:54+00:00\",\"description\":\"Die Nachfrage treibt die Preise in die H\u00f6he, aber ist es m\u00f6glich, das Angebot an erschwinglichem Wohnraum zu erh\u00f6hen? Wir berichten \u00fcber die Sicht der Bautr\u00e4ger.\",\"breadcrumb\":{\"@id\":\"https:\\\/\\\/blog.urbanitae.com\\\/de\\\/2024\\\/10\\\/10\\\/die-oeffentlich-private-zusammenarbeit-ist-der-schluessel-zur-bewaeltigung-der-herausforderung-des-bezahlbaren-wohnraums\\\/#breadcrumb\"},\"inLanguage\":\"de\",\"potentialAction\":[{\"@type\":\"ReadAction\",\"target\":[\"https:\\\/\\\/blog.urbanitae.com\\\/de\\\/2024\\\/10\\\/10\\\/die-oeffentlich-private-zusammenarbeit-ist-der-schluessel-zur-bewaeltigung-der-herausforderung-des-bezahlbaren-wohnraums\\\/\"]}]},{\"@type\":\"ImageObject\",\"inLanguage\":\"de\",\"@id\":\"https:\\\/\\\/blog.urbanitae.com\\\/de\\\/2024\\\/10\\\/10\\\/die-oeffentlich-private-zusammenarbeit-ist-der-schluessel-zur-bewaeltigung-der-herausforderung-des-bezahlbaren-wohnraums\\\/#primaryimage\",\"url\":\"https:\\\/\\\/blog.urbanitae.com\\\/wp-content\\\/uploads\\\/2024\\\/10\\\/vivienda-asequible-entrevista-fadeco.webp\",\"contentUrl\":\"https:\\\/\\\/blog.urbanitae.com\\\/wp-content\\\/uploads\\\/2024\\\/10\\\/vivienda-asequible-entrevista-fadeco.webp\",\"width\":1400,\"height\":735,\"caption\":\"Vivienda asequible.\"},{\"@type\":\"BreadcrumbList\",\"@id\":\"https:\\\/\\\/blog.urbanitae.com\\\/de\\\/2024\\\/10\\\/10\\\/die-oeffentlich-private-zusammenarbeit-ist-der-schluessel-zur-bewaeltigung-der-herausforderung-des-bezahlbaren-wohnraums\\\/#breadcrumb\",\"itemListElement\":[{\"@type\":\"ListItem\",\"position\":1,\"name\":\"Portada\",\"item\":\"https:\\\/\\\/blog.urbanitae.com\\\/de\\\/\"},{\"@type\":\"ListItem\",\"position\":2,\"name\":\"\u201eDie \u00f6ffentlich-private Zusammenarbeit ist der Schl\u00fcssel zur Bew\u00e4ltigung der Herausforderung des bezahlbaren Wohnraums\u201c\"}]},{\"@type\":\"WebSite\",\"@id\":\"https:\\\/\\\/blog.urbanitae.com\\\/de\\\/#website\",\"url\":\"https:\\\/\\\/blog.urbanitae.com\\\/de\\\/\",\"name\":\"Urbanitae Blog | Las mejores noticias sobre inversi\u00f3n inmobiliaria\",\"description\":\"Inversi\u00f3n inmobiliaria al alcance de todos\",\"publisher\":{\"@id\":\"https:\\\/\\\/blog.urbanitae.com\\\/de\\\/#organization\"},\"potentialAction\":[{\"@type\":\"SearchAction\",\"target\":{\"@type\":\"EntryPoint\",\"urlTemplate\":\"https:\\\/\\\/blog.urbanitae.com\\\/de\\\/?s={search_term_string}\"},\"query-input\":{\"@type\":\"PropertyValueSpecification\",\"valueRequired\":true,\"valueName\":\"search_term_string\"}}],\"inLanguage\":\"de\"},{\"@type\":\"Organization\",\"@id\":\"https:\\\/\\\/blog.urbanitae.com\\\/de\\\/#organization\",\"name\":\"Urbanitae\",\"url\":\"https:\\\/\\\/blog.urbanitae.com\\\/de\\\/\",\"logo\":{\"@type\":\"ImageObject\",\"inLanguage\":\"de\",\"@id\":\"https:\\\/\\\/blog.urbanitae.com\\\/de\\\/#\\\/schema\\\/logo\\\/image\\\/\",\"url\":\"https:\\\/\\\/blog.urbanitae.com\\\/wp-content\\\/uploads\\\/2020\\\/04\\\/logo-verde_350x100.svg\",\"contentUrl\":\"https:\\\/\\\/blog.urbanitae.com\\\/wp-content\\\/uploads\\\/2020\\\/04\\\/logo-verde_350x100.svg\",\"width\":350,\"height\":100,\"caption\":\"Urbanitae\"},\"image\":{\"@id\":\"https:\\\/\\\/blog.urbanitae.com\\\/de\\\/#\\\/schema\\\/logo\\\/image\\\/\"},\"sameAs\":[\"https:\\\/\\\/www.facebook.com\\\/urbanitae\",\"https:\\\/\\\/x.com\\\/urbanitae\",\"https:\\\/\\\/www.instagram.com\\\/urbanitae\",\"https:\\\/\\\/www.linkedin.com\\\/company\\\/urbanitae\",\"https:\\\/\\\/www.pinterest.es\\\/UrbanitaeSL\\\/_created\\\/\",\"https:\\\/\\\/www.youtube.com\\\/c\\\/Urbanitae_RE\"]},{\"@type\":\"Person\",\"@id\":\"https:\\\/\\\/blog.urbanitae.com\\\/de\\\/#\\\/schema\\\/person\\\/e7b2d152f5654066832c53f5aa04fbf7\",\"name\":\"Equipo Urbanitae\",\"image\":{\"@type\":\"ImageObject\",\"inLanguage\":\"de\",\"@id\":\"https:\\\/\\\/secure.gravatar.com\\\/avatar\\\/e75782c6aa253c8ac75c13b1ec97172bb2d67437baa4354ba4b0650a97f565f2?s=96&d=mm&r=g\",\"url\":\"https:\\\/\\\/secure.gravatar.com\\\/avatar\\\/e75782c6aa253c8ac75c13b1ec97172bb2d67437baa4354ba4b0650a97f565f2?s=96&d=mm&r=g\",\"contentUrl\":\"https:\\\/\\\/secure.gravatar.com\\\/avatar\\\/e75782c6aa253c8ac75c13b1ec97172bb2d67437baa4354ba4b0650a97f565f2?s=96&d=mm&r=g\",\"caption\":\"Equipo Urbanitae\"},\"sameAs\":[\"https:\\\/\\\/urbanitae.com\"],\"url\":\"https:\\\/\\\/blog.urbanitae.com\\\/de\\\/author\\\/urbanitae\\\/\"}]}<\/script>\n<!-- \/ Yoast SEO plugin. -->","yoast_head_json":{"title":"\u201eDie \u00f6ffentlich-private Zusammenarbeit ist der Schl\u00fcssel zur Bew\u00e4ltigung der Herausforderung des bezahlbaren Wohnraums\u201c - Urbanitae Blog","description":"Die Nachfrage treibt die Preise in die H\u00f6he, aber ist es m\u00f6glich, das Angebot an erschwinglichem Wohnraum zu erh\u00f6hen? Wir berichten \u00fcber die Sicht der Bautr\u00e4ger.","robots":{"index":"index","follow":"follow","max-snippet":"max-snippet:-1","max-image-preview":"max-image-preview:large","max-video-preview":"max-video-preview:-1"},"canonical":"https:\/\/blog.urbanitae.com\/de\/2024\/10\/10\/die-oeffentlich-private-zusammenarbeit-ist-der-schluessel-zur-bewaeltigung-der-herausforderung-des-bezahlbaren-wohnraums\/","og_locale":"de_DE","og_type":"article","og_title":"Wie man das Wohnungsproblem angeht","og_description":"Die Nachfrage treibt die Preise in die H\u00f6he, aber ist es m\u00f6glich, das Angebot an erschwinglichem Wohnraum zu erh\u00f6hen? Wir berichten \u00fcber die Sicht der Bautr\u00e4ger.","og_url":"https:\/\/blog.urbanitae.com\/de\/2024\/10\/10\/die-oeffentlich-private-zusammenarbeit-ist-der-schluessel-zur-bewaeltigung-der-herausforderung-des-bezahlbaren-wohnraums\/","og_site_name":"Urbanitae Blog | Las mejores noticias sobre inversi\u00f3n inmobiliaria","article_publisher":"https:\/\/www.facebook.com\/urbanitae","article_published_time":"2024-10-10T13:35:32+00:00","article_modified_time":"2024-10-10T13:36:54+00:00","og_image":[{"width":1400,"height":735,"url":"https:\/\/blog.urbanitae.com\/wp-content\/uploads\/2024\/10\/vivienda-asequible-entrevista-fadeco.webp","type":"image\/webp"}],"author":"Equipo Urbanitae","twitter_card":"summary_large_image","twitter_creator":"@urbanitae","twitter_site":"@urbanitae","twitter_misc":{"Verfasst von":"Equipo Urbanitae","Gesch\u00e4tzte Lesezeit":"7\u00a0Minuten"},"schema":{"@context":"https:\/\/schema.org","@graph":[{"@type":["Article","BlogPosting"],"@id":"https:\/\/blog.urbanitae.com\/de\/2024\/10\/10\/die-oeffentlich-private-zusammenarbeit-ist-der-schluessel-zur-bewaeltigung-der-herausforderung-des-bezahlbaren-wohnraums\/#article","isPartOf":{"@id":"https:\/\/blog.urbanitae.com\/de\/2024\/10\/10\/die-oeffentlich-private-zusammenarbeit-ist-der-schluessel-zur-bewaeltigung-der-herausforderung-des-bezahlbaren-wohnraums\/"},"author":{"name":"Equipo Urbanitae","@id":"https:\/\/blog.urbanitae.com\/de\/#\/schema\/person\/e7b2d152f5654066832c53f5aa04fbf7"},"headline":"\u201eDie \u00f6ffentlich-private Zusammenarbeit ist der Schl\u00fcssel zur Bew\u00e4ltigung der Herausforderung des bezahlbaren Wohnraums\u201c","datePublished":"2024-10-10T13:35:32+00:00","dateModified":"2024-10-10T13:36:54+00:00","mainEntityOfPage":{"@id":"https:\/\/blog.urbanitae.com\/de\/2024\/10\/10\/die-oeffentlich-private-zusammenarbeit-ist-der-schluessel-zur-bewaeltigung-der-herausforderung-des-bezahlbaren-wohnraums\/"},"wordCount":1478,"commentCount":0,"publisher":{"@id":"https:\/\/blog.urbanitae.com\/de\/#organization"},"image":{"@id":"https:\/\/blog.urbanitae.com\/de\/2024\/10\/10\/die-oeffentlich-private-zusammenarbeit-ist-der-schluessel-zur-bewaeltigung-der-herausforderung-des-bezahlbaren-wohnraums\/#primaryimage"},"thumbnailUrl":"https:\/\/blog.urbanitae.com\/wp-content\/uploads\/2024\/10\/vivienda-asequible-entrevista-fadeco.webp","articleSection":["Interviews"],"inLanguage":"de","potentialAction":[{"@type":"CommentAction","name":"Comment","target":["https:\/\/blog.urbanitae.com\/de\/2024\/10\/10\/die-oeffentlich-private-zusammenarbeit-ist-der-schluessel-zur-bewaeltigung-der-herausforderung-des-bezahlbaren-wohnraums\/#respond"]}]},{"@type":["WebPage","ItemPage"],"@id":"https:\/\/blog.urbanitae.com\/de\/2024\/10\/10\/die-oeffentlich-private-zusammenarbeit-ist-der-schluessel-zur-bewaeltigung-der-herausforderung-des-bezahlbaren-wohnraums\/","url":"https:\/\/blog.urbanitae.com\/de\/2024\/10\/10\/die-oeffentlich-private-zusammenarbeit-ist-der-schluessel-zur-bewaeltigung-der-herausforderung-des-bezahlbaren-wohnraums\/","name":"\u201eDie \u00f6ffentlich-private Zusammenarbeit ist der Schl\u00fcssel zur Bew\u00e4ltigung der Herausforderung des bezahlbaren Wohnraums\u201c - Urbanitae Blog","isPartOf":{"@id":"https:\/\/blog.urbanitae.com\/de\/#website"},"primaryImageOfPage":{"@id":"https:\/\/blog.urbanitae.com\/de\/2024\/10\/10\/die-oeffentlich-private-zusammenarbeit-ist-der-schluessel-zur-bewaeltigung-der-herausforderung-des-bezahlbaren-wohnraums\/#primaryimage"},"image":{"@id":"https:\/\/blog.urbanitae.com\/de\/2024\/10\/10\/die-oeffentlich-private-zusammenarbeit-ist-der-schluessel-zur-bewaeltigung-der-herausforderung-des-bezahlbaren-wohnraums\/#primaryimage"},"thumbnailUrl":"https:\/\/blog.urbanitae.com\/wp-content\/uploads\/2024\/10\/vivienda-asequible-entrevista-fadeco.webp","datePublished":"2024-10-10T13:35:32+00:00","dateModified":"2024-10-10T13:36:54+00:00","description":"Die Nachfrage treibt die Preise in die H\u00f6he, aber ist es m\u00f6glich, das Angebot an erschwinglichem Wohnraum zu erh\u00f6hen? Wir berichten \u00fcber die Sicht der Bautr\u00e4ger.","breadcrumb":{"@id":"https:\/\/blog.urbanitae.com\/de\/2024\/10\/10\/die-oeffentlich-private-zusammenarbeit-ist-der-schluessel-zur-bewaeltigung-der-herausforderung-des-bezahlbaren-wohnraums\/#breadcrumb"},"inLanguage":"de","potentialAction":[{"@type":"ReadAction","target":["https:\/\/blog.urbanitae.com\/de\/2024\/10\/10\/die-oeffentlich-private-zusammenarbeit-ist-der-schluessel-zur-bewaeltigung-der-herausforderung-des-bezahlbaren-wohnraums\/"]}]},{"@type":"ImageObject","inLanguage":"de","@id":"https:\/\/blog.urbanitae.com\/de\/2024\/10\/10\/die-oeffentlich-private-zusammenarbeit-ist-der-schluessel-zur-bewaeltigung-der-herausforderung-des-bezahlbaren-wohnraums\/#primaryimage","url":"https:\/\/blog.urbanitae.com\/wp-content\/uploads\/2024\/10\/vivienda-asequible-entrevista-fadeco.webp","contentUrl":"https:\/\/blog.urbanitae.com\/wp-content\/uploads\/2024\/10\/vivienda-asequible-entrevista-fadeco.webp","width":1400,"height":735,"caption":"Vivienda asequible."},{"@type":"BreadcrumbList","@id":"https:\/\/blog.urbanitae.com\/de\/2024\/10\/10\/die-oeffentlich-private-zusammenarbeit-ist-der-schluessel-zur-bewaeltigung-der-herausforderung-des-bezahlbaren-wohnraums\/#breadcrumb","itemListElement":[{"@type":"ListItem","position":1,"name":"Portada","item":"https:\/\/blog.urbanitae.com\/de\/"},{"@type":"ListItem","position":2,"name":"\u201eDie \u00f6ffentlich-private Zusammenarbeit ist der Schl\u00fcssel zur Bew\u00e4ltigung der Herausforderung des bezahlbaren Wohnraums\u201c"}]},{"@type":"WebSite","@id":"https:\/\/blog.urbanitae.com\/de\/#website","url":"https:\/\/blog.urbanitae.com\/de\/","name":"Urbanitae Blog | Las mejores noticias sobre inversi\u00f3n inmobiliaria","description":"Inversi\u00f3n inmobiliaria al alcance de todos","publisher":{"@id":"https:\/\/blog.urbanitae.com\/de\/#organization"},"potentialAction":[{"@type":"SearchAction","target":{"@type":"EntryPoint","urlTemplate":"https:\/\/blog.urbanitae.com\/de\/?s={search_term_string}"},"query-input":{"@type":"PropertyValueSpecification","valueRequired":true,"valueName":"search_term_string"}}],"inLanguage":"de"},{"@type":"Organization","@id":"https:\/\/blog.urbanitae.com\/de\/#organization","name":"Urbanitae","url":"https:\/\/blog.urbanitae.com\/de\/","logo":{"@type":"ImageObject","inLanguage":"de","@id":"https:\/\/blog.urbanitae.com\/de\/#\/schema\/logo\/image\/","url":"https:\/\/blog.urbanitae.com\/wp-content\/uploads\/2020\/04\/logo-verde_350x100.svg","contentUrl":"https:\/\/blog.urbanitae.com\/wp-content\/uploads\/2020\/04\/logo-verde_350x100.svg","width":350,"height":100,"caption":"Urbanitae"},"image":{"@id":"https:\/\/blog.urbanitae.com\/de\/#\/schema\/logo\/image\/"},"sameAs":["https:\/\/www.facebook.com\/urbanitae","https:\/\/x.com\/urbanitae","https:\/\/www.instagram.com\/urbanitae","https:\/\/www.linkedin.com\/company\/urbanitae","https:\/\/www.pinterest.es\/UrbanitaeSL\/_created\/","https:\/\/www.youtube.com\/c\/Urbanitae_RE"]},{"@type":"Person","@id":"https:\/\/blog.urbanitae.com\/de\/#\/schema\/person\/e7b2d152f5654066832c53f5aa04fbf7","name":"Equipo Urbanitae","image":{"@type":"ImageObject","inLanguage":"de","@id":"https:\/\/secure.gravatar.com\/avatar\/e75782c6aa253c8ac75c13b1ec97172bb2d67437baa4354ba4b0650a97f565f2?s=96&d=mm&r=g","url":"https:\/\/secure.gravatar.com\/avatar\/e75782c6aa253c8ac75c13b1ec97172bb2d67437baa4354ba4b0650a97f565f2?s=96&d=mm&r=g","contentUrl":"https:\/\/secure.gravatar.com\/avatar\/e75782c6aa253c8ac75c13b1ec97172bb2d67437baa4354ba4b0650a97f565f2?s=96&d=mm&r=g","caption":"Equipo Urbanitae"},"sameAs":["https:\/\/urbanitae.com"],"url":"https:\/\/blog.urbanitae.com\/de\/author\/urbanitae\/"}]}},"_links":{"self":[{"href":"https:\/\/blog.urbanitae.com\/de\/wp-json\/wp\/v2\/posts\/51101","targetHints":{"allow":["GET"]}}],"collection":[{"href":"https:\/\/blog.urbanitae.com\/de\/wp-json\/wp\/v2\/posts"}],"about":[{"href":"https:\/\/blog.urbanitae.com\/de\/wp-json\/wp\/v2\/types\/post"}],"author":[{"embeddable":true,"href":"https:\/\/blog.urbanitae.com\/de\/wp-json\/wp\/v2\/users\/1"}],"replies":[{"embeddable":true,"href":"https:\/\/blog.urbanitae.com\/de\/wp-json\/wp\/v2\/comments?post=51101"}],"version-history":[{"count":0,"href":"https:\/\/blog.urbanitae.com\/de\/wp-json\/wp\/v2\/posts\/51101\/revisions"}],"wp:featuredmedia":[{"embeddable":true,"href":"https:\/\/blog.urbanitae.com\/de\/wp-json\/wp\/v2\/media\/51112"}],"wp:attachment":[{"href":"https:\/\/blog.urbanitae.com\/de\/wp-json\/wp\/v2\/media?parent=51101"}],"wp:term":[{"taxonomy":"category","embeddable":true,"href":"https:\/\/blog.urbanitae.com\/de\/wp-json\/wp\/v2\/categories?post=51101"},{"taxonomy":"post_tag","embeddable":true,"href":"https:\/\/blog.urbanitae.com\/de\/wp-json\/wp\/v2\/tags?post=51101"}],"curies":[{"name":"wp","href":"https:\/\/api.w.org\/{rel}","templated":true}]}}